{"id":1136,"date":"2021-04-26T07:35:57","date_gmt":"2021-04-26T10:35:57","guid":{"rendered":"https:\/\/www.corpoacao.com.br\/blog\/?p=1136"},"modified":"2021-04-26T07:35:57","modified_gmt":"2021-04-26T10:35:57","slug":"saude-e-seguranca-no-trabalho","status":"publish","type":"post","link":"https:\/\/corpoacao.com.br\/blog\/saude-e-seguranca-no-trabalho\/","title":{"rendered":"Sa\u00fade e Seguran\u00e7a no Trabalho"},"content":{"rendered":"\n<p>No dia 28 de abril, o Brasil celebra o Dia Mundial da Seguran\u00e7a e Sa\u00fade no Trabalho. A data foi institu\u00edda pela Organiza\u00e7\u00e3o Internacional do Trabalho (OIT). Desde 2003, esse dia \u00e9 marcado por uma campanha internacional que insiste <strong>na import\u00e2ncia da preven\u00e7\u00e3o de acidentes e doen\u00e7as ocupacionais<\/strong>.<\/p>\n\n\n\n<figure class=\"wp-block-image\"><img fetchpriority=\"high\" decoding=\"async\" width=\"645\" height=\"430\" src=\"https:\/\/corpoacao.com.br\/blog\/wp-content\/uploads\/2021\/04\/image-3.png\" alt=\"\" class=\"wp-image-1137\" srcset=\"https:\/\/corpoacao.com.br\/blog\/wp-content\/uploads\/2021\/04\/image-3.png 645w, https:\/\/corpoacao.com.br\/blog\/wp-content\/uploads\/2021\/04\/image-3-300x200.png 300w\" sizes=\"(max-width: 645px) 100vw, 645px\" \/><\/figure>\n\n\n\n<p>Um dos objetivos do Plano de a\u00e7\u00e3o sobre a sa\u00fade dos trabalhadores vigente 2015-2025 \u00e9 a promo\u00e7\u00e3o da sa\u00fade e o bem-estar essenciais. Buscar implementar atividades de promo\u00e7\u00e3o da sa\u00fade, do bem-estar e da qualidade de vida nos locais de trabalho s\u00e3o de extrema import\u00e2ncia para a produtividade, sustentabilidade e competitividade das empresas. <\/p>\n\n\n\n<p>As doen\u00e7as ou les\u00f5es ocupacionais s\u00e3o as complica\u00e7\u00f5es desencadeadas pelos exerc\u00edcios do trabalhador relacionada diretamente \u00e0 profiss\u00e3o. <\/p>\n\n\n\n<p>De acordo com a Organiza\u00e7\u00e3o Internacional do Trabalho (OIT) e a\nOrganiza\u00e7\u00e3o Mundial da Sa\u00fade (OMS), atualmente, estima-se que <em>\u201cdois milh\u00f5es\nde pessoas morrem a cada ano como resultado dos acidentes de trabalho, doen\u00e7as\ne les\u00f5es relacionadas ao trabalho. Outros 268 milh\u00f5es de acidentes n\u00e3o fatais\nno local de trabalho resultam em uma m\u00e9dia de tr\u00eas dias de trabalho perdidos\npor acidente, e 160 milh\u00f5es de novos casos de doen\u00e7as relacionadas ao trabalho\nocorrem a cada ano. Al\u00e9m disso, 8% do \u00f4nus global causado por doen\u00e7as oriundas\nda depress\u00e3o s\u00e3o atualmente atribu\u00eddos aos riscos ocupacionais\u201d. <\/em>(Healthy\nworkplaces: a model for action: for employers, workers, policymakers and\npractitioners &#8211; 2010). Ainda de acordo com a OMS e OTI, os dados coletados\napresentam \u00edndices de les\u00f5es e doen\u00e7as laborais dos indiv\u00edduos que trabalham em\nlocais que ainda n\u00e3o existem programas de preven\u00e7\u00e3o de les\u00f5es ou doen\u00e7as\nassociadas ao labor. <\/p>\n\n\n\n<p>Foi constatado que a <strong>lombalgia\nocupacional \u00e9 a principal causa de incapacidade (maiores \u00edndices de perda de\nanos de vida saud\u00e1vel por habitante) e aumentou 22% seu n\u00edvel de fator de risco\nentre 1990 e 2010.<\/strong><\/p>\n\n\n\n<p>Existe um desequil\u00edbrio entre o investimento em sa\u00fade e em seguran\u00e7a no\ntrabalho e os altos custos das consequ\u00eancias por n\u00e3o realizar um programa de\npreven\u00e7\u00e3o. \u201c<em>Os programas de preven\u00e7\u00e3o t\u00eam menor custo que os gastos com o\natendimento dos preju\u00edzos \u00e0 sa\u00fade, raz\u00e3o pela qual s\u00e3o uma estrat\u00e9gia s\u00f3lida de\nconten\u00e7\u00e3o de custos para os sistemas de sa\u00fade\u201d. <\/em>(Plano de A\u00e7\u00e3o sobre a\nsa\u00fade dos trabalhadores 2015 a 2025).<\/p>\n\n\n\n<p>O bem-estar, a seguran\u00e7a e a sa\u00fade dos trabalhadores s\u00e3o preocupa\u00e7\u00f5es fundamentais\ne de extrema import\u00e2ncia para a produtividade, sustentabilidade e\ncompetitividade das empresas. <\/p>\n\n\n\n<p>Um dos objetivos do Plano de a\u00e7\u00e3o sobre a sa\u00fade dos trabalhadores\nvigente 2015-2025, \u00e9 a promo\u00e7\u00e3o da sa\u00fade e o bem-estar essenciais. Buscar\nimplementar atividades de promo\u00e7\u00e3o da sa\u00fade, do bem-estar e da qualidade de\nvida nos locais de trabalho.<\/p>\n\n\n\n<p>\u201c<em>Desta forma atividades como a Gin\u00e1stica Laboral tem papel\npreponderante no processo de apoio a mudan\u00e7a no estilo de vida dos\ntrabalhadores, proporcionando a estes, oportunidades de quebra de rotina e\nviv\u00eancias diversas de atividades que incentivem a pr\u00e1tica cont\u00ednua de\nexerc\u00edcios f\u00edsicos, com resultados diretos no combate ao sedentarismo e\nmorbidade\u201d. <\/em>(Gin\u00e1stica laboral x sa\u00fade do trabalhador &#8211; Guia oficial para o\nempres\u00e1rio &#8211; 2014)<\/p>\n\n\n\n<p><em>\u201cA riqueza de uma empresa depende da sa\u00fade dos trabalhadores. \u201d<\/em> Dra. Maria Neira, Diretora, Departamento de Sa\u00fade P\u00fablica e Ambiente,\nOrganiza\u00e7\u00e3o Mundial da Sa\u00fade.<\/p>\n\n\n\n<p>Fonte: <\/p>\n\n\n\n<p>&#8211; <a href=\"http:\/\/www.abgl.org.br\/v13\/resolucoes_gl_pdf\/guia_GL_CREF9PR\">http:\/\/www.abgl.org.br\/v13\/resolucoes_gl_pdf\/guia_GL_CREF9PR<\/a>\n\n&#8211; CD54\/10, Rev.1 \u2013 2017\/04\n\n\n\n<\/p>\n","protected":false},"excerpt":{"rendered":"<p>No dia 28 de abril, o Brasil celebra o Dia Mundial da Seguran\u00e7a e Sa\u00fade no Trabalho. A data foi institu\u00edda pela Organiza\u00e7\u00e3o Internacional do Trabalho (OIT). Desde 2003, esse dia \u00e9 marcado por uma campanha internacional que insiste na import\u00e2ncia da preven\u00e7\u00e3o de acidentes e doen\u00e7as ocupacionais. Um dos objetivos do Plano de a\u00e7\u00e3o [&hellip;]<\/p>\n","protected":false},"author":1,"featured_media":1137,"comment_status":"open","ping_status":"open","sticky":false,"template":"","format":"standard","meta":{"_joinchat":[],"footnotes":""},"categories":[1],"tags":[],"class_list":["post-1136","post","type-post","status-publish","format-standard","has-post-thumbnail","hentry","category-sem-categoria"],"yoast_head":"<!-- This site is optimized with the Yoast SEO Premium plugin v20.8 (Yoast SEO v27.4) - https:\/\/yoast.com\/product\/yoast-seo-premium-wordpress\/ -->\n<title>Sa\u00fade e Seguran\u00e7a no Trabalho - Corpo em A\u00e7\u00e3o<\/title>\n<meta name=\"robots\" content=\"index, follow, max-snippet:-1, max-image-preview:large, max-video-preview:-1\" \/>\n<link rel=\"canonical\" href=\"https:\/\/corpoacao.com.br\/blog\/saude-e-seguranca-no-trabalho\/\" \/>\n<meta property=\"og:locale\" content=\"pt_BR\" \/>\n<meta property=\"og:type\" content=\"article\" \/>\n<meta property=\"og:title\" content=\"Sa\u00fade e Seguran\u00e7a no Trabalho\" \/>\n<meta property=\"og:description\" content=\"No dia 28 de abril, o Brasil celebra o Dia Mundial da Seguran\u00e7a e Sa\u00fade no Trabalho. A data foi institu\u00edda pela Organiza\u00e7\u00e3o Internacional do Trabalho (OIT). Desde 2003, esse dia \u00e9 marcado por uma campanha internacional que insiste na import\u00e2ncia da preven\u00e7\u00e3o de acidentes e doen\u00e7as ocupacionais. Um dos objetivos do Plano de a\u00e7\u00e3o [&hellip;]\" \/>\n<meta property=\"og:url\" content=\"https:\/\/corpoacao.com.br\/blog\/saude-e-seguranca-no-trabalho\/\" \/>\n<meta property=\"og:site_name\" content=\"Corpo em A\u00e7\u00e3o\" \/>\n<meta property=\"article:publisher\" content=\"https:\/\/www.facebook.com\/corpoemacao.poa\/\" \/>\n<meta property=\"article:published_time\" content=\"2021-04-26T10:35:57+00:00\" \/>\n<meta property=\"og:image\" content=\"https:\/\/corpoacao.com.br\/blog\/wp-content\/uploads\/2021\/04\/image-3.png\" \/>\n\t<meta property=\"og:image:width\" content=\"645\" \/>\n\t<meta property=\"og:image:height\" content=\"430\" \/>\n\t<meta property=\"og:image:type\" content=\"image\/png\" \/>\n<meta name=\"author\" content=\"Morgana Lovato Cantarelli\" \/>\n<meta name=\"twitter:card\" content=\"summary_large_image\" \/>\n<meta name=\"twitter:label1\" content=\"Escrito por\" \/>\n\t<meta name=\"twitter:data1\" content=\"Morgana Lovato Cantarelli\" \/>\n\t<meta name=\"twitter:label2\" content=\"Est. tempo de leitura\" \/>\n\t<meta name=\"twitter:data2\" content=\"3 minutos\" \/>\n<script type=\"application\/ld+json\" class=\"yoast-schema-graph\">{\"@context\":\"https:\\\/\\\/schema.org\",\"@graph\":[{\"@type\":\"Article\",\"@id\":\"https:\\\/\\\/corpoacao.com.br\\\/blog\\\/saude-e-seguranca-no-trabalho\\\/#article\",\"isPartOf\":{\"@id\":\"https:\\\/\\\/corpoacao.com.br\\\/blog\\\/saude-e-seguranca-no-trabalho\\\/\"},\"author\":{\"name\":\"Morgana Lovato Cantarelli\",\"@id\":\"https:\\\/\\\/corpoacao.com.br\\\/blog\\\/#\\\/schema\\\/person\\\/8511fda2e04a521379dee132a34c889e\"},\"headline\":\"Sa\u00fade e Seguran\u00e7a no Trabalho\",\"datePublished\":\"2021-04-26T10:35:57+00:00\",\"mainEntityOfPage\":{\"@id\":\"https:\\\/\\\/corpoacao.com.br\\\/blog\\\/saude-e-seguranca-no-trabalho\\\/\"},\"wordCount\":624,\"commentCount\":0,\"publisher\":{\"@id\":\"https:\\\/\\\/corpoacao.com.br\\\/blog\\\/#organization\"},\"image\":{\"@id\":\"https:\\\/\\\/corpoacao.com.br\\\/blog\\\/saude-e-seguranca-no-trabalho\\\/#primaryimage\"},\"thumbnailUrl\":\"https:\\\/\\\/corpoacao.com.br\\\/blog\\\/wp-content\\\/uploads\\\/2021\\\/04\\\/image-3.png\",\"inLanguage\":\"pt-BR\",\"potentialAction\":[{\"@type\":\"CommentAction\",\"name\":\"Comment\",\"target\":[\"https:\\\/\\\/corpoacao.com.br\\\/blog\\\/saude-e-seguranca-no-trabalho\\\/#respond\"]}]},{\"@type\":\"WebPage\",\"@id\":\"https:\\\/\\\/corpoacao.com.br\\\/blog\\\/saude-e-seguranca-no-trabalho\\\/\",\"url\":\"https:\\\/\\\/corpoacao.com.br\\\/blog\\\/saude-e-seguranca-no-trabalho\\\/\",\"name\":\"Sa\u00fade e Seguran\u00e7a no Trabalho - Corpo em A\u00e7\u00e3o\",\"isPartOf\":{\"@id\":\"https:\\\/\\\/corpoacao.com.br\\\/blog\\\/#website\"},\"primaryImageOfPage\":{\"@id\":\"https:\\\/\\\/corpoacao.com.br\\\/blog\\\/saude-e-seguranca-no-trabalho\\\/#primaryimage\"},\"image\":{\"@id\":\"https:\\\/\\\/corpoacao.com.br\\\/blog\\\/saude-e-seguranca-no-trabalho\\\/#primaryimage\"},\"thumbnailUrl\":\"https:\\\/\\\/corpoacao.com.br\\\/blog\\\/wp-content\\\/uploads\\\/2021\\\/04\\\/image-3.png\",\"datePublished\":\"2021-04-26T10:35:57+00:00\",\"breadcrumb\":{\"@id\":\"https:\\\/\\\/corpoacao.com.br\\\/blog\\\/saude-e-seguranca-no-trabalho\\\/#breadcrumb\"},\"inLanguage\":\"pt-BR\",\"potentialAction\":[{\"@type\":\"ReadAction\",\"target\":[\"https:\\\/\\\/corpoacao.com.br\\\/blog\\\/saude-e-seguranca-no-trabalho\\\/\"]}]},{\"@type\":\"ImageObject\",\"inLanguage\":\"pt-BR\",\"@id\":\"https:\\\/\\\/corpoacao.com.br\\\/blog\\\/saude-e-seguranca-no-trabalho\\\/#primaryimage\",\"url\":\"https:\\\/\\\/corpoacao.com.br\\\/blog\\\/wp-content\\\/uploads\\\/2021\\\/04\\\/image-3.png\",\"contentUrl\":\"https:\\\/\\\/corpoacao.com.br\\\/blog\\\/wp-content\\\/uploads\\\/2021\\\/04\\\/image-3.png\",\"width\":645,\"height\":430},{\"@type\":\"BreadcrumbList\",\"@id\":\"https:\\\/\\\/corpoacao.com.br\\\/blog\\\/saude-e-seguranca-no-trabalho\\\/#breadcrumb\",\"itemListElement\":[{\"@type\":\"ListItem\",\"position\":1,\"name\":\"Home\",\"item\":\"https:\\\/\\\/corpoacao.com.br\\\/blog\\\/\"},{\"@type\":\"ListItem\",\"position\":2,\"name\":\"Sa\u00fade e Seguran\u00e7a no Trabalho\"}]},{\"@type\":\"WebSite\",\"@id\":\"https:\\\/\\\/corpoacao.com.br\\\/blog\\\/#website\",\"url\":\"https:\\\/\\\/corpoacao.com.br\\\/blog\\\/\",\"name\":\"Corpo em A\u00e7\u00e3o\",\"description\":\"Blog Ergonomia e qualidade de vida no ambiente de trabalho\",\"publisher\":{\"@id\":\"https:\\\/\\\/corpoacao.com.br\\\/blog\\\/#organization\"},\"potentialAction\":[{\"@type\":\"SearchAction\",\"target\":{\"@type\":\"EntryPoint\",\"urlTemplate\":\"https:\\\/\\\/corpoacao.com.br\\\/blog\\\/?s={search_term_string}\"},\"query-input\":{\"@type\":\"PropertyValueSpecification\",\"valueRequired\":true,\"valueName\":\"search_term_string\"}}],\"inLanguage\":\"pt-BR\"},{\"@type\":\"Organization\",\"@id\":\"https:\\\/\\\/corpoacao.com.br\\\/blog\\\/#organization\",\"name\":\"Corpo em A\u00e7\u00e3o\",\"url\":\"https:\\\/\\\/corpoacao.com.br\\\/blog\\\/\",\"logo\":{\"@type\":\"ImageObject\",\"inLanguage\":\"pt-BR\",\"@id\":\"https:\\\/\\\/corpoacao.com.br\\\/blog\\\/#\\\/schema\\\/logo\\\/image\\\/\",\"url\":\"https:\\\/\\\/corpoacao.com.br\\\/blog\\\/wp-content\\\/uploads\\\/2023\\\/04\\\/ginastica-laboral.png\",\"contentUrl\":\"https:\\\/\\\/corpoacao.com.br\\\/blog\\\/wp-content\\\/uploads\\\/2023\\\/04\\\/ginastica-laboral.png\",\"width\":185,\"height\":128,\"caption\":\"Corpo em A\u00e7\u00e3o\"},\"image\":{\"@id\":\"https:\\\/\\\/corpoacao.com.br\\\/blog\\\/#\\\/schema\\\/logo\\\/image\\\/\"},\"sameAs\":[\"https:\\\/\\\/www.facebook.com\\\/corpoemacao.poa\\\/\",\"https:\\\/\\\/www.instagram.com\\\/corpoemacaopoa\\\/\"]},{\"@type\":\"Person\",\"@id\":\"https:\\\/\\\/corpoacao.com.br\\\/blog\\\/#\\\/schema\\\/person\\\/8511fda2e04a521379dee132a34c889e\",\"name\":\"Morgana Lovato Cantarelli\",\"image\":{\"@type\":\"ImageObject\",\"inLanguage\":\"pt-BR\",\"@id\":\"https:\\\/\\\/secure.gravatar.com\\\/avatar\\\/7a246dbb5756847be4e8d937d3645cb75b1afbf687c106886d0b09172c1ee291?s=96&d=mm&r=g\",\"url\":\"https:\\\/\\\/secure.gravatar.com\\\/avatar\\\/7a246dbb5756847be4e8d937d3645cb75b1afbf687c106886d0b09172c1ee291?s=96&d=mm&r=g\",\"contentUrl\":\"https:\\\/\\\/secure.gravatar.com\\\/avatar\\\/7a246dbb5756847be4e8d937d3645cb75b1afbf687c106886d0b09172c1ee291?s=96&d=mm&r=g\",\"caption\":\"Morgana Lovato Cantarelli\"},\"description\":\"Propriet\u00e1ria da Empresa Corpo em A\u00e7\u00e3o , educadora f\u00edsica formada no IPA (1991), especializada em pedagogia do treinamento desportivo, especializada em pilates, palestrante, professora de massoterapia e Estado do Rio Grande do Sul\",\"url\":\"https:\\\/\\\/corpoacao.com.br\\\/blog\\\/author\\\/admin\\\/\"}]}<\/script>\n<!-- \/ Yoast SEO Premium plugin. -->","yoast_head_json":{"title":"Sa\u00fade e Seguran\u00e7a no Trabalho - Corpo em A\u00e7\u00e3o","robots":{"index":"index","follow":"follow","max-snippet":"max-snippet:-1","max-image-preview":"max-image-preview:large","max-video-preview":"max-video-preview:-1"},"canonical":"https:\/\/corpoacao.com.br\/blog\/saude-e-seguranca-no-trabalho\/","og_locale":"pt_BR","og_type":"article","og_title":"Sa\u00fade e Seguran\u00e7a no Trabalho","og_description":"No dia 28 de abril, o Brasil celebra o Dia Mundial da Seguran\u00e7a e Sa\u00fade no Trabalho. A data foi institu\u00edda pela Organiza\u00e7\u00e3o Internacional do Trabalho (OIT). Desde 2003, esse dia \u00e9 marcado por uma campanha internacional que insiste na import\u00e2ncia da preven\u00e7\u00e3o de acidentes e doen\u00e7as ocupacionais. Um dos objetivos do Plano de a\u00e7\u00e3o [&hellip;]","og_url":"https:\/\/corpoacao.com.br\/blog\/saude-e-seguranca-no-trabalho\/","og_site_name":"Corpo em A\u00e7\u00e3o","article_publisher":"https:\/\/www.facebook.com\/corpoemacao.poa\/","article_published_time":"2021-04-26T10:35:57+00:00","og_image":[{"width":645,"height":430,"url":"https:\/\/corpoacao.com.br\/blog\/wp-content\/uploads\/2021\/04\/image-3.png","type":"image\/png"}],"author":"Morgana Lovato Cantarelli","twitter_card":"summary_large_image","twitter_misc":{"Escrito por":"Morgana Lovato Cantarelli","Est. tempo de leitura":"3 minutos"},"schema":{"@context":"https:\/\/schema.org","@graph":[{"@type":"Article","@id":"https:\/\/corpoacao.com.br\/blog\/saude-e-seguranca-no-trabalho\/#article","isPartOf":{"@id":"https:\/\/corpoacao.com.br\/blog\/saude-e-seguranca-no-trabalho\/"},"author":{"name":"Morgana Lovato Cantarelli","@id":"https:\/\/corpoacao.com.br\/blog\/#\/schema\/person\/8511fda2e04a521379dee132a34c889e"},"headline":"Sa\u00fade e Seguran\u00e7a no Trabalho","datePublished":"2021-04-26T10:35:57+00:00","mainEntityOfPage":{"@id":"https:\/\/corpoacao.com.br\/blog\/saude-e-seguranca-no-trabalho\/"},"wordCount":624,"commentCount":0,"publisher":{"@id":"https:\/\/corpoacao.com.br\/blog\/#organization"},"image":{"@id":"https:\/\/corpoacao.com.br\/blog\/saude-e-seguranca-no-trabalho\/#primaryimage"},"thumbnailUrl":"https:\/\/corpoacao.com.br\/blog\/wp-content\/uploads\/2021\/04\/image-3.png","inLanguage":"pt-BR","potentialAction":[{"@type":"CommentAction","name":"Comment","target":["https:\/\/corpoacao.com.br\/blog\/saude-e-seguranca-no-trabalho\/#respond"]}]},{"@type":"WebPage","@id":"https:\/\/corpoacao.com.br\/blog\/saude-e-seguranca-no-trabalho\/","url":"https:\/\/corpoacao.com.br\/blog\/saude-e-seguranca-no-trabalho\/","name":"Sa\u00fade e Seguran\u00e7a no Trabalho - Corpo em A\u00e7\u00e3o","isPartOf":{"@id":"https:\/\/corpoacao.com.br\/blog\/#website"},"primaryImageOfPage":{"@id":"https:\/\/corpoacao.com.br\/blog\/saude-e-seguranca-no-trabalho\/#primaryimage"},"image":{"@id":"https:\/\/corpoacao.com.br\/blog\/saude-e-seguranca-no-trabalho\/#primaryimage"},"thumbnailUrl":"https:\/\/corpoacao.com.br\/blog\/wp-content\/uploads\/2021\/04\/image-3.png","datePublished":"2021-04-26T10:35:57+00:00","breadcrumb":{"@id":"https:\/\/corpoacao.com.br\/blog\/saude-e-seguranca-no-trabalho\/#breadcrumb"},"inLanguage":"pt-BR","potentialAction":[{"@type":"ReadAction","target":["https:\/\/corpoacao.com.br\/blog\/saude-e-seguranca-no-trabalho\/"]}]},{"@type":"ImageObject","inLanguage":"pt-BR","@id":"https:\/\/corpoacao.com.br\/blog\/saude-e-seguranca-no-trabalho\/#primaryimage","url":"https:\/\/corpoacao.com.br\/blog\/wp-content\/uploads\/2021\/04\/image-3.png","contentUrl":"https:\/\/corpoacao.com.br\/blog\/wp-content\/uploads\/2021\/04\/image-3.png","width":645,"height":430},{"@type":"BreadcrumbList","@id":"https:\/\/corpoacao.com.br\/blog\/saude-e-seguranca-no-trabalho\/#breadcrumb","itemListElement":[{"@type":"ListItem","position":1,"name":"Home","item":"https:\/\/corpoacao.com.br\/blog\/"},{"@type":"ListItem","position":2,"name":"Sa\u00fade e Seguran\u00e7a no Trabalho"}]},{"@type":"WebSite","@id":"https:\/\/corpoacao.com.br\/blog\/#website","url":"https:\/\/corpoacao.com.br\/blog\/","name":"Corpo em A\u00e7\u00e3o","description":"Blog Ergonomia e qualidade de vida no ambiente de trabalho","publisher":{"@id":"https:\/\/corpoacao.com.br\/blog\/#organization"},"potentialAction":[{"@type":"SearchAction","target":{"@type":"EntryPoint","urlTemplate":"https:\/\/corpoacao.com.br\/blog\/?s={search_term_string}"},"query-input":{"@type":"PropertyValueSpecification","valueRequired":true,"valueName":"search_term_string"}}],"inLanguage":"pt-BR"},{"@type":"Organization","@id":"https:\/\/corpoacao.com.br\/blog\/#organization","name":"Corpo em A\u00e7\u00e3o","url":"https:\/\/corpoacao.com.br\/blog\/","logo":{"@type":"ImageObject","inLanguage":"pt-BR","@id":"https:\/\/corpoacao.com.br\/blog\/#\/schema\/logo\/image\/","url":"https:\/\/corpoacao.com.br\/blog\/wp-content\/uploads\/2023\/04\/ginastica-laboral.png","contentUrl":"https:\/\/corpoacao.com.br\/blog\/wp-content\/uploads\/2023\/04\/ginastica-laboral.png","width":185,"height":128,"caption":"Corpo em A\u00e7\u00e3o"},"image":{"@id":"https:\/\/corpoacao.com.br\/blog\/#\/schema\/logo\/image\/"},"sameAs":["https:\/\/www.facebook.com\/corpoemacao.poa\/","https:\/\/www.instagram.com\/corpoemacaopoa\/"]},{"@type":"Person","@id":"https:\/\/corpoacao.com.br\/blog\/#\/schema\/person\/8511fda2e04a521379dee132a34c889e","name":"Morgana Lovato Cantarelli","image":{"@type":"ImageObject","inLanguage":"pt-BR","@id":"https:\/\/secure.gravatar.com\/avatar\/7a246dbb5756847be4e8d937d3645cb75b1afbf687c106886d0b09172c1ee291?s=96&d=mm&r=g","url":"https:\/\/secure.gravatar.com\/avatar\/7a246dbb5756847be4e8d937d3645cb75b1afbf687c106886d0b09172c1ee291?s=96&d=mm&r=g","contentUrl":"https:\/\/secure.gravatar.com\/avatar\/7a246dbb5756847be4e8d937d3645cb75b1afbf687c106886d0b09172c1ee291?s=96&d=mm&r=g","caption":"Morgana Lovato Cantarelli"},"description":"Propriet\u00e1ria da Empresa Corpo em A\u00e7\u00e3o , educadora f\u00edsica formada no IPA (1991), especializada em pedagogia do treinamento desportivo, especializada em pilates, palestrante, professora de massoterapia e Estado do Rio Grande do Sul","url":"https:\/\/corpoacao.com.br\/blog\/author\/admin\/"}]}},"_links":{"self":[{"href":"https:\/\/corpoacao.com.br\/blog\/wp-json\/wp\/v2\/posts\/1136","targetHints":{"allow":["GET"]}}],"collection":[{"href":"https:\/\/corpoacao.com.br\/blog\/wp-json\/wp\/v2\/posts"}],"about":[{"href":"https:\/\/corpoacao.com.br\/blog\/wp-json\/wp\/v2\/types\/post"}],"author":[{"embeddable":true,"href":"https:\/\/corpoacao.com.br\/blog\/wp-json\/wp\/v2\/users\/1"}],"replies":[{"embeddable":true,"href":"https:\/\/corpoacao.com.br\/blog\/wp-json\/wp\/v2\/comments?post=1136"}],"version-history":[{"count":1,"href":"https:\/\/corpoacao.com.br\/blog\/wp-json\/wp\/v2\/posts\/1136\/revisions"}],"predecessor-version":[{"id":1138,"href":"https:\/\/corpoacao.com.br\/blog\/wp-json\/wp\/v2\/posts\/1136\/revisions\/1138"}],"wp:featuredmedia":[{"embeddable":true,"href":"https:\/\/corpoacao.com.br\/blog\/wp-json\/wp\/v2\/media\/1137"}],"wp:attachment":[{"href":"https:\/\/corpoacao.com.br\/blog\/wp-json\/wp\/v2\/media?parent=1136"}],"wp:term":[{"taxonomy":"category","embeddable":true,"href":"https:\/\/corpoacao.com.br\/blog\/wp-json\/wp\/v2\/categories?post=1136"},{"taxonomy":"post_tag","embeddable":true,"href":"https:\/\/corpoacao.com.br\/blog\/wp-json\/wp\/v2\/tags?post=1136"}],"curies":[{"name":"wp","href":"https:\/\/api.w.org\/{rel}","templated":true}]}}