{"id":1218,"date":"2021-08-01T10:03:02","date_gmt":"2021-08-01T13:03:02","guid":{"rendered":"https:\/\/www.corpoacao.com.br\/blog\/?p=1218"},"modified":"2021-08-01T10:03:02","modified_gmt":"2021-08-01T13:03:02","slug":"tecnoestresse-saiba-como-evitar","status":"publish","type":"post","link":"https:\/\/corpoacao.com.br\/blog\/tecnoestresse-saiba-como-evitar\/","title":{"rendered":"Tecnoestresse: saiba como evitar"},"content":{"rendered":"\n<p>Ol\u00e1 Pessoal! Voc\u00eas j\u00e1 ouviram falar sobre\ntecnostresse? Uma doen\u00e7a moderna que hoje \u00e9 realidade entre muitos\nprofissionais e que se intensificou durante a pandemia do novo Coronav\u00edrus. <\/p>\n\n\n\n<p>Com a chegada da Pandemia, o uso da tecnologia\naumentou consideravelmente, e o uso no dia a dia tem afetado os usu\u00e1rios de\nmaneira negativa. <\/p>\n\n\n\n<div class=\"wp-block-image\"><figure class=\"aligncenter is-resized\"><img fetchpriority=\"high\" decoding=\"async\" src=\"https:\/\/corpoacao.com.br\/blog\/wp-content\/uploads\/2021\/08\/image.png\" alt=\"\" class=\"wp-image-1219\" width=\"591\" height=\"339\" srcset=\"https:\/\/corpoacao.com.br\/blog\/wp-content\/uploads\/2021\/08\/image.png 413w, https:\/\/corpoacao.com.br\/blog\/wp-content\/uploads\/2021\/08\/image-300x172.png 300w\" sizes=\"(max-width: 591px) 100vw, 591px\" \/><\/figure><\/div>\n\n\n\n<p>Mas afinal&#8230; o que \u00e9 tecnostresse? <\/p>\n\n\n\n<p>Segundo Ana Carolina, psic\u00f3loga e CEO\nda healthtech Bee Touch, a tecnoestresse pode ser considerada uma doen\u00e7a moderna. A psic\u00f3loga\nalertou que o uso das Tecnologias da Informa\u00e7\u00e3o e Comunica\u00e7\u00e3o (TICs) no\ntrabalho deixam as pessoas mais vulner\u00e1veis ao estresse psicol\u00f3gico, o chamado\ntecnoestresse.<\/p>\n\n\n\n<p>\u201cO conceito de tecnoestresse est\u00e1 diretamente relacionado aos efeitos\npsicossociais negativos decorrentes do uso de TICs, como problemas de sono,\nexaust\u00e3o mental, ansiedade, entre outros. As TICs foram amplamente incorporadas\nem v\u00e1rios setores da economia e fazem parte da nossa vida di\u00e1ria. Contudo, t\u00eam\npessoas que se sentem muito tensas diante desta necessidade\u201d, destacou a\npsic\u00f3loga.<\/p>\n\n\n\n<p>Um dos motivos para o surgimento de sentimentos negativos, como fadiga e\nsensa\u00e7\u00e3o de incompet\u00eancia, \u00e9 o fato desses recursos exigirem dos usu\u00e1rios um\nprocesso de adapta\u00e7\u00e3o. Isso inclui novas habilidades comportamentais e de\nmanuseio.<\/p>\n\n\n\n<p><strong>Quais cuidados as\nempresas e os profissionais devem tomar para evitar o tecnoestresse?<\/strong><\/p>\n\n\n\n<p>Na opini\u00e3o da especialista, a\npandemia favoreceu o aumento do estresse causado pelo uso excessivo de\ntecnologia.&nbsp;<\/p>\n\n\n\n<p>\u201cHoje, o trabalho remoto se tornou\numa realidade, mesmo para aqueles que n\u00e3o a utilizavam em seu dia a dia\nlaboral. Al\u00e9m disso, h\u00e1 uma maior exposi\u00e7\u00e3o \u00e0s redes.&nbsp;<\/p>\n\n\n\n<p>Com o distanciamento social, as\npessoas precisaram recorrer mais \u00e0s TICs para permanecerem em contato com seus\namigos e familiares e se atualizarem em rela\u00e7\u00e3o \u00e0s not\u00edcias. Toda essa\nnecessidade de adapta\u00e7\u00e3o provocada pela tecnologia gera consequ\u00eancias f\u00edsicas e\npsicol\u00f3gicas\u201d, alertou.<\/p>\n\n\n\n<p>Ana Carolina ainda ressaltou que\nmuitos problemas psicol\u00f3gicos t\u00eam surgido com mais intensidade ultimamente.\nEntre eles, a depend\u00eancia de internet, problemas de sono e de humor.<\/p>\n\n\n\n<p>\u201cDevemos assumir que o mundo mudou e\nque as mudan\u00e7as ser\u00e3o permanentes. Hoje, o mundo \u00e9 h\u00edbrido: f\u00edsico e digital.\nPortanto, o tecnoestresse j\u00e1 \u00e9 uma realidade para muitos\u201d, diz.<\/p>\n\n\n\n<p>As empresas podem auxiliar seus\ncolaboradores debatendo o tema e os capacitando para a identifica\u00e7\u00e3o precoce\ndeste tipo de estresse, al\u00e9m de promover medidas de preven\u00e7\u00e3o.<\/p>\n\n\n\n<p>O tema da sa\u00fade mental \u00e9 pouco debatido, mas tem um impacto\nsist\u00eamico na <\/p>\n\n\n\n<h2 class=\"wp-block-heading\"><strong>Como\ndiagnosticar e tratar a tecnoestresse?<\/strong><\/h2>\n\n\n\n<p>Um dos sintomas poss\u00edveis de identificar \u00e9 a fadiga (mental e\ncognitiva), ocasionada pelo uso cont\u00ednuo de TICs. Outro fator que pode ser\nobservado \u00e9 o estado ansioso frente ao uso da tecnologia e o sentimento de\nincompet\u00eancia.<\/p>\n\n\n\n<p>\u201cMuitas pessoas tem apresentado, por exemplo, fobia de abrir a\nc\u00e2mera em videoconfer\u00eancias, o que parece estar atrelado a uma dimens\u00e3o do\ntecnoestresse relacionada a sentimentos negativos sobre sua pr\u00f3pria\ncapacidade.\u201d<\/p>\n\n\n\n<p>A psic\u00f3loga ainda alertou que \u00e9 importante identificar no\nambiente organizacional o perfil de risco para o desenvolvimento do\ntecnoestresse. \u201cEsse rastreio \u00e9 fundamental para que sejam delineadas\ninterven\u00e7\u00f5es preventivas. Os treinamentos e capacita\u00e7\u00f5es devem abranger, al\u00e9m\ndos aspectos t\u00e9cnicos, as implica\u00e7\u00f5es psicol\u00f3gicas do uso de TICs.\u201d<\/p>\n\n\n\n<h2 class=\"wp-block-heading\"><strong>Quais a\u00e7\u00f5es as\nempresas precisam desenvolver para criar esse ambiente de trabalho\npsicologicamente seguro?<\/strong><\/h2>\n\n\n\n<p>Ana Carolina defende que as empresas precisam implementar uma\ngest\u00e3o dos riscos psicossociais. Assim, \u00e9 poss\u00edvel rastrear as potenciais\nconsequ\u00eancias f\u00edsicas e psicol\u00f3gicas nos colaboradores e estabelecer um plano\nde a\u00e7\u00e3o adequado \u00e0s caracter\u00edsticas da sua popula\u00e7\u00e3o.&nbsp;<\/p>\n\n\n\n<p>\u201cAl\u00e9m disso, a organiza\u00e7\u00e3o pode desenvolver pol\u00edticas e medidas\npreventivas em rela\u00e7\u00e3o \u00e0 sa\u00fade mental. Isso repercute na diminui\u00e7\u00e3o dos riscos\nde acidentes de trabalho, na redu\u00e7\u00e3o dos \u00edndices de sinistralidade,\nabsente\u00edsmo, afastamentos e melhoria da produtividade e beneficia a qualidade\nde vida dos colaboradores\u201d<\/p>\n\n\n\n<p>Investir na melhoria da sa\u00fade mental por interm\u00e9dio de\natividades como Mindfulness e ginastica laboral, \u00e9 fundamental para que haja\numa melhora da sa\u00fade e qualidade de vida no ambiente de trabalho. <\/p>\n\n\n\n<p>Fonte:\nhttps:\/\/folhadirigida.com.br\/mais\/noticias\/especiais\/tecnoestresse-doenca-moderna-realidade-profissionais<\/p>\n","protected":false},"excerpt":{"rendered":"<p>Ol\u00e1 Pessoal! Voc\u00eas j\u00e1 ouviram falar sobre tecnostresse? Uma doen\u00e7a moderna que hoje \u00e9 realidade entre muitos profissionais e que se intensificou durante a pandemia do novo Coronav\u00edrus. Com a chegada da Pandemia, o uso da tecnologia aumentou consideravelmente, e o uso no dia a dia tem afetado os usu\u00e1rios de maneira negativa. Mas afinal&#8230; [&hellip;]<\/p>\n","protected":false},"author":1,"featured_media":1220,"comment_status":"open","ping_status":"open","sticky":false,"template":"","format":"standard","meta":{"_joinchat":[],"footnotes":""},"categories":[1],"tags":[],"class_list":["post-1218","post","type-post","status-publish","format-standard","has-post-thumbnail","hentry","category-sem-categoria"],"yoast_head":"<!-- This site is optimized with the Yoast SEO Premium plugin v20.8 (Yoast SEO v27.4) - https:\/\/yoast.com\/product\/yoast-seo-premium-wordpress\/ -->\n<title>Tecnoestresse: saiba como evitar - Corpo em A\u00e7\u00e3o<\/title>\n<meta name=\"robots\" content=\"index, follow, max-snippet:-1, max-image-preview:large, max-video-preview:-1\" \/>\n<link rel=\"canonical\" href=\"https:\/\/corpoacao.com.br\/blog\/tecnoestresse-saiba-como-evitar\/\" \/>\n<meta property=\"og:locale\" content=\"pt_BR\" \/>\n<meta property=\"og:type\" content=\"article\" \/>\n<meta property=\"og:title\" content=\"Tecnoestresse: saiba como evitar\" \/>\n<meta property=\"og:description\" content=\"Ol\u00e1 Pessoal! Voc\u00eas j\u00e1 ouviram falar sobre tecnostresse? Uma doen\u00e7a moderna que hoje \u00e9 realidade entre muitos profissionais e que se intensificou durante a pandemia do novo Coronav\u00edrus. Com a chegada da Pandemia, o uso da tecnologia aumentou consideravelmente, e o uso no dia a dia tem afetado os usu\u00e1rios de maneira negativa. Mas afinal&#8230; [&hellip;]\" \/>\n<meta property=\"og:url\" content=\"https:\/\/corpoacao.com.br\/blog\/tecnoestresse-saiba-como-evitar\/\" \/>\n<meta property=\"og:site_name\" content=\"Corpo em A\u00e7\u00e3o\" \/>\n<meta property=\"article:publisher\" content=\"https:\/\/www.facebook.com\/corpoemacao.poa\/\" \/>\n<meta property=\"article:published_time\" content=\"2021-08-01T13:03:02+00:00\" \/>\n<meta property=\"og:image\" content=\"https:\/\/corpoacao.com.br\/blog\/wp-content\/uploads\/2021\/08\/image-1.png\" \/>\n\t<meta property=\"og:image:width\" content=\"413\" \/>\n\t<meta property=\"og:image:height\" content=\"237\" \/>\n\t<meta property=\"og:image:type\" content=\"image\/png\" \/>\n<meta name=\"author\" content=\"Morgana Lovato Cantarelli\" \/>\n<meta name=\"twitter:card\" content=\"summary_large_image\" \/>\n<meta name=\"twitter:label1\" content=\"Escrito por\" \/>\n\t<meta name=\"twitter:data1\" content=\"Morgana Lovato Cantarelli\" \/>\n\t<meta name=\"twitter:label2\" content=\"Est. tempo de leitura\" \/>\n\t<meta name=\"twitter:data2\" content=\"4 minutos\" \/>\n<script type=\"application\/ld+json\" class=\"yoast-schema-graph\">{\"@context\":\"https:\\\/\\\/schema.org\",\"@graph\":[{\"@type\":\"Article\",\"@id\":\"https:\\\/\\\/corpoacao.com.br\\\/blog\\\/tecnoestresse-saiba-como-evitar\\\/#article\",\"isPartOf\":{\"@id\":\"https:\\\/\\\/corpoacao.com.br\\\/blog\\\/tecnoestresse-saiba-como-evitar\\\/\"},\"author\":{\"name\":\"Morgana Lovato Cantarelli\",\"@id\":\"https:\\\/\\\/corpoacao.com.br\\\/blog\\\/#\\\/schema\\\/person\\\/8511fda2e04a521379dee132a34c889e\"},\"headline\":\"Tecnoestresse: saiba como evitar\",\"datePublished\":\"2021-08-01T13:03:02+00:00\",\"mainEntityOfPage\":{\"@id\":\"https:\\\/\\\/corpoacao.com.br\\\/blog\\\/tecnoestresse-saiba-como-evitar\\\/\"},\"wordCount\":719,\"commentCount\":0,\"publisher\":{\"@id\":\"https:\\\/\\\/corpoacao.com.br\\\/blog\\\/#organization\"},\"image\":{\"@id\":\"https:\\\/\\\/corpoacao.com.br\\\/blog\\\/tecnoestresse-saiba-como-evitar\\\/#primaryimage\"},\"thumbnailUrl\":\"https:\\\/\\\/corpoacao.com.br\\\/blog\\\/wp-content\\\/uploads\\\/2021\\\/08\\\/image-1.png\",\"inLanguage\":\"pt-BR\",\"potentialAction\":[{\"@type\":\"CommentAction\",\"name\":\"Comment\",\"target\":[\"https:\\\/\\\/corpoacao.com.br\\\/blog\\\/tecnoestresse-saiba-como-evitar\\\/#respond\"]}]},{\"@type\":\"WebPage\",\"@id\":\"https:\\\/\\\/corpoacao.com.br\\\/blog\\\/tecnoestresse-saiba-como-evitar\\\/\",\"url\":\"https:\\\/\\\/corpoacao.com.br\\\/blog\\\/tecnoestresse-saiba-como-evitar\\\/\",\"name\":\"Tecnoestresse: saiba como evitar - Corpo em A\u00e7\u00e3o\",\"isPartOf\":{\"@id\":\"https:\\\/\\\/corpoacao.com.br\\\/blog\\\/#website\"},\"primaryImageOfPage\":{\"@id\":\"https:\\\/\\\/corpoacao.com.br\\\/blog\\\/tecnoestresse-saiba-como-evitar\\\/#primaryimage\"},\"image\":{\"@id\":\"https:\\\/\\\/corpoacao.com.br\\\/blog\\\/tecnoestresse-saiba-como-evitar\\\/#primaryimage\"},\"thumbnailUrl\":\"https:\\\/\\\/corpoacao.com.br\\\/blog\\\/wp-content\\\/uploads\\\/2021\\\/08\\\/image-1.png\",\"datePublished\":\"2021-08-01T13:03:02+00:00\",\"breadcrumb\":{\"@id\":\"https:\\\/\\\/corpoacao.com.br\\\/blog\\\/tecnoestresse-saiba-como-evitar\\\/#breadcrumb\"},\"inLanguage\":\"pt-BR\",\"potentialAction\":[{\"@type\":\"ReadAction\",\"target\":[\"https:\\\/\\\/corpoacao.com.br\\\/blog\\\/tecnoestresse-saiba-como-evitar\\\/\"]}]},{\"@type\":\"ImageObject\",\"inLanguage\":\"pt-BR\",\"@id\":\"https:\\\/\\\/corpoacao.com.br\\\/blog\\\/tecnoestresse-saiba-como-evitar\\\/#primaryimage\",\"url\":\"https:\\\/\\\/corpoacao.com.br\\\/blog\\\/wp-content\\\/uploads\\\/2021\\\/08\\\/image-1.png\",\"contentUrl\":\"https:\\\/\\\/corpoacao.com.br\\\/blog\\\/wp-content\\\/uploads\\\/2021\\\/08\\\/image-1.png\",\"width\":413,\"height\":237},{\"@type\":\"BreadcrumbList\",\"@id\":\"https:\\\/\\\/corpoacao.com.br\\\/blog\\\/tecnoestresse-saiba-como-evitar\\\/#breadcrumb\",\"itemListElement\":[{\"@type\":\"ListItem\",\"position\":1,\"name\":\"Home\",\"item\":\"https:\\\/\\\/corpoacao.com.br\\\/blog\\\/\"},{\"@type\":\"ListItem\",\"position\":2,\"name\":\"Tecnoestresse: saiba como evitar\"}]},{\"@type\":\"WebSite\",\"@id\":\"https:\\\/\\\/corpoacao.com.br\\\/blog\\\/#website\",\"url\":\"https:\\\/\\\/corpoacao.com.br\\\/blog\\\/\",\"name\":\"Corpo em A\u00e7\u00e3o\",\"description\":\"Blog Ergonomia e qualidade de vida no ambiente de trabalho\",\"publisher\":{\"@id\":\"https:\\\/\\\/corpoacao.com.br\\\/blog\\\/#organization\"},\"potentialAction\":[{\"@type\":\"SearchAction\",\"target\":{\"@type\":\"EntryPoint\",\"urlTemplate\":\"https:\\\/\\\/corpoacao.com.br\\\/blog\\\/?s={search_term_string}\"},\"query-input\":{\"@type\":\"PropertyValueSpecification\",\"valueRequired\":true,\"valueName\":\"search_term_string\"}}],\"inLanguage\":\"pt-BR\"},{\"@type\":\"Organization\",\"@id\":\"https:\\\/\\\/corpoacao.com.br\\\/blog\\\/#organization\",\"name\":\"Corpo em A\u00e7\u00e3o\",\"url\":\"https:\\\/\\\/corpoacao.com.br\\\/blog\\\/\",\"logo\":{\"@type\":\"ImageObject\",\"inLanguage\":\"pt-BR\",\"@id\":\"https:\\\/\\\/corpoacao.com.br\\\/blog\\\/#\\\/schema\\\/logo\\\/image\\\/\",\"url\":\"https:\\\/\\\/corpoacao.com.br\\\/blog\\\/wp-content\\\/uploads\\\/2023\\\/04\\\/ginastica-laboral.png\",\"contentUrl\":\"https:\\\/\\\/corpoacao.com.br\\\/blog\\\/wp-content\\\/uploads\\\/2023\\\/04\\\/ginastica-laboral.png\",\"width\":185,\"height\":128,\"caption\":\"Corpo em A\u00e7\u00e3o\"},\"image\":{\"@id\":\"https:\\\/\\\/corpoacao.com.br\\\/blog\\\/#\\\/schema\\\/logo\\\/image\\\/\"},\"sameAs\":[\"https:\\\/\\\/www.facebook.com\\\/corpoemacao.poa\\\/\",\"https:\\\/\\\/www.instagram.com\\\/corpoemacaopoa\\\/\"]},{\"@type\":\"Person\",\"@id\":\"https:\\\/\\\/corpoacao.com.br\\\/blog\\\/#\\\/schema\\\/person\\\/8511fda2e04a521379dee132a34c889e\",\"name\":\"Morgana Lovato Cantarelli\",\"image\":{\"@type\":\"ImageObject\",\"inLanguage\":\"pt-BR\",\"@id\":\"https:\\\/\\\/secure.gravatar.com\\\/avatar\\\/7a246dbb5756847be4e8d937d3645cb75b1afbf687c106886d0b09172c1ee291?s=96&d=mm&r=g\",\"url\":\"https:\\\/\\\/secure.gravatar.com\\\/avatar\\\/7a246dbb5756847be4e8d937d3645cb75b1afbf687c106886d0b09172c1ee291?s=96&d=mm&r=g\",\"contentUrl\":\"https:\\\/\\\/secure.gravatar.com\\\/avatar\\\/7a246dbb5756847be4e8d937d3645cb75b1afbf687c106886d0b09172c1ee291?s=96&d=mm&r=g\",\"caption\":\"Morgana Lovato Cantarelli\"},\"description\":\"Propriet\u00e1ria da Empresa Corpo em A\u00e7\u00e3o , educadora f\u00edsica formada no IPA (1991), especializada em pedagogia do treinamento desportivo, especializada em pilates, palestrante, professora de massoterapia e Estado do Rio Grande do Sul\",\"url\":\"https:\\\/\\\/corpoacao.com.br\\\/blog\\\/author\\\/admin\\\/\"}]}<\/script>\n<!-- \/ Yoast SEO Premium plugin. -->","yoast_head_json":{"title":"Tecnoestresse: saiba como evitar - Corpo em A\u00e7\u00e3o","robots":{"index":"index","follow":"follow","max-snippet":"max-snippet:-1","max-image-preview":"max-image-preview:large","max-video-preview":"max-video-preview:-1"},"canonical":"https:\/\/corpoacao.com.br\/blog\/tecnoestresse-saiba-como-evitar\/","og_locale":"pt_BR","og_type":"article","og_title":"Tecnoestresse: saiba como evitar","og_description":"Ol\u00e1 Pessoal! Voc\u00eas j\u00e1 ouviram falar sobre tecnostresse? Uma doen\u00e7a moderna que hoje \u00e9 realidade entre muitos profissionais e que se intensificou durante a pandemia do novo Coronav\u00edrus. Com a chegada da Pandemia, o uso da tecnologia aumentou consideravelmente, e o uso no dia a dia tem afetado os usu\u00e1rios de maneira negativa. Mas afinal&#8230; [&hellip;]","og_url":"https:\/\/corpoacao.com.br\/blog\/tecnoestresse-saiba-como-evitar\/","og_site_name":"Corpo em A\u00e7\u00e3o","article_publisher":"https:\/\/www.facebook.com\/corpoemacao.poa\/","article_published_time":"2021-08-01T13:03:02+00:00","og_image":[{"width":413,"height":237,"url":"https:\/\/corpoacao.com.br\/blog\/wp-content\/uploads\/2021\/08\/image-1.png","type":"image\/png"}],"author":"Morgana Lovato Cantarelli","twitter_card":"summary_large_image","twitter_misc":{"Escrito por":"Morgana Lovato Cantarelli","Est. tempo de leitura":"4 minutos"},"schema":{"@context":"https:\/\/schema.org","@graph":[{"@type":"Article","@id":"https:\/\/corpoacao.com.br\/blog\/tecnoestresse-saiba-como-evitar\/#article","isPartOf":{"@id":"https:\/\/corpoacao.com.br\/blog\/tecnoestresse-saiba-como-evitar\/"},"author":{"name":"Morgana Lovato Cantarelli","@id":"https:\/\/corpoacao.com.br\/blog\/#\/schema\/person\/8511fda2e04a521379dee132a34c889e"},"headline":"Tecnoestresse: saiba como evitar","datePublished":"2021-08-01T13:03:02+00:00","mainEntityOfPage":{"@id":"https:\/\/corpoacao.com.br\/blog\/tecnoestresse-saiba-como-evitar\/"},"wordCount":719,"commentCount":0,"publisher":{"@id":"https:\/\/corpoacao.com.br\/blog\/#organization"},"image":{"@id":"https:\/\/corpoacao.com.br\/blog\/tecnoestresse-saiba-como-evitar\/#primaryimage"},"thumbnailUrl":"https:\/\/corpoacao.com.br\/blog\/wp-content\/uploads\/2021\/08\/image-1.png","inLanguage":"pt-BR","potentialAction":[{"@type":"CommentAction","name":"Comment","target":["https:\/\/corpoacao.com.br\/blog\/tecnoestresse-saiba-como-evitar\/#respond"]}]},{"@type":"WebPage","@id":"https:\/\/corpoacao.com.br\/blog\/tecnoestresse-saiba-como-evitar\/","url":"https:\/\/corpoacao.com.br\/blog\/tecnoestresse-saiba-como-evitar\/","name":"Tecnoestresse: saiba como evitar - Corpo em A\u00e7\u00e3o","isPartOf":{"@id":"https:\/\/corpoacao.com.br\/blog\/#website"},"primaryImageOfPage":{"@id":"https:\/\/corpoacao.com.br\/blog\/tecnoestresse-saiba-como-evitar\/#primaryimage"},"image":{"@id":"https:\/\/corpoacao.com.br\/blog\/tecnoestresse-saiba-como-evitar\/#primaryimage"},"thumbnailUrl":"https:\/\/corpoacao.com.br\/blog\/wp-content\/uploads\/2021\/08\/image-1.png","datePublished":"2021-08-01T13:03:02+00:00","breadcrumb":{"@id":"https:\/\/corpoacao.com.br\/blog\/tecnoestresse-saiba-como-evitar\/#breadcrumb"},"inLanguage":"pt-BR","potentialAction":[{"@type":"ReadAction","target":["https:\/\/corpoacao.com.br\/blog\/tecnoestresse-saiba-como-evitar\/"]}]},{"@type":"ImageObject","inLanguage":"pt-BR","@id":"https:\/\/corpoacao.com.br\/blog\/tecnoestresse-saiba-como-evitar\/#primaryimage","url":"https:\/\/corpoacao.com.br\/blog\/wp-content\/uploads\/2021\/08\/image-1.png","contentUrl":"https:\/\/corpoacao.com.br\/blog\/wp-content\/uploads\/2021\/08\/image-1.png","width":413,"height":237},{"@type":"BreadcrumbList","@id":"https:\/\/corpoacao.com.br\/blog\/tecnoestresse-saiba-como-evitar\/#breadcrumb","itemListElement":[{"@type":"ListItem","position":1,"name":"Home","item":"https:\/\/corpoacao.com.br\/blog\/"},{"@type":"ListItem","position":2,"name":"Tecnoestresse: saiba como evitar"}]},{"@type":"WebSite","@id":"https:\/\/corpoacao.com.br\/blog\/#website","url":"https:\/\/corpoacao.com.br\/blog\/","name":"Corpo em A\u00e7\u00e3o","description":"Blog Ergonomia e qualidade de vida no ambiente de trabalho","publisher":{"@id":"https:\/\/corpoacao.com.br\/blog\/#organization"},"potentialAction":[{"@type":"SearchAction","target":{"@type":"EntryPoint","urlTemplate":"https:\/\/corpoacao.com.br\/blog\/?s={search_term_string}"},"query-input":{"@type":"PropertyValueSpecification","valueRequired":true,"valueName":"search_term_string"}}],"inLanguage":"pt-BR"},{"@type":"Organization","@id":"https:\/\/corpoacao.com.br\/blog\/#organization","name":"Corpo em A\u00e7\u00e3o","url":"https:\/\/corpoacao.com.br\/blog\/","logo":{"@type":"ImageObject","inLanguage":"pt-BR","@id":"https:\/\/corpoacao.com.br\/blog\/#\/schema\/logo\/image\/","url":"https:\/\/corpoacao.com.br\/blog\/wp-content\/uploads\/2023\/04\/ginastica-laboral.png","contentUrl":"https:\/\/corpoacao.com.br\/blog\/wp-content\/uploads\/2023\/04\/ginastica-laboral.png","width":185,"height":128,"caption":"Corpo em A\u00e7\u00e3o"},"image":{"@id":"https:\/\/corpoacao.com.br\/blog\/#\/schema\/logo\/image\/"},"sameAs":["https:\/\/www.facebook.com\/corpoemacao.poa\/","https:\/\/www.instagram.com\/corpoemacaopoa\/"]},{"@type":"Person","@id":"https:\/\/corpoacao.com.br\/blog\/#\/schema\/person\/8511fda2e04a521379dee132a34c889e","name":"Morgana Lovato Cantarelli","image":{"@type":"ImageObject","inLanguage":"pt-BR","@id":"https:\/\/secure.gravatar.com\/avatar\/7a246dbb5756847be4e8d937d3645cb75b1afbf687c106886d0b09172c1ee291?s=96&d=mm&r=g","url":"https:\/\/secure.gravatar.com\/avatar\/7a246dbb5756847be4e8d937d3645cb75b1afbf687c106886d0b09172c1ee291?s=96&d=mm&r=g","contentUrl":"https:\/\/secure.gravatar.com\/avatar\/7a246dbb5756847be4e8d937d3645cb75b1afbf687c106886d0b09172c1ee291?s=96&d=mm&r=g","caption":"Morgana Lovato Cantarelli"},"description":"Propriet\u00e1ria da Empresa Corpo em A\u00e7\u00e3o , educadora f\u00edsica formada no IPA (1991), especializada em pedagogia do treinamento desportivo, especializada em pilates, palestrante, professora de massoterapia e Estado do Rio Grande do Sul","url":"https:\/\/corpoacao.com.br\/blog\/author\/admin\/"}]}},"_links":{"self":[{"href":"https:\/\/corpoacao.com.br\/blog\/wp-json\/wp\/v2\/posts\/1218","targetHints":{"allow":["GET"]}}],"collection":[{"href":"https:\/\/corpoacao.com.br\/blog\/wp-json\/wp\/v2\/posts"}],"about":[{"href":"https:\/\/corpoacao.com.br\/blog\/wp-json\/wp\/v2\/types\/post"}],"author":[{"embeddable":true,"href":"https:\/\/corpoacao.com.br\/blog\/wp-json\/wp\/v2\/users\/1"}],"replies":[{"embeddable":true,"href":"https:\/\/corpoacao.com.br\/blog\/wp-json\/wp\/v2\/comments?post=1218"}],"version-history":[{"count":1,"href":"https:\/\/corpoacao.com.br\/blog\/wp-json\/wp\/v2\/posts\/1218\/revisions"}],"predecessor-version":[{"id":1221,"href":"https:\/\/corpoacao.com.br\/blog\/wp-json\/wp\/v2\/posts\/1218\/revisions\/1221"}],"wp:featuredmedia":[{"embeddable":true,"href":"https:\/\/corpoacao.com.br\/blog\/wp-json\/wp\/v2\/media\/1220"}],"wp:attachment":[{"href":"https:\/\/corpoacao.com.br\/blog\/wp-json\/wp\/v2\/media?parent=1218"}],"wp:term":[{"taxonomy":"category","embeddable":true,"href":"https:\/\/corpoacao.com.br\/blog\/wp-json\/wp\/v2\/categories?post=1218"},{"taxonomy":"post_tag","embeddable":true,"href":"https:\/\/corpoacao.com.br\/blog\/wp-json\/wp\/v2\/tags?post=1218"}],"curies":[{"name":"wp","href":"https:\/\/api.w.org\/{rel}","templated":true}]}}