{"id":1267,"date":"2021-10-17T23:29:03","date_gmt":"2021-10-18T02:29:03","guid":{"rendered":"https:\/\/www.corpoacao.com.br\/blog\/?p=1267"},"modified":"2021-10-18T08:40:26","modified_gmt":"2021-10-18T11:40:26","slug":"atividade-fisica-na-prevencao-do-cancer-de-mama","status":"publish","type":"post","link":"https:\/\/corpoacao.com.br\/blog\/atividade-fisica-na-prevencao-do-cancer-de-mama\/","title":{"rendered":"Atividade F\u00edsica na Preven\u00e7\u00e3o do C\u00e2ncer de Mama"},"content":{"rendered":"\n<p>O m\u00eas de outubro \u00e9 lembrado anualmente como \u201cOutubro Rosa\u201d, o m\u00eas da preven\u00e7\u00e3o do c\u00e2ncer de mama e com isso \u00e9 importante lembrar que as atividades f\u00edsicas s\u00e3o de extrema import\u00e2ncia para evitar o aparecimento, evolu\u00e7\u00e3o e reincid\u00eancia desta patologia. A pr\u00e1tica dos exerc\u00edcios f\u00edsicos \u00e9 um caminho que inicia muito antes de qualquer sintoma da doen\u00e7a.<\/p>\n\n\n\n<div class=\"wp-block-image\"><figure class=\"aligncenter\"><img fetchpriority=\"high\" decoding=\"async\" width=\"1024\" height=\"731\" src=\"https:\/\/corpoacao.com.br\/blog\/wp-content\/uploads\/2021\/10\/WhatsApp-Image-2021-10-18-at-08.27.01-1024x731.jpeg\" alt=\"\" class=\"wp-image-1271\" srcset=\"https:\/\/corpoacao.com.br\/blog\/wp-content\/uploads\/2021\/10\/WhatsApp-Image-2021-10-18-at-08.27.01.jpeg 1024w, https:\/\/corpoacao.com.br\/blog\/wp-content\/uploads\/2021\/10\/WhatsApp-Image-2021-10-18-at-08.27.01-300x214.jpeg 300w, https:\/\/corpoacao.com.br\/blog\/wp-content\/uploads\/2021\/10\/WhatsApp-Image-2021-10-18-at-08.27.01-768x548.jpeg 768w\" sizes=\"(max-width: 1024px) 100vw, 1024px\" \/><\/figure><\/div>\n\n\n\n<p>\u201cAs doen\u00e7as cr\u00f4nicas n\u00e3o transmiss\u00edveis est\u00e3o entre as\nprincipais causas de morbimortalidade no mundo, especialmente o c\u00e2ncer. Para a\nsua preven\u00e7\u00e3o, a atividade f\u00edsica figura como uma das estrat\u00e9gias\u201d.&nbsp; (Atividade\nF\u00edsica e Preven\u00e7\u00e3o de C\u00e2ncer: Evid\u00eancias, Reflex\u00f5es e Apontamentos para o\nSistema \u00danico de Sa\u00fade. Rev. Bras. Cancerologia)<\/p>\n\n\n\n<p>Dentre\nos diferentes tipos de c\u00e2ncer, o de mama apresenta-se como a neoplasia de maior\n\u00edndice de mortalidade no Brasil, apesar de seu progn\u00f3stico ser detectado com\nmais facilidade. Dados do Instituto Nacional do C\u00e2ncer apontaram que para 2012\ne 2013 o Brasil poderia chegar a 52.680 novos casos de c\u00e2ncer de mama com um\nrisco estimado de 52 casos a cada 100 mil mulheres (Instituto Nacional de C\u00e2ncer,\n2012). <\/p>\n\n\n\n<p>Existe\nmuitos tratamentos atualmente para o c\u00e2ncer de mama (quimioterapia,\nradioterapia&#8230;), mas infelizmente s\u00e3o bastante agressivos e levam a\ndesconfort\u00e1veis efeitos colaterais, como n\u00e1useas, perda de apetite, perda de\ncabelo, depress\u00e3o, dificuldade respirat\u00f3ria, ganho de peso, fadiga e a\ncaquexia. Assim, os exerc\u00edcios f\u00edsicos, entra como fator de preven\u00e7\u00e3o. \u201cA\npr\u00e1tica regular de atividade f\u00edsica, de acordo com as pesquisas promovidas pelo\nInstituto Nacional do C\u00e2ncer, pode reduzir em at\u00e9 30% a probabilidade de se\ndesenvolver qualquer tipo de tumor\u201d. (Revista Brasileira de Prescri\u00e7\u00e3o e\nFisiologia do Exerc\u00edcio, 2015)<\/p>\n\n\n\n<p>A\nfalta da pr\u00e1tica regular de exerc\u00edcios compromete as atividades di\u00e1rias, em\nfun\u00e7\u00e3o da perda da flexibilidade, forca e resist\u00eancia muscular. Em uma revis\u00e3o efetuada\npor Courneya et al. (2002) com mais de 40 estudos, a pr\u00e1tica da atividade\nf\u00edsica e a qualidade de vida nos sobreviventes de c\u00e2ncer, mostraram que a\natividade f\u00edsica, tanto durante a quimioterapia e radioterapia quanto no\np\u00f3s-tratamento, proporciona benef\u00edcios positivos na qualidade de vida com\nmelhorias da aptid\u00e3o, melhoria da composi\u00e7\u00e3o corporal e redu\u00e7\u00e3o da fadiga, bem\ncomo melhoria do estado de humor, tais como depress\u00e3o e ansiedade, entre outros.<\/p>\n\n\n\n<p>\u201cOs\npesquisadores da UNESP chegaram \u00e0 conclus\u00e3o de que \u00e9 cada vez mais certo que a\natividade f\u00edsica influencia n\u00e3o s\u00f3 o bem-estar e a qualidade de vida, mas\ntamb\u00e9m interfere na manuten\u00e7\u00e3o da sa\u00fade, contribuindo para o equil\u00edbrio do\nmetabolismo e, consequentemente, reduzindo os riscos do surgimento de doen\u00e7as\ncr\u00f4nicas, como o c\u00e2ncer\u201d. (SPINDOLA, 2017 \u2013 Revista CREF17)<\/p>\n\n\n\n<p>&nbsp;\u201cO tratamento do c\u00e2ncer, com o exerc\u00edcio\nf\u00edsico, garante a sobreviv\u00eancia e d\u00e1 uma maior qualidade de vida ao paciente,\npois atenua os efeitos colaterais e a toxidade da quimioterapia, atrelando\nestes benef\u00edcios \u00e0 capacidade funcional\u201d (OLIVEIRA, 2015)<\/p>\n\n\n\n<p>A\npr\u00e1tica de atividades f\u00edsicas pode ser dividida em pequenos blocos de tempo por\ndia, afim de reduzir as tens\u00f5es, manter a boa mobilidade articular e a sensa\u00e7\u00e3o\nde bem-estar durante as atividades do trabalho. Fa\u00e7a suas atividades de modo\nque consiga inseri-la na sua rotina! <\/p>\n\n\n\n<p>\u201cPara benef\u00edcios\nadicionais \u00e0 sa\u00fade, busque praticar atividade f\u00edsica de forma regular e\naumentar progressivamente o tempo por semana. Cada minuto conta\u201d (Guia\natividade f\u00edsica popula\u00e7\u00e3o brasileira do Minist\u00e9rio da sa\u00fade)<\/p>\n","protected":false},"excerpt":{"rendered":"<p>O m\u00eas de outubro \u00e9 lembrado anualmente como \u201cOutubro Rosa\u201d, o m\u00eas da preven\u00e7\u00e3o do c\u00e2ncer de mama e com isso \u00e9 importante lembrar que as atividades f\u00edsicas s\u00e3o de extrema import\u00e2ncia para evitar o aparecimento, evolu\u00e7\u00e3o e reincid\u00eancia desta patologia. A pr\u00e1tica dos exerc\u00edcios f\u00edsicos \u00e9 um caminho que inicia muito antes de qualquer [&hellip;]<\/p>\n","protected":false},"author":1,"featured_media":1271,"comment_status":"open","ping_status":"open","sticky":false,"template":"","format":"standard","meta":{"_joinchat":[],"footnotes":""},"categories":[1],"tags":[],"class_list":["post-1267","post","type-post","status-publish","format-standard","has-post-thumbnail","hentry","category-sem-categoria"],"yoast_head":"<!-- This site is optimized with the Yoast SEO Premium plugin v20.8 (Yoast SEO v27.4) - https:\/\/yoast.com\/product\/yoast-seo-premium-wordpress\/ -->\n<title>Atividade F\u00edsica na Preven\u00e7\u00e3o do C\u00e2ncer de Mama - Corpo em A\u00e7\u00e3o<\/title>\n<meta name=\"robots\" content=\"index, follow, max-snippet:-1, max-image-preview:large, max-video-preview:-1\" \/>\n<link rel=\"canonical\" href=\"https:\/\/corpoacao.com.br\/blog\/atividade-fisica-na-prevencao-do-cancer-de-mama\/\" \/>\n<meta property=\"og:locale\" content=\"pt_BR\" \/>\n<meta property=\"og:type\" content=\"article\" \/>\n<meta property=\"og:title\" content=\"Atividade F\u00edsica na Preven\u00e7\u00e3o do C\u00e2ncer de Mama\" \/>\n<meta property=\"og:description\" content=\"O m\u00eas de outubro \u00e9 lembrado anualmente como \u201cOutubro Rosa\u201d, o m\u00eas da preven\u00e7\u00e3o do c\u00e2ncer de mama e com isso \u00e9 importante lembrar que as atividades f\u00edsicas s\u00e3o de extrema import\u00e2ncia para evitar o aparecimento, evolu\u00e7\u00e3o e reincid\u00eancia desta patologia. A pr\u00e1tica dos exerc\u00edcios f\u00edsicos \u00e9 um caminho que inicia muito antes de qualquer [&hellip;]\" \/>\n<meta property=\"og:url\" content=\"https:\/\/corpoacao.com.br\/blog\/atividade-fisica-na-prevencao-do-cancer-de-mama\/\" \/>\n<meta property=\"og:site_name\" content=\"Corpo em A\u00e7\u00e3o\" \/>\n<meta property=\"article:publisher\" content=\"https:\/\/www.facebook.com\/corpoemacao.poa\/\" \/>\n<meta property=\"article:published_time\" content=\"2021-10-18T02:29:03+00:00\" \/>\n<meta property=\"article:modified_time\" content=\"2021-10-18T11:40:26+00:00\" \/>\n<meta property=\"og:image\" content=\"https:\/\/corpoacao.com.br\/blog\/wp-content\/uploads\/2021\/10\/WhatsApp-Image-2021-10-18-at-08.27.01.jpeg\" \/>\n\t<meta property=\"og:image:width\" content=\"1024\" \/>\n\t<meta property=\"og:image:height\" content=\"731\" \/>\n\t<meta property=\"og:image:type\" content=\"image\/jpeg\" \/>\n<meta name=\"author\" content=\"Morgana Lovato Cantarelli\" \/>\n<meta name=\"twitter:card\" content=\"summary_large_image\" \/>\n<meta name=\"twitter:label1\" content=\"Escrito por\" \/>\n\t<meta name=\"twitter:data1\" content=\"Morgana Lovato Cantarelli\" \/>\n\t<meta name=\"twitter:label2\" content=\"Est. tempo de leitura\" \/>\n\t<meta name=\"twitter:data2\" content=\"3 minutos\" \/>\n<script type=\"application\/ld+json\" class=\"yoast-schema-graph\">{\"@context\":\"https:\\\/\\\/schema.org\",\"@graph\":[{\"@type\":\"Article\",\"@id\":\"https:\\\/\\\/corpoacao.com.br\\\/blog\\\/atividade-fisica-na-prevencao-do-cancer-de-mama\\\/#article\",\"isPartOf\":{\"@id\":\"https:\\\/\\\/corpoacao.com.br\\\/blog\\\/atividade-fisica-na-prevencao-do-cancer-de-mama\\\/\"},\"author\":{\"name\":\"Morgana Lovato Cantarelli\",\"@id\":\"https:\\\/\\\/corpoacao.com.br\\\/blog\\\/#\\\/schema\\\/person\\\/8511fda2e04a521379dee132a34c889e\"},\"headline\":\"Atividade F\u00edsica na Preven\u00e7\u00e3o do C\u00e2ncer de Mama\",\"datePublished\":\"2021-10-18T02:29:03+00:00\",\"dateModified\":\"2021-10-18T11:40:26+00:00\",\"mainEntityOfPage\":{\"@id\":\"https:\\\/\\\/corpoacao.com.br\\\/blog\\\/atividade-fisica-na-prevencao-do-cancer-de-mama\\\/\"},\"wordCount\":618,\"commentCount\":0,\"publisher\":{\"@id\":\"https:\\\/\\\/corpoacao.com.br\\\/blog\\\/#organization\"},\"image\":{\"@id\":\"https:\\\/\\\/corpoacao.com.br\\\/blog\\\/atividade-fisica-na-prevencao-do-cancer-de-mama\\\/#primaryimage\"},\"thumbnailUrl\":\"https:\\\/\\\/corpoacao.com.br\\\/blog\\\/wp-content\\\/uploads\\\/2021\\\/10\\\/WhatsApp-Image-2021-10-18-at-08.27.01.jpeg\",\"inLanguage\":\"pt-BR\",\"potentialAction\":[{\"@type\":\"CommentAction\",\"name\":\"Comment\",\"target\":[\"https:\\\/\\\/corpoacao.com.br\\\/blog\\\/atividade-fisica-na-prevencao-do-cancer-de-mama\\\/#respond\"]}]},{\"@type\":\"WebPage\",\"@id\":\"https:\\\/\\\/corpoacao.com.br\\\/blog\\\/atividade-fisica-na-prevencao-do-cancer-de-mama\\\/\",\"url\":\"https:\\\/\\\/corpoacao.com.br\\\/blog\\\/atividade-fisica-na-prevencao-do-cancer-de-mama\\\/\",\"name\":\"Atividade F\u00edsica na Preven\u00e7\u00e3o do C\u00e2ncer de Mama - Corpo em A\u00e7\u00e3o\",\"isPartOf\":{\"@id\":\"https:\\\/\\\/corpoacao.com.br\\\/blog\\\/#website\"},\"primaryImageOfPage\":{\"@id\":\"https:\\\/\\\/corpoacao.com.br\\\/blog\\\/atividade-fisica-na-prevencao-do-cancer-de-mama\\\/#primaryimage\"},\"image\":{\"@id\":\"https:\\\/\\\/corpoacao.com.br\\\/blog\\\/atividade-fisica-na-prevencao-do-cancer-de-mama\\\/#primaryimage\"},\"thumbnailUrl\":\"https:\\\/\\\/corpoacao.com.br\\\/blog\\\/wp-content\\\/uploads\\\/2021\\\/10\\\/WhatsApp-Image-2021-10-18-at-08.27.01.jpeg\",\"datePublished\":\"2021-10-18T02:29:03+00:00\",\"dateModified\":\"2021-10-18T11:40:26+00:00\",\"breadcrumb\":{\"@id\":\"https:\\\/\\\/corpoacao.com.br\\\/blog\\\/atividade-fisica-na-prevencao-do-cancer-de-mama\\\/#breadcrumb\"},\"inLanguage\":\"pt-BR\",\"potentialAction\":[{\"@type\":\"ReadAction\",\"target\":[\"https:\\\/\\\/corpoacao.com.br\\\/blog\\\/atividade-fisica-na-prevencao-do-cancer-de-mama\\\/\"]}]},{\"@type\":\"ImageObject\",\"inLanguage\":\"pt-BR\",\"@id\":\"https:\\\/\\\/corpoacao.com.br\\\/blog\\\/atividade-fisica-na-prevencao-do-cancer-de-mama\\\/#primaryimage\",\"url\":\"https:\\\/\\\/corpoacao.com.br\\\/blog\\\/wp-content\\\/uploads\\\/2021\\\/10\\\/WhatsApp-Image-2021-10-18-at-08.27.01.jpeg\",\"contentUrl\":\"https:\\\/\\\/corpoacao.com.br\\\/blog\\\/wp-content\\\/uploads\\\/2021\\\/10\\\/WhatsApp-Image-2021-10-18-at-08.27.01.jpeg\",\"width\":1024,\"height\":731},{\"@type\":\"BreadcrumbList\",\"@id\":\"https:\\\/\\\/corpoacao.com.br\\\/blog\\\/atividade-fisica-na-prevencao-do-cancer-de-mama\\\/#breadcrumb\",\"itemListElement\":[{\"@type\":\"ListItem\",\"position\":1,\"name\":\"Home\",\"item\":\"https:\\\/\\\/corpoacao.com.br\\\/blog\\\/\"},{\"@type\":\"ListItem\",\"position\":2,\"name\":\"Atividade F\u00edsica na Preven\u00e7\u00e3o do C\u00e2ncer de Mama\"}]},{\"@type\":\"WebSite\",\"@id\":\"https:\\\/\\\/corpoacao.com.br\\\/blog\\\/#website\",\"url\":\"https:\\\/\\\/corpoacao.com.br\\\/blog\\\/\",\"name\":\"Corpo em A\u00e7\u00e3o\",\"description\":\"Blog Ergonomia e qualidade de vida no ambiente de trabalho\",\"publisher\":{\"@id\":\"https:\\\/\\\/corpoacao.com.br\\\/blog\\\/#organization\"},\"potentialAction\":[{\"@type\":\"SearchAction\",\"target\":{\"@type\":\"EntryPoint\",\"urlTemplate\":\"https:\\\/\\\/corpoacao.com.br\\\/blog\\\/?s={search_term_string}\"},\"query-input\":{\"@type\":\"PropertyValueSpecification\",\"valueRequired\":true,\"valueName\":\"search_term_string\"}}],\"inLanguage\":\"pt-BR\"},{\"@type\":\"Organization\",\"@id\":\"https:\\\/\\\/corpoacao.com.br\\\/blog\\\/#organization\",\"name\":\"Corpo em A\u00e7\u00e3o\",\"url\":\"https:\\\/\\\/corpoacao.com.br\\\/blog\\\/\",\"logo\":{\"@type\":\"ImageObject\",\"inLanguage\":\"pt-BR\",\"@id\":\"https:\\\/\\\/corpoacao.com.br\\\/blog\\\/#\\\/schema\\\/logo\\\/image\\\/\",\"url\":\"https:\\\/\\\/corpoacao.com.br\\\/blog\\\/wp-content\\\/uploads\\\/2023\\\/04\\\/ginastica-laboral.png\",\"contentUrl\":\"https:\\\/\\\/corpoacao.com.br\\\/blog\\\/wp-content\\\/uploads\\\/2023\\\/04\\\/ginastica-laboral.png\",\"width\":185,\"height\":128,\"caption\":\"Corpo em A\u00e7\u00e3o\"},\"image\":{\"@id\":\"https:\\\/\\\/corpoacao.com.br\\\/blog\\\/#\\\/schema\\\/logo\\\/image\\\/\"},\"sameAs\":[\"https:\\\/\\\/www.facebook.com\\\/corpoemacao.poa\\\/\",\"https:\\\/\\\/www.instagram.com\\\/corpoemacaopoa\\\/\"]},{\"@type\":\"Person\",\"@id\":\"https:\\\/\\\/corpoacao.com.br\\\/blog\\\/#\\\/schema\\\/person\\\/8511fda2e04a521379dee132a34c889e\",\"name\":\"Morgana Lovato Cantarelli\",\"image\":{\"@type\":\"ImageObject\",\"inLanguage\":\"pt-BR\",\"@id\":\"https:\\\/\\\/secure.gravatar.com\\\/avatar\\\/7a246dbb5756847be4e8d937d3645cb75b1afbf687c106886d0b09172c1ee291?s=96&d=mm&r=g\",\"url\":\"https:\\\/\\\/secure.gravatar.com\\\/avatar\\\/7a246dbb5756847be4e8d937d3645cb75b1afbf687c106886d0b09172c1ee291?s=96&d=mm&r=g\",\"contentUrl\":\"https:\\\/\\\/secure.gravatar.com\\\/avatar\\\/7a246dbb5756847be4e8d937d3645cb75b1afbf687c106886d0b09172c1ee291?s=96&d=mm&r=g\",\"caption\":\"Morgana Lovato Cantarelli\"},\"description\":\"Propriet\u00e1ria da Empresa Corpo em A\u00e7\u00e3o , educadora f\u00edsica formada no IPA (1991), especializada em pedagogia do treinamento desportivo, especializada em pilates, palestrante, professora de massoterapia e Estado do Rio Grande do Sul\",\"url\":\"https:\\\/\\\/corpoacao.com.br\\\/blog\\\/author\\\/admin\\\/\"}]}<\/script>\n<!-- \/ Yoast SEO Premium plugin. -->","yoast_head_json":{"title":"Atividade F\u00edsica na Preven\u00e7\u00e3o do C\u00e2ncer de Mama - Corpo em A\u00e7\u00e3o","robots":{"index":"index","follow":"follow","max-snippet":"max-snippet:-1","max-image-preview":"max-image-preview:large","max-video-preview":"max-video-preview:-1"},"canonical":"https:\/\/corpoacao.com.br\/blog\/atividade-fisica-na-prevencao-do-cancer-de-mama\/","og_locale":"pt_BR","og_type":"article","og_title":"Atividade F\u00edsica na Preven\u00e7\u00e3o do C\u00e2ncer de Mama","og_description":"O m\u00eas de outubro \u00e9 lembrado anualmente como \u201cOutubro Rosa\u201d, o m\u00eas da preven\u00e7\u00e3o do c\u00e2ncer de mama e com isso \u00e9 importante lembrar que as atividades f\u00edsicas s\u00e3o de extrema import\u00e2ncia para evitar o aparecimento, evolu\u00e7\u00e3o e reincid\u00eancia desta patologia. A pr\u00e1tica dos exerc\u00edcios f\u00edsicos \u00e9 um caminho que inicia muito antes de qualquer [&hellip;]","og_url":"https:\/\/corpoacao.com.br\/blog\/atividade-fisica-na-prevencao-do-cancer-de-mama\/","og_site_name":"Corpo em A\u00e7\u00e3o","article_publisher":"https:\/\/www.facebook.com\/corpoemacao.poa\/","article_published_time":"2021-10-18T02:29:03+00:00","article_modified_time":"2021-10-18T11:40:26+00:00","og_image":[{"width":1024,"height":731,"url":"https:\/\/corpoacao.com.br\/blog\/wp-content\/uploads\/2021\/10\/WhatsApp-Image-2021-10-18-at-08.27.01.jpeg","type":"image\/jpeg"}],"author":"Morgana Lovato Cantarelli","twitter_card":"summary_large_image","twitter_misc":{"Escrito por":"Morgana Lovato Cantarelli","Est. tempo de leitura":"3 minutos"},"schema":{"@context":"https:\/\/schema.org","@graph":[{"@type":"Article","@id":"https:\/\/corpoacao.com.br\/blog\/atividade-fisica-na-prevencao-do-cancer-de-mama\/#article","isPartOf":{"@id":"https:\/\/corpoacao.com.br\/blog\/atividade-fisica-na-prevencao-do-cancer-de-mama\/"},"author":{"name":"Morgana Lovato Cantarelli","@id":"https:\/\/corpoacao.com.br\/blog\/#\/schema\/person\/8511fda2e04a521379dee132a34c889e"},"headline":"Atividade F\u00edsica na Preven\u00e7\u00e3o do C\u00e2ncer de Mama","datePublished":"2021-10-18T02:29:03+00:00","dateModified":"2021-10-18T11:40:26+00:00","mainEntityOfPage":{"@id":"https:\/\/corpoacao.com.br\/blog\/atividade-fisica-na-prevencao-do-cancer-de-mama\/"},"wordCount":618,"commentCount":0,"publisher":{"@id":"https:\/\/corpoacao.com.br\/blog\/#organization"},"image":{"@id":"https:\/\/corpoacao.com.br\/blog\/atividade-fisica-na-prevencao-do-cancer-de-mama\/#primaryimage"},"thumbnailUrl":"https:\/\/corpoacao.com.br\/blog\/wp-content\/uploads\/2021\/10\/WhatsApp-Image-2021-10-18-at-08.27.01.jpeg","inLanguage":"pt-BR","potentialAction":[{"@type":"CommentAction","name":"Comment","target":["https:\/\/corpoacao.com.br\/blog\/atividade-fisica-na-prevencao-do-cancer-de-mama\/#respond"]}]},{"@type":"WebPage","@id":"https:\/\/corpoacao.com.br\/blog\/atividade-fisica-na-prevencao-do-cancer-de-mama\/","url":"https:\/\/corpoacao.com.br\/blog\/atividade-fisica-na-prevencao-do-cancer-de-mama\/","name":"Atividade F\u00edsica na Preven\u00e7\u00e3o do C\u00e2ncer de Mama - Corpo em A\u00e7\u00e3o","isPartOf":{"@id":"https:\/\/corpoacao.com.br\/blog\/#website"},"primaryImageOfPage":{"@id":"https:\/\/corpoacao.com.br\/blog\/atividade-fisica-na-prevencao-do-cancer-de-mama\/#primaryimage"},"image":{"@id":"https:\/\/corpoacao.com.br\/blog\/atividade-fisica-na-prevencao-do-cancer-de-mama\/#primaryimage"},"thumbnailUrl":"https:\/\/corpoacao.com.br\/blog\/wp-content\/uploads\/2021\/10\/WhatsApp-Image-2021-10-18-at-08.27.01.jpeg","datePublished":"2021-10-18T02:29:03+00:00","dateModified":"2021-10-18T11:40:26+00:00","breadcrumb":{"@id":"https:\/\/corpoacao.com.br\/blog\/atividade-fisica-na-prevencao-do-cancer-de-mama\/#breadcrumb"},"inLanguage":"pt-BR","potentialAction":[{"@type":"ReadAction","target":["https:\/\/corpoacao.com.br\/blog\/atividade-fisica-na-prevencao-do-cancer-de-mama\/"]}]},{"@type":"ImageObject","inLanguage":"pt-BR","@id":"https:\/\/corpoacao.com.br\/blog\/atividade-fisica-na-prevencao-do-cancer-de-mama\/#primaryimage","url":"https:\/\/corpoacao.com.br\/blog\/wp-content\/uploads\/2021\/10\/WhatsApp-Image-2021-10-18-at-08.27.01.jpeg","contentUrl":"https:\/\/corpoacao.com.br\/blog\/wp-content\/uploads\/2021\/10\/WhatsApp-Image-2021-10-18-at-08.27.01.jpeg","width":1024,"height":731},{"@type":"BreadcrumbList","@id":"https:\/\/corpoacao.com.br\/blog\/atividade-fisica-na-prevencao-do-cancer-de-mama\/#breadcrumb","itemListElement":[{"@type":"ListItem","position":1,"name":"Home","item":"https:\/\/corpoacao.com.br\/blog\/"},{"@type":"ListItem","position":2,"name":"Atividade F\u00edsica na Preven\u00e7\u00e3o do C\u00e2ncer de Mama"}]},{"@type":"WebSite","@id":"https:\/\/corpoacao.com.br\/blog\/#website","url":"https:\/\/corpoacao.com.br\/blog\/","name":"Corpo em A\u00e7\u00e3o","description":"Blog Ergonomia e qualidade de vida no ambiente de trabalho","publisher":{"@id":"https:\/\/corpoacao.com.br\/blog\/#organization"},"potentialAction":[{"@type":"SearchAction","target":{"@type":"EntryPoint","urlTemplate":"https:\/\/corpoacao.com.br\/blog\/?s={search_term_string}"},"query-input":{"@type":"PropertyValueSpecification","valueRequired":true,"valueName":"search_term_string"}}],"inLanguage":"pt-BR"},{"@type":"Organization","@id":"https:\/\/corpoacao.com.br\/blog\/#organization","name":"Corpo em A\u00e7\u00e3o","url":"https:\/\/corpoacao.com.br\/blog\/","logo":{"@type":"ImageObject","inLanguage":"pt-BR","@id":"https:\/\/corpoacao.com.br\/blog\/#\/schema\/logo\/image\/","url":"https:\/\/corpoacao.com.br\/blog\/wp-content\/uploads\/2023\/04\/ginastica-laboral.png","contentUrl":"https:\/\/corpoacao.com.br\/blog\/wp-content\/uploads\/2023\/04\/ginastica-laboral.png","width":185,"height":128,"caption":"Corpo em A\u00e7\u00e3o"},"image":{"@id":"https:\/\/corpoacao.com.br\/blog\/#\/schema\/logo\/image\/"},"sameAs":["https:\/\/www.facebook.com\/corpoemacao.poa\/","https:\/\/www.instagram.com\/corpoemacaopoa\/"]},{"@type":"Person","@id":"https:\/\/corpoacao.com.br\/blog\/#\/schema\/person\/8511fda2e04a521379dee132a34c889e","name":"Morgana Lovato Cantarelli","image":{"@type":"ImageObject","inLanguage":"pt-BR","@id":"https:\/\/secure.gravatar.com\/avatar\/7a246dbb5756847be4e8d937d3645cb75b1afbf687c106886d0b09172c1ee291?s=96&d=mm&r=g","url":"https:\/\/secure.gravatar.com\/avatar\/7a246dbb5756847be4e8d937d3645cb75b1afbf687c106886d0b09172c1ee291?s=96&d=mm&r=g","contentUrl":"https:\/\/secure.gravatar.com\/avatar\/7a246dbb5756847be4e8d937d3645cb75b1afbf687c106886d0b09172c1ee291?s=96&d=mm&r=g","caption":"Morgana Lovato Cantarelli"},"description":"Propriet\u00e1ria da Empresa Corpo em A\u00e7\u00e3o , educadora f\u00edsica formada no IPA (1991), especializada em pedagogia do treinamento desportivo, especializada em pilates, palestrante, professora de massoterapia e Estado do Rio Grande do Sul","url":"https:\/\/corpoacao.com.br\/blog\/author\/admin\/"}]}},"_links":{"self":[{"href":"https:\/\/corpoacao.com.br\/blog\/wp-json\/wp\/v2\/posts\/1267","targetHints":{"allow":["GET"]}}],"collection":[{"href":"https:\/\/corpoacao.com.br\/blog\/wp-json\/wp\/v2\/posts"}],"about":[{"href":"https:\/\/corpoacao.com.br\/blog\/wp-json\/wp\/v2\/types\/post"}],"author":[{"embeddable":true,"href":"https:\/\/corpoacao.com.br\/blog\/wp-json\/wp\/v2\/users\/1"}],"replies":[{"embeddable":true,"href":"https:\/\/corpoacao.com.br\/blog\/wp-json\/wp\/v2\/comments?post=1267"}],"version-history":[{"count":3,"href":"https:\/\/corpoacao.com.br\/blog\/wp-json\/wp\/v2\/posts\/1267\/revisions"}],"predecessor-version":[{"id":1272,"href":"https:\/\/corpoacao.com.br\/blog\/wp-json\/wp\/v2\/posts\/1267\/revisions\/1272"}],"wp:featuredmedia":[{"embeddable":true,"href":"https:\/\/corpoacao.com.br\/blog\/wp-json\/wp\/v2\/media\/1271"}],"wp:attachment":[{"href":"https:\/\/corpoacao.com.br\/blog\/wp-json\/wp\/v2\/media?parent=1267"}],"wp:term":[{"taxonomy":"category","embeddable":true,"href":"https:\/\/corpoacao.com.br\/blog\/wp-json\/wp\/v2\/categories?post=1267"},{"taxonomy":"post_tag","embeddable":true,"href":"https:\/\/corpoacao.com.br\/blog\/wp-json\/wp\/v2\/tags?post=1267"}],"curies":[{"name":"wp","href":"https:\/\/api.w.org\/{rel}","templated":true}]}}