{"id":1299,"date":"2021-12-06T11:03:41","date_gmt":"2021-12-06T14:03:41","guid":{"rendered":"https:\/\/www.corpoacao.com.br\/blog\/?p=1299"},"modified":"2021-12-06T11:04:38","modified_gmt":"2021-12-06T14:04:38","slug":"dezembro-vermelho-mes-da-luta-contra-aids","status":"publish","type":"post","link":"https:\/\/corpoacao.com.br\/blog\/dezembro-vermelho-mes-da-luta-contra-aids\/","title":{"rendered":"DEZEMBRO VERMELHO: M\u00caS DA LUTA CONTRA AIDS"},"content":{"rendered":"\n<p>Na Campanha Dezembro Vermelho,\nm\u00eas da luta contra aids, estamos trazendo algumas informa\u00e7\u00f5es importantes sobre\nos \u00edndices desta doen\u00e7a. <\/p>\n\n\n\n<p>Voc\u00eas sabiam que Porto\nAlegre e o Rio Grande do Sul se destacam em estat\u00edsticas de HIV\/Aids no Brasil\ndesde a d\u00e9cada de 1990?<\/p>\n\n\n\n<p><em>Os motivos que explicam a perman\u00eancia em cen\u00e1rios negativos s\u00e3o m\u00faltiplos e passam por quest\u00f5es sociais, culturais, educacionais, econ\u00f4micas, pol\u00edticas e at\u00e9 geogr\u00e1ficas. <\/em><\/p>\n\n\n\n<figure class=\"wp-block-image\"><img fetchpriority=\"high\" decoding=\"async\" width=\"1024\" height=\"594\" src=\"https:\/\/corpoacao.com.br\/blog\/wp-content\/uploads\/2021\/12\/aids-1024x594.jpg\" alt=\"\" class=\"wp-image-1300\" srcset=\"https:\/\/corpoacao.com.br\/blog\/wp-content\/uploads\/2021\/12\/aids-1024x594.jpg 1024w, https:\/\/corpoacao.com.br\/blog\/wp-content\/uploads\/2021\/12\/aids-300x174.jpg 300w, https:\/\/corpoacao.com.br\/blog\/wp-content\/uploads\/2021\/12\/aids-768x446.jpg 768w, https:\/\/corpoacao.com.br\/blog\/wp-content\/uploads\/2021\/12\/aids.jpg 1280w\" sizes=\"(max-width: 1024px) 100vw, 1024px\" \/><\/figure>\n\n\n\n<p><strong>Por que o\nRio Grande do Sul \u00e9 l\u00edder h\u00e1 d\u00e9cadas em Aids e outras doen\u00e7as?<\/strong><\/p>\n\n\n\n<p><em>Os motivos\nque explicam a perman\u00eancia em cen\u00e1rios negativos s\u00e3o m\u00faltiplos e passam por quest\u00f5es\nsociais, culturais, educacionais, econ\u00f4micas, pol\u00edticas e at\u00e9 geogr\u00e1ficas. No\nmais recente levantamento oficial, a capital ga\u00facha apresentou taxa de 58,5\ncasos de Aids por 100 mil habitantes, mais do que o dobro do estado (28,3) e\nmais do que o triplo da m\u00e9dia nacional (17,8), conforme o boletim\nepidemiol\u00f3gico, de dezembro de 2020, do Departamento de Doen\u00e7as e Condi\u00e7\u00f5es\nCr\u00f4nicas e Infec\u00e7\u00f5es Sexualmente Transmiss\u00edveis da Secretaria de Vigil\u00e2ncia em\nSa\u00fade, do Minist\u00e9rio da Sa\u00fade.<\/em><\/p>\n\n\n\n<h2 class=\"wp-block-heading\"><strong>O que \u00e9 Aids?<\/strong><\/h2>\n\n\n\n<p>A aids \u00e9 a doen\u00e7a\ncausada pela infec\u00e7\u00e3o do V\u00edrus da Imunodefici\u00eancia Humana (HIV \u00e9 a sigla em\ningl\u00eas). Esse v\u00edrus ataca o sistema imunol\u00f3gico, que \u00e9 o respons\u00e1vel por\ndefender o organismo de doen\u00e7as. As c\u00e9lulas mais atingidas s\u00e3o os linf\u00f3citos T\nCD4+. O v\u00edrus \u00e9 capaz de alterar o DNA dessa c\u00e9lula e fazer c\u00f3pias de si mesmo.\nDepois de se multiplicar, rompe os linf\u00f3citos em busca de outros para continuar\na infec\u00e7\u00e3o.<\/p>\n\n\n\n<p><strong>Sintomas e fases da aids<\/strong><\/p>\n\n\n\n<p>Quando\nocorre a infec\u00e7\u00e3o pelo v\u00edrus causador da aids, o sistema imunol\u00f3gico come\u00e7a a\nser atacado. E \u00e9 na primeira fase, chamada de infec\u00e7\u00e3o aguda, que ocorre a\nincuba\u00e7\u00e3o do HIV (tempo da exposi\u00e7\u00e3o ao v\u00edrus at\u00e9 o surgimento dos primeiros\nsinais da doen\u00e7a). Esse per\u00edodo varia de tr\u00eas a seis semanas. E o organismo\nleva de 30 a 60 dias ap\u00f3s a infec\u00e7\u00e3o para produzir anticorpos anti-HIV. Os\nprimeiros sintomas s\u00e3o muito parecidos com os de uma gripe, como febre e\nmal-estar. Por isso, a maioria dos casos passa despercebida.<\/p>\n\n\n\n<p>A pr\u00f3xima\nfase \u00e9 marcada pela forte intera\u00e7\u00e3o entre as c\u00e9lulas de defesa e as constantes\ne r\u00e1pidas muta\u00e7\u00f5es do v\u00edrus. Mas isso n\u00e3o enfraquece o organismo o suficiente\npara permitir novas doen\u00e7as, pois os v\u00edrus amadurecem e morrem de forma equilibrada.\nEsse per\u00edodo, que pode durar muitos anos, \u00e9 chamado de assintom\u00e1tico.<\/p>\n\n\n\n<p>Com o\nfrequente ataque, as c\u00e9lulas de defesa come\u00e7am a funcionar com menos efici\u00eancia\nat\u00e9 serem destru\u00eddas. O organismo fica cada vez mais fraco e vulner\u00e1vel a\ninfec\u00e7\u00f5es comuns. Os sintomas mais comuns nessa fase s\u00e3o: febre, diarreia,\nsuores noturnos e emagrecimento.<\/p>\n\n\n\n<p>A baixa\nimunidade permite o aparecimento de doen\u00e7as oportunistas, que recebem esse nome\npor se aproveitarem da fraqueza do organismo. Com isso, atinge-se o est\u00e1gio\nmais avan\u00e7ado da doen\u00e7a, a aids.<\/p>\n\n\n\n<p><strong>Assim\npega:<\/strong><strong><\/strong><\/p>\n\n\n\n<ul class=\"wp-block-list\"><li>Sexo vaginal sem camisinha;<\/li><li>Sexo anal sem camisinha;<\/li><li>Sexo oral sem camisinha;<\/li><li>Uso de seringa por mais de uma pessoa;<\/li><li>Transfus\u00e3o de sangue contaminado;<\/li><li>Da m\u00e3e infectada para seu filho durante a gravidez, no parto e na\n     amamenta\u00e7\u00e3o;<\/li><li>Instrumentos que furam ou cortam n\u00e3o esterilizados.<\/li><\/ul>\n\n\n\n<p><strong>Assim n\u00e3o\npega:<\/strong><strong><\/strong><\/p>\n\n\n\n<ul class=\"wp-block-list\"><li>Sexo desde que se use corretamente a camisinha;<\/li><li>Masturba\u00e7\u00e3o a dois;<\/li><li>Beijo no rosto ou na boca;<\/li><li>Suor e l\u00e1grima;<\/li><li>Picada de inseto;<\/li><li>Aperto de m\u00e3o ou abra\u00e7o;<\/li><li>Sabonete\/toalha\/len\u00e7\u00f3is;<\/li><li>Talheres\/copos;<\/li><li>Assento de \u00f4nibus;<\/li><li>Piscina;<\/li><li>Banheiro;<\/li><li>Doa\u00e7\u00e3o de sangue;<\/li><li>Pelo ar.<\/li><\/ul>\n\n\n\n<p><strong>PREVEN\u00c7\u00c3O &nbsp;AIDS\/HIV<\/strong><\/p>\n\n\n\n<p>1 <strong>&#8211; Sempre utilizar preservativo nas rela\u00e7\u00f5es\nsexuais:<\/strong><strong><\/strong><\/p>\n\n\n\n<p>O\nuso do preservativo previne a transmiss\u00e3o de qualquer doen\u00e7a sexualmente\ntransmiss\u00edvel. \u00c9 importante destacar que a camisinha deve ser usada at\u00e9 o fim\nda rela\u00e7\u00e3o sexual. Jamais utilize um preservativo por mais de uma vez.<\/p>\n\n\n\n<h3 class=\"wp-block-heading\"><strong>2-\nOptar por seringas e agulhas descart\u00e1veis:<\/strong><\/h3>\n\n\n\n<p>Nesse\ncaso, \u00e9 importante que a pessoa tenha materiais de uso pr\u00f3prio e n\u00e3o\ncompartilhe com nenhuma pessoa. \u00c9 necess\u00e1rio utilizar apenas uma vez e\ndescart\u00e1-lo corretamente.<\/p>\n\n\n\n<h3 class=\"wp-block-heading\"><strong>3-\nUsar luvas para contato com sangue ou fluidos corporais:<\/strong><\/h3>\n\n\n\n<p>A\natitude previne o contato direto com o sangue ou fluido corporal que possa\nestar contaminado.<\/p>\n\n\n\n<h3 class=\"wp-block-heading\"><strong>4-\nUtilizar objetos cortantes descart\u00e1veis ou esterilizados:<\/strong><strong><\/strong><\/h3>\n\n\n\n<p>Essa\ntamb\u00e9m \u00e9 uma possibilidade de transmiss\u00e3o da doen\u00e7a. \u00c9 importante que utilize\nobjetos cortantes descart\u00e1veis ou esterilizados, sem o compartilhamento com\noutras pessoas.<\/p>\n\n\n\n<p>Fonte:<\/p>\n\n\n\n<ul class=\"wp-block-list\"><li><a href=\"https:\/\/antigo.saude.gov.br\/saude-de-a-z\/aids-hiv\">https:\/\/antigo.saude.gov.br\/saude-de-a-z\/aids-hiv<\/a><\/li><\/ul>\n\n\n\n<ul class=\"wp-block-list\"><li>https:\/\/www.extraclasse.org.br\/saude\/2021\/08\/por-que-o-rio-grande-do-sul-e-lider-ha-decadas-em-aids-e-outras-doencas\/<\/li><li>&nbsp;<\/li><li><a href=\"http:\/\/www.aids.gov.br\/pt-br\/publico-geral\/o-que-e-hiv\/sintomas-e-fases-da-aids\">http:\/\/www.aids.gov.br\/pt-br\/publico-geral\/o-que-e-hiv\/sintomas-e-fases-da-aids<\/a><\/li><\/ul>\n\n\n\n<ul class=\"wp-block-list\"><li>https:\/\/www.gov.br\/saude\/pt-br<\/li><\/ul>\n","protected":false},"excerpt":{"rendered":"<p>Na Campanha Dezembro Vermelho, m\u00eas da luta contra aids, estamos trazendo algumas informa\u00e7\u00f5es importantes sobre os \u00edndices desta doen\u00e7a. Voc\u00eas sabiam que Porto Alegre e o Rio Grande do Sul se destacam em estat\u00edsticas de HIV\/Aids no Brasil desde a d\u00e9cada de 1990? Os motivos que explicam a perman\u00eancia em cen\u00e1rios negativos s\u00e3o m\u00faltiplos e [&hellip;]<\/p>\n","protected":false},"author":1,"featured_media":1300,"comment_status":"open","ping_status":"open","sticky":false,"template":"","format":"standard","meta":{"_joinchat":[],"footnotes":""},"categories":[1],"tags":[],"class_list":["post-1299","post","type-post","status-publish","format-standard","has-post-thumbnail","hentry","category-sem-categoria"],"yoast_head":"<!-- This site is optimized with the Yoast SEO Premium plugin v20.8 (Yoast SEO v27.4) - https:\/\/yoast.com\/product\/yoast-seo-premium-wordpress\/ -->\n<title>DEZEMBRO VERMELHO: M\u00caS DA LUTA CONTRA AIDS - Corpo em A\u00e7\u00e3o<\/title>\n<meta name=\"robots\" content=\"index, follow, max-snippet:-1, max-image-preview:large, max-video-preview:-1\" \/>\n<link rel=\"canonical\" href=\"https:\/\/corpoacao.com.br\/blog\/dezembro-vermelho-mes-da-luta-contra-aids\/\" \/>\n<meta property=\"og:locale\" content=\"pt_BR\" \/>\n<meta property=\"og:type\" content=\"article\" \/>\n<meta property=\"og:title\" content=\"DEZEMBRO VERMELHO: M\u00caS DA LUTA CONTRA AIDS\" \/>\n<meta property=\"og:description\" content=\"Na Campanha Dezembro Vermelho, m\u00eas da luta contra aids, estamos trazendo algumas informa\u00e7\u00f5es importantes sobre os \u00edndices desta doen\u00e7a. Voc\u00eas sabiam que Porto Alegre e o Rio Grande do Sul se destacam em estat\u00edsticas de HIV\/Aids no Brasil desde a d\u00e9cada de 1990? Os motivos que explicam a perman\u00eancia em cen\u00e1rios negativos s\u00e3o m\u00faltiplos e [&hellip;]\" \/>\n<meta property=\"og:url\" content=\"https:\/\/corpoacao.com.br\/blog\/dezembro-vermelho-mes-da-luta-contra-aids\/\" \/>\n<meta property=\"og:site_name\" content=\"Corpo em A\u00e7\u00e3o\" \/>\n<meta property=\"article:publisher\" content=\"https:\/\/www.facebook.com\/corpoemacao.poa\/\" \/>\n<meta property=\"article:published_time\" content=\"2021-12-06T14:03:41+00:00\" \/>\n<meta property=\"article:modified_time\" content=\"2021-12-06T14:04:38+00:00\" \/>\n<meta property=\"og:image\" content=\"https:\/\/corpoacao.com.br\/blog\/wp-content\/uploads\/2021\/12\/aids.jpg\" \/>\n\t<meta property=\"og:image:width\" content=\"1280\" \/>\n\t<meta property=\"og:image:height\" content=\"743\" \/>\n\t<meta property=\"og:image:type\" content=\"image\/jpeg\" \/>\n<meta name=\"author\" content=\"Morgana Lovato Cantarelli\" \/>\n<meta name=\"twitter:card\" content=\"summary_large_image\" \/>\n<meta name=\"twitter:label1\" content=\"Escrito por\" \/>\n\t<meta name=\"twitter:data1\" content=\"Morgana Lovato Cantarelli\" \/>\n\t<meta name=\"twitter:label2\" content=\"Est. tempo de leitura\" \/>\n\t<meta name=\"twitter:data2\" content=\"4 minutos\" \/>\n<script type=\"application\/ld+json\" class=\"yoast-schema-graph\">{\"@context\":\"https:\\\/\\\/schema.org\",\"@graph\":[{\"@type\":\"Article\",\"@id\":\"https:\\\/\\\/corpoacao.com.br\\\/blog\\\/dezembro-vermelho-mes-da-luta-contra-aids\\\/#article\",\"isPartOf\":{\"@id\":\"https:\\\/\\\/corpoacao.com.br\\\/blog\\\/dezembro-vermelho-mes-da-luta-contra-aids\\\/\"},\"author\":{\"name\":\"Morgana Lovato Cantarelli\",\"@id\":\"https:\\\/\\\/corpoacao.com.br\\\/blog\\\/#\\\/schema\\\/person\\\/8511fda2e04a521379dee132a34c889e\"},\"headline\":\"DEZEMBRO VERMELHO: M\u00caS DA LUTA CONTRA AIDS\",\"datePublished\":\"2021-12-06T14:03:41+00:00\",\"dateModified\":\"2021-12-06T14:04:38+00:00\",\"mainEntityOfPage\":{\"@id\":\"https:\\\/\\\/corpoacao.com.br\\\/blog\\\/dezembro-vermelho-mes-da-luta-contra-aids\\\/\"},\"wordCount\":838,\"commentCount\":0,\"publisher\":{\"@id\":\"https:\\\/\\\/corpoacao.com.br\\\/blog\\\/#organization\"},\"image\":{\"@id\":\"https:\\\/\\\/corpoacao.com.br\\\/blog\\\/dezembro-vermelho-mes-da-luta-contra-aids\\\/#primaryimage\"},\"thumbnailUrl\":\"https:\\\/\\\/corpoacao.com.br\\\/blog\\\/wp-content\\\/uploads\\\/2021\\\/12\\\/aids.jpg\",\"inLanguage\":\"pt-BR\",\"potentialAction\":[{\"@type\":\"CommentAction\",\"name\":\"Comment\",\"target\":[\"https:\\\/\\\/corpoacao.com.br\\\/blog\\\/dezembro-vermelho-mes-da-luta-contra-aids\\\/#respond\"]}]},{\"@type\":\"WebPage\",\"@id\":\"https:\\\/\\\/corpoacao.com.br\\\/blog\\\/dezembro-vermelho-mes-da-luta-contra-aids\\\/\",\"url\":\"https:\\\/\\\/corpoacao.com.br\\\/blog\\\/dezembro-vermelho-mes-da-luta-contra-aids\\\/\",\"name\":\"DEZEMBRO VERMELHO: M\u00caS DA LUTA CONTRA AIDS - Corpo em A\u00e7\u00e3o\",\"isPartOf\":{\"@id\":\"https:\\\/\\\/corpoacao.com.br\\\/blog\\\/#website\"},\"primaryImageOfPage\":{\"@id\":\"https:\\\/\\\/corpoacao.com.br\\\/blog\\\/dezembro-vermelho-mes-da-luta-contra-aids\\\/#primaryimage\"},\"image\":{\"@id\":\"https:\\\/\\\/corpoacao.com.br\\\/blog\\\/dezembro-vermelho-mes-da-luta-contra-aids\\\/#primaryimage\"},\"thumbnailUrl\":\"https:\\\/\\\/corpoacao.com.br\\\/blog\\\/wp-content\\\/uploads\\\/2021\\\/12\\\/aids.jpg\",\"datePublished\":\"2021-12-06T14:03:41+00:00\",\"dateModified\":\"2021-12-06T14:04:38+00:00\",\"breadcrumb\":{\"@id\":\"https:\\\/\\\/corpoacao.com.br\\\/blog\\\/dezembro-vermelho-mes-da-luta-contra-aids\\\/#breadcrumb\"},\"inLanguage\":\"pt-BR\",\"potentialAction\":[{\"@type\":\"ReadAction\",\"target\":[\"https:\\\/\\\/corpoacao.com.br\\\/blog\\\/dezembro-vermelho-mes-da-luta-contra-aids\\\/\"]}]},{\"@type\":\"ImageObject\",\"inLanguage\":\"pt-BR\",\"@id\":\"https:\\\/\\\/corpoacao.com.br\\\/blog\\\/dezembro-vermelho-mes-da-luta-contra-aids\\\/#primaryimage\",\"url\":\"https:\\\/\\\/corpoacao.com.br\\\/blog\\\/wp-content\\\/uploads\\\/2021\\\/12\\\/aids.jpg\",\"contentUrl\":\"https:\\\/\\\/corpoacao.com.br\\\/blog\\\/wp-content\\\/uploads\\\/2021\\\/12\\\/aids.jpg\",\"width\":1280,\"height\":743},{\"@type\":\"BreadcrumbList\",\"@id\":\"https:\\\/\\\/corpoacao.com.br\\\/blog\\\/dezembro-vermelho-mes-da-luta-contra-aids\\\/#breadcrumb\",\"itemListElement\":[{\"@type\":\"ListItem\",\"position\":1,\"name\":\"Home\",\"item\":\"https:\\\/\\\/corpoacao.com.br\\\/blog\\\/\"},{\"@type\":\"ListItem\",\"position\":2,\"name\":\"DEZEMBRO VERMELHO: M\u00caS DA LUTA CONTRA AIDS\"}]},{\"@type\":\"WebSite\",\"@id\":\"https:\\\/\\\/corpoacao.com.br\\\/blog\\\/#website\",\"url\":\"https:\\\/\\\/corpoacao.com.br\\\/blog\\\/\",\"name\":\"Corpo em A\u00e7\u00e3o\",\"description\":\"Blog Ergonomia e qualidade de vida no ambiente de trabalho\",\"publisher\":{\"@id\":\"https:\\\/\\\/corpoacao.com.br\\\/blog\\\/#organization\"},\"potentialAction\":[{\"@type\":\"SearchAction\",\"target\":{\"@type\":\"EntryPoint\",\"urlTemplate\":\"https:\\\/\\\/corpoacao.com.br\\\/blog\\\/?s={search_term_string}\"},\"query-input\":{\"@type\":\"PropertyValueSpecification\",\"valueRequired\":true,\"valueName\":\"search_term_string\"}}],\"inLanguage\":\"pt-BR\"},{\"@type\":\"Organization\",\"@id\":\"https:\\\/\\\/corpoacao.com.br\\\/blog\\\/#organization\",\"name\":\"Corpo em A\u00e7\u00e3o\",\"url\":\"https:\\\/\\\/corpoacao.com.br\\\/blog\\\/\",\"logo\":{\"@type\":\"ImageObject\",\"inLanguage\":\"pt-BR\",\"@id\":\"https:\\\/\\\/corpoacao.com.br\\\/blog\\\/#\\\/schema\\\/logo\\\/image\\\/\",\"url\":\"https:\\\/\\\/corpoacao.com.br\\\/blog\\\/wp-content\\\/uploads\\\/2023\\\/04\\\/ginastica-laboral.png\",\"contentUrl\":\"https:\\\/\\\/corpoacao.com.br\\\/blog\\\/wp-content\\\/uploads\\\/2023\\\/04\\\/ginastica-laboral.png\",\"width\":185,\"height\":128,\"caption\":\"Corpo em A\u00e7\u00e3o\"},\"image\":{\"@id\":\"https:\\\/\\\/corpoacao.com.br\\\/blog\\\/#\\\/schema\\\/logo\\\/image\\\/\"},\"sameAs\":[\"https:\\\/\\\/www.facebook.com\\\/corpoemacao.poa\\\/\",\"https:\\\/\\\/www.instagram.com\\\/corpoemacaopoa\\\/\"]},{\"@type\":\"Person\",\"@id\":\"https:\\\/\\\/corpoacao.com.br\\\/blog\\\/#\\\/schema\\\/person\\\/8511fda2e04a521379dee132a34c889e\",\"name\":\"Morgana Lovato Cantarelli\",\"image\":{\"@type\":\"ImageObject\",\"inLanguage\":\"pt-BR\",\"@id\":\"https:\\\/\\\/secure.gravatar.com\\\/avatar\\\/7a246dbb5756847be4e8d937d3645cb75b1afbf687c106886d0b09172c1ee291?s=96&d=mm&r=g\",\"url\":\"https:\\\/\\\/secure.gravatar.com\\\/avatar\\\/7a246dbb5756847be4e8d937d3645cb75b1afbf687c106886d0b09172c1ee291?s=96&d=mm&r=g\",\"contentUrl\":\"https:\\\/\\\/secure.gravatar.com\\\/avatar\\\/7a246dbb5756847be4e8d937d3645cb75b1afbf687c106886d0b09172c1ee291?s=96&d=mm&r=g\",\"caption\":\"Morgana Lovato Cantarelli\"},\"description\":\"Propriet\u00e1ria da Empresa Corpo em A\u00e7\u00e3o , educadora f\u00edsica formada no IPA (1991), especializada em pedagogia do treinamento desportivo, especializada em pilates, palestrante, professora de massoterapia e Estado do Rio Grande do Sul\",\"url\":\"https:\\\/\\\/corpoacao.com.br\\\/blog\\\/author\\\/admin\\\/\"}]}<\/script>\n<!-- \/ Yoast SEO Premium plugin. -->","yoast_head_json":{"title":"DEZEMBRO VERMELHO: M\u00caS DA LUTA CONTRA AIDS - Corpo em A\u00e7\u00e3o","robots":{"index":"index","follow":"follow","max-snippet":"max-snippet:-1","max-image-preview":"max-image-preview:large","max-video-preview":"max-video-preview:-1"},"canonical":"https:\/\/corpoacao.com.br\/blog\/dezembro-vermelho-mes-da-luta-contra-aids\/","og_locale":"pt_BR","og_type":"article","og_title":"DEZEMBRO VERMELHO: M\u00caS DA LUTA CONTRA AIDS","og_description":"Na Campanha Dezembro Vermelho, m\u00eas da luta contra aids, estamos trazendo algumas informa\u00e7\u00f5es importantes sobre os \u00edndices desta doen\u00e7a. Voc\u00eas sabiam que Porto Alegre e o Rio Grande do Sul se destacam em estat\u00edsticas de HIV\/Aids no Brasil desde a d\u00e9cada de 1990? Os motivos que explicam a perman\u00eancia em cen\u00e1rios negativos s\u00e3o m\u00faltiplos e [&hellip;]","og_url":"https:\/\/corpoacao.com.br\/blog\/dezembro-vermelho-mes-da-luta-contra-aids\/","og_site_name":"Corpo em A\u00e7\u00e3o","article_publisher":"https:\/\/www.facebook.com\/corpoemacao.poa\/","article_published_time":"2021-12-06T14:03:41+00:00","article_modified_time":"2021-12-06T14:04:38+00:00","og_image":[{"width":1280,"height":743,"url":"https:\/\/corpoacao.com.br\/blog\/wp-content\/uploads\/2021\/12\/aids.jpg","type":"image\/jpeg"}],"author":"Morgana Lovato Cantarelli","twitter_card":"summary_large_image","twitter_misc":{"Escrito por":"Morgana Lovato Cantarelli","Est. tempo de leitura":"4 minutos"},"schema":{"@context":"https:\/\/schema.org","@graph":[{"@type":"Article","@id":"https:\/\/corpoacao.com.br\/blog\/dezembro-vermelho-mes-da-luta-contra-aids\/#article","isPartOf":{"@id":"https:\/\/corpoacao.com.br\/blog\/dezembro-vermelho-mes-da-luta-contra-aids\/"},"author":{"name":"Morgana Lovato Cantarelli","@id":"https:\/\/corpoacao.com.br\/blog\/#\/schema\/person\/8511fda2e04a521379dee132a34c889e"},"headline":"DEZEMBRO VERMELHO: M\u00caS DA LUTA CONTRA AIDS","datePublished":"2021-12-06T14:03:41+00:00","dateModified":"2021-12-06T14:04:38+00:00","mainEntityOfPage":{"@id":"https:\/\/corpoacao.com.br\/blog\/dezembro-vermelho-mes-da-luta-contra-aids\/"},"wordCount":838,"commentCount":0,"publisher":{"@id":"https:\/\/corpoacao.com.br\/blog\/#organization"},"image":{"@id":"https:\/\/corpoacao.com.br\/blog\/dezembro-vermelho-mes-da-luta-contra-aids\/#primaryimage"},"thumbnailUrl":"https:\/\/corpoacao.com.br\/blog\/wp-content\/uploads\/2021\/12\/aids.jpg","inLanguage":"pt-BR","potentialAction":[{"@type":"CommentAction","name":"Comment","target":["https:\/\/corpoacao.com.br\/blog\/dezembro-vermelho-mes-da-luta-contra-aids\/#respond"]}]},{"@type":"WebPage","@id":"https:\/\/corpoacao.com.br\/blog\/dezembro-vermelho-mes-da-luta-contra-aids\/","url":"https:\/\/corpoacao.com.br\/blog\/dezembro-vermelho-mes-da-luta-contra-aids\/","name":"DEZEMBRO VERMELHO: M\u00caS DA LUTA CONTRA AIDS - Corpo em A\u00e7\u00e3o","isPartOf":{"@id":"https:\/\/corpoacao.com.br\/blog\/#website"},"primaryImageOfPage":{"@id":"https:\/\/corpoacao.com.br\/blog\/dezembro-vermelho-mes-da-luta-contra-aids\/#primaryimage"},"image":{"@id":"https:\/\/corpoacao.com.br\/blog\/dezembro-vermelho-mes-da-luta-contra-aids\/#primaryimage"},"thumbnailUrl":"https:\/\/corpoacao.com.br\/blog\/wp-content\/uploads\/2021\/12\/aids.jpg","datePublished":"2021-12-06T14:03:41+00:00","dateModified":"2021-12-06T14:04:38+00:00","breadcrumb":{"@id":"https:\/\/corpoacao.com.br\/blog\/dezembro-vermelho-mes-da-luta-contra-aids\/#breadcrumb"},"inLanguage":"pt-BR","potentialAction":[{"@type":"ReadAction","target":["https:\/\/corpoacao.com.br\/blog\/dezembro-vermelho-mes-da-luta-contra-aids\/"]}]},{"@type":"ImageObject","inLanguage":"pt-BR","@id":"https:\/\/corpoacao.com.br\/blog\/dezembro-vermelho-mes-da-luta-contra-aids\/#primaryimage","url":"https:\/\/corpoacao.com.br\/blog\/wp-content\/uploads\/2021\/12\/aids.jpg","contentUrl":"https:\/\/corpoacao.com.br\/blog\/wp-content\/uploads\/2021\/12\/aids.jpg","width":1280,"height":743},{"@type":"BreadcrumbList","@id":"https:\/\/corpoacao.com.br\/blog\/dezembro-vermelho-mes-da-luta-contra-aids\/#breadcrumb","itemListElement":[{"@type":"ListItem","position":1,"name":"Home","item":"https:\/\/corpoacao.com.br\/blog\/"},{"@type":"ListItem","position":2,"name":"DEZEMBRO VERMELHO: M\u00caS DA LUTA CONTRA AIDS"}]},{"@type":"WebSite","@id":"https:\/\/corpoacao.com.br\/blog\/#website","url":"https:\/\/corpoacao.com.br\/blog\/","name":"Corpo em A\u00e7\u00e3o","description":"Blog Ergonomia e qualidade de vida no ambiente de trabalho","publisher":{"@id":"https:\/\/corpoacao.com.br\/blog\/#organization"},"potentialAction":[{"@type":"SearchAction","target":{"@type":"EntryPoint","urlTemplate":"https:\/\/corpoacao.com.br\/blog\/?s={search_term_string}"},"query-input":{"@type":"PropertyValueSpecification","valueRequired":true,"valueName":"search_term_string"}}],"inLanguage":"pt-BR"},{"@type":"Organization","@id":"https:\/\/corpoacao.com.br\/blog\/#organization","name":"Corpo em A\u00e7\u00e3o","url":"https:\/\/corpoacao.com.br\/blog\/","logo":{"@type":"ImageObject","inLanguage":"pt-BR","@id":"https:\/\/corpoacao.com.br\/blog\/#\/schema\/logo\/image\/","url":"https:\/\/corpoacao.com.br\/blog\/wp-content\/uploads\/2023\/04\/ginastica-laboral.png","contentUrl":"https:\/\/corpoacao.com.br\/blog\/wp-content\/uploads\/2023\/04\/ginastica-laboral.png","width":185,"height":128,"caption":"Corpo em A\u00e7\u00e3o"},"image":{"@id":"https:\/\/corpoacao.com.br\/blog\/#\/schema\/logo\/image\/"},"sameAs":["https:\/\/www.facebook.com\/corpoemacao.poa\/","https:\/\/www.instagram.com\/corpoemacaopoa\/"]},{"@type":"Person","@id":"https:\/\/corpoacao.com.br\/blog\/#\/schema\/person\/8511fda2e04a521379dee132a34c889e","name":"Morgana Lovato Cantarelli","image":{"@type":"ImageObject","inLanguage":"pt-BR","@id":"https:\/\/secure.gravatar.com\/avatar\/7a246dbb5756847be4e8d937d3645cb75b1afbf687c106886d0b09172c1ee291?s=96&d=mm&r=g","url":"https:\/\/secure.gravatar.com\/avatar\/7a246dbb5756847be4e8d937d3645cb75b1afbf687c106886d0b09172c1ee291?s=96&d=mm&r=g","contentUrl":"https:\/\/secure.gravatar.com\/avatar\/7a246dbb5756847be4e8d937d3645cb75b1afbf687c106886d0b09172c1ee291?s=96&d=mm&r=g","caption":"Morgana Lovato Cantarelli"},"description":"Propriet\u00e1ria da Empresa Corpo em A\u00e7\u00e3o , educadora f\u00edsica formada no IPA (1991), especializada em pedagogia do treinamento desportivo, especializada em pilates, palestrante, professora de massoterapia e Estado do Rio Grande do Sul","url":"https:\/\/corpoacao.com.br\/blog\/author\/admin\/"}]}},"_links":{"self":[{"href":"https:\/\/corpoacao.com.br\/blog\/wp-json\/wp\/v2\/posts\/1299","targetHints":{"allow":["GET"]}}],"collection":[{"href":"https:\/\/corpoacao.com.br\/blog\/wp-json\/wp\/v2\/posts"}],"about":[{"href":"https:\/\/corpoacao.com.br\/blog\/wp-json\/wp\/v2\/types\/post"}],"author":[{"embeddable":true,"href":"https:\/\/corpoacao.com.br\/blog\/wp-json\/wp\/v2\/users\/1"}],"replies":[{"embeddable":true,"href":"https:\/\/corpoacao.com.br\/blog\/wp-json\/wp\/v2\/comments?post=1299"}],"version-history":[{"count":1,"href":"https:\/\/corpoacao.com.br\/blog\/wp-json\/wp\/v2\/posts\/1299\/revisions"}],"predecessor-version":[{"id":1301,"href":"https:\/\/corpoacao.com.br\/blog\/wp-json\/wp\/v2\/posts\/1299\/revisions\/1301"}],"wp:featuredmedia":[{"embeddable":true,"href":"https:\/\/corpoacao.com.br\/blog\/wp-json\/wp\/v2\/media\/1300"}],"wp:attachment":[{"href":"https:\/\/corpoacao.com.br\/blog\/wp-json\/wp\/v2\/media?parent=1299"}],"wp:term":[{"taxonomy":"category","embeddable":true,"href":"https:\/\/corpoacao.com.br\/blog\/wp-json\/wp\/v2\/categories?post=1299"},{"taxonomy":"post_tag","embeddable":true,"href":"https:\/\/corpoacao.com.br\/blog\/wp-json\/wp\/v2\/tags?post=1299"}],"curies":[{"name":"wp","href":"https:\/\/api.w.org\/{rel}","templated":true}]}}