{"id":1303,"date":"2021-12-12T10:55:16","date_gmt":"2021-12-12T13:55:16","guid":{"rendered":"https:\/\/www.corpoacao.com.br\/blog\/?p=1303"},"modified":"2021-12-12T11:06:17","modified_gmt":"2021-12-12T14:06:17","slug":"dezembro-laranja-a-importancia-da-prevencao-do-cancer-de-pele","status":"publish","type":"post","link":"https:\/\/corpoacao.com.br\/blog\/dezembro-laranja-a-importancia-da-prevencao-do-cancer-de-pele\/","title":{"rendered":"Dezembro Laranja: a import\u00e2ncia da preven\u00e7\u00e3o do c\u00e2ncer de pele."},"content":{"rendered":"\n<p>O m\u00eas de dezembro tamb\u00e9m \u00e9 de cor laranja. <br><br> A campanha organizada pela Sociedade Brasileira de dermatologia (SBD), para 2021: \u201cAdicione mais fator de prote\u00e7\u00e3o ao seu ver\u00e3o\u201d alerta para conjugar preven\u00e7\u00e3o ao coronavirus com cuidados para reduzir as chances de casos de c\u00e2ncer de pele.<br><br> Vamos juntos nessa?<\/p>\n\n\n\n<div class=\"wp-block-image\"><figure class=\"aligncenter is-resized\"><img fetchpriority=\"high\" decoding=\"async\" src=\"https:\/\/lh3.googleusercontent.com\/proxy\/8Pau2vgiC_srCZHxv44oA11US8gAcyUiVZQub1z-Z7Y4GolPCnPbSDud9kZuI9FmiX43ZBul50Qdp1Ek5cTog8DMuuPtq5EYjk8xFVuNo2XtzU7rZ_q1B6m6b97gXqlZNs3QeYKTikxNYa6LuIYklQo\" alt=\"pb]Dezembro Laranja quer conscientizar para preven\u00e7\u00e3o ao c\u00e2ncer de pele[:]  | ISC | Instituto de Sa\u00fade Coletiva da UFBA\" width=\"618\" height=\"303\"\/><\/figure><\/div>\n\n\n\n<p> <\/p>\n\n\n\n<p>A Sociedade Brasileira de Dermatologia (SBD), deixa claro que o atual momento pede que junto com o uso do \u00e1lcool gel, m\u00e1scara e distanciamento, os brasileiros cultivem as pr\u00e1ticas de fotoprote\u00e7\u00e3o. Com a queda nos indicadores de morbidade e de mortalidade relacionados \u00e0 covid-19, estima-se que neste ver\u00e3o as praias e os espa\u00e7os abertos voltar\u00e3o a ser ocupados com muito mais intensidade.<br>\n&nbsp;<br>\nNo entanto, a retomada da normalidade n\u00e3o deve ser feita sem aten\u00e7\u00e3o \u00e0s recomenda\u00e7\u00f5es das autoridades sanit\u00e1rias, ainda atentas \u00e0 possibilidade de aumento dos casos de contamina\u00e7\u00e3o pelo coronav\u00edrus. Al\u00e9m desse cuidado, afirmam, a popula\u00e7\u00e3o deve agregar \u00e0 sua rotina as medidas de preven\u00e7\u00e3o contra o c\u00e2ncer de pele.<br>\n&nbsp;<br>\nAssim, como afirma a mensagem central da campanha do Dezembro Laranja 2021: \u201cAdicione mais fator de prote\u00e7\u00e3o ao seu ver\u00e3o\u201d!<\/p>\n\n\n\n<p><strong>TUMORES<\/strong><br> &nbsp;De acordo com o Instituto Nacional do C\u00e2ncer (INCA), os n\u00fameros de c\u00e2ncer de pele no Brasil s\u00e3o preocupantes. A doen\u00e7a corresponde a 27% de todos os tumores malignos no pa\u00eds, sendo os carcinomas basocelular e espinocelular (n\u00e3o melanoma) respons\u00e1veis por cerca de 180 mil novos casos da doen\u00e7a por ano. J\u00e1 o c\u00e2ncer de pele melanoma tem em torno de 8,5 mil casos novos por per\u00edodo. A incid\u00eancia do c\u00e2ncer de pele \u00e9 maior do que os c\u00e2nceres de pr\u00f3stata, mama, c\u00f3lon e reto, pulm\u00e3o e est\u00f4mago.<\/p>\n\n\n\n<p><strong>DOEN\u00c7A<\/strong><br> O c\u00e2ncer de pele \u00e9 provocado pelo crescimento anormal das c\u00e9lulas que comp\u00f5em a pele. Existem diferentes tipos de c\u00e2ncer da pele que podem se manifestar de formas distintas, sendo os mais comuns denominados carcinoma basocelular e carcinoma espinocelular \u2013 chamados de c\u00e2ncer n\u00e3o melanoma \u2013 e que apresentam altos percentuais de cura se diagnosticados e tratados precocemente. <br> O carcinoma basocelular \u00e9 o c\u00e2ncer de pele mais frequente na popula\u00e7\u00e3o, correspondendo a cerca de 70% dos casos. Se manifestam por les\u00f5es elevadas peroladas, brilhantes ou escurecidas que crescem lentamente e sangram com facilidade. Por sua vez, o carcinoma espinocelular surge como o segundo tipo de c\u00e2ncer de pele de maior incid\u00eancia no ser humano. Ele equivale a mais ou menos 20% dos casos da doen\u00e7a. \u00c9 caracterizado por les\u00f5es verrucosas ou feridas que n\u00e3o cicatrizam depois de seis semanas. Podem causar dor e produzirem sangramentos.<\/p>\n\n\n\n<p><strong>DIAGN\u00d3STICO PRECOCE<\/strong><br> &nbsp;Em caso de surgimento de sinais e sintomas suspeitos, o m\u00e9dico dermatologista deve ser consultado para fazer o diagn\u00f3stico precoce do quadro. Se for constatada uma les\u00e3o cancerosa, ele orientar\u00e1 o in\u00edcio do tratamento. \u00c9 preciso prestar a aten\u00e7\u00e3o em pintas que crescem, manchas que aumentam, sinais que se modificam ou feridas que n\u00e3o cicatrizam pois podem revelar o c\u00e2ncer de pele. A rotina do autoexame facilita o reconhecimento dos casos.<\/p>\n\n\n\n<p><strong>COMO SE PROTEGER<\/strong><br> As dicas do Inca para proteger a pele s\u00e3o evitar exposi\u00e7\u00e3o prolongada ao sol entre 10h e 16h. Quando estiver no sol, usar bon\u00e9s ou chap\u00e9us, \u00f3culos escuros com prote\u00e7\u00e3o UV e sombrinhas. \u00c9 importante tamb\u00e9m passar protetor solar com fator de prote\u00e7\u00e3o 15, no m\u00ednimo, e reaplicar o produto a cada duas horas e sempre ap\u00f3s ter entrado na \u00e1gua. O uso de prote\u00e7\u00e3o \u00e9 necess\u00e1rio tamb\u00e9m em dias nublados.<br> \u201cComprovadamente, 65% do total dos c\u00e2nceres de pele s\u00e3o provocados pela radia\u00e7\u00e3o ultravioleta, principalmente a emitida pelo sol. Ent\u00e3o, apostamos muito na preven\u00e7\u00e3o. O ideal \u00e9 que as pessoas n\u00e3os se exponham ao sol. E o uso do protetor solar hoje \u00e9 fundamental\u201d, avaliou o m\u00e9dico Dolival Lob\u00e3o.<\/p>\n\n\n\n<p><br> Fonte: <br> https:\/\/www.gov.br\/pt-br\/noticias\/saude-e-vigilancia-sanitaria\/2019\/12\/campanha-dezembro-laranja-leva-informacoes-a-populacao-sobre-o-cancer-de-pele<br> https:\/\/www.sbd.org.br\/dezembroLaranja<\/p>\n","protected":false},"excerpt":{"rendered":"<p>O m\u00eas de dezembro tamb\u00e9m \u00e9 de cor laranja. A campanha organizada pela Sociedade Brasileira de dermatologia (SBD), para 2021: \u201cAdicione mais fator de prote\u00e7\u00e3o ao seu ver\u00e3o\u201d alerta para conjugar preven\u00e7\u00e3o ao coronavirus com cuidados para reduzir as chances de casos de c\u00e2ncer de pele. Vamos juntos nessa? A Sociedade Brasileira de Dermatologia (SBD), [&hellip;]<\/p>\n","protected":false},"author":1,"featured_media":0,"comment_status":"open","ping_status":"open","sticky":false,"template":"","format":"standard","meta":{"_joinchat":[],"footnotes":""},"categories":[1],"tags":[],"class_list":["post-1303","post","type-post","status-publish","format-standard","hentry","category-sem-categoria"],"yoast_head":"<!-- This site is optimized with the Yoast SEO Premium plugin v20.8 (Yoast SEO v27.4) - https:\/\/yoast.com\/product\/yoast-seo-premium-wordpress\/ -->\n<title>Dezembro Laranja: a import\u00e2ncia da preven\u00e7\u00e3o do c\u00e2ncer de pele. - Corpo em A\u00e7\u00e3o<\/title>\n<meta name=\"robots\" content=\"index, follow, max-snippet:-1, max-image-preview:large, max-video-preview:-1\" \/>\n<link rel=\"canonical\" href=\"https:\/\/corpoacao.com.br\/blog\/dezembro-laranja-a-importancia-da-prevencao-do-cancer-de-pele\/\" \/>\n<meta property=\"og:locale\" content=\"pt_BR\" \/>\n<meta property=\"og:type\" content=\"article\" \/>\n<meta property=\"og:title\" content=\"Dezembro Laranja: a import\u00e2ncia da preven\u00e7\u00e3o do c\u00e2ncer de pele.\" \/>\n<meta property=\"og:description\" content=\"O m\u00eas de dezembro tamb\u00e9m \u00e9 de cor laranja. A campanha organizada pela Sociedade Brasileira de dermatologia (SBD), para 2021: \u201cAdicione mais fator de prote\u00e7\u00e3o ao seu ver\u00e3o\u201d alerta para conjugar preven\u00e7\u00e3o ao coronavirus com cuidados para reduzir as chances de casos de c\u00e2ncer de pele. Vamos juntos nessa? A Sociedade Brasileira de Dermatologia (SBD), [&hellip;]\" \/>\n<meta property=\"og:url\" content=\"https:\/\/corpoacao.com.br\/blog\/dezembro-laranja-a-importancia-da-prevencao-do-cancer-de-pele\/\" \/>\n<meta property=\"og:site_name\" content=\"Corpo em A\u00e7\u00e3o\" \/>\n<meta property=\"article:publisher\" content=\"https:\/\/www.facebook.com\/corpoemacao.poa\/\" \/>\n<meta property=\"article:published_time\" content=\"2021-12-12T13:55:16+00:00\" \/>\n<meta property=\"article:modified_time\" content=\"2021-12-12T14:06:17+00:00\" \/>\n<meta property=\"og:image\" content=\"https:\/\/lh3.googleusercontent.com\/proxy\/8Pau2vgiC_srCZHxv44oA11US8gAcyUiVZQub1z-Z7Y4GolPCnPbSDud9kZuI9FmiX43ZBul50Qdp1Ek5cTog8DMuuPtq5EYjk8xFVuNo2XtzU7rZ_q1B6m6b97gXqlZNs3QeYKTikxNYa6LuIYklQo\" \/>\n<meta name=\"author\" content=\"Morgana Lovato Cantarelli\" \/>\n<meta name=\"twitter:card\" content=\"summary_large_image\" \/>\n<meta name=\"twitter:label1\" content=\"Escrito por\" \/>\n\t<meta name=\"twitter:data1\" content=\"Morgana Lovato Cantarelli\" \/>\n\t<meta name=\"twitter:label2\" content=\"Est. tempo de leitura\" \/>\n\t<meta name=\"twitter:data2\" content=\"3 minutos\" \/>\n<script type=\"application\/ld+json\" class=\"yoast-schema-graph\">{\"@context\":\"https:\\\/\\\/schema.org\",\"@graph\":[{\"@type\":\"Article\",\"@id\":\"https:\\\/\\\/corpoacao.com.br\\\/blog\\\/dezembro-laranja-a-importancia-da-prevencao-do-cancer-de-pele\\\/#article\",\"isPartOf\":{\"@id\":\"https:\\\/\\\/corpoacao.com.br\\\/blog\\\/dezembro-laranja-a-importancia-da-prevencao-do-cancer-de-pele\\\/\"},\"author\":{\"name\":\"Morgana Lovato Cantarelli\",\"@id\":\"https:\\\/\\\/corpoacao.com.br\\\/blog\\\/#\\\/schema\\\/person\\\/8511fda2e04a521379dee132a34c889e\"},\"headline\":\"Dezembro Laranja: a import\u00e2ncia da preven\u00e7\u00e3o do c\u00e2ncer de pele.\",\"datePublished\":\"2021-12-12T13:55:16+00:00\",\"dateModified\":\"2021-12-12T14:06:17+00:00\",\"mainEntityOfPage\":{\"@id\":\"https:\\\/\\\/corpoacao.com.br\\\/blog\\\/dezembro-laranja-a-importancia-da-prevencao-do-cancer-de-pele\\\/\"},\"wordCount\":703,\"commentCount\":0,\"publisher\":{\"@id\":\"https:\\\/\\\/corpoacao.com.br\\\/blog\\\/#organization\"},\"image\":{\"@id\":\"https:\\\/\\\/corpoacao.com.br\\\/blog\\\/dezembro-laranja-a-importancia-da-prevencao-do-cancer-de-pele\\\/#primaryimage\"},\"thumbnailUrl\":\"https:\\\/\\\/lh3.googleusercontent.com\\\/proxy\\\/8Pau2vgiC_srCZHxv44oA11US8gAcyUiVZQub1z-Z7Y4GolPCnPbSDud9kZuI9FmiX43ZBul50Qdp1Ek5cTog8DMuuPtq5EYjk8xFVuNo2XtzU7rZ_q1B6m6b97gXqlZNs3QeYKTikxNYa6LuIYklQo\",\"inLanguage\":\"pt-BR\",\"potentialAction\":[{\"@type\":\"CommentAction\",\"name\":\"Comment\",\"target\":[\"https:\\\/\\\/corpoacao.com.br\\\/blog\\\/dezembro-laranja-a-importancia-da-prevencao-do-cancer-de-pele\\\/#respond\"]}]},{\"@type\":\"WebPage\",\"@id\":\"https:\\\/\\\/corpoacao.com.br\\\/blog\\\/dezembro-laranja-a-importancia-da-prevencao-do-cancer-de-pele\\\/\",\"url\":\"https:\\\/\\\/corpoacao.com.br\\\/blog\\\/dezembro-laranja-a-importancia-da-prevencao-do-cancer-de-pele\\\/\",\"name\":\"Dezembro Laranja: a import\u00e2ncia da preven\u00e7\u00e3o do c\u00e2ncer de pele. - Corpo em A\u00e7\u00e3o\",\"isPartOf\":{\"@id\":\"https:\\\/\\\/corpoacao.com.br\\\/blog\\\/#website\"},\"primaryImageOfPage\":{\"@id\":\"https:\\\/\\\/corpoacao.com.br\\\/blog\\\/dezembro-laranja-a-importancia-da-prevencao-do-cancer-de-pele\\\/#primaryimage\"},\"image\":{\"@id\":\"https:\\\/\\\/corpoacao.com.br\\\/blog\\\/dezembro-laranja-a-importancia-da-prevencao-do-cancer-de-pele\\\/#primaryimage\"},\"thumbnailUrl\":\"https:\\\/\\\/lh3.googleusercontent.com\\\/proxy\\\/8Pau2vgiC_srCZHxv44oA11US8gAcyUiVZQub1z-Z7Y4GolPCnPbSDud9kZuI9FmiX43ZBul50Qdp1Ek5cTog8DMuuPtq5EYjk8xFVuNo2XtzU7rZ_q1B6m6b97gXqlZNs3QeYKTikxNYa6LuIYklQo\",\"datePublished\":\"2021-12-12T13:55:16+00:00\",\"dateModified\":\"2021-12-12T14:06:17+00:00\",\"breadcrumb\":{\"@id\":\"https:\\\/\\\/corpoacao.com.br\\\/blog\\\/dezembro-laranja-a-importancia-da-prevencao-do-cancer-de-pele\\\/#breadcrumb\"},\"inLanguage\":\"pt-BR\",\"potentialAction\":[{\"@type\":\"ReadAction\",\"target\":[\"https:\\\/\\\/corpoacao.com.br\\\/blog\\\/dezembro-laranja-a-importancia-da-prevencao-do-cancer-de-pele\\\/\"]}]},{\"@type\":\"ImageObject\",\"inLanguage\":\"pt-BR\",\"@id\":\"https:\\\/\\\/corpoacao.com.br\\\/blog\\\/dezembro-laranja-a-importancia-da-prevencao-do-cancer-de-pele\\\/#primaryimage\",\"url\":\"https:\\\/\\\/lh3.googleusercontent.com\\\/proxy\\\/8Pau2vgiC_srCZHxv44oA11US8gAcyUiVZQub1z-Z7Y4GolPCnPbSDud9kZuI9FmiX43ZBul50Qdp1Ek5cTog8DMuuPtq5EYjk8xFVuNo2XtzU7rZ_q1B6m6b97gXqlZNs3QeYKTikxNYa6LuIYklQo\",\"contentUrl\":\"https:\\\/\\\/lh3.googleusercontent.com\\\/proxy\\\/8Pau2vgiC_srCZHxv44oA11US8gAcyUiVZQub1z-Z7Y4GolPCnPbSDud9kZuI9FmiX43ZBul50Qdp1Ek5cTog8DMuuPtq5EYjk8xFVuNo2XtzU7rZ_q1B6m6b97gXqlZNs3QeYKTikxNYa6LuIYklQo\"},{\"@type\":\"BreadcrumbList\",\"@id\":\"https:\\\/\\\/corpoacao.com.br\\\/blog\\\/dezembro-laranja-a-importancia-da-prevencao-do-cancer-de-pele\\\/#breadcrumb\",\"itemListElement\":[{\"@type\":\"ListItem\",\"position\":1,\"name\":\"Home\",\"item\":\"https:\\\/\\\/corpoacao.com.br\\\/blog\\\/\"},{\"@type\":\"ListItem\",\"position\":2,\"name\":\"Dezembro Laranja: a import\u00e2ncia da preven\u00e7\u00e3o do c\u00e2ncer de pele.\"}]},{\"@type\":\"WebSite\",\"@id\":\"https:\\\/\\\/corpoacao.com.br\\\/blog\\\/#website\",\"url\":\"https:\\\/\\\/corpoacao.com.br\\\/blog\\\/\",\"name\":\"Corpo em A\u00e7\u00e3o\",\"description\":\"Blog Ergonomia e qualidade de vida no ambiente de trabalho\",\"publisher\":{\"@id\":\"https:\\\/\\\/corpoacao.com.br\\\/blog\\\/#organization\"},\"potentialAction\":[{\"@type\":\"SearchAction\",\"target\":{\"@type\":\"EntryPoint\",\"urlTemplate\":\"https:\\\/\\\/corpoacao.com.br\\\/blog\\\/?s={search_term_string}\"},\"query-input\":{\"@type\":\"PropertyValueSpecification\",\"valueRequired\":true,\"valueName\":\"search_term_string\"}}],\"inLanguage\":\"pt-BR\"},{\"@type\":\"Organization\",\"@id\":\"https:\\\/\\\/corpoacao.com.br\\\/blog\\\/#organization\",\"name\":\"Corpo em A\u00e7\u00e3o\",\"url\":\"https:\\\/\\\/corpoacao.com.br\\\/blog\\\/\",\"logo\":{\"@type\":\"ImageObject\",\"inLanguage\":\"pt-BR\",\"@id\":\"https:\\\/\\\/corpoacao.com.br\\\/blog\\\/#\\\/schema\\\/logo\\\/image\\\/\",\"url\":\"https:\\\/\\\/corpoacao.com.br\\\/blog\\\/wp-content\\\/uploads\\\/2023\\\/04\\\/ginastica-laboral.png\",\"contentUrl\":\"https:\\\/\\\/corpoacao.com.br\\\/blog\\\/wp-content\\\/uploads\\\/2023\\\/04\\\/ginastica-laboral.png\",\"width\":185,\"height\":128,\"caption\":\"Corpo em A\u00e7\u00e3o\"},\"image\":{\"@id\":\"https:\\\/\\\/corpoacao.com.br\\\/blog\\\/#\\\/schema\\\/logo\\\/image\\\/\"},\"sameAs\":[\"https:\\\/\\\/www.facebook.com\\\/corpoemacao.poa\\\/\",\"https:\\\/\\\/www.instagram.com\\\/corpoemacaopoa\\\/\"]},{\"@type\":\"Person\",\"@id\":\"https:\\\/\\\/corpoacao.com.br\\\/blog\\\/#\\\/schema\\\/person\\\/8511fda2e04a521379dee132a34c889e\",\"name\":\"Morgana Lovato Cantarelli\",\"image\":{\"@type\":\"ImageObject\",\"inLanguage\":\"pt-BR\",\"@id\":\"https:\\\/\\\/secure.gravatar.com\\\/avatar\\\/7a246dbb5756847be4e8d937d3645cb75b1afbf687c106886d0b09172c1ee291?s=96&d=mm&r=g\",\"url\":\"https:\\\/\\\/secure.gravatar.com\\\/avatar\\\/7a246dbb5756847be4e8d937d3645cb75b1afbf687c106886d0b09172c1ee291?s=96&d=mm&r=g\",\"contentUrl\":\"https:\\\/\\\/secure.gravatar.com\\\/avatar\\\/7a246dbb5756847be4e8d937d3645cb75b1afbf687c106886d0b09172c1ee291?s=96&d=mm&r=g\",\"caption\":\"Morgana Lovato Cantarelli\"},\"description\":\"Propriet\u00e1ria da Empresa Corpo em A\u00e7\u00e3o , educadora f\u00edsica formada no IPA (1991), especializada em pedagogia do treinamento desportivo, especializada em pilates, palestrante, professora de massoterapia e Estado do Rio Grande do Sul\",\"url\":\"https:\\\/\\\/corpoacao.com.br\\\/blog\\\/author\\\/admin\\\/\"}]}<\/script>\n<!-- \/ Yoast SEO Premium plugin. -->","yoast_head_json":{"title":"Dezembro Laranja: a import\u00e2ncia da preven\u00e7\u00e3o do c\u00e2ncer de pele. - Corpo em A\u00e7\u00e3o","robots":{"index":"index","follow":"follow","max-snippet":"max-snippet:-1","max-image-preview":"max-image-preview:large","max-video-preview":"max-video-preview:-1"},"canonical":"https:\/\/corpoacao.com.br\/blog\/dezembro-laranja-a-importancia-da-prevencao-do-cancer-de-pele\/","og_locale":"pt_BR","og_type":"article","og_title":"Dezembro Laranja: a import\u00e2ncia da preven\u00e7\u00e3o do c\u00e2ncer de pele.","og_description":"O m\u00eas de dezembro tamb\u00e9m \u00e9 de cor laranja. A campanha organizada pela Sociedade Brasileira de dermatologia (SBD), para 2021: \u201cAdicione mais fator de prote\u00e7\u00e3o ao seu ver\u00e3o\u201d alerta para conjugar preven\u00e7\u00e3o ao coronavirus com cuidados para reduzir as chances de casos de c\u00e2ncer de pele. Vamos juntos nessa? A Sociedade Brasileira de Dermatologia (SBD), [&hellip;]","og_url":"https:\/\/corpoacao.com.br\/blog\/dezembro-laranja-a-importancia-da-prevencao-do-cancer-de-pele\/","og_site_name":"Corpo em A\u00e7\u00e3o","article_publisher":"https:\/\/www.facebook.com\/corpoemacao.poa\/","article_published_time":"2021-12-12T13:55:16+00:00","article_modified_time":"2021-12-12T14:06:17+00:00","og_image":[{"url":"https:\/\/lh3.googleusercontent.com\/proxy\/8Pau2vgiC_srCZHxv44oA11US8gAcyUiVZQub1z-Z7Y4GolPCnPbSDud9kZuI9FmiX43ZBul50Qdp1Ek5cTog8DMuuPtq5EYjk8xFVuNo2XtzU7rZ_q1B6m6b97gXqlZNs3QeYKTikxNYa6LuIYklQo","type":"","width":"","height":""}],"author":"Morgana Lovato Cantarelli","twitter_card":"summary_large_image","twitter_misc":{"Escrito por":"Morgana Lovato Cantarelli","Est. tempo de leitura":"3 minutos"},"schema":{"@context":"https:\/\/schema.org","@graph":[{"@type":"Article","@id":"https:\/\/corpoacao.com.br\/blog\/dezembro-laranja-a-importancia-da-prevencao-do-cancer-de-pele\/#article","isPartOf":{"@id":"https:\/\/corpoacao.com.br\/blog\/dezembro-laranja-a-importancia-da-prevencao-do-cancer-de-pele\/"},"author":{"name":"Morgana Lovato Cantarelli","@id":"https:\/\/corpoacao.com.br\/blog\/#\/schema\/person\/8511fda2e04a521379dee132a34c889e"},"headline":"Dezembro Laranja: a import\u00e2ncia da preven\u00e7\u00e3o do c\u00e2ncer de pele.","datePublished":"2021-12-12T13:55:16+00:00","dateModified":"2021-12-12T14:06:17+00:00","mainEntityOfPage":{"@id":"https:\/\/corpoacao.com.br\/blog\/dezembro-laranja-a-importancia-da-prevencao-do-cancer-de-pele\/"},"wordCount":703,"commentCount":0,"publisher":{"@id":"https:\/\/corpoacao.com.br\/blog\/#organization"},"image":{"@id":"https:\/\/corpoacao.com.br\/blog\/dezembro-laranja-a-importancia-da-prevencao-do-cancer-de-pele\/#primaryimage"},"thumbnailUrl":"https:\/\/lh3.googleusercontent.com\/proxy\/8Pau2vgiC_srCZHxv44oA11US8gAcyUiVZQub1z-Z7Y4GolPCnPbSDud9kZuI9FmiX43ZBul50Qdp1Ek5cTog8DMuuPtq5EYjk8xFVuNo2XtzU7rZ_q1B6m6b97gXqlZNs3QeYKTikxNYa6LuIYklQo","inLanguage":"pt-BR","potentialAction":[{"@type":"CommentAction","name":"Comment","target":["https:\/\/corpoacao.com.br\/blog\/dezembro-laranja-a-importancia-da-prevencao-do-cancer-de-pele\/#respond"]}]},{"@type":"WebPage","@id":"https:\/\/corpoacao.com.br\/blog\/dezembro-laranja-a-importancia-da-prevencao-do-cancer-de-pele\/","url":"https:\/\/corpoacao.com.br\/blog\/dezembro-laranja-a-importancia-da-prevencao-do-cancer-de-pele\/","name":"Dezembro Laranja: a import\u00e2ncia da preven\u00e7\u00e3o do c\u00e2ncer de pele. - Corpo em A\u00e7\u00e3o","isPartOf":{"@id":"https:\/\/corpoacao.com.br\/blog\/#website"},"primaryImageOfPage":{"@id":"https:\/\/corpoacao.com.br\/blog\/dezembro-laranja-a-importancia-da-prevencao-do-cancer-de-pele\/#primaryimage"},"image":{"@id":"https:\/\/corpoacao.com.br\/blog\/dezembro-laranja-a-importancia-da-prevencao-do-cancer-de-pele\/#primaryimage"},"thumbnailUrl":"https:\/\/lh3.googleusercontent.com\/proxy\/8Pau2vgiC_srCZHxv44oA11US8gAcyUiVZQub1z-Z7Y4GolPCnPbSDud9kZuI9FmiX43ZBul50Qdp1Ek5cTog8DMuuPtq5EYjk8xFVuNo2XtzU7rZ_q1B6m6b97gXqlZNs3QeYKTikxNYa6LuIYklQo","datePublished":"2021-12-12T13:55:16+00:00","dateModified":"2021-12-12T14:06:17+00:00","breadcrumb":{"@id":"https:\/\/corpoacao.com.br\/blog\/dezembro-laranja-a-importancia-da-prevencao-do-cancer-de-pele\/#breadcrumb"},"inLanguage":"pt-BR","potentialAction":[{"@type":"ReadAction","target":["https:\/\/corpoacao.com.br\/blog\/dezembro-laranja-a-importancia-da-prevencao-do-cancer-de-pele\/"]}]},{"@type":"ImageObject","inLanguage":"pt-BR","@id":"https:\/\/corpoacao.com.br\/blog\/dezembro-laranja-a-importancia-da-prevencao-do-cancer-de-pele\/#primaryimage","url":"https:\/\/lh3.googleusercontent.com\/proxy\/8Pau2vgiC_srCZHxv44oA11US8gAcyUiVZQub1z-Z7Y4GolPCnPbSDud9kZuI9FmiX43ZBul50Qdp1Ek5cTog8DMuuPtq5EYjk8xFVuNo2XtzU7rZ_q1B6m6b97gXqlZNs3QeYKTikxNYa6LuIYklQo","contentUrl":"https:\/\/lh3.googleusercontent.com\/proxy\/8Pau2vgiC_srCZHxv44oA11US8gAcyUiVZQub1z-Z7Y4GolPCnPbSDud9kZuI9FmiX43ZBul50Qdp1Ek5cTog8DMuuPtq5EYjk8xFVuNo2XtzU7rZ_q1B6m6b97gXqlZNs3QeYKTikxNYa6LuIYklQo"},{"@type":"BreadcrumbList","@id":"https:\/\/corpoacao.com.br\/blog\/dezembro-laranja-a-importancia-da-prevencao-do-cancer-de-pele\/#breadcrumb","itemListElement":[{"@type":"ListItem","position":1,"name":"Home","item":"https:\/\/corpoacao.com.br\/blog\/"},{"@type":"ListItem","position":2,"name":"Dezembro Laranja: a import\u00e2ncia da preven\u00e7\u00e3o do c\u00e2ncer de pele."}]},{"@type":"WebSite","@id":"https:\/\/corpoacao.com.br\/blog\/#website","url":"https:\/\/corpoacao.com.br\/blog\/","name":"Corpo em A\u00e7\u00e3o","description":"Blog Ergonomia e qualidade de vida no ambiente de trabalho","publisher":{"@id":"https:\/\/corpoacao.com.br\/blog\/#organization"},"potentialAction":[{"@type":"SearchAction","target":{"@type":"EntryPoint","urlTemplate":"https:\/\/corpoacao.com.br\/blog\/?s={search_term_string}"},"query-input":{"@type":"PropertyValueSpecification","valueRequired":true,"valueName":"search_term_string"}}],"inLanguage":"pt-BR"},{"@type":"Organization","@id":"https:\/\/corpoacao.com.br\/blog\/#organization","name":"Corpo em A\u00e7\u00e3o","url":"https:\/\/corpoacao.com.br\/blog\/","logo":{"@type":"ImageObject","inLanguage":"pt-BR","@id":"https:\/\/corpoacao.com.br\/blog\/#\/schema\/logo\/image\/","url":"https:\/\/corpoacao.com.br\/blog\/wp-content\/uploads\/2023\/04\/ginastica-laboral.png","contentUrl":"https:\/\/corpoacao.com.br\/blog\/wp-content\/uploads\/2023\/04\/ginastica-laboral.png","width":185,"height":128,"caption":"Corpo em A\u00e7\u00e3o"},"image":{"@id":"https:\/\/corpoacao.com.br\/blog\/#\/schema\/logo\/image\/"},"sameAs":["https:\/\/www.facebook.com\/corpoemacao.poa\/","https:\/\/www.instagram.com\/corpoemacaopoa\/"]},{"@type":"Person","@id":"https:\/\/corpoacao.com.br\/blog\/#\/schema\/person\/8511fda2e04a521379dee132a34c889e","name":"Morgana Lovato Cantarelli","image":{"@type":"ImageObject","inLanguage":"pt-BR","@id":"https:\/\/secure.gravatar.com\/avatar\/7a246dbb5756847be4e8d937d3645cb75b1afbf687c106886d0b09172c1ee291?s=96&d=mm&r=g","url":"https:\/\/secure.gravatar.com\/avatar\/7a246dbb5756847be4e8d937d3645cb75b1afbf687c106886d0b09172c1ee291?s=96&d=mm&r=g","contentUrl":"https:\/\/secure.gravatar.com\/avatar\/7a246dbb5756847be4e8d937d3645cb75b1afbf687c106886d0b09172c1ee291?s=96&d=mm&r=g","caption":"Morgana Lovato Cantarelli"},"description":"Propriet\u00e1ria da Empresa Corpo em A\u00e7\u00e3o , educadora f\u00edsica formada no IPA (1991), especializada em pedagogia do treinamento desportivo, especializada em pilates, palestrante, professora de massoterapia e Estado do Rio Grande do Sul","url":"https:\/\/corpoacao.com.br\/blog\/author\/admin\/"}]}},"_links":{"self":[{"href":"https:\/\/corpoacao.com.br\/blog\/wp-json\/wp\/v2\/posts\/1303","targetHints":{"allow":["GET"]}}],"collection":[{"href":"https:\/\/corpoacao.com.br\/blog\/wp-json\/wp\/v2\/posts"}],"about":[{"href":"https:\/\/corpoacao.com.br\/blog\/wp-json\/wp\/v2\/types\/post"}],"author":[{"embeddable":true,"href":"https:\/\/corpoacao.com.br\/blog\/wp-json\/wp\/v2\/users\/1"}],"replies":[{"embeddable":true,"href":"https:\/\/corpoacao.com.br\/blog\/wp-json\/wp\/v2\/comments?post=1303"}],"version-history":[{"count":2,"href":"https:\/\/corpoacao.com.br\/blog\/wp-json\/wp\/v2\/posts\/1303\/revisions"}],"predecessor-version":[{"id":1305,"href":"https:\/\/corpoacao.com.br\/blog\/wp-json\/wp\/v2\/posts\/1303\/revisions\/1305"}],"wp:attachment":[{"href":"https:\/\/corpoacao.com.br\/blog\/wp-json\/wp\/v2\/media?parent=1303"}],"wp:term":[{"taxonomy":"category","embeddable":true,"href":"https:\/\/corpoacao.com.br\/blog\/wp-json\/wp\/v2\/categories?post=1303"},{"taxonomy":"post_tag","embeddable":true,"href":"https:\/\/corpoacao.com.br\/blog\/wp-json\/wp\/v2\/tags?post=1303"}],"curies":[{"name":"wp","href":"https:\/\/api.w.org\/{rel}","templated":true}]}}