{"id":1307,"date":"2021-12-20T08:47:36","date_gmt":"2021-12-20T11:47:36","guid":{"rendered":"https:\/\/www.corpoacao.com.br\/blog\/?p=1307"},"modified":"2021-12-20T08:57:07","modified_gmt":"2021-12-20T11:57:07","slug":"transtornos-alimentares","status":"publish","type":"post","link":"https:\/\/corpoacao.com.br\/blog\/transtornos-alimentares\/","title":{"rendered":"Transtornos Alimentares"},"content":{"rendered":"\n<p>Voc\u00eas sabem o que significa Transtornos Alimentares? Segundo a Organiza\u00e7\u00e3o Mundial de Sa\u00fade (OMS), os transtornos alimentares s\u00e3o um conjunto de doen\u00e7as psiqui\u00e1tricas de origem gen\u00e9tica, heredit\u00e1ria, psicol\u00f3gicas e\/ou sociais, caracterizados por perturba\u00e7\u00e3o persistente na alimenta\u00e7\u00e3o. Cnsiderando suas caracter\u00edsticas, eles podem ter sido agravados no per\u00edodo de isolamento social, em decorr\u00eancia da Pandemia.<\/p>\n\n\n\n<figure class=\"wp-block-image\"><img fetchpriority=\"high\" decoding=\"async\" width=\"1024\" height=\"427\" src=\"https:\/\/corpoacao.com.br\/blog\/wp-content\/uploads\/2021\/12\/transtornos-alimentres-1024x427.png\" alt=\"\" class=\"wp-image-1309\" srcset=\"https:\/\/corpoacao.com.br\/blog\/wp-content\/uploads\/2021\/12\/transtornos-alimentres-1024x427.png 1024w, https:\/\/corpoacao.com.br\/blog\/wp-content\/uploads\/2021\/12\/transtornos-alimentres-300x125.png 300w, https:\/\/corpoacao.com.br\/blog\/wp-content\/uploads\/2021\/12\/transtornos-alimentres-768x320.png 768w, https:\/\/corpoacao.com.br\/blog\/wp-content\/uploads\/2021\/12\/transtornos-alimentres.png 1200w\" sizes=\"(max-width: 1024px) 100vw, 1024px\" \/><\/figure>\n\n\n\n<p>No Brasil, segundo dados da pr\u00f3pria OMS, 4,7 da popula\u00e7\u00e3o sofre de transtorno de compuls\u00e3o alimentar (TCA). Esse n\u00famero \u00e9 quase duas vezes maior que a m\u00e9dia mundial, que gira em torno de 2,6 da popula\u00e7\u00e3o. No pa\u00eds, a incid\u00eancia maior \u00e9 em jovens mulheres de 14 a 18 anos.<\/p>\n\n\n\n<p>Todo ser humano tem alguma prefer\u00eancia alimentar, algum alimento salgado ou algum doce de sua prefer\u00eancia que possa, eventualmente, comer mais do que o normal. Mas quando falamos de um comprometimento persistente do comportamento do indiv\u00edduo com o alimento e com o pr\u00f3prio corpo, isto \u00e9 algo que precisa receber maior aten\u00e7\u00e3o. <\/p>\n\n\n\n<p>\u201cEm geral, os transtornos alimentares (TA) s\u00e3o vistos como patologias que acometem os planos ps\u00edquico e som\u00e1tico. As altera\u00e7\u00f5es do comportamento alimentar podem ter forte impacto sobre a sa\u00fade geral dos indiv\u00edduos, manifestando-se por meio dos estados de peso extremo nas patologias, como caquexia e obesidade m\u00f3rbida\u201d (CLAUDINO; ZANELLA, 2005). <\/p>\n\n\n\n<p>De acordo com o Manual Diagn\u00f3stico e Estat\u00edstico dos Transtornos Mentais (2014), fazem parte do grupo de TA: a Pica, o Transtorno de Rumina\u00e7\u00e3o, o Transtorno Alimentar Restritivo\/Evitativo, a Anorexia Nervosa, a Bulimia Nervosa e o Transtorno de Compuls\u00e3o Alimentar<\/p>\n\n\n\n<p>\u201cOs TAs afetam, na sua maioria, adolescentes e adultos jovens do sexo feminino, que podem levar grandes preju\u00edzos como aumento da morbidade e mortalidade\u201d (PHILIPPI, 2011). De acordo com a psiquiatra Camila Coutinho, os homens tamb\u00e9m sofrem destes transtornos, mas devido a press\u00e3o social est\u00e9tica ter um impacto maior sobre as mulheres, elas s\u00e3o mais acometidas pela patologia.<\/p>\n\n\n\n<p>\u201cNa perspectiva biol\u00f3gica, o conceito de alimenta\u00e7\u00e3o saud\u00e1vel se refere a ingest\u00e3o de alimentos com a quantidade e a qualidade adequadas, com a diversidade e equil\u00edbrio, de modo a promover adequado funcionamento do organismo, a manuten\u00e7\u00e3o e promo\u00e7\u00e3o da sa\u00fade\u201d. (PHILIPPI, 2011)<\/p>\n\n\n\n<p>\u201cEm humanos, o comportamento de ingest\u00e3o de alimentos \u00e9 organizado em refei\u00e7\u00f5es distintas, separadas por intervalos de n\u00e3o-ingest\u00e3o de alimentos. Os fatores internos que determinam os per\u00edodos de alimenta\u00e7\u00e3o e n\u00e3o-alimenta\u00e7\u00e3o s\u00e3o experi\u00eancias psicol\u00f3gicas de fome e saciedade\u201d (CLAUDINO; ZANELLA, 2005). Quando um indiv\u00edduo possui algum TA, ele fica unicamente com os pensamentos direcionado para a comida. Pensamentos de restri\u00e7\u00e3o alimentar para evitar comportamentos compulsivos ou de elimina\u00e7\u00e3o dos alimentos ingeridos. S\u00e3o atitudes e pensamentos que geram muito sofrimento. <\/p>\n\n\n\n<p>O indiv\u00edduo com patologia associada, t\u00eam vergonha de comer na frente das pessoas queridas, sensa\u00e7\u00f5es de culpa ap\u00f3s alimenta\u00e7\u00e3o e geralmente tem o gatilho disparado ao comer um peda\u00e7o de pizza ou um brigadeiro.<\/p>\n\n\n\n<p>\u201cN\u00e3o existe uma causa espec\u00edfica respons\u00e1vel pelo TA. Acredita-se que o modelo multifatorial contribua para o aparecimento, com participa\u00e7\u00e3o de fatores biol\u00f3gicos, gen\u00e9tico, psicol\u00f3gicos, socioculturais e familiares\u201d. (Jacobi et al., 2004) <\/p>\n\n\n\n<p>Na maior parte das pessoas com TAs, percebe-se determinados tra\u00e7os de personalidade em comum: baixa-auto-estima, sentimentos de desesperan\u00e7a, medo, negativismo, perfeccionismo, entre outros. A qualidade f\u00edsica e ps\u00edquica do indiv\u00edduo fica comprometida, assim como a qualidade ps\u00edquica de seus familiares ao perceberem mudan\u00e7as de comportamento como isolamento social e ingest\u00e3o inadequada de rem\u00e9dios e ch\u00e1s.<\/p>\n\n\n\n<p><strong>\u201cOs exerc\u00edcios podem atuar como um componente do tratamento de recupera\u00e7\u00e3o no intuito de reduzir ansiedade, elevar o humor e ajudar na alimenta\u00e7\u00e3o de pacientes com TAs. Os programas de exerc\u00edcios f\u00edsicos para esses pacientes devem ter como objetivos: promover a sa\u00fade por meio da educa\u00e7\u00e3o, imagem corporal, autoestima; tamb\u00e9m colaborar com a recupera\u00e7\u00e3o do peso, ser uma boa alternativa de atividades sociais, desmistifica\u00e7\u00e3o de cren\u00e7as e mitos referente a pr\u00e1tica inadequada dos exerc\u00edcios f\u00edsicos \u201d. (BEUMONT, 1994)<\/strong><\/p>\n\n\n\n<p>Como aconselhamento, boas estrat\u00e9gias s\u00e3o: \u201cdiscutir as verdades e mitos relacionados aos exerc\u00edcios f\u00edsicos, ambiente cultural, promover a reflex\u00e3o sobre os padr\u00f5es de beleza, estabelecer metas realistas e progressivas; procurar solu\u00e7\u00f5es; oferecer suporte social: discutir a import\u00e2ncia das atividades f\u00edsicas, buscar o apoio familiar, trabalhar na preven\u00e7\u00e3o; estimular a auto efic\u00e1cia e ensinar boas estrat\u00e9gias. (PHILIPPI,2011)<\/p>\n\n\n\n<p>De acordo com a psiquiatra Camila Coutinho, quanto antes foi realizado diagn\u00f3stico e quanto mais profissionais forem envolvidos nesta equipe multidisciplinar, melhores ser\u00e3o os resultados deste tratamento que necessita da presen\u00e7a do psiquiatra, psic\u00f3logo, nutricionista, profissional de educa\u00e7\u00e3o f\u00edsica, enfermeiro, endocrinologista, fisioterapeuta, clinico geral, ginecologista, gastroenterologista.<\/p>\n","protected":false},"excerpt":{"rendered":"<p>Voc\u00eas sabem o que significa Transtornos Alimentares? Segundo a Organiza\u00e7\u00e3o Mundial de Sa\u00fade (OMS), os transtornos alimentares s\u00e3o um conjunto de doen\u00e7as psiqui\u00e1tricas de origem gen\u00e9tica, heredit\u00e1ria, psicol\u00f3gicas e\/ou sociais, caracterizados por perturba\u00e7\u00e3o persistente na alimenta\u00e7\u00e3o. Cnsiderando suas caracter\u00edsticas, eles podem ter sido agravados no per\u00edodo de isolamento social, em decorr\u00eancia da Pandemia. No Brasil, [&hellip;]<\/p>\n","protected":false},"author":1,"featured_media":1309,"comment_status":"open","ping_status":"open","sticky":false,"template":"","format":"standard","meta":{"_joinchat":[],"footnotes":""},"categories":[1],"tags":[],"class_list":["post-1307","post","type-post","status-publish","format-standard","has-post-thumbnail","hentry","category-sem-categoria"],"yoast_head":"<!-- This site is optimized with the Yoast SEO Premium plugin v20.8 (Yoast SEO v27.4) - https:\/\/yoast.com\/product\/yoast-seo-premium-wordpress\/ -->\n<title>Transtornos Alimentares - Corpo em A\u00e7\u00e3o<\/title>\n<meta name=\"robots\" content=\"index, follow, max-snippet:-1, max-image-preview:large, max-video-preview:-1\" \/>\n<link rel=\"canonical\" href=\"https:\/\/corpoacao.com.br\/blog\/transtornos-alimentares\/\" \/>\n<meta property=\"og:locale\" content=\"pt_BR\" \/>\n<meta property=\"og:type\" content=\"article\" \/>\n<meta property=\"og:title\" content=\"Transtornos Alimentares\" \/>\n<meta property=\"og:description\" content=\"Voc\u00eas sabem o que significa Transtornos Alimentares? Segundo a Organiza\u00e7\u00e3o Mundial de Sa\u00fade (OMS), os transtornos alimentares s\u00e3o um conjunto de doen\u00e7as psiqui\u00e1tricas de origem gen\u00e9tica, heredit\u00e1ria, psicol\u00f3gicas e\/ou sociais, caracterizados por perturba\u00e7\u00e3o persistente na alimenta\u00e7\u00e3o. Cnsiderando suas caracter\u00edsticas, eles podem ter sido agravados no per\u00edodo de isolamento social, em decorr\u00eancia da Pandemia. No Brasil, [&hellip;]\" \/>\n<meta property=\"og:url\" content=\"https:\/\/corpoacao.com.br\/blog\/transtornos-alimentares\/\" \/>\n<meta property=\"og:site_name\" content=\"Corpo em A\u00e7\u00e3o\" \/>\n<meta property=\"article:publisher\" content=\"https:\/\/www.facebook.com\/corpoemacao.poa\/\" \/>\n<meta property=\"article:published_time\" content=\"2021-12-20T11:47:36+00:00\" \/>\n<meta property=\"article:modified_time\" content=\"2021-12-20T11:57:07+00:00\" \/>\n<meta property=\"og:image\" content=\"https:\/\/corpoacao.com.br\/blog\/wp-content\/uploads\/2021\/12\/transtornos-alimentres.png\" \/>\n\t<meta property=\"og:image:width\" content=\"1200\" \/>\n\t<meta property=\"og:image:height\" content=\"500\" \/>\n\t<meta property=\"og:image:type\" content=\"image\/png\" \/>\n<meta name=\"author\" content=\"Morgana Lovato Cantarelli\" \/>\n<meta name=\"twitter:card\" content=\"summary_large_image\" \/>\n<meta name=\"twitter:label1\" content=\"Escrito por\" \/>\n\t<meta name=\"twitter:data1\" content=\"Morgana Lovato Cantarelli\" \/>\n\t<meta name=\"twitter:label2\" content=\"Est. tempo de leitura\" \/>\n\t<meta name=\"twitter:data2\" content=\"4 minutos\" \/>\n<script type=\"application\/ld+json\" class=\"yoast-schema-graph\">{\"@context\":\"https:\\\/\\\/schema.org\",\"@graph\":[{\"@type\":\"Article\",\"@id\":\"https:\\\/\\\/corpoacao.com.br\\\/blog\\\/transtornos-alimentares\\\/#article\",\"isPartOf\":{\"@id\":\"https:\\\/\\\/corpoacao.com.br\\\/blog\\\/transtornos-alimentares\\\/\"},\"author\":{\"name\":\"Morgana Lovato Cantarelli\",\"@id\":\"https:\\\/\\\/corpoacao.com.br\\\/blog\\\/#\\\/schema\\\/person\\\/8511fda2e04a521379dee132a34c889e\"},\"headline\":\"Transtornos Alimentares\",\"datePublished\":\"2021-12-20T11:47:36+00:00\",\"dateModified\":\"2021-12-20T11:57:07+00:00\",\"mainEntityOfPage\":{\"@id\":\"https:\\\/\\\/corpoacao.com.br\\\/blog\\\/transtornos-alimentares\\\/\"},\"wordCount\":833,\"commentCount\":0,\"publisher\":{\"@id\":\"https:\\\/\\\/corpoacao.com.br\\\/blog\\\/#organization\"},\"image\":{\"@id\":\"https:\\\/\\\/corpoacao.com.br\\\/blog\\\/transtornos-alimentares\\\/#primaryimage\"},\"thumbnailUrl\":\"https:\\\/\\\/corpoacao.com.br\\\/blog\\\/wp-content\\\/uploads\\\/2021\\\/12\\\/transtornos-alimentres.png\",\"inLanguage\":\"pt-BR\",\"potentialAction\":[{\"@type\":\"CommentAction\",\"name\":\"Comment\",\"target\":[\"https:\\\/\\\/corpoacao.com.br\\\/blog\\\/transtornos-alimentares\\\/#respond\"]}]},{\"@type\":\"WebPage\",\"@id\":\"https:\\\/\\\/corpoacao.com.br\\\/blog\\\/transtornos-alimentares\\\/\",\"url\":\"https:\\\/\\\/corpoacao.com.br\\\/blog\\\/transtornos-alimentares\\\/\",\"name\":\"Transtornos Alimentares - Corpo em A\u00e7\u00e3o\",\"isPartOf\":{\"@id\":\"https:\\\/\\\/corpoacao.com.br\\\/blog\\\/#website\"},\"primaryImageOfPage\":{\"@id\":\"https:\\\/\\\/corpoacao.com.br\\\/blog\\\/transtornos-alimentares\\\/#primaryimage\"},\"image\":{\"@id\":\"https:\\\/\\\/corpoacao.com.br\\\/blog\\\/transtornos-alimentares\\\/#primaryimage\"},\"thumbnailUrl\":\"https:\\\/\\\/corpoacao.com.br\\\/blog\\\/wp-content\\\/uploads\\\/2021\\\/12\\\/transtornos-alimentres.png\",\"datePublished\":\"2021-12-20T11:47:36+00:00\",\"dateModified\":\"2021-12-20T11:57:07+00:00\",\"breadcrumb\":{\"@id\":\"https:\\\/\\\/corpoacao.com.br\\\/blog\\\/transtornos-alimentares\\\/#breadcrumb\"},\"inLanguage\":\"pt-BR\",\"potentialAction\":[{\"@type\":\"ReadAction\",\"target\":[\"https:\\\/\\\/corpoacao.com.br\\\/blog\\\/transtornos-alimentares\\\/\"]}]},{\"@type\":\"ImageObject\",\"inLanguage\":\"pt-BR\",\"@id\":\"https:\\\/\\\/corpoacao.com.br\\\/blog\\\/transtornos-alimentares\\\/#primaryimage\",\"url\":\"https:\\\/\\\/corpoacao.com.br\\\/blog\\\/wp-content\\\/uploads\\\/2021\\\/12\\\/transtornos-alimentres.png\",\"contentUrl\":\"https:\\\/\\\/corpoacao.com.br\\\/blog\\\/wp-content\\\/uploads\\\/2021\\\/12\\\/transtornos-alimentres.png\",\"width\":1200,\"height\":500},{\"@type\":\"BreadcrumbList\",\"@id\":\"https:\\\/\\\/corpoacao.com.br\\\/blog\\\/transtornos-alimentares\\\/#breadcrumb\",\"itemListElement\":[{\"@type\":\"ListItem\",\"position\":1,\"name\":\"Home\",\"item\":\"https:\\\/\\\/corpoacao.com.br\\\/blog\\\/\"},{\"@type\":\"ListItem\",\"position\":2,\"name\":\"Transtornos Alimentares\"}]},{\"@type\":\"WebSite\",\"@id\":\"https:\\\/\\\/corpoacao.com.br\\\/blog\\\/#website\",\"url\":\"https:\\\/\\\/corpoacao.com.br\\\/blog\\\/\",\"name\":\"Corpo em A\u00e7\u00e3o\",\"description\":\"Blog Ergonomia e qualidade de vida no ambiente de trabalho\",\"publisher\":{\"@id\":\"https:\\\/\\\/corpoacao.com.br\\\/blog\\\/#organization\"},\"potentialAction\":[{\"@type\":\"SearchAction\",\"target\":{\"@type\":\"EntryPoint\",\"urlTemplate\":\"https:\\\/\\\/corpoacao.com.br\\\/blog\\\/?s={search_term_string}\"},\"query-input\":{\"@type\":\"PropertyValueSpecification\",\"valueRequired\":true,\"valueName\":\"search_term_string\"}}],\"inLanguage\":\"pt-BR\"},{\"@type\":\"Organization\",\"@id\":\"https:\\\/\\\/corpoacao.com.br\\\/blog\\\/#organization\",\"name\":\"Corpo em A\u00e7\u00e3o\",\"url\":\"https:\\\/\\\/corpoacao.com.br\\\/blog\\\/\",\"logo\":{\"@type\":\"ImageObject\",\"inLanguage\":\"pt-BR\",\"@id\":\"https:\\\/\\\/corpoacao.com.br\\\/blog\\\/#\\\/schema\\\/logo\\\/image\\\/\",\"url\":\"https:\\\/\\\/corpoacao.com.br\\\/blog\\\/wp-content\\\/uploads\\\/2023\\\/04\\\/ginastica-laboral.png\",\"contentUrl\":\"https:\\\/\\\/corpoacao.com.br\\\/blog\\\/wp-content\\\/uploads\\\/2023\\\/04\\\/ginastica-laboral.png\",\"width\":185,\"height\":128,\"caption\":\"Corpo em A\u00e7\u00e3o\"},\"image\":{\"@id\":\"https:\\\/\\\/corpoacao.com.br\\\/blog\\\/#\\\/schema\\\/logo\\\/image\\\/\"},\"sameAs\":[\"https:\\\/\\\/www.facebook.com\\\/corpoemacao.poa\\\/\",\"https:\\\/\\\/www.instagram.com\\\/corpoemacaopoa\\\/\"]},{\"@type\":\"Person\",\"@id\":\"https:\\\/\\\/corpoacao.com.br\\\/blog\\\/#\\\/schema\\\/person\\\/8511fda2e04a521379dee132a34c889e\",\"name\":\"Morgana Lovato Cantarelli\",\"image\":{\"@type\":\"ImageObject\",\"inLanguage\":\"pt-BR\",\"@id\":\"https:\\\/\\\/secure.gravatar.com\\\/avatar\\\/7a246dbb5756847be4e8d937d3645cb75b1afbf687c106886d0b09172c1ee291?s=96&d=mm&r=g\",\"url\":\"https:\\\/\\\/secure.gravatar.com\\\/avatar\\\/7a246dbb5756847be4e8d937d3645cb75b1afbf687c106886d0b09172c1ee291?s=96&d=mm&r=g\",\"contentUrl\":\"https:\\\/\\\/secure.gravatar.com\\\/avatar\\\/7a246dbb5756847be4e8d937d3645cb75b1afbf687c106886d0b09172c1ee291?s=96&d=mm&r=g\",\"caption\":\"Morgana Lovato Cantarelli\"},\"description\":\"Propriet\u00e1ria da Empresa Corpo em A\u00e7\u00e3o , educadora f\u00edsica formada no IPA (1991), especializada em pedagogia do treinamento desportivo, especializada em pilates, palestrante, professora de massoterapia e Estado do Rio Grande do Sul\",\"url\":\"https:\\\/\\\/corpoacao.com.br\\\/blog\\\/author\\\/admin\\\/\"}]}<\/script>\n<!-- \/ Yoast SEO Premium plugin. -->","yoast_head_json":{"title":"Transtornos Alimentares - Corpo em A\u00e7\u00e3o","robots":{"index":"index","follow":"follow","max-snippet":"max-snippet:-1","max-image-preview":"max-image-preview:large","max-video-preview":"max-video-preview:-1"},"canonical":"https:\/\/corpoacao.com.br\/blog\/transtornos-alimentares\/","og_locale":"pt_BR","og_type":"article","og_title":"Transtornos Alimentares","og_description":"Voc\u00eas sabem o que significa Transtornos Alimentares? Segundo a Organiza\u00e7\u00e3o Mundial de Sa\u00fade (OMS), os transtornos alimentares s\u00e3o um conjunto de doen\u00e7as psiqui\u00e1tricas de origem gen\u00e9tica, heredit\u00e1ria, psicol\u00f3gicas e\/ou sociais, caracterizados por perturba\u00e7\u00e3o persistente na alimenta\u00e7\u00e3o. Cnsiderando suas caracter\u00edsticas, eles podem ter sido agravados no per\u00edodo de isolamento social, em decorr\u00eancia da Pandemia. No Brasil, [&hellip;]","og_url":"https:\/\/corpoacao.com.br\/blog\/transtornos-alimentares\/","og_site_name":"Corpo em A\u00e7\u00e3o","article_publisher":"https:\/\/www.facebook.com\/corpoemacao.poa\/","article_published_time":"2021-12-20T11:47:36+00:00","article_modified_time":"2021-12-20T11:57:07+00:00","og_image":[{"width":1200,"height":500,"url":"https:\/\/corpoacao.com.br\/blog\/wp-content\/uploads\/2021\/12\/transtornos-alimentres.png","type":"image\/png"}],"author":"Morgana Lovato Cantarelli","twitter_card":"summary_large_image","twitter_misc":{"Escrito por":"Morgana Lovato Cantarelli","Est. tempo de leitura":"4 minutos"},"schema":{"@context":"https:\/\/schema.org","@graph":[{"@type":"Article","@id":"https:\/\/corpoacao.com.br\/blog\/transtornos-alimentares\/#article","isPartOf":{"@id":"https:\/\/corpoacao.com.br\/blog\/transtornos-alimentares\/"},"author":{"name":"Morgana Lovato Cantarelli","@id":"https:\/\/corpoacao.com.br\/blog\/#\/schema\/person\/8511fda2e04a521379dee132a34c889e"},"headline":"Transtornos Alimentares","datePublished":"2021-12-20T11:47:36+00:00","dateModified":"2021-12-20T11:57:07+00:00","mainEntityOfPage":{"@id":"https:\/\/corpoacao.com.br\/blog\/transtornos-alimentares\/"},"wordCount":833,"commentCount":0,"publisher":{"@id":"https:\/\/corpoacao.com.br\/blog\/#organization"},"image":{"@id":"https:\/\/corpoacao.com.br\/blog\/transtornos-alimentares\/#primaryimage"},"thumbnailUrl":"https:\/\/corpoacao.com.br\/blog\/wp-content\/uploads\/2021\/12\/transtornos-alimentres.png","inLanguage":"pt-BR","potentialAction":[{"@type":"CommentAction","name":"Comment","target":["https:\/\/corpoacao.com.br\/blog\/transtornos-alimentares\/#respond"]}]},{"@type":"WebPage","@id":"https:\/\/corpoacao.com.br\/blog\/transtornos-alimentares\/","url":"https:\/\/corpoacao.com.br\/blog\/transtornos-alimentares\/","name":"Transtornos Alimentares - Corpo em A\u00e7\u00e3o","isPartOf":{"@id":"https:\/\/corpoacao.com.br\/blog\/#website"},"primaryImageOfPage":{"@id":"https:\/\/corpoacao.com.br\/blog\/transtornos-alimentares\/#primaryimage"},"image":{"@id":"https:\/\/corpoacao.com.br\/blog\/transtornos-alimentares\/#primaryimage"},"thumbnailUrl":"https:\/\/corpoacao.com.br\/blog\/wp-content\/uploads\/2021\/12\/transtornos-alimentres.png","datePublished":"2021-12-20T11:47:36+00:00","dateModified":"2021-12-20T11:57:07+00:00","breadcrumb":{"@id":"https:\/\/corpoacao.com.br\/blog\/transtornos-alimentares\/#breadcrumb"},"inLanguage":"pt-BR","potentialAction":[{"@type":"ReadAction","target":["https:\/\/corpoacao.com.br\/blog\/transtornos-alimentares\/"]}]},{"@type":"ImageObject","inLanguage":"pt-BR","@id":"https:\/\/corpoacao.com.br\/blog\/transtornos-alimentares\/#primaryimage","url":"https:\/\/corpoacao.com.br\/blog\/wp-content\/uploads\/2021\/12\/transtornos-alimentres.png","contentUrl":"https:\/\/corpoacao.com.br\/blog\/wp-content\/uploads\/2021\/12\/transtornos-alimentres.png","width":1200,"height":500},{"@type":"BreadcrumbList","@id":"https:\/\/corpoacao.com.br\/blog\/transtornos-alimentares\/#breadcrumb","itemListElement":[{"@type":"ListItem","position":1,"name":"Home","item":"https:\/\/corpoacao.com.br\/blog\/"},{"@type":"ListItem","position":2,"name":"Transtornos Alimentares"}]},{"@type":"WebSite","@id":"https:\/\/corpoacao.com.br\/blog\/#website","url":"https:\/\/corpoacao.com.br\/blog\/","name":"Corpo em A\u00e7\u00e3o","description":"Blog Ergonomia e qualidade de vida no ambiente de trabalho","publisher":{"@id":"https:\/\/corpoacao.com.br\/blog\/#organization"},"potentialAction":[{"@type":"SearchAction","target":{"@type":"EntryPoint","urlTemplate":"https:\/\/corpoacao.com.br\/blog\/?s={search_term_string}"},"query-input":{"@type":"PropertyValueSpecification","valueRequired":true,"valueName":"search_term_string"}}],"inLanguage":"pt-BR"},{"@type":"Organization","@id":"https:\/\/corpoacao.com.br\/blog\/#organization","name":"Corpo em A\u00e7\u00e3o","url":"https:\/\/corpoacao.com.br\/blog\/","logo":{"@type":"ImageObject","inLanguage":"pt-BR","@id":"https:\/\/corpoacao.com.br\/blog\/#\/schema\/logo\/image\/","url":"https:\/\/corpoacao.com.br\/blog\/wp-content\/uploads\/2023\/04\/ginastica-laboral.png","contentUrl":"https:\/\/corpoacao.com.br\/blog\/wp-content\/uploads\/2023\/04\/ginastica-laboral.png","width":185,"height":128,"caption":"Corpo em A\u00e7\u00e3o"},"image":{"@id":"https:\/\/corpoacao.com.br\/blog\/#\/schema\/logo\/image\/"},"sameAs":["https:\/\/www.facebook.com\/corpoemacao.poa\/","https:\/\/www.instagram.com\/corpoemacaopoa\/"]},{"@type":"Person","@id":"https:\/\/corpoacao.com.br\/blog\/#\/schema\/person\/8511fda2e04a521379dee132a34c889e","name":"Morgana Lovato Cantarelli","image":{"@type":"ImageObject","inLanguage":"pt-BR","@id":"https:\/\/secure.gravatar.com\/avatar\/7a246dbb5756847be4e8d937d3645cb75b1afbf687c106886d0b09172c1ee291?s=96&d=mm&r=g","url":"https:\/\/secure.gravatar.com\/avatar\/7a246dbb5756847be4e8d937d3645cb75b1afbf687c106886d0b09172c1ee291?s=96&d=mm&r=g","contentUrl":"https:\/\/secure.gravatar.com\/avatar\/7a246dbb5756847be4e8d937d3645cb75b1afbf687c106886d0b09172c1ee291?s=96&d=mm&r=g","caption":"Morgana Lovato Cantarelli"},"description":"Propriet\u00e1ria da Empresa Corpo em A\u00e7\u00e3o , educadora f\u00edsica formada no IPA (1991), especializada em pedagogia do treinamento desportivo, especializada em pilates, palestrante, professora de massoterapia e Estado do Rio Grande do Sul","url":"https:\/\/corpoacao.com.br\/blog\/author\/admin\/"}]}},"_links":{"self":[{"href":"https:\/\/corpoacao.com.br\/blog\/wp-json\/wp\/v2\/posts\/1307","targetHints":{"allow":["GET"]}}],"collection":[{"href":"https:\/\/corpoacao.com.br\/blog\/wp-json\/wp\/v2\/posts"}],"about":[{"href":"https:\/\/corpoacao.com.br\/blog\/wp-json\/wp\/v2\/types\/post"}],"author":[{"embeddable":true,"href":"https:\/\/corpoacao.com.br\/blog\/wp-json\/wp\/v2\/users\/1"}],"replies":[{"embeddable":true,"href":"https:\/\/corpoacao.com.br\/blog\/wp-json\/wp\/v2\/comments?post=1307"}],"version-history":[{"count":3,"href":"https:\/\/corpoacao.com.br\/blog\/wp-json\/wp\/v2\/posts\/1307\/revisions"}],"predecessor-version":[{"id":1311,"href":"https:\/\/corpoacao.com.br\/blog\/wp-json\/wp\/v2\/posts\/1307\/revisions\/1311"}],"wp:featuredmedia":[{"embeddable":true,"href":"https:\/\/corpoacao.com.br\/blog\/wp-json\/wp\/v2\/media\/1309"}],"wp:attachment":[{"href":"https:\/\/corpoacao.com.br\/blog\/wp-json\/wp\/v2\/media?parent=1307"}],"wp:term":[{"taxonomy":"category","embeddable":true,"href":"https:\/\/corpoacao.com.br\/blog\/wp-json\/wp\/v2\/categories?post=1307"},{"taxonomy":"post_tag","embeddable":true,"href":"https:\/\/corpoacao.com.br\/blog\/wp-json\/wp\/v2\/tags?post=1307"}],"curies":[{"name":"wp","href":"https:\/\/api.w.org\/{rel}","templated":true}]}}