{"id":1316,"date":"2022-01-02T20:00:11","date_gmt":"2022-01-02T23:00:11","guid":{"rendered":"https:\/\/www.corpoacao.com.br\/blog\/?p=1316"},"modified":"2022-01-02T20:00:11","modified_gmt":"2022-01-02T23:00:11","slug":"janeiro-branco-o-mundo-pede-saude-mental","status":"publish","type":"post","link":"https:\/\/corpoacao.com.br\/blog\/janeiro-branco-o-mundo-pede-saude-mental\/","title":{"rendered":"Janeiro Branco: O mundo pede sa\u00fade mental"},"content":{"rendered":"\n<p>A Campanha Janeiro Branco \u00e9 uma campanha\ndedicada \u00e0 constru\u00e7\u00e3o de uma cultura\nda Sa\u00fade Mental na humanidade!<\/p>\n\n\n\n<p>Estudos apontam que a sa\u00fade mental dos brasileiros est\u00e1 pior e se torna preocupa\u00e7\u00e3o de empregadores. Mais de 50% dos trabalhadores est\u00e3o com a sua mental comprometida. Especialistas refor\u00e7am a import\u00e2ncia dos empregadores se preocuparem com o tema. <\/p>\n\n\n\n<figure class=\"wp-block-image\"><img decoding=\"async\" src=\"https:\/\/www.sinprominas.org.br\/wp-content\/uploads\/2020\/01\/WhatsApp-Image-2020-01-09-at-15.24.301-e1578685432314-705x378.jpeg\" alt=\"Janeiro Branco: quem cuida da mente, cuida da vida | SINPRO MG | Sindicato  dos Professores do Estado de Minas Gerais representa os docentes do setor  privado de ensino e conta hoje\"\/><\/figure>\n\n\n\n<p><strong>O\nJaneiro Branco <\/strong>\u00e9 uma\ncampanha ao estilo da Campanha Outubro Rosa e da Campanha Novembro Azul.\nO seu objetivo \u00e9 chamar a\naten\u00e7\u00e3o da humanidade necessidades\nrelacionadas \u00e0 Sa\u00fade Mental e Emocional das pessoas e das institui\u00e7\u00f5es humanas.<\/p>\n\n\n\n<p><strong>Por\nque Janeiro Branco?<\/strong><\/p>\n\n\n\n<p>Porque no primeiro m\u00eas do ano, em termos\nsimb\u00f3licos e culturais, as pessoas est\u00e3o\nmais propensas a pensarem em suas vidas, em suas rela\u00e7\u00f5es sociais,\nem suas condi\u00e7\u00f5es de\nexist\u00eancia, em suas emo\u00e7\u00f5es e em seus sentidos existenciais.<\/p>\n\n\n\n<p>E, como em uma&nbsp;<em>&#8220;folha ou em\numa tela em branco&#8221;<\/em>, todas as pessoas podem\nser inspiradas a escreverem ou a reescreverem as suas pr\u00f3prias hist\u00f3rias de\nvida.<\/p>\n\n\n\n<p><strong>Estat\u00edsticas:<\/strong><\/p>\n\n\n\n<p>Segundo dados da folha Vit\u00f3ria (em 16 de\ndezembro de 2021) a sa\u00fade mental dos brasileiros est\u00e1 pior e se torna\npreocupa\u00e7\u00e3o de empregadores. Mais de 50% dos trabalhadores est\u00e3o com a sua\nmental comprometida. Especialista afirma que ascens\u00e3o do chamado \u201cmundo BANI\u201d\nrefor\u00e7ou a import\u00e2ncia dos empregadores se preocuparem com o tema <\/p>\n\n\n\n<p>Segundo a pesquisa One Year of\nCovid-19, da Ipsos para o F\u00f3rum Econ\u00f4mico Mundial, 53% dos brasileiros relatam\npiora na sa\u00fade mental no \u00faltimo ano de 2020. E as consultas psiqui\u00e1tricas no\nper\u00edodo aumentaram em 25%, de acordo com a Associa\u00e7\u00e3o Brasileira de\nPsiquiatria. Diante desses n\u00fameros, empregadores t\u00eam compreendido cada vez mais\na necessidade de cuidar da sa\u00fade mental dos colaboradores.<\/p>\n\n\n\n<p>Tais indicadores convergem para um cen\u00e1rio maior\nque tamb\u00e9m tem contribu\u00eddo para tornar a sa\u00fade mental um ponto de destaque: a\npassagem do chamado mundo VUCA para o que o antrop\u00f3logo e futurista\nnorte-americano Jamais Cascio chamou de mundo BANI. Do ingl\u00eas, VUCA indica um\nmundo \u201cvolatile, uncertain, complex, ambiguous\u201d (vol\u00e1til, incerto, complexo e\namb\u00edguo). Desde 2020, contudo, principalmente por causa da pandemia de COVID-19,\noutro acr\u00f4nimo emergiu para tentar dar conta do caos: BANI, que indica\n\u201cbrittle, anxious, non-linear, incomprehensible\u201d (fr\u00e1gil, ansioso, n\u00e3o-linear e\nincompreens\u00edvel), segundo Cascio em seu artigo &#8220;Facing the Age of\nChaos&#8221;.<\/p>\n\n\n\n<p>Englobando o cen\u00e1rio do\nprimeiro ano da pandemia de COVID-19 e contando com respondentes em 30 na\u00e7\u00f5es\nao redor do mundo, a pesquisa da Ipsos posiciona o Brasil em quinto lugar entre\n30 pa\u00edses no qual a popula\u00e7\u00e3o sentiu um decl\u00ednio no bem-estar mental e\nemocional durante a pandemia. Segundo os dados da pesquisa, os tr\u00eas pa\u00edses onde\na sa\u00fade mental mais pioraram foram Turquia (61%), Hungria (56%) e Chile (56%);\npor outro lado, o novo coronav\u00edrus teve impacto menor na sa\u00fade mental dos\nchineses (20%), indianos (27%) e australianos (32%), segundo o estudo.<\/p>\n\n\n\n<p>Com o an\u00fancio da\nOrganiza\u00e7\u00e3o Mundial de Sa\u00fade (OMS), em novembro, sobre o risco global de\ncont\u00e1gio da variante \u00d4micron, \u00e9 fundamental que os empregadores sigam sendo\nemp\u00e1ticos e atentos \u00e0 qualidade de vida e bem-estar de seus colaboradores. O\nclima de instabilidade sanit\u00e1ria, social e econ\u00f4mica que ainda permanece diante\nde novas variantes e poss\u00edveis novas ondas deixam as pessoas em alerta para\nriscos; consequentemente, as empresas e o mundo do trabalho precisam considerar\ne respeitar tais cen\u00e1rios de ansiedade e fragilidade, para que possam seguirem\nem progresso e seguran\u00e7a.<\/p>\n\n\n\n<p><strong>Trabalho x sa\u00fade mental<\/strong><\/p>\n\n\n\n<p>Quanto mais favor\u00e1vel \u00e9 o\nambiente laboral, melhor estar\u00e1 a sa\u00fade mental das pessoas que nele trabalham. &nbsp;Ansiedade; depress\u00e3o; s\u00edndrome de burnout;\nfrustra\u00e7\u00e3o e queda da autoestima, est\u00e3o cada vez mais presente na vida dos\ntrabalhadores<\/p>\n\n\n\n<p><strong>Promo\u00e7\u00e3o da Sa\u00fade e Melhora da Qualidade de Vida no Trabalho<\/strong><\/p>\n\n\n\n<p>Existem diversas formas de promover a melhora da\nsa\u00fade mental no ambiente de trabalho. Uma delas \u00e9 a implanta\u00e7\u00e3o de um programa\nde ginastica laboral, massagem, avalia\u00e7\u00f5es f\u00edsicas e consultorias psicol\u00f3gicas\ncomo din\u00e2micas de intera\u00e7\u00e3o, supera\u00e7\u00e3o e outras. <\/p>\n\n\n\n<p>Fonte: <\/p>\n\n\n\n<p><a href=\"https:\/\/janeirobranco.com.br\/\">https:\/\/janeirobranco.com.br\/<\/a><\/p>\n\n\n\n<p><a href=\"https:\/\/www.folhavitoria.com.br\/geral\/noticia\/12\/2021\/saude-mental-de-brasileiros-esta-pior-e-se-torna-preocupacao-de-empregadores\">https:\/\/www.folhavitoria.com.br\/geral\/noticia\/12\/2021\/saude-mental-de-brasileiros-esta-pior-e-se-torna-preocupacao-de-empregadores<\/a><\/p>\n","protected":false},"excerpt":{"rendered":"<p>A Campanha Janeiro Branco \u00e9 uma campanha dedicada \u00e0 constru\u00e7\u00e3o de uma cultura da Sa\u00fade Mental na humanidade! Estudos apontam que a sa\u00fade mental dos brasileiros est\u00e1 pior e se torna preocupa\u00e7\u00e3o de empregadores. Mais de 50% dos trabalhadores est\u00e3o com a sua mental comprometida. Especialistas refor\u00e7am a import\u00e2ncia dos empregadores se preocuparem com o [&hellip;]<\/p>\n","protected":false},"author":1,"featured_media":1317,"comment_status":"open","ping_status":"open","sticky":false,"template":"","format":"standard","meta":{"_joinchat":[],"footnotes":""},"categories":[1],"tags":[],"class_list":["post-1316","post","type-post","status-publish","format-standard","has-post-thumbnail","hentry","category-sem-categoria"],"yoast_head":"<!-- This site is optimized with the Yoast SEO Premium plugin v20.8 (Yoast SEO v27.4) - https:\/\/yoast.com\/product\/yoast-seo-premium-wordpress\/ -->\n<title>Janeiro Branco: O mundo pede sa\u00fade mental - Corpo em A\u00e7\u00e3o<\/title>\n<meta name=\"robots\" content=\"index, follow, max-snippet:-1, max-image-preview:large, max-video-preview:-1\" \/>\n<link rel=\"canonical\" href=\"https:\/\/corpoacao.com.br\/blog\/janeiro-branco-o-mundo-pede-saude-mental\/\" \/>\n<meta property=\"og:locale\" content=\"pt_BR\" \/>\n<meta property=\"og:type\" content=\"article\" \/>\n<meta property=\"og:title\" content=\"Janeiro Branco: O mundo pede sa\u00fade mental\" \/>\n<meta property=\"og:description\" content=\"A Campanha Janeiro Branco \u00e9 uma campanha dedicada \u00e0 constru\u00e7\u00e3o de uma cultura da Sa\u00fade Mental na humanidade! Estudos apontam que a sa\u00fade mental dos brasileiros est\u00e1 pior e se torna preocupa\u00e7\u00e3o de empregadores. Mais de 50% dos trabalhadores est\u00e3o com a sua mental comprometida. Especialistas refor\u00e7am a import\u00e2ncia dos empregadores se preocuparem com o [&hellip;]\" \/>\n<meta property=\"og:url\" content=\"https:\/\/corpoacao.com.br\/blog\/janeiro-branco-o-mundo-pede-saude-mental\/\" \/>\n<meta property=\"og:site_name\" content=\"Corpo em A\u00e7\u00e3o\" \/>\n<meta property=\"article:publisher\" content=\"https:\/\/www.facebook.com\/corpoemacao.poa\/\" \/>\n<meta property=\"article:published_time\" content=\"2022-01-02T23:00:11+00:00\" \/>\n<meta property=\"og:image\" content=\"https:\/\/corpoacao.com.br\/blog\/wp-content\/uploads\/2022\/01\/janeiro-branco.jpeg\" \/>\n\t<meta property=\"og:image:width\" content=\"705\" \/>\n\t<meta property=\"og:image:height\" content=\"378\" \/>\n\t<meta property=\"og:image:type\" content=\"image\/jpeg\" \/>\n<meta name=\"author\" content=\"Morgana Lovato Cantarelli\" \/>\n<meta name=\"twitter:card\" content=\"summary_large_image\" \/>\n<meta name=\"twitter:label1\" content=\"Escrito por\" \/>\n\t<meta name=\"twitter:data1\" content=\"Morgana Lovato Cantarelli\" \/>\n\t<meta name=\"twitter:label2\" content=\"Est. tempo de leitura\" \/>\n\t<meta name=\"twitter:data2\" content=\"4 minutos\" \/>\n<script type=\"application\/ld+json\" class=\"yoast-schema-graph\">{\"@context\":\"https:\\\/\\\/schema.org\",\"@graph\":[{\"@type\":\"Article\",\"@id\":\"https:\\\/\\\/corpoacao.com.br\\\/blog\\\/janeiro-branco-o-mundo-pede-saude-mental\\\/#article\",\"isPartOf\":{\"@id\":\"https:\\\/\\\/corpoacao.com.br\\\/blog\\\/janeiro-branco-o-mundo-pede-saude-mental\\\/\"},\"author\":{\"name\":\"Morgana Lovato Cantarelli\",\"@id\":\"https:\\\/\\\/corpoacao.com.br\\\/blog\\\/#\\\/schema\\\/person\\\/8511fda2e04a521379dee132a34c889e\"},\"headline\":\"Janeiro Branco: O mundo pede sa\u00fade mental\",\"datePublished\":\"2022-01-02T23:00:11+00:00\",\"mainEntityOfPage\":{\"@id\":\"https:\\\/\\\/corpoacao.com.br\\\/blog\\\/janeiro-branco-o-mundo-pede-saude-mental\\\/\"},\"wordCount\":734,\"commentCount\":0,\"publisher\":{\"@id\":\"https:\\\/\\\/corpoacao.com.br\\\/blog\\\/#organization\"},\"image\":{\"@id\":\"https:\\\/\\\/corpoacao.com.br\\\/blog\\\/janeiro-branco-o-mundo-pede-saude-mental\\\/#primaryimage\"},\"thumbnailUrl\":\"https:\\\/\\\/corpoacao.com.br\\\/blog\\\/wp-content\\\/uploads\\\/2022\\\/01\\\/janeiro-branco.jpeg\",\"inLanguage\":\"pt-BR\",\"potentialAction\":[{\"@type\":\"CommentAction\",\"name\":\"Comment\",\"target\":[\"https:\\\/\\\/corpoacao.com.br\\\/blog\\\/janeiro-branco-o-mundo-pede-saude-mental\\\/#respond\"]}]},{\"@type\":\"WebPage\",\"@id\":\"https:\\\/\\\/corpoacao.com.br\\\/blog\\\/janeiro-branco-o-mundo-pede-saude-mental\\\/\",\"url\":\"https:\\\/\\\/corpoacao.com.br\\\/blog\\\/janeiro-branco-o-mundo-pede-saude-mental\\\/\",\"name\":\"Janeiro Branco: O mundo pede sa\u00fade mental - Corpo em A\u00e7\u00e3o\",\"isPartOf\":{\"@id\":\"https:\\\/\\\/corpoacao.com.br\\\/blog\\\/#website\"},\"primaryImageOfPage\":{\"@id\":\"https:\\\/\\\/corpoacao.com.br\\\/blog\\\/janeiro-branco-o-mundo-pede-saude-mental\\\/#primaryimage\"},\"image\":{\"@id\":\"https:\\\/\\\/corpoacao.com.br\\\/blog\\\/janeiro-branco-o-mundo-pede-saude-mental\\\/#primaryimage\"},\"thumbnailUrl\":\"https:\\\/\\\/corpoacao.com.br\\\/blog\\\/wp-content\\\/uploads\\\/2022\\\/01\\\/janeiro-branco.jpeg\",\"datePublished\":\"2022-01-02T23:00:11+00:00\",\"breadcrumb\":{\"@id\":\"https:\\\/\\\/corpoacao.com.br\\\/blog\\\/janeiro-branco-o-mundo-pede-saude-mental\\\/#breadcrumb\"},\"inLanguage\":\"pt-BR\",\"potentialAction\":[{\"@type\":\"ReadAction\",\"target\":[\"https:\\\/\\\/corpoacao.com.br\\\/blog\\\/janeiro-branco-o-mundo-pede-saude-mental\\\/\"]}]},{\"@type\":\"ImageObject\",\"inLanguage\":\"pt-BR\",\"@id\":\"https:\\\/\\\/corpoacao.com.br\\\/blog\\\/janeiro-branco-o-mundo-pede-saude-mental\\\/#primaryimage\",\"url\":\"https:\\\/\\\/corpoacao.com.br\\\/blog\\\/wp-content\\\/uploads\\\/2022\\\/01\\\/janeiro-branco.jpeg\",\"contentUrl\":\"https:\\\/\\\/corpoacao.com.br\\\/blog\\\/wp-content\\\/uploads\\\/2022\\\/01\\\/janeiro-branco.jpeg\",\"width\":705,\"height\":378},{\"@type\":\"BreadcrumbList\",\"@id\":\"https:\\\/\\\/corpoacao.com.br\\\/blog\\\/janeiro-branco-o-mundo-pede-saude-mental\\\/#breadcrumb\",\"itemListElement\":[{\"@type\":\"ListItem\",\"position\":1,\"name\":\"Home\",\"item\":\"https:\\\/\\\/corpoacao.com.br\\\/blog\\\/\"},{\"@type\":\"ListItem\",\"position\":2,\"name\":\"Janeiro Branco: O mundo pede sa\u00fade mental\"}]},{\"@type\":\"WebSite\",\"@id\":\"https:\\\/\\\/corpoacao.com.br\\\/blog\\\/#website\",\"url\":\"https:\\\/\\\/corpoacao.com.br\\\/blog\\\/\",\"name\":\"Corpo em A\u00e7\u00e3o\",\"description\":\"Blog Ergonomia e qualidade de vida no ambiente de trabalho\",\"publisher\":{\"@id\":\"https:\\\/\\\/corpoacao.com.br\\\/blog\\\/#organization\"},\"potentialAction\":[{\"@type\":\"SearchAction\",\"target\":{\"@type\":\"EntryPoint\",\"urlTemplate\":\"https:\\\/\\\/corpoacao.com.br\\\/blog\\\/?s={search_term_string}\"},\"query-input\":{\"@type\":\"PropertyValueSpecification\",\"valueRequired\":true,\"valueName\":\"search_term_string\"}}],\"inLanguage\":\"pt-BR\"},{\"@type\":\"Organization\",\"@id\":\"https:\\\/\\\/corpoacao.com.br\\\/blog\\\/#organization\",\"name\":\"Corpo em A\u00e7\u00e3o\",\"url\":\"https:\\\/\\\/corpoacao.com.br\\\/blog\\\/\",\"logo\":{\"@type\":\"ImageObject\",\"inLanguage\":\"pt-BR\",\"@id\":\"https:\\\/\\\/corpoacao.com.br\\\/blog\\\/#\\\/schema\\\/logo\\\/image\\\/\",\"url\":\"https:\\\/\\\/corpoacao.com.br\\\/blog\\\/wp-content\\\/uploads\\\/2023\\\/04\\\/ginastica-laboral.png\",\"contentUrl\":\"https:\\\/\\\/corpoacao.com.br\\\/blog\\\/wp-content\\\/uploads\\\/2023\\\/04\\\/ginastica-laboral.png\",\"width\":185,\"height\":128,\"caption\":\"Corpo em A\u00e7\u00e3o\"},\"image\":{\"@id\":\"https:\\\/\\\/corpoacao.com.br\\\/blog\\\/#\\\/schema\\\/logo\\\/image\\\/\"},\"sameAs\":[\"https:\\\/\\\/www.facebook.com\\\/corpoemacao.poa\\\/\",\"https:\\\/\\\/www.instagram.com\\\/corpoemacaopoa\\\/\"]},{\"@type\":\"Person\",\"@id\":\"https:\\\/\\\/corpoacao.com.br\\\/blog\\\/#\\\/schema\\\/person\\\/8511fda2e04a521379dee132a34c889e\",\"name\":\"Morgana Lovato Cantarelli\",\"image\":{\"@type\":\"ImageObject\",\"inLanguage\":\"pt-BR\",\"@id\":\"https:\\\/\\\/secure.gravatar.com\\\/avatar\\\/7a246dbb5756847be4e8d937d3645cb75b1afbf687c106886d0b09172c1ee291?s=96&d=mm&r=g\",\"url\":\"https:\\\/\\\/secure.gravatar.com\\\/avatar\\\/7a246dbb5756847be4e8d937d3645cb75b1afbf687c106886d0b09172c1ee291?s=96&d=mm&r=g\",\"contentUrl\":\"https:\\\/\\\/secure.gravatar.com\\\/avatar\\\/7a246dbb5756847be4e8d937d3645cb75b1afbf687c106886d0b09172c1ee291?s=96&d=mm&r=g\",\"caption\":\"Morgana Lovato Cantarelli\"},\"description\":\"Propriet\u00e1ria da Empresa Corpo em A\u00e7\u00e3o , educadora f\u00edsica formada no IPA (1991), especializada em pedagogia do treinamento desportivo, especializada em pilates, palestrante, professora de massoterapia e Estado do Rio Grande do Sul\",\"url\":\"https:\\\/\\\/corpoacao.com.br\\\/blog\\\/author\\\/admin\\\/\"}]}<\/script>\n<!-- \/ Yoast SEO Premium plugin. -->","yoast_head_json":{"title":"Janeiro Branco: O mundo pede sa\u00fade mental - Corpo em A\u00e7\u00e3o","robots":{"index":"index","follow":"follow","max-snippet":"max-snippet:-1","max-image-preview":"max-image-preview:large","max-video-preview":"max-video-preview:-1"},"canonical":"https:\/\/corpoacao.com.br\/blog\/janeiro-branco-o-mundo-pede-saude-mental\/","og_locale":"pt_BR","og_type":"article","og_title":"Janeiro Branco: O mundo pede sa\u00fade mental","og_description":"A Campanha Janeiro Branco \u00e9 uma campanha dedicada \u00e0 constru\u00e7\u00e3o de uma cultura da Sa\u00fade Mental na humanidade! Estudos apontam que a sa\u00fade mental dos brasileiros est\u00e1 pior e se torna preocupa\u00e7\u00e3o de empregadores. Mais de 50% dos trabalhadores est\u00e3o com a sua mental comprometida. Especialistas refor\u00e7am a import\u00e2ncia dos empregadores se preocuparem com o [&hellip;]","og_url":"https:\/\/corpoacao.com.br\/blog\/janeiro-branco-o-mundo-pede-saude-mental\/","og_site_name":"Corpo em A\u00e7\u00e3o","article_publisher":"https:\/\/www.facebook.com\/corpoemacao.poa\/","article_published_time":"2022-01-02T23:00:11+00:00","og_image":[{"width":705,"height":378,"url":"https:\/\/corpoacao.com.br\/blog\/wp-content\/uploads\/2022\/01\/janeiro-branco.jpeg","type":"image\/jpeg"}],"author":"Morgana Lovato Cantarelli","twitter_card":"summary_large_image","twitter_misc":{"Escrito por":"Morgana Lovato Cantarelli","Est. tempo de leitura":"4 minutos"},"schema":{"@context":"https:\/\/schema.org","@graph":[{"@type":"Article","@id":"https:\/\/corpoacao.com.br\/blog\/janeiro-branco-o-mundo-pede-saude-mental\/#article","isPartOf":{"@id":"https:\/\/corpoacao.com.br\/blog\/janeiro-branco-o-mundo-pede-saude-mental\/"},"author":{"name":"Morgana Lovato Cantarelli","@id":"https:\/\/corpoacao.com.br\/blog\/#\/schema\/person\/8511fda2e04a521379dee132a34c889e"},"headline":"Janeiro Branco: O mundo pede sa\u00fade mental","datePublished":"2022-01-02T23:00:11+00:00","mainEntityOfPage":{"@id":"https:\/\/corpoacao.com.br\/blog\/janeiro-branco-o-mundo-pede-saude-mental\/"},"wordCount":734,"commentCount":0,"publisher":{"@id":"https:\/\/corpoacao.com.br\/blog\/#organization"},"image":{"@id":"https:\/\/corpoacao.com.br\/blog\/janeiro-branco-o-mundo-pede-saude-mental\/#primaryimage"},"thumbnailUrl":"https:\/\/corpoacao.com.br\/blog\/wp-content\/uploads\/2022\/01\/janeiro-branco.jpeg","inLanguage":"pt-BR","potentialAction":[{"@type":"CommentAction","name":"Comment","target":["https:\/\/corpoacao.com.br\/blog\/janeiro-branco-o-mundo-pede-saude-mental\/#respond"]}]},{"@type":"WebPage","@id":"https:\/\/corpoacao.com.br\/blog\/janeiro-branco-o-mundo-pede-saude-mental\/","url":"https:\/\/corpoacao.com.br\/blog\/janeiro-branco-o-mundo-pede-saude-mental\/","name":"Janeiro Branco: O mundo pede sa\u00fade mental - Corpo em A\u00e7\u00e3o","isPartOf":{"@id":"https:\/\/corpoacao.com.br\/blog\/#website"},"primaryImageOfPage":{"@id":"https:\/\/corpoacao.com.br\/blog\/janeiro-branco-o-mundo-pede-saude-mental\/#primaryimage"},"image":{"@id":"https:\/\/corpoacao.com.br\/blog\/janeiro-branco-o-mundo-pede-saude-mental\/#primaryimage"},"thumbnailUrl":"https:\/\/corpoacao.com.br\/blog\/wp-content\/uploads\/2022\/01\/janeiro-branco.jpeg","datePublished":"2022-01-02T23:00:11+00:00","breadcrumb":{"@id":"https:\/\/corpoacao.com.br\/blog\/janeiro-branco-o-mundo-pede-saude-mental\/#breadcrumb"},"inLanguage":"pt-BR","potentialAction":[{"@type":"ReadAction","target":["https:\/\/corpoacao.com.br\/blog\/janeiro-branco-o-mundo-pede-saude-mental\/"]}]},{"@type":"ImageObject","inLanguage":"pt-BR","@id":"https:\/\/corpoacao.com.br\/blog\/janeiro-branco-o-mundo-pede-saude-mental\/#primaryimage","url":"https:\/\/corpoacao.com.br\/blog\/wp-content\/uploads\/2022\/01\/janeiro-branco.jpeg","contentUrl":"https:\/\/corpoacao.com.br\/blog\/wp-content\/uploads\/2022\/01\/janeiro-branco.jpeg","width":705,"height":378},{"@type":"BreadcrumbList","@id":"https:\/\/corpoacao.com.br\/blog\/janeiro-branco-o-mundo-pede-saude-mental\/#breadcrumb","itemListElement":[{"@type":"ListItem","position":1,"name":"Home","item":"https:\/\/corpoacao.com.br\/blog\/"},{"@type":"ListItem","position":2,"name":"Janeiro Branco: O mundo pede sa\u00fade mental"}]},{"@type":"WebSite","@id":"https:\/\/corpoacao.com.br\/blog\/#website","url":"https:\/\/corpoacao.com.br\/blog\/","name":"Corpo em A\u00e7\u00e3o","description":"Blog Ergonomia e qualidade de vida no ambiente de trabalho","publisher":{"@id":"https:\/\/corpoacao.com.br\/blog\/#organization"},"potentialAction":[{"@type":"SearchAction","target":{"@type":"EntryPoint","urlTemplate":"https:\/\/corpoacao.com.br\/blog\/?s={search_term_string}"},"query-input":{"@type":"PropertyValueSpecification","valueRequired":true,"valueName":"search_term_string"}}],"inLanguage":"pt-BR"},{"@type":"Organization","@id":"https:\/\/corpoacao.com.br\/blog\/#organization","name":"Corpo em A\u00e7\u00e3o","url":"https:\/\/corpoacao.com.br\/blog\/","logo":{"@type":"ImageObject","inLanguage":"pt-BR","@id":"https:\/\/corpoacao.com.br\/blog\/#\/schema\/logo\/image\/","url":"https:\/\/corpoacao.com.br\/blog\/wp-content\/uploads\/2023\/04\/ginastica-laboral.png","contentUrl":"https:\/\/corpoacao.com.br\/blog\/wp-content\/uploads\/2023\/04\/ginastica-laboral.png","width":185,"height":128,"caption":"Corpo em A\u00e7\u00e3o"},"image":{"@id":"https:\/\/corpoacao.com.br\/blog\/#\/schema\/logo\/image\/"},"sameAs":["https:\/\/www.facebook.com\/corpoemacao.poa\/","https:\/\/www.instagram.com\/corpoemacaopoa\/"]},{"@type":"Person","@id":"https:\/\/corpoacao.com.br\/blog\/#\/schema\/person\/8511fda2e04a521379dee132a34c889e","name":"Morgana Lovato Cantarelli","image":{"@type":"ImageObject","inLanguage":"pt-BR","@id":"https:\/\/secure.gravatar.com\/avatar\/7a246dbb5756847be4e8d937d3645cb75b1afbf687c106886d0b09172c1ee291?s=96&d=mm&r=g","url":"https:\/\/secure.gravatar.com\/avatar\/7a246dbb5756847be4e8d937d3645cb75b1afbf687c106886d0b09172c1ee291?s=96&d=mm&r=g","contentUrl":"https:\/\/secure.gravatar.com\/avatar\/7a246dbb5756847be4e8d937d3645cb75b1afbf687c106886d0b09172c1ee291?s=96&d=mm&r=g","caption":"Morgana Lovato Cantarelli"},"description":"Propriet\u00e1ria da Empresa Corpo em A\u00e7\u00e3o , educadora f\u00edsica formada no IPA (1991), especializada em pedagogia do treinamento desportivo, especializada em pilates, palestrante, professora de massoterapia e Estado do Rio Grande do Sul","url":"https:\/\/corpoacao.com.br\/blog\/author\/admin\/"}]}},"_links":{"self":[{"href":"https:\/\/corpoacao.com.br\/blog\/wp-json\/wp\/v2\/posts\/1316","targetHints":{"allow":["GET"]}}],"collection":[{"href":"https:\/\/corpoacao.com.br\/blog\/wp-json\/wp\/v2\/posts"}],"about":[{"href":"https:\/\/corpoacao.com.br\/blog\/wp-json\/wp\/v2\/types\/post"}],"author":[{"embeddable":true,"href":"https:\/\/corpoacao.com.br\/blog\/wp-json\/wp\/v2\/users\/1"}],"replies":[{"embeddable":true,"href":"https:\/\/corpoacao.com.br\/blog\/wp-json\/wp\/v2\/comments?post=1316"}],"version-history":[{"count":1,"href":"https:\/\/corpoacao.com.br\/blog\/wp-json\/wp\/v2\/posts\/1316\/revisions"}],"predecessor-version":[{"id":1318,"href":"https:\/\/corpoacao.com.br\/blog\/wp-json\/wp\/v2\/posts\/1316\/revisions\/1318"}],"wp:featuredmedia":[{"embeddable":true,"href":"https:\/\/corpoacao.com.br\/blog\/wp-json\/wp\/v2\/media\/1317"}],"wp:attachment":[{"href":"https:\/\/corpoacao.com.br\/blog\/wp-json\/wp\/v2\/media?parent=1316"}],"wp:term":[{"taxonomy":"category","embeddable":true,"href":"https:\/\/corpoacao.com.br\/blog\/wp-json\/wp\/v2\/categories?post=1316"},{"taxonomy":"post_tag","embeddable":true,"href":"https:\/\/corpoacao.com.br\/blog\/wp-json\/wp\/v2\/tags?post=1316"}],"curies":[{"name":"wp","href":"https:\/\/api.w.org\/{rel}","templated":true}]}}