{"id":1327,"date":"2022-01-23T22:44:28","date_gmt":"2022-01-24T01:44:28","guid":{"rendered":"https:\/\/www.corpoacao.com.br\/blog\/?p=1327"},"modified":"2022-01-23T22:45:27","modified_gmt":"2022-01-24T01:45:27","slug":"saude-e-ergonomia-no-trabalho","status":"publish","type":"post","link":"https:\/\/corpoacao.com.br\/blog\/saude-e-ergonomia-no-trabalho\/","title":{"rendered":"Sa\u00fade e Ergonomia no Trabalho"},"content":{"rendered":"\n<p>Nos \u00faltimos anos, e principalmente no cen\u00e1rio atual que estamos vivendo, a ocupa\u00e7\u00e3o profissional do homem passou por mudan\u00e7as significativas. Um dos aspectos observados trata-se de uma mudan\u00e7a organizacional que envolve o homem, a sa\u00fade e o ambiente de trabalho.\u00a0<\/p>\n\n\n\n<div class=\"wp-block-image\"><figure class=\"aligncenter\"><img fetchpriority=\"high\" decoding=\"async\" width=\"588\" height=\"430\" src=\"https:\/\/corpoacao.com.br\/blog\/wp-content\/uploads\/2022\/01\/guias.jpg\" alt=\"\" class=\"wp-image-1328\" srcset=\"https:\/\/corpoacao.com.br\/blog\/wp-content\/uploads\/2022\/01\/guias.jpg 588w, https:\/\/corpoacao.com.br\/blog\/wp-content\/uploads\/2022\/01\/guias-300x219.jpg 300w\" sizes=\"(max-width: 588px) 100vw, 588px\" \/><\/figure><\/div>\n\n\n\n<p>Afim de contribuir com a melhora da sa\u00fade, bem-estar, seguran\u00e7a, produtividade e qualidade, estamos trazendo informa\u00e7\u00f5es importantes sobre sa\u00fade e Ergonomia no Trabalho.<\/p>\n\n\n\n<p>O modo como os indiv\u00edduos e suas ferramentas est\u00e3o alocados em seus postos de trabalho, nos ajudam a reconhecer e prevenir problemas de sa\u00fade relacionados. \u201cDe acordo com as condi\u00e7\u00f5es em que as tarefas s\u00e3o desempenhadas e o tempo no qual o homem permanece na mesma posi\u00e7\u00e3o, podem surgir problemas como desconforto e fadiga. Esfor\u00e7os repetitivos e postura inadequada causam les\u00f5es e, para evit\u00e1-las, \u00e9 necess\u00e1rio analisar a adequa\u00e7\u00e3o do trabalho ao ser humano. Essa an\u00e1lise \u00e9 o cerne da cria\u00e7\u00e3o da ergonomia\u201d. (BOLETTI,2015)<br><\/p>\n\n\n\n<p>\tDe acordo com Iida (2005), a ergonomia \u201cprocura reduzir as suas consequ\u00eancias nocivas sobre o trabalhador. Assim, ela busca reduzir a fadiga, estresse, erros e acidentes, proporcionando seguran\u00e7a, satisfa\u00e7\u00e3o e sa\u00fade aos trabalhadores, durante o seu relacionamento com esse sistema produtivo\u201d. Assim como, \u201cboas condi\u00e7\u00f5es de trabalho, tem o intuito de tornar o indiv\u00edduo mais produtivo por meio do ambiente que o cerca, com menor exig\u00eancia e, por consequ\u00eancia, menor desgaste e um maior resultado (BARBOSA FILHO, 2010)<br><\/p>\n\n\n\n<p>Os ergonomistas contribuem para o planejamento, o projeto e a avalia\u00e7\u00e3o de tarefas, organiza\u00e7\u00e3o dos postos de trabalho, produtos e ambientes para torn\u00e1-los compat\u00edveis com as necessidades, as habilidades e as limita\u00e7\u00f5es dos trabalhadores.<br><\/p>\n\n\n\n<p>Segundo a equipe de Ergonomia Ergonomia\/Nust\/CST\/Direh (FIOCRUZ).&nbsp; \u201cA necessidade de mudan\u00e7as de mobili\u00e1rio vem sendo identificada em todas as Avalia\u00e7\u00f5es Ergon\u00f4micas do Trabalho (AET) desenvolvidas pela equipe de Ergonomia\/Nust\/CST\/Direh, desde o ano de 2001. Este \u00e9 o segundo motivo mais recorrente de demandas recebidas, superado somente por aquelas relacionadas \u00e0s queixas de acometimentos do sistema osteomuscular e do tecido conjuntivo, de acordo com as estat\u00edsticas da Ergonomia\/Nust\u201d.&nbsp;<br><\/p>\n\n\n\n<p>Muitas organiza\u00e7\u00f5es n\u00e3o disp\u00f5e das verbas para reorganiza\u00e7\u00e3o global, mas para isso, uma boa avalia\u00e7\u00e3o ergon\u00f4mica nos postos de trabalho com orienta\u00e7\u00f5es simples como posi\u00e7\u00f5es do teclado, monitor, cadeiras, entre outros aspectos, podem proporcionar excelentes resultados.<br><\/p>\n\n\n\n<p>&nbsp;A nossa equipe de professores de ginastica laboral, auxiliam os trabalhadores com dicas e orienta\u00e7\u00f5es por interm\u00e9dio das blitz posturais e ergon\u00f4micas e o resultado \u00e9 bastante satisfat\u00f3rio para as Empresas; identificamos e corrigimos posturas inadequadas, v\u00edcios posturais e o mau posicionamento dos trabalhadores e objetos em seus postos.<br><\/p>\n\n\n\n<p><strong>\u00c9 muito importante estar atento \u00e0s condi\u00e7\u00f5es de trabalho (ergonomia), \u00e0s poss\u00edveis queixas de dor e desconfortos gerados por movimentos repetitivos e posturas est\u00e1tica:<\/strong><br><\/p>\n\n\n\n<p>&#8211; Verifique o posicionamento dos mobili\u00e1rios como cadeiras, mesas, monitores de v\u00eddeo e notebooks.&nbsp;<\/p>\n\n\n\n<p>&#8211; Adote uma boa postura de trabalho, com pesco\u00e7o alinhado, de forma que a coluna permane\u00e7a reta, os antebra\u00e7os sempre apoiados, com os cotovelos pr\u00f3ximos do tronco e deve haver bom espa\u00e7amento entre as pernas na posi\u00e7\u00e3o sentada.<\/p>\n\n\n\n<p>&#8211; Estabele\u00e7a pausas de 10 minutos a cada hora trabalhada, aproveite para fazer exerc\u00edcios de alongamentos, tomar \u00e1gua e ir ao banheiro.&nbsp;<\/p>\n\n\n\n<p>\u00a0Para ajud\u00e1-los a melhorar a postura e ergonomia no trabalho confira os guias abaixo:   <\/p>\n\n\n\n<ul class=\"wp-block-list\"><li><a href=\"https:\/\/www.corpoacao.com.br\/guia-notebook\/\">Guia de Postura no Notebook<\/a><\/li><li><a href=\"https:\/\/www.corpoacao.com.br\/guia-postura-mesa-de-trabalho\/\">Guia de Postura na Esta\u00e7\u00e3o de Trabalho<\/a><\/li><\/ul>\n\n\n\n<p><br><\/p>\n","protected":false},"excerpt":{"rendered":"<p>Nos \u00faltimos anos, e principalmente no cen\u00e1rio atual que estamos vivendo, a ocupa\u00e7\u00e3o profissional do homem passou por mudan\u00e7as significativas. Um dos aspectos observados trata-se de uma mudan\u00e7a organizacional que envolve o homem, a sa\u00fade e o ambiente de trabalho.\u00a0 Afim de contribuir com a melhora da sa\u00fade, bem-estar, seguran\u00e7a, produtividade e qualidade, estamos trazendo [&hellip;]<\/p>\n","protected":false},"author":1,"featured_media":1328,"comment_status":"open","ping_status":"open","sticky":false,"template":"","format":"standard","meta":{"_joinchat":[],"footnotes":""},"categories":[1],"tags":[],"class_list":["post-1327","post","type-post","status-publish","format-standard","has-post-thumbnail","hentry","category-sem-categoria"],"yoast_head":"<!-- This site is optimized with the Yoast SEO Premium plugin v20.8 (Yoast SEO v27.4) - https:\/\/yoast.com\/product\/yoast-seo-premium-wordpress\/ -->\n<title>Sa\u00fade e Ergonomia no Trabalho - Corpo em A\u00e7\u00e3o<\/title>\n<meta name=\"robots\" content=\"index, follow, max-snippet:-1, max-image-preview:large, max-video-preview:-1\" \/>\n<link rel=\"canonical\" href=\"https:\/\/corpoacao.com.br\/blog\/saude-e-ergonomia-no-trabalho\/\" \/>\n<meta property=\"og:locale\" content=\"pt_BR\" \/>\n<meta property=\"og:type\" content=\"article\" \/>\n<meta property=\"og:title\" content=\"Sa\u00fade e Ergonomia no Trabalho\" \/>\n<meta property=\"og:description\" content=\"Nos \u00faltimos anos, e principalmente no cen\u00e1rio atual que estamos vivendo, a ocupa\u00e7\u00e3o profissional do homem passou por mudan\u00e7as significativas. Um dos aspectos observados trata-se de uma mudan\u00e7a organizacional que envolve o homem, a sa\u00fade e o ambiente de trabalho.\u00a0 Afim de contribuir com a melhora da sa\u00fade, bem-estar, seguran\u00e7a, produtividade e qualidade, estamos trazendo [&hellip;]\" \/>\n<meta property=\"og:url\" content=\"https:\/\/corpoacao.com.br\/blog\/saude-e-ergonomia-no-trabalho\/\" \/>\n<meta property=\"og:site_name\" content=\"Corpo em A\u00e7\u00e3o\" \/>\n<meta property=\"article:publisher\" content=\"https:\/\/www.facebook.com\/corpoemacao.poa\/\" \/>\n<meta property=\"article:published_time\" content=\"2022-01-24T01:44:28+00:00\" \/>\n<meta property=\"article:modified_time\" content=\"2022-01-24T01:45:27+00:00\" \/>\n<meta property=\"og:image\" content=\"https:\/\/corpoacao.com.br\/blog\/wp-content\/uploads\/2022\/01\/guias.jpg\" \/>\n\t<meta property=\"og:image:width\" content=\"588\" \/>\n\t<meta property=\"og:image:height\" content=\"430\" \/>\n\t<meta property=\"og:image:type\" content=\"image\/jpeg\" \/>\n<meta name=\"author\" content=\"Morgana Lovato Cantarelli\" \/>\n<meta name=\"twitter:card\" content=\"summary_large_image\" \/>\n<meta name=\"twitter:label1\" content=\"Escrito por\" \/>\n\t<meta name=\"twitter:data1\" content=\"Morgana Lovato Cantarelli\" \/>\n\t<meta name=\"twitter:label2\" content=\"Est. tempo de leitura\" \/>\n\t<meta name=\"twitter:data2\" content=\"3 minutos\" \/>\n<script type=\"application\/ld+json\" class=\"yoast-schema-graph\">{\"@context\":\"https:\\\/\\\/schema.org\",\"@graph\":[{\"@type\":\"Article\",\"@id\":\"https:\\\/\\\/corpoacao.com.br\\\/blog\\\/saude-e-ergonomia-no-trabalho\\\/#article\",\"isPartOf\":{\"@id\":\"https:\\\/\\\/corpoacao.com.br\\\/blog\\\/saude-e-ergonomia-no-trabalho\\\/\"},\"author\":{\"name\":\"Morgana Lovato Cantarelli\",\"@id\":\"https:\\\/\\\/corpoacao.com.br\\\/blog\\\/#\\\/schema\\\/person\\\/8511fda2e04a521379dee132a34c889e\"},\"headline\":\"Sa\u00fade e Ergonomia no Trabalho\",\"datePublished\":\"2022-01-24T01:44:28+00:00\",\"dateModified\":\"2022-01-24T01:45:27+00:00\",\"mainEntityOfPage\":{\"@id\":\"https:\\\/\\\/corpoacao.com.br\\\/blog\\\/saude-e-ergonomia-no-trabalho\\\/\"},\"wordCount\":612,\"commentCount\":0,\"publisher\":{\"@id\":\"https:\\\/\\\/corpoacao.com.br\\\/blog\\\/#organization\"},\"image\":{\"@id\":\"https:\\\/\\\/corpoacao.com.br\\\/blog\\\/saude-e-ergonomia-no-trabalho\\\/#primaryimage\"},\"thumbnailUrl\":\"https:\\\/\\\/corpoacao.com.br\\\/blog\\\/wp-content\\\/uploads\\\/2022\\\/01\\\/guias.jpg\",\"inLanguage\":\"pt-BR\",\"potentialAction\":[{\"@type\":\"CommentAction\",\"name\":\"Comment\",\"target\":[\"https:\\\/\\\/corpoacao.com.br\\\/blog\\\/saude-e-ergonomia-no-trabalho\\\/#respond\"]}]},{\"@type\":\"WebPage\",\"@id\":\"https:\\\/\\\/corpoacao.com.br\\\/blog\\\/saude-e-ergonomia-no-trabalho\\\/\",\"url\":\"https:\\\/\\\/corpoacao.com.br\\\/blog\\\/saude-e-ergonomia-no-trabalho\\\/\",\"name\":\"Sa\u00fade e Ergonomia no Trabalho - Corpo em A\u00e7\u00e3o\",\"isPartOf\":{\"@id\":\"https:\\\/\\\/corpoacao.com.br\\\/blog\\\/#website\"},\"primaryImageOfPage\":{\"@id\":\"https:\\\/\\\/corpoacao.com.br\\\/blog\\\/saude-e-ergonomia-no-trabalho\\\/#primaryimage\"},\"image\":{\"@id\":\"https:\\\/\\\/corpoacao.com.br\\\/blog\\\/saude-e-ergonomia-no-trabalho\\\/#primaryimage\"},\"thumbnailUrl\":\"https:\\\/\\\/corpoacao.com.br\\\/blog\\\/wp-content\\\/uploads\\\/2022\\\/01\\\/guias.jpg\",\"datePublished\":\"2022-01-24T01:44:28+00:00\",\"dateModified\":\"2022-01-24T01:45:27+00:00\",\"breadcrumb\":{\"@id\":\"https:\\\/\\\/corpoacao.com.br\\\/blog\\\/saude-e-ergonomia-no-trabalho\\\/#breadcrumb\"},\"inLanguage\":\"pt-BR\",\"potentialAction\":[{\"@type\":\"ReadAction\",\"target\":[\"https:\\\/\\\/corpoacao.com.br\\\/blog\\\/saude-e-ergonomia-no-trabalho\\\/\"]}]},{\"@type\":\"ImageObject\",\"inLanguage\":\"pt-BR\",\"@id\":\"https:\\\/\\\/corpoacao.com.br\\\/blog\\\/saude-e-ergonomia-no-trabalho\\\/#primaryimage\",\"url\":\"https:\\\/\\\/corpoacao.com.br\\\/blog\\\/wp-content\\\/uploads\\\/2022\\\/01\\\/guias.jpg\",\"contentUrl\":\"https:\\\/\\\/corpoacao.com.br\\\/blog\\\/wp-content\\\/uploads\\\/2022\\\/01\\\/guias.jpg\",\"width\":588,\"height\":430},{\"@type\":\"BreadcrumbList\",\"@id\":\"https:\\\/\\\/corpoacao.com.br\\\/blog\\\/saude-e-ergonomia-no-trabalho\\\/#breadcrumb\",\"itemListElement\":[{\"@type\":\"ListItem\",\"position\":1,\"name\":\"Home\",\"item\":\"https:\\\/\\\/corpoacao.com.br\\\/blog\\\/\"},{\"@type\":\"ListItem\",\"position\":2,\"name\":\"Sa\u00fade e Ergonomia no Trabalho\"}]},{\"@type\":\"WebSite\",\"@id\":\"https:\\\/\\\/corpoacao.com.br\\\/blog\\\/#website\",\"url\":\"https:\\\/\\\/corpoacao.com.br\\\/blog\\\/\",\"name\":\"Corpo em A\u00e7\u00e3o\",\"description\":\"Blog Ergonomia e qualidade de vida no ambiente de trabalho\",\"publisher\":{\"@id\":\"https:\\\/\\\/corpoacao.com.br\\\/blog\\\/#organization\"},\"potentialAction\":[{\"@type\":\"SearchAction\",\"target\":{\"@type\":\"EntryPoint\",\"urlTemplate\":\"https:\\\/\\\/corpoacao.com.br\\\/blog\\\/?s={search_term_string}\"},\"query-input\":{\"@type\":\"PropertyValueSpecification\",\"valueRequired\":true,\"valueName\":\"search_term_string\"}}],\"inLanguage\":\"pt-BR\"},{\"@type\":\"Organization\",\"@id\":\"https:\\\/\\\/corpoacao.com.br\\\/blog\\\/#organization\",\"name\":\"Corpo em A\u00e7\u00e3o\",\"url\":\"https:\\\/\\\/corpoacao.com.br\\\/blog\\\/\",\"logo\":{\"@type\":\"ImageObject\",\"inLanguage\":\"pt-BR\",\"@id\":\"https:\\\/\\\/corpoacao.com.br\\\/blog\\\/#\\\/schema\\\/logo\\\/image\\\/\",\"url\":\"https:\\\/\\\/corpoacao.com.br\\\/blog\\\/wp-content\\\/uploads\\\/2023\\\/04\\\/ginastica-laboral.png\",\"contentUrl\":\"https:\\\/\\\/corpoacao.com.br\\\/blog\\\/wp-content\\\/uploads\\\/2023\\\/04\\\/ginastica-laboral.png\",\"width\":185,\"height\":128,\"caption\":\"Corpo em A\u00e7\u00e3o\"},\"image\":{\"@id\":\"https:\\\/\\\/corpoacao.com.br\\\/blog\\\/#\\\/schema\\\/logo\\\/image\\\/\"},\"sameAs\":[\"https:\\\/\\\/www.facebook.com\\\/corpoemacao.poa\\\/\",\"https:\\\/\\\/www.instagram.com\\\/corpoemacaopoa\\\/\"]},{\"@type\":\"Person\",\"@id\":\"https:\\\/\\\/corpoacao.com.br\\\/blog\\\/#\\\/schema\\\/person\\\/8511fda2e04a521379dee132a34c889e\",\"name\":\"Morgana Lovato Cantarelli\",\"image\":{\"@type\":\"ImageObject\",\"inLanguage\":\"pt-BR\",\"@id\":\"https:\\\/\\\/secure.gravatar.com\\\/avatar\\\/7a246dbb5756847be4e8d937d3645cb75b1afbf687c106886d0b09172c1ee291?s=96&d=mm&r=g\",\"url\":\"https:\\\/\\\/secure.gravatar.com\\\/avatar\\\/7a246dbb5756847be4e8d937d3645cb75b1afbf687c106886d0b09172c1ee291?s=96&d=mm&r=g\",\"contentUrl\":\"https:\\\/\\\/secure.gravatar.com\\\/avatar\\\/7a246dbb5756847be4e8d937d3645cb75b1afbf687c106886d0b09172c1ee291?s=96&d=mm&r=g\",\"caption\":\"Morgana Lovato Cantarelli\"},\"description\":\"Propriet\u00e1ria da Empresa Corpo em A\u00e7\u00e3o , educadora f\u00edsica formada no IPA (1991), especializada em pedagogia do treinamento desportivo, especializada em pilates, palestrante, professora de massoterapia e Estado do Rio Grande do Sul\",\"url\":\"https:\\\/\\\/corpoacao.com.br\\\/blog\\\/author\\\/admin\\\/\"}]}<\/script>\n<!-- \/ Yoast SEO Premium plugin. -->","yoast_head_json":{"title":"Sa\u00fade e Ergonomia no Trabalho - Corpo em A\u00e7\u00e3o","robots":{"index":"index","follow":"follow","max-snippet":"max-snippet:-1","max-image-preview":"max-image-preview:large","max-video-preview":"max-video-preview:-1"},"canonical":"https:\/\/corpoacao.com.br\/blog\/saude-e-ergonomia-no-trabalho\/","og_locale":"pt_BR","og_type":"article","og_title":"Sa\u00fade e Ergonomia no Trabalho","og_description":"Nos \u00faltimos anos, e principalmente no cen\u00e1rio atual que estamos vivendo, a ocupa\u00e7\u00e3o profissional do homem passou por mudan\u00e7as significativas. Um dos aspectos observados trata-se de uma mudan\u00e7a organizacional que envolve o homem, a sa\u00fade e o ambiente de trabalho.\u00a0 Afim de contribuir com a melhora da sa\u00fade, bem-estar, seguran\u00e7a, produtividade e qualidade, estamos trazendo [&hellip;]","og_url":"https:\/\/corpoacao.com.br\/blog\/saude-e-ergonomia-no-trabalho\/","og_site_name":"Corpo em A\u00e7\u00e3o","article_publisher":"https:\/\/www.facebook.com\/corpoemacao.poa\/","article_published_time":"2022-01-24T01:44:28+00:00","article_modified_time":"2022-01-24T01:45:27+00:00","og_image":[{"width":588,"height":430,"url":"https:\/\/corpoacao.com.br\/blog\/wp-content\/uploads\/2022\/01\/guias.jpg","type":"image\/jpeg"}],"author":"Morgana Lovato Cantarelli","twitter_card":"summary_large_image","twitter_misc":{"Escrito por":"Morgana Lovato Cantarelli","Est. tempo de leitura":"3 minutos"},"schema":{"@context":"https:\/\/schema.org","@graph":[{"@type":"Article","@id":"https:\/\/corpoacao.com.br\/blog\/saude-e-ergonomia-no-trabalho\/#article","isPartOf":{"@id":"https:\/\/corpoacao.com.br\/blog\/saude-e-ergonomia-no-trabalho\/"},"author":{"name":"Morgana Lovato Cantarelli","@id":"https:\/\/corpoacao.com.br\/blog\/#\/schema\/person\/8511fda2e04a521379dee132a34c889e"},"headline":"Sa\u00fade e Ergonomia no Trabalho","datePublished":"2022-01-24T01:44:28+00:00","dateModified":"2022-01-24T01:45:27+00:00","mainEntityOfPage":{"@id":"https:\/\/corpoacao.com.br\/blog\/saude-e-ergonomia-no-trabalho\/"},"wordCount":612,"commentCount":0,"publisher":{"@id":"https:\/\/corpoacao.com.br\/blog\/#organization"},"image":{"@id":"https:\/\/corpoacao.com.br\/blog\/saude-e-ergonomia-no-trabalho\/#primaryimage"},"thumbnailUrl":"https:\/\/corpoacao.com.br\/blog\/wp-content\/uploads\/2022\/01\/guias.jpg","inLanguage":"pt-BR","potentialAction":[{"@type":"CommentAction","name":"Comment","target":["https:\/\/corpoacao.com.br\/blog\/saude-e-ergonomia-no-trabalho\/#respond"]}]},{"@type":"WebPage","@id":"https:\/\/corpoacao.com.br\/blog\/saude-e-ergonomia-no-trabalho\/","url":"https:\/\/corpoacao.com.br\/blog\/saude-e-ergonomia-no-trabalho\/","name":"Sa\u00fade e Ergonomia no Trabalho - Corpo em A\u00e7\u00e3o","isPartOf":{"@id":"https:\/\/corpoacao.com.br\/blog\/#website"},"primaryImageOfPage":{"@id":"https:\/\/corpoacao.com.br\/blog\/saude-e-ergonomia-no-trabalho\/#primaryimage"},"image":{"@id":"https:\/\/corpoacao.com.br\/blog\/saude-e-ergonomia-no-trabalho\/#primaryimage"},"thumbnailUrl":"https:\/\/corpoacao.com.br\/blog\/wp-content\/uploads\/2022\/01\/guias.jpg","datePublished":"2022-01-24T01:44:28+00:00","dateModified":"2022-01-24T01:45:27+00:00","breadcrumb":{"@id":"https:\/\/corpoacao.com.br\/blog\/saude-e-ergonomia-no-trabalho\/#breadcrumb"},"inLanguage":"pt-BR","potentialAction":[{"@type":"ReadAction","target":["https:\/\/corpoacao.com.br\/blog\/saude-e-ergonomia-no-trabalho\/"]}]},{"@type":"ImageObject","inLanguage":"pt-BR","@id":"https:\/\/corpoacao.com.br\/blog\/saude-e-ergonomia-no-trabalho\/#primaryimage","url":"https:\/\/corpoacao.com.br\/blog\/wp-content\/uploads\/2022\/01\/guias.jpg","contentUrl":"https:\/\/corpoacao.com.br\/blog\/wp-content\/uploads\/2022\/01\/guias.jpg","width":588,"height":430},{"@type":"BreadcrumbList","@id":"https:\/\/corpoacao.com.br\/blog\/saude-e-ergonomia-no-trabalho\/#breadcrumb","itemListElement":[{"@type":"ListItem","position":1,"name":"Home","item":"https:\/\/corpoacao.com.br\/blog\/"},{"@type":"ListItem","position":2,"name":"Sa\u00fade e Ergonomia no Trabalho"}]},{"@type":"WebSite","@id":"https:\/\/corpoacao.com.br\/blog\/#website","url":"https:\/\/corpoacao.com.br\/blog\/","name":"Corpo em A\u00e7\u00e3o","description":"Blog Ergonomia e qualidade de vida no ambiente de trabalho","publisher":{"@id":"https:\/\/corpoacao.com.br\/blog\/#organization"},"potentialAction":[{"@type":"SearchAction","target":{"@type":"EntryPoint","urlTemplate":"https:\/\/corpoacao.com.br\/blog\/?s={search_term_string}"},"query-input":{"@type":"PropertyValueSpecification","valueRequired":true,"valueName":"search_term_string"}}],"inLanguage":"pt-BR"},{"@type":"Organization","@id":"https:\/\/corpoacao.com.br\/blog\/#organization","name":"Corpo em A\u00e7\u00e3o","url":"https:\/\/corpoacao.com.br\/blog\/","logo":{"@type":"ImageObject","inLanguage":"pt-BR","@id":"https:\/\/corpoacao.com.br\/blog\/#\/schema\/logo\/image\/","url":"https:\/\/corpoacao.com.br\/blog\/wp-content\/uploads\/2023\/04\/ginastica-laboral.png","contentUrl":"https:\/\/corpoacao.com.br\/blog\/wp-content\/uploads\/2023\/04\/ginastica-laboral.png","width":185,"height":128,"caption":"Corpo em A\u00e7\u00e3o"},"image":{"@id":"https:\/\/corpoacao.com.br\/blog\/#\/schema\/logo\/image\/"},"sameAs":["https:\/\/www.facebook.com\/corpoemacao.poa\/","https:\/\/www.instagram.com\/corpoemacaopoa\/"]},{"@type":"Person","@id":"https:\/\/corpoacao.com.br\/blog\/#\/schema\/person\/8511fda2e04a521379dee132a34c889e","name":"Morgana Lovato Cantarelli","image":{"@type":"ImageObject","inLanguage":"pt-BR","@id":"https:\/\/secure.gravatar.com\/avatar\/7a246dbb5756847be4e8d937d3645cb75b1afbf687c106886d0b09172c1ee291?s=96&d=mm&r=g","url":"https:\/\/secure.gravatar.com\/avatar\/7a246dbb5756847be4e8d937d3645cb75b1afbf687c106886d0b09172c1ee291?s=96&d=mm&r=g","contentUrl":"https:\/\/secure.gravatar.com\/avatar\/7a246dbb5756847be4e8d937d3645cb75b1afbf687c106886d0b09172c1ee291?s=96&d=mm&r=g","caption":"Morgana Lovato Cantarelli"},"description":"Propriet\u00e1ria da Empresa Corpo em A\u00e7\u00e3o , educadora f\u00edsica formada no IPA (1991), especializada em pedagogia do treinamento desportivo, especializada em pilates, palestrante, professora de massoterapia e Estado do Rio Grande do Sul","url":"https:\/\/corpoacao.com.br\/blog\/author\/admin\/"}]}},"_links":{"self":[{"href":"https:\/\/corpoacao.com.br\/blog\/wp-json\/wp\/v2\/posts\/1327","targetHints":{"allow":["GET"]}}],"collection":[{"href":"https:\/\/corpoacao.com.br\/blog\/wp-json\/wp\/v2\/posts"}],"about":[{"href":"https:\/\/corpoacao.com.br\/blog\/wp-json\/wp\/v2\/types\/post"}],"author":[{"embeddable":true,"href":"https:\/\/corpoacao.com.br\/blog\/wp-json\/wp\/v2\/users\/1"}],"replies":[{"embeddable":true,"href":"https:\/\/corpoacao.com.br\/blog\/wp-json\/wp\/v2\/comments?post=1327"}],"version-history":[{"count":1,"href":"https:\/\/corpoacao.com.br\/blog\/wp-json\/wp\/v2\/posts\/1327\/revisions"}],"predecessor-version":[{"id":1329,"href":"https:\/\/corpoacao.com.br\/blog\/wp-json\/wp\/v2\/posts\/1327\/revisions\/1329"}],"wp:featuredmedia":[{"embeddable":true,"href":"https:\/\/corpoacao.com.br\/blog\/wp-json\/wp\/v2\/media\/1328"}],"wp:attachment":[{"href":"https:\/\/corpoacao.com.br\/blog\/wp-json\/wp\/v2\/media?parent=1327"}],"wp:term":[{"taxonomy":"category","embeddable":true,"href":"https:\/\/corpoacao.com.br\/blog\/wp-json\/wp\/v2\/categories?post=1327"},{"taxonomy":"post_tag","embeddable":true,"href":"https:\/\/corpoacao.com.br\/blog\/wp-json\/wp\/v2\/tags?post=1327"}],"curies":[{"name":"wp","href":"https:\/\/api.w.org\/{rel}","templated":true}]}}