{"id":1361,"date":"2022-03-14T07:59:45","date_gmt":"2022-03-14T10:59:45","guid":{"rendered":"https:\/\/www.corpoacao.com.br\/blog\/?p=1361"},"modified":"2022-03-14T08:48:05","modified_gmt":"2022-03-14T11:48:05","slug":"sindrome-de-burnout-a-sindrome-do-esgotamento-profissional","status":"publish","type":"post","link":"https:\/\/corpoacao.com.br\/blog\/sindrome-de-burnout-a-sindrome-do-esgotamento-profissional\/","title":{"rendered":"S\u00edndrome de Burnout A S\u00edndrome do Esgotamento Profissional"},"content":{"rendered":"\n<p>Voltamos a falar da S\u00edndrome\nde Burnout aqui no nosso canal. <\/p>\n\n\n\n<p>O\nproblema \u00e9 reconhecido pela OMS e faz cada vez mais v\u00edtimas.<\/p>\n\n\n\n<p>A s\u00edndrome do esgotamento profissional entra na lista oficial da Organiza\u00e7\u00e3o Mundial da Sa\u00fade (OMS) como um \u201cfen\u00f4meno ocupacional \u201cem meio a uma alta de diagn\u00f3sticos.<\/p>\n\n\n\n<figure class=\"wp-block-image\"><img fetchpriority=\"high\" decoding=\"async\" width=\"1024\" height=\"1024\" src=\"https:\/\/corpoacao.com.br\/blog\/wp-content\/uploads\/2022\/03\/corpo-acao-3-1024x1024.png\" alt=\"\" class=\"wp-image-1365\" srcset=\"https:\/\/corpoacao.com.br\/blog\/wp-content\/uploads\/2022\/03\/corpo-acao-3-1024x1024.png 1024w, https:\/\/corpoacao.com.br\/blog\/wp-content\/uploads\/2022\/03\/corpo-acao-3-150x150.png 150w, https:\/\/corpoacao.com.br\/blog\/wp-content\/uploads\/2022\/03\/corpo-acao-3-300x300.png 300w, https:\/\/corpoacao.com.br\/blog\/wp-content\/uploads\/2022\/03\/corpo-acao-3-768x768.png 768w, https:\/\/corpoacao.com.br\/blog\/wp-content\/uploads\/2022\/03\/corpo-acao-3.png 1080w\" sizes=\"(max-width: 1024px) 100vw, 1024px\" \/><\/figure>\n\n\n\n<p>Cansa\u00e7o que n\u00e3o passa, falta\nde vontade e irritabilidade, d\u00e9ficit de mem\u00f3ria e at\u00e9 dores podem ser sinais de\nburnout.&nbsp;<\/p>\n\n\n\n<p>Na CID-11, que passou a\nvigorar em janeiro de 2022, ele ganha oficialmente o entendimento mais aceito\npelos especialistas, o de um esgotamento que \u00e9 fruto do \u201cestresse cr\u00f4nico no\nlocal de trabalho\u201d. <\/p>\n\n\n\n<p>Embora conste na nova CID, o\nburnout ainda n\u00e3o tem status de doen\u00e7a. A OMS prefere situ\u00e1-lo como \u201cfen\u00f4meno\nocupacional\u201d ou uma s\u00edndrome, palavra que, na terminologia m\u00e9dica, se refere a\num conjunto de sintomas, sejam eles f\u00edsicos, ps\u00edquicos ou emocionais. <\/p>\n\n\n\n<p><strong>Segundo\nespecialistas, Burnout n\u00e3o \u00e9 um mero cansa\u00e7o: <\/strong><\/p>\n\n\n\n<p>Casa\u00e7o:&nbsp; \u00e9 um estado de fraqueza ou indisposi\u00e7\u00e3o\ndepois de um esfor\u00e7o f\u00edsico ou mental. <\/p>\n\n\n\n<p>Fadiga: \u00e9&nbsp;uma sensa\u00e7\u00e3o de\ncansa\u00e7o persistente que costuma indicar uma doen\u00e7a como anemia, fibromialgia,\ndepress\u00e3o e outras. Esses sintomas precisam de mais aten\u00e7\u00e3o e cuidados, sendo\nnecess\u00e1rio um diagn\u00f3stico m\u00e9dico para tratar o problema, no caso. <\/p>\n\n\n\n<p><strong>CUIDADOS\nIMPORTANTES PARA PREVENIR:<\/strong><\/p>\n\n\n\n<p>Segundo a&nbsp; advogada L\u00facia Chamone, presidente da\nComiss\u00e3o de Direito \u00e0 Sa\u00fade Mental da Ordem dos Advogados do Brasil (OAB\/MG), \u201c\num trabalhador mentalmente saud\u00e1vel vive e produz mais e melhor. Isso \u00e9 bom\npara o empregado, para o empregador e para a sociedade\u201d.<\/p>\n\n\n\n<p>A psic\u00f3loga do Trabalho, Sandra Rego,&nbsp;destaca que a pessoa\nque sofre com a S\u00edndrome de Burnout deve refletir sobre o autocuidado: &#8220;o\nque estou fazendo comigo mesmo?&#8221;<\/p>\n\n\n\n<p>Para melhorar o transtorno, a psic\u00f3loga indica:<\/p>\n\n\n\n<ul class=\"wp-block-list\"><li>Buscar ajuda psicol\u00f3gica para resgatar a autoestima\/autoconfian\u00e7a;<\/li><li>Fazer atividades prazerosas e de relaxamento. Ex: contato com a natureza;<\/li><li>Praticar atividades f\u00edsicas;<\/li><li>Alimenta\u00e7\u00e3o balanceada;<\/li><li>Melhorar a qualidade do sono;<\/li><li>Conv\u00edvio com amigos e familiares.<\/li><\/ul>\n\n\n\n<p>Adotar pr\u00e1ticas de preven\u00e7\u00e3o \u00e9 fundamental para reduzir o absente\u00edsmo e aumentar a produtividade. Empresas que investem em Programas de Promo\u00e7\u00e3o da Sa\u00fade F\u00edsica e Mental demonstram comprometimento com o futuro. <\/p>\n\n\n\n<p>\n\nFonte:   https:\/\/www.migalhas.com.br\/quentes\/357883\/oms-reconhece-burnout-como-doenca-do-trabalho-o-que-muda  \n\n<\/p>\n\n\n\n<figure class=\"wp-block-embed\"><div class=\"wp-block-embed__wrapper\">\nhttps:\/\/saude.abril.com.br\/mente-saudavel\/burnout-e-reconhecido-pela-oms\n<\/div><\/figure>\n\n\n\n<table class=\"wp-block-table\"><tbody><tr><td>\n  \n  <\/td><\/tr><\/tbody><\/table>\n","protected":false},"excerpt":{"rendered":"<p>Voltamos a falar da S\u00edndrome de Burnout aqui no nosso canal. O problema \u00e9 reconhecido pela OMS e faz cada vez mais v\u00edtimas. A s\u00edndrome do esgotamento profissional entra na lista oficial da Organiza\u00e7\u00e3o Mundial da Sa\u00fade (OMS) como um \u201cfen\u00f4meno ocupacional \u201cem meio a uma alta de diagn\u00f3sticos. Cansa\u00e7o que n\u00e3o passa, falta de [&hellip;]<\/p>\n","protected":false},"author":1,"featured_media":1362,"comment_status":"open","ping_status":"open","sticky":false,"template":"","format":"standard","meta":{"_joinchat":[],"footnotes":""},"categories":[1],"tags":[],"class_list":["post-1361","post","type-post","status-publish","format-standard","has-post-thumbnail","hentry","category-sem-categoria"],"yoast_head":"<!-- This site is optimized with the Yoast SEO Premium plugin v20.8 (Yoast SEO v27.4) - https:\/\/yoast.com\/product\/yoast-seo-premium-wordpress\/ -->\n<title>S\u00edndrome de Burnout A S\u00edndrome do Esgotamento Profissional - Corpo em A\u00e7\u00e3o<\/title>\n<meta name=\"robots\" content=\"index, follow, max-snippet:-1, max-image-preview:large, max-video-preview:-1\" \/>\n<link rel=\"canonical\" href=\"https:\/\/corpoacao.com.br\/blog\/sindrome-de-burnout-a-sindrome-do-esgotamento-profissional\/\" \/>\n<meta property=\"og:locale\" content=\"pt_BR\" \/>\n<meta property=\"og:type\" content=\"article\" \/>\n<meta property=\"og:title\" content=\"S\u00edndrome de Burnout A S\u00edndrome do Esgotamento Profissional\" \/>\n<meta property=\"og:description\" content=\"Voltamos a falar da S\u00edndrome de Burnout aqui no nosso canal. O problema \u00e9 reconhecido pela OMS e faz cada vez mais v\u00edtimas. A s\u00edndrome do esgotamento profissional entra na lista oficial da Organiza\u00e7\u00e3o Mundial da Sa\u00fade (OMS) como um \u201cfen\u00f4meno ocupacional \u201cem meio a uma alta de diagn\u00f3sticos. Cansa\u00e7o que n\u00e3o passa, falta de [&hellip;]\" \/>\n<meta property=\"og:url\" content=\"https:\/\/corpoacao.com.br\/blog\/sindrome-de-burnout-a-sindrome-do-esgotamento-profissional\/\" \/>\n<meta property=\"og:site_name\" content=\"Corpo em A\u00e7\u00e3o\" \/>\n<meta property=\"article:publisher\" content=\"https:\/\/www.facebook.com\/corpoemacao.poa\/\" \/>\n<meta property=\"article:published_time\" content=\"2022-03-14T10:59:45+00:00\" \/>\n<meta property=\"article:modified_time\" content=\"2022-03-14T11:48:05+00:00\" \/>\n<meta property=\"og:image\" content=\"https:\/\/corpoacao.com.br\/blog\/wp-content\/uploads\/2022\/03\/burnout.jpg\" \/>\n\t<meta property=\"og:image:width\" content=\"810\" \/>\n\t<meta property=\"og:image:height\" content=\"500\" \/>\n\t<meta property=\"og:image:type\" content=\"image\/jpeg\" \/>\n<meta name=\"author\" content=\"Morgana Lovato Cantarelli\" \/>\n<meta name=\"twitter:card\" content=\"summary_large_image\" \/>\n<meta name=\"twitter:label1\" content=\"Escrito por\" \/>\n\t<meta name=\"twitter:data1\" content=\"Morgana Lovato Cantarelli\" \/>\n\t<meta name=\"twitter:label2\" content=\"Est. tempo de leitura\" \/>\n\t<meta name=\"twitter:data2\" content=\"2 minutos\" \/>\n<script type=\"application\/ld+json\" class=\"yoast-schema-graph\">{\"@context\":\"https:\\\/\\\/schema.org\",\"@graph\":[{\"@type\":\"Article\",\"@id\":\"https:\\\/\\\/corpoacao.com.br\\\/blog\\\/sindrome-de-burnout-a-sindrome-do-esgotamento-profissional\\\/#article\",\"isPartOf\":{\"@id\":\"https:\\\/\\\/corpoacao.com.br\\\/blog\\\/sindrome-de-burnout-a-sindrome-do-esgotamento-profissional\\\/\"},\"author\":{\"name\":\"Morgana Lovato Cantarelli\",\"@id\":\"https:\\\/\\\/corpoacao.com.br\\\/blog\\\/#\\\/schema\\\/person\\\/8511fda2e04a521379dee132a34c889e\"},\"headline\":\"S\u00edndrome de Burnout A S\u00edndrome do Esgotamento Profissional\",\"datePublished\":\"2022-03-14T10:59:45+00:00\",\"dateModified\":\"2022-03-14T11:48:05+00:00\",\"mainEntityOfPage\":{\"@id\":\"https:\\\/\\\/corpoacao.com.br\\\/blog\\\/sindrome-de-burnout-a-sindrome-do-esgotamento-profissional\\\/\"},\"wordCount\":424,\"commentCount\":0,\"publisher\":{\"@id\":\"https:\\\/\\\/corpoacao.com.br\\\/blog\\\/#organization\"},\"image\":{\"@id\":\"https:\\\/\\\/corpoacao.com.br\\\/blog\\\/sindrome-de-burnout-a-sindrome-do-esgotamento-profissional\\\/#primaryimage\"},\"thumbnailUrl\":\"https:\\\/\\\/corpoacao.com.br\\\/blog\\\/wp-content\\\/uploads\\\/2022\\\/03\\\/burnout.jpg\",\"inLanguage\":\"pt-BR\",\"potentialAction\":[{\"@type\":\"CommentAction\",\"name\":\"Comment\",\"target\":[\"https:\\\/\\\/corpoacao.com.br\\\/blog\\\/sindrome-de-burnout-a-sindrome-do-esgotamento-profissional\\\/#respond\"]}]},{\"@type\":\"WebPage\",\"@id\":\"https:\\\/\\\/corpoacao.com.br\\\/blog\\\/sindrome-de-burnout-a-sindrome-do-esgotamento-profissional\\\/\",\"url\":\"https:\\\/\\\/corpoacao.com.br\\\/blog\\\/sindrome-de-burnout-a-sindrome-do-esgotamento-profissional\\\/\",\"name\":\"S\u00edndrome de Burnout A S\u00edndrome do Esgotamento Profissional - Corpo em A\u00e7\u00e3o\",\"isPartOf\":{\"@id\":\"https:\\\/\\\/corpoacao.com.br\\\/blog\\\/#website\"},\"primaryImageOfPage\":{\"@id\":\"https:\\\/\\\/corpoacao.com.br\\\/blog\\\/sindrome-de-burnout-a-sindrome-do-esgotamento-profissional\\\/#primaryimage\"},\"image\":{\"@id\":\"https:\\\/\\\/corpoacao.com.br\\\/blog\\\/sindrome-de-burnout-a-sindrome-do-esgotamento-profissional\\\/#primaryimage\"},\"thumbnailUrl\":\"https:\\\/\\\/corpoacao.com.br\\\/blog\\\/wp-content\\\/uploads\\\/2022\\\/03\\\/burnout.jpg\",\"datePublished\":\"2022-03-14T10:59:45+00:00\",\"dateModified\":\"2022-03-14T11:48:05+00:00\",\"breadcrumb\":{\"@id\":\"https:\\\/\\\/corpoacao.com.br\\\/blog\\\/sindrome-de-burnout-a-sindrome-do-esgotamento-profissional\\\/#breadcrumb\"},\"inLanguage\":\"pt-BR\",\"potentialAction\":[{\"@type\":\"ReadAction\",\"target\":[\"https:\\\/\\\/corpoacao.com.br\\\/blog\\\/sindrome-de-burnout-a-sindrome-do-esgotamento-profissional\\\/\"]}]},{\"@type\":\"ImageObject\",\"inLanguage\":\"pt-BR\",\"@id\":\"https:\\\/\\\/corpoacao.com.br\\\/blog\\\/sindrome-de-burnout-a-sindrome-do-esgotamento-profissional\\\/#primaryimage\",\"url\":\"https:\\\/\\\/corpoacao.com.br\\\/blog\\\/wp-content\\\/uploads\\\/2022\\\/03\\\/burnout.jpg\",\"contentUrl\":\"https:\\\/\\\/corpoacao.com.br\\\/blog\\\/wp-content\\\/uploads\\\/2022\\\/03\\\/burnout.jpg\",\"width\":810,\"height\":500},{\"@type\":\"BreadcrumbList\",\"@id\":\"https:\\\/\\\/corpoacao.com.br\\\/blog\\\/sindrome-de-burnout-a-sindrome-do-esgotamento-profissional\\\/#breadcrumb\",\"itemListElement\":[{\"@type\":\"ListItem\",\"position\":1,\"name\":\"Home\",\"item\":\"https:\\\/\\\/corpoacao.com.br\\\/blog\\\/\"},{\"@type\":\"ListItem\",\"position\":2,\"name\":\"S\u00edndrome de Burnout A S\u00edndrome do Esgotamento Profissional\"}]},{\"@type\":\"WebSite\",\"@id\":\"https:\\\/\\\/corpoacao.com.br\\\/blog\\\/#website\",\"url\":\"https:\\\/\\\/corpoacao.com.br\\\/blog\\\/\",\"name\":\"Corpo em A\u00e7\u00e3o\",\"description\":\"Blog Ergonomia e qualidade de vida no ambiente de trabalho\",\"publisher\":{\"@id\":\"https:\\\/\\\/corpoacao.com.br\\\/blog\\\/#organization\"},\"potentialAction\":[{\"@type\":\"SearchAction\",\"target\":{\"@type\":\"EntryPoint\",\"urlTemplate\":\"https:\\\/\\\/corpoacao.com.br\\\/blog\\\/?s={search_term_string}\"},\"query-input\":{\"@type\":\"PropertyValueSpecification\",\"valueRequired\":true,\"valueName\":\"search_term_string\"}}],\"inLanguage\":\"pt-BR\"},{\"@type\":\"Organization\",\"@id\":\"https:\\\/\\\/corpoacao.com.br\\\/blog\\\/#organization\",\"name\":\"Corpo em A\u00e7\u00e3o\",\"url\":\"https:\\\/\\\/corpoacao.com.br\\\/blog\\\/\",\"logo\":{\"@type\":\"ImageObject\",\"inLanguage\":\"pt-BR\",\"@id\":\"https:\\\/\\\/corpoacao.com.br\\\/blog\\\/#\\\/schema\\\/logo\\\/image\\\/\",\"url\":\"https:\\\/\\\/corpoacao.com.br\\\/blog\\\/wp-content\\\/uploads\\\/2023\\\/04\\\/ginastica-laboral.png\",\"contentUrl\":\"https:\\\/\\\/corpoacao.com.br\\\/blog\\\/wp-content\\\/uploads\\\/2023\\\/04\\\/ginastica-laboral.png\",\"width\":185,\"height\":128,\"caption\":\"Corpo em A\u00e7\u00e3o\"},\"image\":{\"@id\":\"https:\\\/\\\/corpoacao.com.br\\\/blog\\\/#\\\/schema\\\/logo\\\/image\\\/\"},\"sameAs\":[\"https:\\\/\\\/www.facebook.com\\\/corpoemacao.poa\\\/\",\"https:\\\/\\\/www.instagram.com\\\/corpoemacaopoa\\\/\"]},{\"@type\":\"Person\",\"@id\":\"https:\\\/\\\/corpoacao.com.br\\\/blog\\\/#\\\/schema\\\/person\\\/8511fda2e04a521379dee132a34c889e\",\"name\":\"Morgana Lovato Cantarelli\",\"image\":{\"@type\":\"ImageObject\",\"inLanguage\":\"pt-BR\",\"@id\":\"https:\\\/\\\/secure.gravatar.com\\\/avatar\\\/7a246dbb5756847be4e8d937d3645cb75b1afbf687c106886d0b09172c1ee291?s=96&d=mm&r=g\",\"url\":\"https:\\\/\\\/secure.gravatar.com\\\/avatar\\\/7a246dbb5756847be4e8d937d3645cb75b1afbf687c106886d0b09172c1ee291?s=96&d=mm&r=g\",\"contentUrl\":\"https:\\\/\\\/secure.gravatar.com\\\/avatar\\\/7a246dbb5756847be4e8d937d3645cb75b1afbf687c106886d0b09172c1ee291?s=96&d=mm&r=g\",\"caption\":\"Morgana Lovato Cantarelli\"},\"description\":\"Propriet\u00e1ria da Empresa Corpo em A\u00e7\u00e3o , educadora f\u00edsica formada no IPA (1991), especializada em pedagogia do treinamento desportivo, especializada em pilates, palestrante, professora de massoterapia e Estado do Rio Grande do Sul\",\"url\":\"https:\\\/\\\/corpoacao.com.br\\\/blog\\\/author\\\/admin\\\/\"}]}<\/script>\n<!-- \/ Yoast SEO Premium plugin. -->","yoast_head_json":{"title":"S\u00edndrome de Burnout A S\u00edndrome do Esgotamento Profissional - Corpo em A\u00e7\u00e3o","robots":{"index":"index","follow":"follow","max-snippet":"max-snippet:-1","max-image-preview":"max-image-preview:large","max-video-preview":"max-video-preview:-1"},"canonical":"https:\/\/corpoacao.com.br\/blog\/sindrome-de-burnout-a-sindrome-do-esgotamento-profissional\/","og_locale":"pt_BR","og_type":"article","og_title":"S\u00edndrome de Burnout A S\u00edndrome do Esgotamento Profissional","og_description":"Voltamos a falar da S\u00edndrome de Burnout aqui no nosso canal. O problema \u00e9 reconhecido pela OMS e faz cada vez mais v\u00edtimas. A s\u00edndrome do esgotamento profissional entra na lista oficial da Organiza\u00e7\u00e3o Mundial da Sa\u00fade (OMS) como um \u201cfen\u00f4meno ocupacional \u201cem meio a uma alta de diagn\u00f3sticos. Cansa\u00e7o que n\u00e3o passa, falta de [&hellip;]","og_url":"https:\/\/corpoacao.com.br\/blog\/sindrome-de-burnout-a-sindrome-do-esgotamento-profissional\/","og_site_name":"Corpo em A\u00e7\u00e3o","article_publisher":"https:\/\/www.facebook.com\/corpoemacao.poa\/","article_published_time":"2022-03-14T10:59:45+00:00","article_modified_time":"2022-03-14T11:48:05+00:00","og_image":[{"width":810,"height":500,"url":"https:\/\/corpoacao.com.br\/blog\/wp-content\/uploads\/2022\/03\/burnout.jpg","type":"image\/jpeg"}],"author":"Morgana Lovato Cantarelli","twitter_card":"summary_large_image","twitter_misc":{"Escrito por":"Morgana Lovato Cantarelli","Est. tempo de leitura":"2 minutos"},"schema":{"@context":"https:\/\/schema.org","@graph":[{"@type":"Article","@id":"https:\/\/corpoacao.com.br\/blog\/sindrome-de-burnout-a-sindrome-do-esgotamento-profissional\/#article","isPartOf":{"@id":"https:\/\/corpoacao.com.br\/blog\/sindrome-de-burnout-a-sindrome-do-esgotamento-profissional\/"},"author":{"name":"Morgana Lovato Cantarelli","@id":"https:\/\/corpoacao.com.br\/blog\/#\/schema\/person\/8511fda2e04a521379dee132a34c889e"},"headline":"S\u00edndrome de Burnout A S\u00edndrome do Esgotamento Profissional","datePublished":"2022-03-14T10:59:45+00:00","dateModified":"2022-03-14T11:48:05+00:00","mainEntityOfPage":{"@id":"https:\/\/corpoacao.com.br\/blog\/sindrome-de-burnout-a-sindrome-do-esgotamento-profissional\/"},"wordCount":424,"commentCount":0,"publisher":{"@id":"https:\/\/corpoacao.com.br\/blog\/#organization"},"image":{"@id":"https:\/\/corpoacao.com.br\/blog\/sindrome-de-burnout-a-sindrome-do-esgotamento-profissional\/#primaryimage"},"thumbnailUrl":"https:\/\/corpoacao.com.br\/blog\/wp-content\/uploads\/2022\/03\/burnout.jpg","inLanguage":"pt-BR","potentialAction":[{"@type":"CommentAction","name":"Comment","target":["https:\/\/corpoacao.com.br\/blog\/sindrome-de-burnout-a-sindrome-do-esgotamento-profissional\/#respond"]}]},{"@type":"WebPage","@id":"https:\/\/corpoacao.com.br\/blog\/sindrome-de-burnout-a-sindrome-do-esgotamento-profissional\/","url":"https:\/\/corpoacao.com.br\/blog\/sindrome-de-burnout-a-sindrome-do-esgotamento-profissional\/","name":"S\u00edndrome de Burnout A S\u00edndrome do Esgotamento Profissional - Corpo em A\u00e7\u00e3o","isPartOf":{"@id":"https:\/\/corpoacao.com.br\/blog\/#website"},"primaryImageOfPage":{"@id":"https:\/\/corpoacao.com.br\/blog\/sindrome-de-burnout-a-sindrome-do-esgotamento-profissional\/#primaryimage"},"image":{"@id":"https:\/\/corpoacao.com.br\/blog\/sindrome-de-burnout-a-sindrome-do-esgotamento-profissional\/#primaryimage"},"thumbnailUrl":"https:\/\/corpoacao.com.br\/blog\/wp-content\/uploads\/2022\/03\/burnout.jpg","datePublished":"2022-03-14T10:59:45+00:00","dateModified":"2022-03-14T11:48:05+00:00","breadcrumb":{"@id":"https:\/\/corpoacao.com.br\/blog\/sindrome-de-burnout-a-sindrome-do-esgotamento-profissional\/#breadcrumb"},"inLanguage":"pt-BR","potentialAction":[{"@type":"ReadAction","target":["https:\/\/corpoacao.com.br\/blog\/sindrome-de-burnout-a-sindrome-do-esgotamento-profissional\/"]}]},{"@type":"ImageObject","inLanguage":"pt-BR","@id":"https:\/\/corpoacao.com.br\/blog\/sindrome-de-burnout-a-sindrome-do-esgotamento-profissional\/#primaryimage","url":"https:\/\/corpoacao.com.br\/blog\/wp-content\/uploads\/2022\/03\/burnout.jpg","contentUrl":"https:\/\/corpoacao.com.br\/blog\/wp-content\/uploads\/2022\/03\/burnout.jpg","width":810,"height":500},{"@type":"BreadcrumbList","@id":"https:\/\/corpoacao.com.br\/blog\/sindrome-de-burnout-a-sindrome-do-esgotamento-profissional\/#breadcrumb","itemListElement":[{"@type":"ListItem","position":1,"name":"Home","item":"https:\/\/corpoacao.com.br\/blog\/"},{"@type":"ListItem","position":2,"name":"S\u00edndrome de Burnout A S\u00edndrome do Esgotamento Profissional"}]},{"@type":"WebSite","@id":"https:\/\/corpoacao.com.br\/blog\/#website","url":"https:\/\/corpoacao.com.br\/blog\/","name":"Corpo em A\u00e7\u00e3o","description":"Blog Ergonomia e qualidade de vida no ambiente de trabalho","publisher":{"@id":"https:\/\/corpoacao.com.br\/blog\/#organization"},"potentialAction":[{"@type":"SearchAction","target":{"@type":"EntryPoint","urlTemplate":"https:\/\/corpoacao.com.br\/blog\/?s={search_term_string}"},"query-input":{"@type":"PropertyValueSpecification","valueRequired":true,"valueName":"search_term_string"}}],"inLanguage":"pt-BR"},{"@type":"Organization","@id":"https:\/\/corpoacao.com.br\/blog\/#organization","name":"Corpo em A\u00e7\u00e3o","url":"https:\/\/corpoacao.com.br\/blog\/","logo":{"@type":"ImageObject","inLanguage":"pt-BR","@id":"https:\/\/corpoacao.com.br\/blog\/#\/schema\/logo\/image\/","url":"https:\/\/corpoacao.com.br\/blog\/wp-content\/uploads\/2023\/04\/ginastica-laboral.png","contentUrl":"https:\/\/corpoacao.com.br\/blog\/wp-content\/uploads\/2023\/04\/ginastica-laboral.png","width":185,"height":128,"caption":"Corpo em A\u00e7\u00e3o"},"image":{"@id":"https:\/\/corpoacao.com.br\/blog\/#\/schema\/logo\/image\/"},"sameAs":["https:\/\/www.facebook.com\/corpoemacao.poa\/","https:\/\/www.instagram.com\/corpoemacaopoa\/"]},{"@type":"Person","@id":"https:\/\/corpoacao.com.br\/blog\/#\/schema\/person\/8511fda2e04a521379dee132a34c889e","name":"Morgana Lovato Cantarelli","image":{"@type":"ImageObject","inLanguage":"pt-BR","@id":"https:\/\/secure.gravatar.com\/avatar\/7a246dbb5756847be4e8d937d3645cb75b1afbf687c106886d0b09172c1ee291?s=96&d=mm&r=g","url":"https:\/\/secure.gravatar.com\/avatar\/7a246dbb5756847be4e8d937d3645cb75b1afbf687c106886d0b09172c1ee291?s=96&d=mm&r=g","contentUrl":"https:\/\/secure.gravatar.com\/avatar\/7a246dbb5756847be4e8d937d3645cb75b1afbf687c106886d0b09172c1ee291?s=96&d=mm&r=g","caption":"Morgana Lovato Cantarelli"},"description":"Propriet\u00e1ria da Empresa Corpo em A\u00e7\u00e3o , educadora f\u00edsica formada no IPA (1991), especializada em pedagogia do treinamento desportivo, especializada em pilates, palestrante, professora de massoterapia e Estado do Rio Grande do Sul","url":"https:\/\/corpoacao.com.br\/blog\/author\/admin\/"}]}},"_links":{"self":[{"href":"https:\/\/corpoacao.com.br\/blog\/wp-json\/wp\/v2\/posts\/1361","targetHints":{"allow":["GET"]}}],"collection":[{"href":"https:\/\/corpoacao.com.br\/blog\/wp-json\/wp\/v2\/posts"}],"about":[{"href":"https:\/\/corpoacao.com.br\/blog\/wp-json\/wp\/v2\/types\/post"}],"author":[{"embeddable":true,"href":"https:\/\/corpoacao.com.br\/blog\/wp-json\/wp\/v2\/users\/1"}],"replies":[{"embeddable":true,"href":"https:\/\/corpoacao.com.br\/blog\/wp-json\/wp\/v2\/comments?post=1361"}],"version-history":[{"count":3,"href":"https:\/\/corpoacao.com.br\/blog\/wp-json\/wp\/v2\/posts\/1361\/revisions"}],"predecessor-version":[{"id":1366,"href":"https:\/\/corpoacao.com.br\/blog\/wp-json\/wp\/v2\/posts\/1361\/revisions\/1366"}],"wp:featuredmedia":[{"embeddable":true,"href":"https:\/\/corpoacao.com.br\/blog\/wp-json\/wp\/v2\/media\/1362"}],"wp:attachment":[{"href":"https:\/\/corpoacao.com.br\/blog\/wp-json\/wp\/v2\/media?parent=1361"}],"wp:term":[{"taxonomy":"category","embeddable":true,"href":"https:\/\/corpoacao.com.br\/blog\/wp-json\/wp\/v2\/categories?post=1361"},{"taxonomy":"post_tag","embeddable":true,"href":"https:\/\/corpoacao.com.br\/blog\/wp-json\/wp\/v2\/tags?post=1361"}],"curies":[{"name":"wp","href":"https:\/\/api.w.org\/{rel}","templated":true}]}}