{"id":1375,"date":"2022-04-04T10:52:06","date_gmt":"2022-04-04T13:52:06","guid":{"rendered":"https:\/\/www.corpoacao.com.br\/blog\/?p=1375"},"modified":"2022-04-04T10:52:06","modified_gmt":"2022-04-04T13:52:06","slug":"saude-e-qualidade-de-vida-2","status":"publish","type":"post","link":"https:\/\/corpoacao.com.br\/blog\/saude-e-qualidade-de-vida-2\/","title":{"rendered":"Sa\u00fade e Qualidade de Vida"},"content":{"rendered":"\n<p>No dia 6 de abril celebramos o dia mundial da atividade f\u00edsica; e no dia 7 de abril, o dia mundial da sa\u00fade. Mas o que estas duas datas t\u00eam em comum? Ahhhh muita coisa!&nbsp;<\/p>\n\n\n\n<p>Como voc\u00eas definem a Sa\u00fade e a Qualidade da&nbsp; Vida de voc\u00eas?&nbsp;<\/p>\n\n\n\n<p>Para celebrarmos estas datas, estamos trazendo algumas reflex\u00f5es e algumas dicas.<\/p>\n\n\n\n<figure class=\"wp-block-image\"><img fetchpriority=\"high\" decoding=\"async\" width=\"600\" height=\"400\" src=\"https:\/\/corpoacao.com.br\/blog\/wp-content\/uploads\/2022\/04\/saude.png\" alt=\"\" class=\"wp-image-1376\" srcset=\"https:\/\/corpoacao.com.br\/blog\/wp-content\/uploads\/2022\/04\/saude.png 600w, https:\/\/corpoacao.com.br\/blog\/wp-content\/uploads\/2022\/04\/saude-300x200.png 300w\" sizes=\"(max-width: 600px) 100vw, 600px\" \/><\/figure>\n\n\n\n<p>De acordo com a Organiza\u00e7\u00e3o Mundial da&nbsp;<strong>Sa\u00fade<\/strong>,&nbsp;<strong>qualidade de vida<\/strong>&nbsp;\u00e9 \u201ca percep\u00e7\u00e3o do indiv\u00edduo de sua inser\u00e7\u00e3o na&nbsp;<strong>vida<\/strong>, no contexto da cultura e sistemas de valores nos quais ele vive e em rela\u00e7\u00e3o aos seus objetivos, expectativas, padr\u00f5es e preocupa\u00e7\u00f5es\u201d. Voc\u00eas j\u00e1 pensaram nisso?<\/p>\n\n\n\n<p>A maioria dos problemas de sa\u00fade da atualidade acontecem porque mantemos h\u00e1bitos aprendidos culturalmente e que prejudicam nosso organismo. Mudar o nosso comportamento \u00e9 um grande desafio.&nbsp;<\/p>\n\n\n\n<p>Nossas atitudes regem nossa vida.&nbsp;Podemos escolher o que e quando fazer,&nbsp;mas nunca podemos escolher mudar as consequ\u00eancias, elas fazem parte do pacote. Quer ter resultados diferentes? Aprenda como mudar h\u00e1bitos.&nbsp;<\/p>\n\n\n\n<p>Conquistar uma boa sa\u00fade envolve alguns passos importantes: <strong>conscientiza\u00e7\u00e3o, decis\u00e3o e mudan\u00e7a.&nbsp;<\/strong><br><\/p>\n\n\n\n<h2 class=\"wp-block-heading\"><strong>Como mudar h\u00e1bitos?<\/strong><\/h2>\n\n\n\n<p>A fase da mudan\u00e7a de h\u00e1bitos \u00e9 desafiadora. As pessoas cometem alguns erros que as impedem de alcan\u00e7arem resultados.<\/p>\n\n\n\n<p>Para entender como os h\u00e1bitos se formam, \u00e9 importante buscar informa\u00e7\u00f5es de como nosso&nbsp;organismo funciona. Voc\u00ea sabe como o c\u00e9rebro trabalha quando se trata de mudar costumes?&nbsp;<\/p>\n\n\n\n<p>Neuroplasticidade \u00e9 a capacidade que o c\u00e9rebro tem de se adaptar a mudan\u00e7as por meio do&nbsp;sistema nervoso. Ela permite que sejam criadas novas conex\u00f5es sin\u00e1pticas.&nbsp;Os neur\u00f4nios seguem caminhos que podem ser remodelados por meio de um trabalho que envolve viv\u00eancias, pensamentos, emo\u00e7\u00f5es, comportamentos, necessidades pessoais e o pr\u00f3prio ambiente em que se est\u00e1 inserido.&nbsp;<\/p>\n\n\n\n<p>Criar ou eliminar um h\u00e1bito envolve uma mudan\u00e7a neuropl\u00e1stica no c\u00e9rebro. Quando uma pessoa deseja algo \u00e9 porque seu c\u00e9rebro pl\u00e1stico se tornou sens\u00edvel \u00e0 subst\u00e2ncia ou experi\u00eancia que estava acostumado.&nbsp;<\/p>\n\n\n\n<p>Um h\u00e1bito n\u00e3o se forma e n\u00e3o se perde de uma hora para a outra. Acontece dentro de uma constru\u00e7\u00e3o, dia a dia.<\/p>\n\n\n\n<p>\u00a0Um estudo publicado no\u00a0\u00a0European Journal of Social Psychology\u00a0abordou esse assunto e demonstrou que n\u00e3o se pode definir uma quantidade de dias para que uma pr\u00e1tica se torne um h\u00e1bito.\u00a0Segundo o estudo, uma pessoa pode desenvolver o h\u00e1bito de correr todos os dias em tr\u00eas semanas, mas para aprender uma nova l\u00edngua, \u00e9 necess\u00e1rio mais tempo.\u00a0<\/p>\n\n\n\n<p>Quando repetimos um comportamento por um grande per\u00edodo de tempo, esse circuito \u00e9 fixado no c\u00e9rebro de forma quase autom\u00e1tica.&nbsp;Para a psic\u00f3loga social Wendy Woods as <strong>decis\u00f5es de mudar h\u00e1bitos precisam ser conscientes, a\u00ed sim, se tornar um h\u00e1bito.&nbsp;<\/strong><\/p>\n\n\n\n<p><strong>DICAS:<\/strong><\/p>\n\n\n\n<ol class=\"wp-block-list\"><li>Anote os h\u00e1bitos que precisa mudar&nbsp;<\/li><li>Defina prioridades<\/li><li>Comece com mudan\u00e7as de h\u00e1bitos simples&nbsp;<\/li><li>Espalhe lembrete<\/li><li>Deixe tudo preparado<\/li><li>Consiga e ofere\u00e7a apoio&nbsp;<\/li><li>N\u00e3o desista&nbsp;<\/li><\/ol>\n\n\n\n<p><strong>VAMOS INCLUIR UM H\u00c1BITO SAUD\u00c1VEL NA ROTINA?<\/strong><\/p>\n\n\n\n<p>PRATIQUE EXERC\u00cdCIOS REGULARMENTE&nbsp;<\/p>\n\n\n\n<p>Esse \u00e9 um dos principais h\u00e1bitos que devemos incluir na nossa rotina. A pr\u00e1tica regular de atividade f\u00edsica previne diversas doen\u00e7as, como diabetes, c\u00e2ncer, osteoporose, depress\u00e3o e doen\u00e7as cardiovasculares.&nbsp;<\/p>\n\n\n\n<p>Os benef\u00edcios s\u00e3o enormes, al\u00e9m de prevenir doen\u00e7as, o sono \u00e9 regularizado, melhora a disposi\u00e7\u00e3o, o humor, a autoestima e a sensa\u00e7\u00e3o de bem-estar \u00e9 maravilhosa.&nbsp;<\/p>\n\n\n\n<p>\u00c9 fundamental sair do sedentarismo, segundo a Organiza\u00e7\u00e3o Mundial da Sa\u00fade (OMS), para se tornar ativo fisicamente \u00e9 preciso realizar entre 150 e 300 minutos de atividade f\u00edsica moderada a vigorosa por semana para adultos.<\/p>\n\n\n\n<p>A inten\u00e7\u00e3o da OMS com defini\u00e7\u00f5es mais r\u00edgidas t\u00eam como objetivo incentivar as pessoas a deixarem de ser sedent\u00e1rias e combater o risco de doen\u00e7as e morte precoce. A atividade f\u00edsica \u00e9 fundamental para combater algumas doen\u00e7as cr\u00f4nicas, como problemas card\u00edacos, diabetes tipo 2 e c\u00e2ncer. Elas tamb\u00e9m reduzem os sintomas de depress\u00e3o e ansiedade, al\u00e9m de diminuir o decl\u00ednio cognitivo e melhorar a mem\u00f3ria.<\/p>\n\n\n\n<p>&nbsp; &nbsp; &nbsp;Os n\u00fameros apontados pela entidade s\u00e3o preocupantes. Estima-se que 25% dos adultos sejam sedent\u00e1rios. Entre adolescentes, o \u00edndice \u00e9 muito mais alarmante, atingindo 80% dos jovens. Manter o corpo parado custa cerca de&nbsp;<em>US<\/em>$ 54 bilh\u00f5es anuais em assist\u00eancia m\u00e9dica em todo o mundo. A conta \u00e9 engrossada por outros US$ 14 bilh\u00f5es desperdi\u00e7ados por falta de produtividade.<\/p>\n\n\n\n<p>Ent\u00e3o, vamos incluir este h\u00e1bito t\u00e3o saud\u00e1vel na rotina? J\u00e1 prepara o t\u00eanis e a roupa confort\u00e1vel.<\/p>\n\n\n\n<p>N\u00e3o deixe de procurar o seu m\u00e9dico para atestar boas condi\u00e7\u00f5es para iniciar um programa de exerc\u00edcios f\u00edsicos e um profissional de educa\u00e7\u00e3o f\u00edsica para melhores orienta\u00e7\u00f5es.&nbsp;<\/p>\n\n\n\n<p>BOA SORTE&nbsp; e BOA SA\u00daDE!<\/p>\n\n\n\n<p>&nbsp;Fonte:<\/p>\n\n\n\n<p>&#8211;&nbsp; <a href=\"http:\/\/www.vidanatural.org.br\">www.vidanatural.org.br<\/a><\/p>\n\n\n\n<p>&#8211; <a href=\"https:\/\/hemos.com.br\/blog\/simples-habitos-que-contribuem-com-a-sua-saude-e-qualidade-de-vida\/\">https:\/\/hemos.com.br\/blog\/simples-habitos-que-contribuem-com-a-sua-saude-e-qualidade-de-vida\/<\/a><\/p>\n\n\n\n<p>&#8211; Organiza\u00e7\u00e3o Mundial da Sa\u00fade (OMS)<\/p>\n","protected":false},"excerpt":{"rendered":"<p>No dia 6 de abril celebramos o dia mundial da atividade f\u00edsica; e no dia 7 de abril, o dia mundial da sa\u00fade. Mas o que estas duas datas t\u00eam em comum? Ahhhh muita coisa!&nbsp; Como voc\u00eas definem a Sa\u00fade e a Qualidade da&nbsp; Vida de voc\u00eas?&nbsp; Para celebrarmos estas datas, estamos trazendo algumas reflex\u00f5es [&hellip;]<\/p>\n","protected":false},"author":1,"featured_media":0,"comment_status":"open","ping_status":"open","sticky":false,"template":"","format":"standard","meta":{"_joinchat":[],"footnotes":""},"categories":[1],"tags":[],"class_list":["post-1375","post","type-post","status-publish","format-standard","hentry","category-sem-categoria"],"yoast_head":"<!-- This site is optimized with the Yoast SEO Premium plugin v20.8 (Yoast SEO v27.4) - https:\/\/yoast.com\/product\/yoast-seo-premium-wordpress\/ -->\n<title>Sa\u00fade e Qualidade de Vida - Corpo em A\u00e7\u00e3o<\/title>\n<meta name=\"robots\" content=\"index, follow, max-snippet:-1, max-image-preview:large, max-video-preview:-1\" \/>\n<link rel=\"canonical\" href=\"https:\/\/corpoacao.com.br\/blog\/saude-e-qualidade-de-vida-2\/\" \/>\n<meta property=\"og:locale\" content=\"pt_BR\" \/>\n<meta property=\"og:type\" content=\"article\" \/>\n<meta property=\"og:title\" content=\"Sa\u00fade e Qualidade de Vida\" \/>\n<meta property=\"og:description\" content=\"No dia 6 de abril celebramos o dia mundial da atividade f\u00edsica; e no dia 7 de abril, o dia mundial da sa\u00fade. Mas o que estas duas datas t\u00eam em comum? Ahhhh muita coisa!&nbsp; Como voc\u00eas definem a Sa\u00fade e a Qualidade da&nbsp; Vida de voc\u00eas?&nbsp; Para celebrarmos estas datas, estamos trazendo algumas reflex\u00f5es [&hellip;]\" \/>\n<meta property=\"og:url\" content=\"https:\/\/corpoacao.com.br\/blog\/saude-e-qualidade-de-vida-2\/\" \/>\n<meta property=\"og:site_name\" content=\"Corpo em A\u00e7\u00e3o\" \/>\n<meta property=\"article:publisher\" content=\"https:\/\/www.facebook.com\/corpoemacao.poa\/\" \/>\n<meta property=\"article:published_time\" content=\"2022-04-04T13:52:06+00:00\" \/>\n<meta property=\"og:image\" content=\"https:\/\/corpoacao.com.br\/blog\/wp-content\/uploads\/2022\/04\/saude.png\" \/>\n<meta name=\"author\" content=\"Morgana Lovato Cantarelli\" \/>\n<meta name=\"twitter:card\" content=\"summary_large_image\" \/>\n<meta name=\"twitter:label1\" content=\"Escrito por\" \/>\n\t<meta name=\"twitter:data1\" content=\"Morgana Lovato Cantarelli\" \/>\n\t<meta name=\"twitter:label2\" content=\"Est. tempo de leitura\" \/>\n\t<meta name=\"twitter:data2\" content=\"4 minutos\" \/>\n<script type=\"application\/ld+json\" class=\"yoast-schema-graph\">{\"@context\":\"https:\\\/\\\/schema.org\",\"@graph\":[{\"@type\":\"Article\",\"@id\":\"https:\\\/\\\/corpoacao.com.br\\\/blog\\\/saude-e-qualidade-de-vida-2\\\/#article\",\"isPartOf\":{\"@id\":\"https:\\\/\\\/corpoacao.com.br\\\/blog\\\/saude-e-qualidade-de-vida-2\\\/\"},\"author\":{\"name\":\"Morgana Lovato Cantarelli\",\"@id\":\"https:\\\/\\\/corpoacao.com.br\\\/blog\\\/#\\\/schema\\\/person\\\/8511fda2e04a521379dee132a34c889e\"},\"headline\":\"Sa\u00fade e Qualidade de Vida\",\"datePublished\":\"2022-04-04T13:52:06+00:00\",\"mainEntityOfPage\":{\"@id\":\"https:\\\/\\\/corpoacao.com.br\\\/blog\\\/saude-e-qualidade-de-vida-2\\\/\"},\"wordCount\":897,\"commentCount\":0,\"publisher\":{\"@id\":\"https:\\\/\\\/corpoacao.com.br\\\/blog\\\/#organization\"},\"image\":{\"@id\":\"https:\\\/\\\/corpoacao.com.br\\\/blog\\\/saude-e-qualidade-de-vida-2\\\/#primaryimage\"},\"thumbnailUrl\":\"https:\\\/\\\/corpoacao.com.br\\\/blog\\\/wp-content\\\/uploads\\\/2022\\\/04\\\/saude.png\",\"inLanguage\":\"pt-BR\",\"potentialAction\":[{\"@type\":\"CommentAction\",\"name\":\"Comment\",\"target\":[\"https:\\\/\\\/corpoacao.com.br\\\/blog\\\/saude-e-qualidade-de-vida-2\\\/#respond\"]}]},{\"@type\":\"WebPage\",\"@id\":\"https:\\\/\\\/corpoacao.com.br\\\/blog\\\/saude-e-qualidade-de-vida-2\\\/\",\"url\":\"https:\\\/\\\/corpoacao.com.br\\\/blog\\\/saude-e-qualidade-de-vida-2\\\/\",\"name\":\"Sa\u00fade e Qualidade de Vida - Corpo em A\u00e7\u00e3o\",\"isPartOf\":{\"@id\":\"https:\\\/\\\/corpoacao.com.br\\\/blog\\\/#website\"},\"primaryImageOfPage\":{\"@id\":\"https:\\\/\\\/corpoacao.com.br\\\/blog\\\/saude-e-qualidade-de-vida-2\\\/#primaryimage\"},\"image\":{\"@id\":\"https:\\\/\\\/corpoacao.com.br\\\/blog\\\/saude-e-qualidade-de-vida-2\\\/#primaryimage\"},\"thumbnailUrl\":\"https:\\\/\\\/corpoacao.com.br\\\/blog\\\/wp-content\\\/uploads\\\/2022\\\/04\\\/saude.png\",\"datePublished\":\"2022-04-04T13:52:06+00:00\",\"breadcrumb\":{\"@id\":\"https:\\\/\\\/corpoacao.com.br\\\/blog\\\/saude-e-qualidade-de-vida-2\\\/#breadcrumb\"},\"inLanguage\":\"pt-BR\",\"potentialAction\":[{\"@type\":\"ReadAction\",\"target\":[\"https:\\\/\\\/corpoacao.com.br\\\/blog\\\/saude-e-qualidade-de-vida-2\\\/\"]}]},{\"@type\":\"ImageObject\",\"inLanguage\":\"pt-BR\",\"@id\":\"https:\\\/\\\/corpoacao.com.br\\\/blog\\\/saude-e-qualidade-de-vida-2\\\/#primaryimage\",\"url\":\"https:\\\/\\\/corpoacao.com.br\\\/blog\\\/wp-content\\\/uploads\\\/2022\\\/04\\\/saude.png\",\"contentUrl\":\"https:\\\/\\\/corpoacao.com.br\\\/blog\\\/wp-content\\\/uploads\\\/2022\\\/04\\\/saude.png\",\"width\":600,\"height\":400},{\"@type\":\"BreadcrumbList\",\"@id\":\"https:\\\/\\\/corpoacao.com.br\\\/blog\\\/saude-e-qualidade-de-vida-2\\\/#breadcrumb\",\"itemListElement\":[{\"@type\":\"ListItem\",\"position\":1,\"name\":\"Home\",\"item\":\"https:\\\/\\\/corpoacao.com.br\\\/blog\\\/\"},{\"@type\":\"ListItem\",\"position\":2,\"name\":\"Sa\u00fade e Qualidade de Vida\"}]},{\"@type\":\"WebSite\",\"@id\":\"https:\\\/\\\/corpoacao.com.br\\\/blog\\\/#website\",\"url\":\"https:\\\/\\\/corpoacao.com.br\\\/blog\\\/\",\"name\":\"Corpo em A\u00e7\u00e3o\",\"description\":\"Blog Ergonomia e qualidade de vida no ambiente de trabalho\",\"publisher\":{\"@id\":\"https:\\\/\\\/corpoacao.com.br\\\/blog\\\/#organization\"},\"potentialAction\":[{\"@type\":\"SearchAction\",\"target\":{\"@type\":\"EntryPoint\",\"urlTemplate\":\"https:\\\/\\\/corpoacao.com.br\\\/blog\\\/?s={search_term_string}\"},\"query-input\":{\"@type\":\"PropertyValueSpecification\",\"valueRequired\":true,\"valueName\":\"search_term_string\"}}],\"inLanguage\":\"pt-BR\"},{\"@type\":\"Organization\",\"@id\":\"https:\\\/\\\/corpoacao.com.br\\\/blog\\\/#organization\",\"name\":\"Corpo em A\u00e7\u00e3o\",\"url\":\"https:\\\/\\\/corpoacao.com.br\\\/blog\\\/\",\"logo\":{\"@type\":\"ImageObject\",\"inLanguage\":\"pt-BR\",\"@id\":\"https:\\\/\\\/corpoacao.com.br\\\/blog\\\/#\\\/schema\\\/logo\\\/image\\\/\",\"url\":\"https:\\\/\\\/corpoacao.com.br\\\/blog\\\/wp-content\\\/uploads\\\/2023\\\/04\\\/ginastica-laboral.png\",\"contentUrl\":\"https:\\\/\\\/corpoacao.com.br\\\/blog\\\/wp-content\\\/uploads\\\/2023\\\/04\\\/ginastica-laboral.png\",\"width\":185,\"height\":128,\"caption\":\"Corpo em A\u00e7\u00e3o\"},\"image\":{\"@id\":\"https:\\\/\\\/corpoacao.com.br\\\/blog\\\/#\\\/schema\\\/logo\\\/image\\\/\"},\"sameAs\":[\"https:\\\/\\\/www.facebook.com\\\/corpoemacao.poa\\\/\",\"https:\\\/\\\/www.instagram.com\\\/corpoemacaopoa\\\/\"]},{\"@type\":\"Person\",\"@id\":\"https:\\\/\\\/corpoacao.com.br\\\/blog\\\/#\\\/schema\\\/person\\\/8511fda2e04a521379dee132a34c889e\",\"name\":\"Morgana Lovato Cantarelli\",\"image\":{\"@type\":\"ImageObject\",\"inLanguage\":\"pt-BR\",\"@id\":\"https:\\\/\\\/secure.gravatar.com\\\/avatar\\\/7a246dbb5756847be4e8d937d3645cb75b1afbf687c106886d0b09172c1ee291?s=96&d=mm&r=g\",\"url\":\"https:\\\/\\\/secure.gravatar.com\\\/avatar\\\/7a246dbb5756847be4e8d937d3645cb75b1afbf687c106886d0b09172c1ee291?s=96&d=mm&r=g\",\"contentUrl\":\"https:\\\/\\\/secure.gravatar.com\\\/avatar\\\/7a246dbb5756847be4e8d937d3645cb75b1afbf687c106886d0b09172c1ee291?s=96&d=mm&r=g\",\"caption\":\"Morgana Lovato Cantarelli\"},\"description\":\"Propriet\u00e1ria da Empresa Corpo em A\u00e7\u00e3o , educadora f\u00edsica formada no IPA (1991), especializada em pedagogia do treinamento desportivo, especializada em pilates, palestrante, professora de massoterapia e Estado do Rio Grande do Sul\",\"url\":\"https:\\\/\\\/corpoacao.com.br\\\/blog\\\/author\\\/admin\\\/\"}]}<\/script>\n<!-- \/ Yoast SEO Premium plugin. -->","yoast_head_json":{"title":"Sa\u00fade e Qualidade de Vida - Corpo em A\u00e7\u00e3o","robots":{"index":"index","follow":"follow","max-snippet":"max-snippet:-1","max-image-preview":"max-image-preview:large","max-video-preview":"max-video-preview:-1"},"canonical":"https:\/\/corpoacao.com.br\/blog\/saude-e-qualidade-de-vida-2\/","og_locale":"pt_BR","og_type":"article","og_title":"Sa\u00fade e Qualidade de Vida","og_description":"No dia 6 de abril celebramos o dia mundial da atividade f\u00edsica; e no dia 7 de abril, o dia mundial da sa\u00fade. Mas o que estas duas datas t\u00eam em comum? Ahhhh muita coisa!&nbsp; Como voc\u00eas definem a Sa\u00fade e a Qualidade da&nbsp; Vida de voc\u00eas?&nbsp; Para celebrarmos estas datas, estamos trazendo algumas reflex\u00f5es [&hellip;]","og_url":"https:\/\/corpoacao.com.br\/blog\/saude-e-qualidade-de-vida-2\/","og_site_name":"Corpo em A\u00e7\u00e3o","article_publisher":"https:\/\/www.facebook.com\/corpoemacao.poa\/","article_published_time":"2022-04-04T13:52:06+00:00","og_image":[{"url":"https:\/\/corpoacao.com.br\/blog\/wp-content\/uploads\/2022\/04\/saude.png","type":"","width":"","height":""}],"author":"Morgana Lovato Cantarelli","twitter_card":"summary_large_image","twitter_misc":{"Escrito por":"Morgana Lovato Cantarelli","Est. tempo de leitura":"4 minutos"},"schema":{"@context":"https:\/\/schema.org","@graph":[{"@type":"Article","@id":"https:\/\/corpoacao.com.br\/blog\/saude-e-qualidade-de-vida-2\/#article","isPartOf":{"@id":"https:\/\/corpoacao.com.br\/blog\/saude-e-qualidade-de-vida-2\/"},"author":{"name":"Morgana Lovato Cantarelli","@id":"https:\/\/corpoacao.com.br\/blog\/#\/schema\/person\/8511fda2e04a521379dee132a34c889e"},"headline":"Sa\u00fade e Qualidade de Vida","datePublished":"2022-04-04T13:52:06+00:00","mainEntityOfPage":{"@id":"https:\/\/corpoacao.com.br\/blog\/saude-e-qualidade-de-vida-2\/"},"wordCount":897,"commentCount":0,"publisher":{"@id":"https:\/\/corpoacao.com.br\/blog\/#organization"},"image":{"@id":"https:\/\/corpoacao.com.br\/blog\/saude-e-qualidade-de-vida-2\/#primaryimage"},"thumbnailUrl":"https:\/\/corpoacao.com.br\/blog\/wp-content\/uploads\/2022\/04\/saude.png","inLanguage":"pt-BR","potentialAction":[{"@type":"CommentAction","name":"Comment","target":["https:\/\/corpoacao.com.br\/blog\/saude-e-qualidade-de-vida-2\/#respond"]}]},{"@type":"WebPage","@id":"https:\/\/corpoacao.com.br\/blog\/saude-e-qualidade-de-vida-2\/","url":"https:\/\/corpoacao.com.br\/blog\/saude-e-qualidade-de-vida-2\/","name":"Sa\u00fade e Qualidade de Vida - Corpo em A\u00e7\u00e3o","isPartOf":{"@id":"https:\/\/corpoacao.com.br\/blog\/#website"},"primaryImageOfPage":{"@id":"https:\/\/corpoacao.com.br\/blog\/saude-e-qualidade-de-vida-2\/#primaryimage"},"image":{"@id":"https:\/\/corpoacao.com.br\/blog\/saude-e-qualidade-de-vida-2\/#primaryimage"},"thumbnailUrl":"https:\/\/corpoacao.com.br\/blog\/wp-content\/uploads\/2022\/04\/saude.png","datePublished":"2022-04-04T13:52:06+00:00","breadcrumb":{"@id":"https:\/\/corpoacao.com.br\/blog\/saude-e-qualidade-de-vida-2\/#breadcrumb"},"inLanguage":"pt-BR","potentialAction":[{"@type":"ReadAction","target":["https:\/\/corpoacao.com.br\/blog\/saude-e-qualidade-de-vida-2\/"]}]},{"@type":"ImageObject","inLanguage":"pt-BR","@id":"https:\/\/corpoacao.com.br\/blog\/saude-e-qualidade-de-vida-2\/#primaryimage","url":"https:\/\/corpoacao.com.br\/blog\/wp-content\/uploads\/2022\/04\/saude.png","contentUrl":"https:\/\/corpoacao.com.br\/blog\/wp-content\/uploads\/2022\/04\/saude.png","width":600,"height":400},{"@type":"BreadcrumbList","@id":"https:\/\/corpoacao.com.br\/blog\/saude-e-qualidade-de-vida-2\/#breadcrumb","itemListElement":[{"@type":"ListItem","position":1,"name":"Home","item":"https:\/\/corpoacao.com.br\/blog\/"},{"@type":"ListItem","position":2,"name":"Sa\u00fade e Qualidade de Vida"}]},{"@type":"WebSite","@id":"https:\/\/corpoacao.com.br\/blog\/#website","url":"https:\/\/corpoacao.com.br\/blog\/","name":"Corpo em A\u00e7\u00e3o","description":"Blog Ergonomia e qualidade de vida no ambiente de trabalho","publisher":{"@id":"https:\/\/corpoacao.com.br\/blog\/#organization"},"potentialAction":[{"@type":"SearchAction","target":{"@type":"EntryPoint","urlTemplate":"https:\/\/corpoacao.com.br\/blog\/?s={search_term_string}"},"query-input":{"@type":"PropertyValueSpecification","valueRequired":true,"valueName":"search_term_string"}}],"inLanguage":"pt-BR"},{"@type":"Organization","@id":"https:\/\/corpoacao.com.br\/blog\/#organization","name":"Corpo em A\u00e7\u00e3o","url":"https:\/\/corpoacao.com.br\/blog\/","logo":{"@type":"ImageObject","inLanguage":"pt-BR","@id":"https:\/\/corpoacao.com.br\/blog\/#\/schema\/logo\/image\/","url":"https:\/\/corpoacao.com.br\/blog\/wp-content\/uploads\/2023\/04\/ginastica-laboral.png","contentUrl":"https:\/\/corpoacao.com.br\/blog\/wp-content\/uploads\/2023\/04\/ginastica-laboral.png","width":185,"height":128,"caption":"Corpo em A\u00e7\u00e3o"},"image":{"@id":"https:\/\/corpoacao.com.br\/blog\/#\/schema\/logo\/image\/"},"sameAs":["https:\/\/www.facebook.com\/corpoemacao.poa\/","https:\/\/www.instagram.com\/corpoemacaopoa\/"]},{"@type":"Person","@id":"https:\/\/corpoacao.com.br\/blog\/#\/schema\/person\/8511fda2e04a521379dee132a34c889e","name":"Morgana Lovato Cantarelli","image":{"@type":"ImageObject","inLanguage":"pt-BR","@id":"https:\/\/secure.gravatar.com\/avatar\/7a246dbb5756847be4e8d937d3645cb75b1afbf687c106886d0b09172c1ee291?s=96&d=mm&r=g","url":"https:\/\/secure.gravatar.com\/avatar\/7a246dbb5756847be4e8d937d3645cb75b1afbf687c106886d0b09172c1ee291?s=96&d=mm&r=g","contentUrl":"https:\/\/secure.gravatar.com\/avatar\/7a246dbb5756847be4e8d937d3645cb75b1afbf687c106886d0b09172c1ee291?s=96&d=mm&r=g","caption":"Morgana Lovato Cantarelli"},"description":"Propriet\u00e1ria da Empresa Corpo em A\u00e7\u00e3o , educadora f\u00edsica formada no IPA (1991), especializada em pedagogia do treinamento desportivo, especializada em pilates, palestrante, professora de massoterapia e Estado do Rio Grande do Sul","url":"https:\/\/corpoacao.com.br\/blog\/author\/admin\/"}]}},"_links":{"self":[{"href":"https:\/\/corpoacao.com.br\/blog\/wp-json\/wp\/v2\/posts\/1375","targetHints":{"allow":["GET"]}}],"collection":[{"href":"https:\/\/corpoacao.com.br\/blog\/wp-json\/wp\/v2\/posts"}],"about":[{"href":"https:\/\/corpoacao.com.br\/blog\/wp-json\/wp\/v2\/types\/post"}],"author":[{"embeddable":true,"href":"https:\/\/corpoacao.com.br\/blog\/wp-json\/wp\/v2\/users\/1"}],"replies":[{"embeddable":true,"href":"https:\/\/corpoacao.com.br\/blog\/wp-json\/wp\/v2\/comments?post=1375"}],"version-history":[{"count":1,"href":"https:\/\/corpoacao.com.br\/blog\/wp-json\/wp\/v2\/posts\/1375\/revisions"}],"predecessor-version":[{"id":1377,"href":"https:\/\/corpoacao.com.br\/blog\/wp-json\/wp\/v2\/posts\/1375\/revisions\/1377"}],"wp:attachment":[{"href":"https:\/\/corpoacao.com.br\/blog\/wp-json\/wp\/v2\/media?parent=1375"}],"wp:term":[{"taxonomy":"category","embeddable":true,"href":"https:\/\/corpoacao.com.br\/blog\/wp-json\/wp\/v2\/categories?post=1375"},{"taxonomy":"post_tag","embeddable":true,"href":"https:\/\/corpoacao.com.br\/blog\/wp-json\/wp\/v2\/tags?post=1375"}],"curies":[{"name":"wp","href":"https:\/\/api.w.org\/{rel}","templated":true}]}}