{"id":1382,"date":"2022-04-17T08:42:28","date_gmt":"2022-04-17T11:42:28","guid":{"rendered":"https:\/\/www.corpoacao.com.br\/blog\/?p=1382"},"modified":"2022-04-17T08:43:16","modified_gmt":"2022-04-17T11:43:16","slug":"alimentacao-saudavel-no-outono","status":"publish","type":"post","link":"https:\/\/corpoacao.com.br\/blog\/alimentacao-saudavel-no-outono\/","title":{"rendered":"Alimenta\u00e7\u00e3o saud\u00e1vel no Outono"},"content":{"rendered":"\n<p> Voc\u00eas sabiam que o outono no Brasil \u00e9 conhecido como esta\u00e7\u00e3o das frutas? Em raz\u00e3o da coincid\u00eancia dessa esta\u00e7\u00e3o, tamb\u00e9m \u00e9 a \u00e9poca de colheita de v\u00e1rias esp\u00e9cies frut\u00edferas.<br> Vamos manter uma dieta saud\u00e1vel e equilibrada com os alimentos de Outono? <br> Confiram as  dicas que a nossa parceira Nutricionista Luciana Medeiros preparou pra voc\u00eas.<\/p>\n\n\n\n<figure class=\"wp-block-image\"><img fetchpriority=\"high\" decoding=\"async\" width=\"1024\" height=\"1024\" src=\"https:\/\/corpoacao.com.br\/blog\/wp-content\/uploads\/2022\/04\/banana-713057_1280-1024x1024.jpg\" alt=\"\" class=\"wp-image-1383\" srcset=\"https:\/\/corpoacao.com.br\/blog\/wp-content\/uploads\/2022\/04\/banana-713057_1280-1024x1024.jpg 1024w, https:\/\/corpoacao.com.br\/blog\/wp-content\/uploads\/2022\/04\/banana-713057_1280-150x150.jpg 150w, https:\/\/corpoacao.com.br\/blog\/wp-content\/uploads\/2022\/04\/banana-713057_1280-300x300.jpg 300w, https:\/\/corpoacao.com.br\/blog\/wp-content\/uploads\/2022\/04\/banana-713057_1280-768x768.jpg 768w, https:\/\/corpoacao.com.br\/blog\/wp-content\/uploads\/2022\/04\/banana-713057_1280.jpg 1280w\" sizes=\"(max-width: 1024px) 100vw, 1024px\" \/><\/figure>\n\n\n\n<p>O Outono \u00e9 a esta\u00e7\u00e3o do ano que nos convida a trazer reflex\u00f5es do que queremos eliminar, soltar e deixar ir, o que \u00e9 desnecess\u00e1rio. Pensando no que a \u00e9poca tem a nos oferecer, \u00e9 o momento de semear para colher no futuro. Por isso, \u00e9 o momento de cuidar e fortalecer os nossos sistemas imunol\u00f3gico, cardiorrespirat\u00f3rio, pele e intestino.<br>\nA natureza \u00e9 s\u00e1bia e oferece exatamente o que precisamos em cada esta\u00e7\u00e3o. No outono, por exemplo, por ser o momento de fortalecimento para nos prepararmos para o inverno, temos frutas ricas em vitamina C, fitoqu\u00edmicos, minerais e fibras. Entre os alimentos da \u00e9poca, temos: algas, pepino, rabanete, nabo, repolho, agri\u00e3o, aspargos, mandioca, ab\u00f3boras, chuchu, cenoura, azeitona, am\u00eandoa, alho por\u00f3, cebola, s\u00e1lvia, alecrim, cominho e cravo. Al\u00e9m de frutas como as bananas, ma\u00e7\u00e3s, peras, abacaxi, mam\u00e3o, laranja, bergamota, lim\u00e3o, abacate. <br>\nComo consumir esses alimentos? <br>\nProcure ingerir de forma variada, assim ir\u00e1 ingerir diferentes nutrientes. <br>\nOpte por prepara\u00e7\u00f5es quentes, como legumes aquecidos, sopas e cremes.<br>\nN\u00e3o esque\u00e7a das frutas, com a op\u00e7\u00e3o de consumir in natura, frutas secas ou aquecidas \u2013 Exemplo: ma\u00e7\u00e3 ou banana aquecida com canela.<\/p>\n\n\n\n<p>Seguindo uma nutri\u00e7\u00e3o com alimentos dessa sazonalidade, voc\u00ea ter\u00e1 benef\u00edcios f\u00edsicos e psicol\u00f3gicos, preparando o organismo para agir com efici\u00eancia agora e nas pr\u00f3ximas \u00e9pocas do ano.<\/p>\n\n\n\n<div class=\"wp-block-columns has-2-columns is-layout-flex wp-container-core-columns-is-layout-28f84493 wp-block-columns-is-layout-flex\">\n<div class=\"wp-block-column is-layout-flow wp-block-column-is-layout-flow\">\n<figure class=\"wp-block-image\"><img decoding=\"async\" width=\"627\" height=\"539\" src=\"https:\/\/corpoacao.com.br\/blog\/wp-content\/uploads\/2022\/04\/foto-nutricunista.jpg\" alt=\"\" class=\"wp-image-1384\" srcset=\"https:\/\/corpoacao.com.br\/blog\/wp-content\/uploads\/2022\/04\/foto-nutricunista.jpg 627w, https:\/\/corpoacao.com.br\/blog\/wp-content\/uploads\/2022\/04\/foto-nutricunista-300x258.jpg 300w\" sizes=\"(max-width: 627px) 100vw, 627px\" \/><\/figure>\n<\/div>\n\n\n\n<div class=\"wp-block-column is-layout-flow wp-block-column-is-layout-flow\">\n<p>Luciana R. Medeiros<br>\nNutric\u00e3o Esportiva e Integrativa<br>\nEspecialista em Fisiologia do Exercicio e Nutri\u00e7\u00e3o Esportiva <br>\nProfiisonal de Edua\u00e7\u00e3o F\u00edsica <br>\nCRN2 9934<\/p>\n<\/div>\n<\/div>\n","protected":false},"excerpt":{"rendered":"<p>Voc\u00eas sabiam que o outono no Brasil \u00e9 conhecido como esta\u00e7\u00e3o das frutas? Em raz\u00e3o da coincid\u00eancia dessa esta\u00e7\u00e3o, tamb\u00e9m \u00e9 a \u00e9poca de colheita de v\u00e1rias esp\u00e9cies frut\u00edferas. Vamos manter uma dieta saud\u00e1vel e equilibrada com os alimentos de Outono? Confiram as dicas que a nossa parceira Nutricionista Luciana Medeiros preparou pra voc\u00eas. O [&hellip;]<\/p>\n","protected":false},"author":1,"featured_media":1383,"comment_status":"open","ping_status":"open","sticky":false,"template":"","format":"standard","meta":{"_joinchat":[],"footnotes":""},"categories":[1],"tags":[],"class_list":["post-1382","post","type-post","status-publish","format-standard","has-post-thumbnail","hentry","category-sem-categoria"],"yoast_head":"<!-- This site is optimized with the Yoast SEO Premium plugin v20.8 (Yoast SEO v27.4) - https:\/\/yoast.com\/product\/yoast-seo-premium-wordpress\/ -->\n<title>Alimenta\u00e7\u00e3o saud\u00e1vel no Outono - Corpo em A\u00e7\u00e3o<\/title>\n<meta name=\"robots\" content=\"index, follow, max-snippet:-1, max-image-preview:large, max-video-preview:-1\" \/>\n<link rel=\"canonical\" href=\"https:\/\/corpoacao.com.br\/blog\/alimentacao-saudavel-no-outono\/\" \/>\n<meta property=\"og:locale\" content=\"pt_BR\" \/>\n<meta property=\"og:type\" content=\"article\" \/>\n<meta property=\"og:title\" content=\"Alimenta\u00e7\u00e3o saud\u00e1vel no Outono\" \/>\n<meta property=\"og:description\" content=\"Voc\u00eas sabiam que o outono no Brasil \u00e9 conhecido como esta\u00e7\u00e3o das frutas? Em raz\u00e3o da coincid\u00eancia dessa esta\u00e7\u00e3o, tamb\u00e9m \u00e9 a \u00e9poca de colheita de v\u00e1rias esp\u00e9cies frut\u00edferas. Vamos manter uma dieta saud\u00e1vel e equilibrada com os alimentos de Outono? Confiram as dicas que a nossa parceira Nutricionista Luciana Medeiros preparou pra voc\u00eas. O [&hellip;]\" \/>\n<meta property=\"og:url\" content=\"https:\/\/corpoacao.com.br\/blog\/alimentacao-saudavel-no-outono\/\" \/>\n<meta property=\"og:site_name\" content=\"Corpo em A\u00e7\u00e3o\" \/>\n<meta property=\"article:publisher\" content=\"https:\/\/www.facebook.com\/corpoemacao.poa\/\" \/>\n<meta property=\"article:published_time\" content=\"2022-04-17T11:42:28+00:00\" \/>\n<meta property=\"article:modified_time\" content=\"2022-04-17T11:43:16+00:00\" \/>\n<meta property=\"og:image\" content=\"https:\/\/corpoacao.com.br\/blog\/wp-content\/uploads\/2022\/04\/banana-713057_1280.jpg\" \/>\n\t<meta property=\"og:image:width\" content=\"1280\" \/>\n\t<meta property=\"og:image:height\" content=\"1280\" \/>\n\t<meta property=\"og:image:type\" content=\"image\/jpeg\" \/>\n<meta name=\"author\" content=\"Morgana Lovato Cantarelli\" \/>\n<meta name=\"twitter:card\" content=\"summary_large_image\" \/>\n<meta name=\"twitter:label1\" content=\"Escrito por\" \/>\n\t<meta name=\"twitter:data1\" content=\"Morgana Lovato Cantarelli\" \/>\n\t<meta name=\"twitter:label2\" content=\"Est. tempo de leitura\" \/>\n\t<meta name=\"twitter:data2\" content=\"2 minutos\" \/>\n<script type=\"application\/ld+json\" class=\"yoast-schema-graph\">{\"@context\":\"https:\\\/\\\/schema.org\",\"@graph\":[{\"@type\":\"Article\",\"@id\":\"https:\\\/\\\/corpoacao.com.br\\\/blog\\\/alimentacao-saudavel-no-outono\\\/#article\",\"isPartOf\":{\"@id\":\"https:\\\/\\\/corpoacao.com.br\\\/blog\\\/alimentacao-saudavel-no-outono\\\/\"},\"author\":{\"name\":\"Morgana Lovato Cantarelli\",\"@id\":\"https:\\\/\\\/corpoacao.com.br\\\/blog\\\/#\\\/schema\\\/person\\\/8511fda2e04a521379dee132a34c889e\"},\"headline\":\"Alimenta\u00e7\u00e3o saud\u00e1vel no Outono\",\"datePublished\":\"2022-04-17T11:42:28+00:00\",\"dateModified\":\"2022-04-17T11:43:16+00:00\",\"mainEntityOfPage\":{\"@id\":\"https:\\\/\\\/corpoacao.com.br\\\/blog\\\/alimentacao-saudavel-no-outono\\\/\"},\"wordCount\":327,\"commentCount\":0,\"publisher\":{\"@id\":\"https:\\\/\\\/corpoacao.com.br\\\/blog\\\/#organization\"},\"image\":{\"@id\":\"https:\\\/\\\/corpoacao.com.br\\\/blog\\\/alimentacao-saudavel-no-outono\\\/#primaryimage\"},\"thumbnailUrl\":\"https:\\\/\\\/corpoacao.com.br\\\/blog\\\/wp-content\\\/uploads\\\/2022\\\/04\\\/banana-713057_1280.jpg\",\"inLanguage\":\"pt-BR\",\"potentialAction\":[{\"@type\":\"CommentAction\",\"name\":\"Comment\",\"target\":[\"https:\\\/\\\/corpoacao.com.br\\\/blog\\\/alimentacao-saudavel-no-outono\\\/#respond\"]}]},{\"@type\":\"WebPage\",\"@id\":\"https:\\\/\\\/corpoacao.com.br\\\/blog\\\/alimentacao-saudavel-no-outono\\\/\",\"url\":\"https:\\\/\\\/corpoacao.com.br\\\/blog\\\/alimentacao-saudavel-no-outono\\\/\",\"name\":\"Alimenta\u00e7\u00e3o saud\u00e1vel no Outono - Corpo em A\u00e7\u00e3o\",\"isPartOf\":{\"@id\":\"https:\\\/\\\/corpoacao.com.br\\\/blog\\\/#website\"},\"primaryImageOfPage\":{\"@id\":\"https:\\\/\\\/corpoacao.com.br\\\/blog\\\/alimentacao-saudavel-no-outono\\\/#primaryimage\"},\"image\":{\"@id\":\"https:\\\/\\\/corpoacao.com.br\\\/blog\\\/alimentacao-saudavel-no-outono\\\/#primaryimage\"},\"thumbnailUrl\":\"https:\\\/\\\/corpoacao.com.br\\\/blog\\\/wp-content\\\/uploads\\\/2022\\\/04\\\/banana-713057_1280.jpg\",\"datePublished\":\"2022-04-17T11:42:28+00:00\",\"dateModified\":\"2022-04-17T11:43:16+00:00\",\"breadcrumb\":{\"@id\":\"https:\\\/\\\/corpoacao.com.br\\\/blog\\\/alimentacao-saudavel-no-outono\\\/#breadcrumb\"},\"inLanguage\":\"pt-BR\",\"potentialAction\":[{\"@type\":\"ReadAction\",\"target\":[\"https:\\\/\\\/corpoacao.com.br\\\/blog\\\/alimentacao-saudavel-no-outono\\\/\"]}]},{\"@type\":\"ImageObject\",\"inLanguage\":\"pt-BR\",\"@id\":\"https:\\\/\\\/corpoacao.com.br\\\/blog\\\/alimentacao-saudavel-no-outono\\\/#primaryimage\",\"url\":\"https:\\\/\\\/corpoacao.com.br\\\/blog\\\/wp-content\\\/uploads\\\/2022\\\/04\\\/banana-713057_1280.jpg\",\"contentUrl\":\"https:\\\/\\\/corpoacao.com.br\\\/blog\\\/wp-content\\\/uploads\\\/2022\\\/04\\\/banana-713057_1280.jpg\",\"width\":1280,\"height\":1280},{\"@type\":\"BreadcrumbList\",\"@id\":\"https:\\\/\\\/corpoacao.com.br\\\/blog\\\/alimentacao-saudavel-no-outono\\\/#breadcrumb\",\"itemListElement\":[{\"@type\":\"ListItem\",\"position\":1,\"name\":\"Home\",\"item\":\"https:\\\/\\\/corpoacao.com.br\\\/blog\\\/\"},{\"@type\":\"ListItem\",\"position\":2,\"name\":\"Alimenta\u00e7\u00e3o saud\u00e1vel no Outono\"}]},{\"@type\":\"WebSite\",\"@id\":\"https:\\\/\\\/corpoacao.com.br\\\/blog\\\/#website\",\"url\":\"https:\\\/\\\/corpoacao.com.br\\\/blog\\\/\",\"name\":\"Corpo em A\u00e7\u00e3o\",\"description\":\"Blog Ergonomia e qualidade de vida no ambiente de trabalho\",\"publisher\":{\"@id\":\"https:\\\/\\\/corpoacao.com.br\\\/blog\\\/#organization\"},\"potentialAction\":[{\"@type\":\"SearchAction\",\"target\":{\"@type\":\"EntryPoint\",\"urlTemplate\":\"https:\\\/\\\/corpoacao.com.br\\\/blog\\\/?s={search_term_string}\"},\"query-input\":{\"@type\":\"PropertyValueSpecification\",\"valueRequired\":true,\"valueName\":\"search_term_string\"}}],\"inLanguage\":\"pt-BR\"},{\"@type\":\"Organization\",\"@id\":\"https:\\\/\\\/corpoacao.com.br\\\/blog\\\/#organization\",\"name\":\"Corpo em A\u00e7\u00e3o\",\"url\":\"https:\\\/\\\/corpoacao.com.br\\\/blog\\\/\",\"logo\":{\"@type\":\"ImageObject\",\"inLanguage\":\"pt-BR\",\"@id\":\"https:\\\/\\\/corpoacao.com.br\\\/blog\\\/#\\\/schema\\\/logo\\\/image\\\/\",\"url\":\"https:\\\/\\\/corpoacao.com.br\\\/blog\\\/wp-content\\\/uploads\\\/2023\\\/04\\\/ginastica-laboral.png\",\"contentUrl\":\"https:\\\/\\\/corpoacao.com.br\\\/blog\\\/wp-content\\\/uploads\\\/2023\\\/04\\\/ginastica-laboral.png\",\"width\":185,\"height\":128,\"caption\":\"Corpo em A\u00e7\u00e3o\"},\"image\":{\"@id\":\"https:\\\/\\\/corpoacao.com.br\\\/blog\\\/#\\\/schema\\\/logo\\\/image\\\/\"},\"sameAs\":[\"https:\\\/\\\/www.facebook.com\\\/corpoemacao.poa\\\/\",\"https:\\\/\\\/www.instagram.com\\\/corpoemacaopoa\\\/\"]},{\"@type\":\"Person\",\"@id\":\"https:\\\/\\\/corpoacao.com.br\\\/blog\\\/#\\\/schema\\\/person\\\/8511fda2e04a521379dee132a34c889e\",\"name\":\"Morgana Lovato Cantarelli\",\"image\":{\"@type\":\"ImageObject\",\"inLanguage\":\"pt-BR\",\"@id\":\"https:\\\/\\\/secure.gravatar.com\\\/avatar\\\/7a246dbb5756847be4e8d937d3645cb75b1afbf687c106886d0b09172c1ee291?s=96&d=mm&r=g\",\"url\":\"https:\\\/\\\/secure.gravatar.com\\\/avatar\\\/7a246dbb5756847be4e8d937d3645cb75b1afbf687c106886d0b09172c1ee291?s=96&d=mm&r=g\",\"contentUrl\":\"https:\\\/\\\/secure.gravatar.com\\\/avatar\\\/7a246dbb5756847be4e8d937d3645cb75b1afbf687c106886d0b09172c1ee291?s=96&d=mm&r=g\",\"caption\":\"Morgana Lovato Cantarelli\"},\"description\":\"Propriet\u00e1ria da Empresa Corpo em A\u00e7\u00e3o , educadora f\u00edsica formada no IPA (1991), especializada em pedagogia do treinamento desportivo, especializada em pilates, palestrante, professora de massoterapia e Estado do Rio Grande do Sul\",\"url\":\"https:\\\/\\\/corpoacao.com.br\\\/blog\\\/author\\\/admin\\\/\"}]}<\/script>\n<!-- \/ Yoast SEO Premium plugin. -->","yoast_head_json":{"title":"Alimenta\u00e7\u00e3o saud\u00e1vel no Outono - Corpo em A\u00e7\u00e3o","robots":{"index":"index","follow":"follow","max-snippet":"max-snippet:-1","max-image-preview":"max-image-preview:large","max-video-preview":"max-video-preview:-1"},"canonical":"https:\/\/corpoacao.com.br\/blog\/alimentacao-saudavel-no-outono\/","og_locale":"pt_BR","og_type":"article","og_title":"Alimenta\u00e7\u00e3o saud\u00e1vel no Outono","og_description":"Voc\u00eas sabiam que o outono no Brasil \u00e9 conhecido como esta\u00e7\u00e3o das frutas? Em raz\u00e3o da coincid\u00eancia dessa esta\u00e7\u00e3o, tamb\u00e9m \u00e9 a \u00e9poca de colheita de v\u00e1rias esp\u00e9cies frut\u00edferas. Vamos manter uma dieta saud\u00e1vel e equilibrada com os alimentos de Outono? Confiram as dicas que a nossa parceira Nutricionista Luciana Medeiros preparou pra voc\u00eas. O [&hellip;]","og_url":"https:\/\/corpoacao.com.br\/blog\/alimentacao-saudavel-no-outono\/","og_site_name":"Corpo em A\u00e7\u00e3o","article_publisher":"https:\/\/www.facebook.com\/corpoemacao.poa\/","article_published_time":"2022-04-17T11:42:28+00:00","article_modified_time":"2022-04-17T11:43:16+00:00","og_image":[{"width":1280,"height":1280,"url":"https:\/\/corpoacao.com.br\/blog\/wp-content\/uploads\/2022\/04\/banana-713057_1280.jpg","type":"image\/jpeg"}],"author":"Morgana Lovato Cantarelli","twitter_card":"summary_large_image","twitter_misc":{"Escrito por":"Morgana Lovato Cantarelli","Est. tempo de leitura":"2 minutos"},"schema":{"@context":"https:\/\/schema.org","@graph":[{"@type":"Article","@id":"https:\/\/corpoacao.com.br\/blog\/alimentacao-saudavel-no-outono\/#article","isPartOf":{"@id":"https:\/\/corpoacao.com.br\/blog\/alimentacao-saudavel-no-outono\/"},"author":{"name":"Morgana Lovato Cantarelli","@id":"https:\/\/corpoacao.com.br\/blog\/#\/schema\/person\/8511fda2e04a521379dee132a34c889e"},"headline":"Alimenta\u00e7\u00e3o saud\u00e1vel no Outono","datePublished":"2022-04-17T11:42:28+00:00","dateModified":"2022-04-17T11:43:16+00:00","mainEntityOfPage":{"@id":"https:\/\/corpoacao.com.br\/blog\/alimentacao-saudavel-no-outono\/"},"wordCount":327,"commentCount":0,"publisher":{"@id":"https:\/\/corpoacao.com.br\/blog\/#organization"},"image":{"@id":"https:\/\/corpoacao.com.br\/blog\/alimentacao-saudavel-no-outono\/#primaryimage"},"thumbnailUrl":"https:\/\/corpoacao.com.br\/blog\/wp-content\/uploads\/2022\/04\/banana-713057_1280.jpg","inLanguage":"pt-BR","potentialAction":[{"@type":"CommentAction","name":"Comment","target":["https:\/\/corpoacao.com.br\/blog\/alimentacao-saudavel-no-outono\/#respond"]}]},{"@type":"WebPage","@id":"https:\/\/corpoacao.com.br\/blog\/alimentacao-saudavel-no-outono\/","url":"https:\/\/corpoacao.com.br\/blog\/alimentacao-saudavel-no-outono\/","name":"Alimenta\u00e7\u00e3o saud\u00e1vel no Outono - Corpo em A\u00e7\u00e3o","isPartOf":{"@id":"https:\/\/corpoacao.com.br\/blog\/#website"},"primaryImageOfPage":{"@id":"https:\/\/corpoacao.com.br\/blog\/alimentacao-saudavel-no-outono\/#primaryimage"},"image":{"@id":"https:\/\/corpoacao.com.br\/blog\/alimentacao-saudavel-no-outono\/#primaryimage"},"thumbnailUrl":"https:\/\/corpoacao.com.br\/blog\/wp-content\/uploads\/2022\/04\/banana-713057_1280.jpg","datePublished":"2022-04-17T11:42:28+00:00","dateModified":"2022-04-17T11:43:16+00:00","breadcrumb":{"@id":"https:\/\/corpoacao.com.br\/blog\/alimentacao-saudavel-no-outono\/#breadcrumb"},"inLanguage":"pt-BR","potentialAction":[{"@type":"ReadAction","target":["https:\/\/corpoacao.com.br\/blog\/alimentacao-saudavel-no-outono\/"]}]},{"@type":"ImageObject","inLanguage":"pt-BR","@id":"https:\/\/corpoacao.com.br\/blog\/alimentacao-saudavel-no-outono\/#primaryimage","url":"https:\/\/corpoacao.com.br\/blog\/wp-content\/uploads\/2022\/04\/banana-713057_1280.jpg","contentUrl":"https:\/\/corpoacao.com.br\/blog\/wp-content\/uploads\/2022\/04\/banana-713057_1280.jpg","width":1280,"height":1280},{"@type":"BreadcrumbList","@id":"https:\/\/corpoacao.com.br\/blog\/alimentacao-saudavel-no-outono\/#breadcrumb","itemListElement":[{"@type":"ListItem","position":1,"name":"Home","item":"https:\/\/corpoacao.com.br\/blog\/"},{"@type":"ListItem","position":2,"name":"Alimenta\u00e7\u00e3o saud\u00e1vel no Outono"}]},{"@type":"WebSite","@id":"https:\/\/corpoacao.com.br\/blog\/#website","url":"https:\/\/corpoacao.com.br\/blog\/","name":"Corpo em A\u00e7\u00e3o","description":"Blog Ergonomia e qualidade de vida no ambiente de trabalho","publisher":{"@id":"https:\/\/corpoacao.com.br\/blog\/#organization"},"potentialAction":[{"@type":"SearchAction","target":{"@type":"EntryPoint","urlTemplate":"https:\/\/corpoacao.com.br\/blog\/?s={search_term_string}"},"query-input":{"@type":"PropertyValueSpecification","valueRequired":true,"valueName":"search_term_string"}}],"inLanguage":"pt-BR"},{"@type":"Organization","@id":"https:\/\/corpoacao.com.br\/blog\/#organization","name":"Corpo em A\u00e7\u00e3o","url":"https:\/\/corpoacao.com.br\/blog\/","logo":{"@type":"ImageObject","inLanguage":"pt-BR","@id":"https:\/\/corpoacao.com.br\/blog\/#\/schema\/logo\/image\/","url":"https:\/\/corpoacao.com.br\/blog\/wp-content\/uploads\/2023\/04\/ginastica-laboral.png","contentUrl":"https:\/\/corpoacao.com.br\/blog\/wp-content\/uploads\/2023\/04\/ginastica-laboral.png","width":185,"height":128,"caption":"Corpo em A\u00e7\u00e3o"},"image":{"@id":"https:\/\/corpoacao.com.br\/blog\/#\/schema\/logo\/image\/"},"sameAs":["https:\/\/www.facebook.com\/corpoemacao.poa\/","https:\/\/www.instagram.com\/corpoemacaopoa\/"]},{"@type":"Person","@id":"https:\/\/corpoacao.com.br\/blog\/#\/schema\/person\/8511fda2e04a521379dee132a34c889e","name":"Morgana Lovato Cantarelli","image":{"@type":"ImageObject","inLanguage":"pt-BR","@id":"https:\/\/secure.gravatar.com\/avatar\/7a246dbb5756847be4e8d937d3645cb75b1afbf687c106886d0b09172c1ee291?s=96&d=mm&r=g","url":"https:\/\/secure.gravatar.com\/avatar\/7a246dbb5756847be4e8d937d3645cb75b1afbf687c106886d0b09172c1ee291?s=96&d=mm&r=g","contentUrl":"https:\/\/secure.gravatar.com\/avatar\/7a246dbb5756847be4e8d937d3645cb75b1afbf687c106886d0b09172c1ee291?s=96&d=mm&r=g","caption":"Morgana Lovato Cantarelli"},"description":"Propriet\u00e1ria da Empresa Corpo em A\u00e7\u00e3o , educadora f\u00edsica formada no IPA (1991), especializada em pedagogia do treinamento desportivo, especializada em pilates, palestrante, professora de massoterapia e Estado do Rio Grande do Sul","url":"https:\/\/corpoacao.com.br\/blog\/author\/admin\/"}]}},"_links":{"self":[{"href":"https:\/\/corpoacao.com.br\/blog\/wp-json\/wp\/v2\/posts\/1382","targetHints":{"allow":["GET"]}}],"collection":[{"href":"https:\/\/corpoacao.com.br\/blog\/wp-json\/wp\/v2\/posts"}],"about":[{"href":"https:\/\/corpoacao.com.br\/blog\/wp-json\/wp\/v2\/types\/post"}],"author":[{"embeddable":true,"href":"https:\/\/corpoacao.com.br\/blog\/wp-json\/wp\/v2\/users\/1"}],"replies":[{"embeddable":true,"href":"https:\/\/corpoacao.com.br\/blog\/wp-json\/wp\/v2\/comments?post=1382"}],"version-history":[{"count":1,"href":"https:\/\/corpoacao.com.br\/blog\/wp-json\/wp\/v2\/posts\/1382\/revisions"}],"predecessor-version":[{"id":1385,"href":"https:\/\/corpoacao.com.br\/blog\/wp-json\/wp\/v2\/posts\/1382\/revisions\/1385"}],"wp:featuredmedia":[{"embeddable":true,"href":"https:\/\/corpoacao.com.br\/blog\/wp-json\/wp\/v2\/media\/1383"}],"wp:attachment":[{"href":"https:\/\/corpoacao.com.br\/blog\/wp-json\/wp\/v2\/media?parent=1382"}],"wp:term":[{"taxonomy":"category","embeddable":true,"href":"https:\/\/corpoacao.com.br\/blog\/wp-json\/wp\/v2\/categories?post=1382"},{"taxonomy":"post_tag","embeddable":true,"href":"https:\/\/corpoacao.com.br\/blog\/wp-json\/wp\/v2\/tags?post=1382"}],"curies":[{"name":"wp","href":"https:\/\/api.w.org\/{rel}","templated":true}]}}