{"id":1390,"date":"2022-05-01T19:24:04","date_gmt":"2022-05-01T22:24:04","guid":{"rendered":"https:\/\/www.corpoacao.com.br\/blog\/?p=1390"},"modified":"2022-05-01T19:24:04","modified_gmt":"2022-05-01T22:24:04","slug":"dia-mundial-do-trabalhador-saude-e-seguranca","status":"publish","type":"post","link":"https:\/\/corpoacao.com.br\/blog\/dia-mundial-do-trabalhador-saude-e-seguranca\/","title":{"rendered":"Dia mundial do trabalhador: Sa\u00fade e Seguran\u00e7a"},"content":{"rendered":"\n<p> Dia 1\u00ba de maio celebramos o dia mundial do trabalho. Em comemora\u00e7\u00e3o a este dia, estamos trazendo algumas informa\u00e7\u00f5es pra voc\u00eas sobre as novas regras sobre seguran\u00e7a e sa\u00fade no trabalho a partir de 2022. <\/p>\n\n\n\n<figure class=\"wp-block-image\"><img fetchpriority=\"high\" decoding=\"async\" width=\"1024\" height=\"538\" src=\"https:\/\/corpoacao.com.br\/blog\/wp-content\/uploads\/2022\/05\/trabalhadores-1024x538.jpg\" alt=\"\" class=\"wp-image-1391\" srcset=\"https:\/\/corpoacao.com.br\/blog\/wp-content\/uploads\/2022\/05\/trabalhadores-1024x538.jpg 1024w, https:\/\/corpoacao.com.br\/blog\/wp-content\/uploads\/2022\/05\/trabalhadores-300x158.jpg 300w, https:\/\/corpoacao.com.br\/blog\/wp-content\/uploads\/2022\/05\/trabalhadores-768x403.jpg 768w, https:\/\/corpoacao.com.br\/blog\/wp-content\/uploads\/2022\/05\/trabalhadores.jpg 1200w\" sizes=\"(max-width: 1024px) 100vw, 1024px\" \/><\/figure>\n\n\n\n<p>Quais ser\u00e3o as principais mudan\u00e7as na \u00e1rea de Seguran\u00e7a e Sa\u00fade no Trabalho?<\/p>\n\n\n\n<p>Visando a maior qualidade de sa\u00fade e seguran\u00e7a aos trabalhadores, o Minist\u00e9rio do Trabalho e Emprego (MTE) reformulou diversas Normas Regulamentadoras, a fim de torn\u00e1-las mais f\u00e1ceis de serem compreendidas e tamb\u00e9m aplicadas ao dia a dia das empresas.<\/p>\n\n\n\n<p>Algumas altera\u00e7\u00f5es entraram em vigor ainda em 2021 e outras ser\u00e3o iniciadas a partir de janeiro de 2022. Esse per\u00edodo foi considerado para que as empresas tivessem tempo h\u00e1bil para se adequarem \u00e0s novas condi\u00e7\u00f5es.<\/p>\n\n\n\n<p>Entre as principais mudan\u00e7as, destaca-se a implementa\u00e7\u00e3o do Programa de Gerenciamento de Riscos (PGR), cujo um dos objetivos \u00e9 o gerenciamento de todos os tipos de riscos ocupacionais presentes na ind\u00fastria.<\/p>\n\n\n\n<p>Este programa foi criado segundo a Norma Regulamentadora NR-1, pela Portaria MTb n\u00ba 3.214, de 08\/06\/1978, com sua \u00faltima atualiza\u00e7\u00e3o pela Portaria SEPRT n\u00ba 6.730, de 09\/03\/2020. Sendo assim \u00e9 obrigat\u00f3rio o cumprimento das orienta\u00e7\u00f5es definidas nesta norma em todo setor produtivo do pa\u00eds.<\/p>\n\n\n\n<p>Outra mudan\u00e7a considerada importante \u00e9 a digitaliza\u00e7\u00e3o de processos e documentos, o que poder\u00e1 ser realizado por meio de programas como o eSocial.<\/p>\n\n\n\n<p>A NR-1 considera disposi\u00e7\u00f5es gerais quanto a essa nova forma de cumprir com as obrigatoriedades trabalhistas no formato digital, como voc\u00ea pode conferir abaixo:<\/p>\n\n\n\n<p><strong>1.6.1<\/strong>&nbsp;As organiza\u00e7\u00f5es devem prestar informa\u00e7\u00f5es de seguran\u00e7a e sa\u00fade no trabalho em formato digital, conforme modelo aprovado pela STRAB, ouvida a SIT;<br><strong>1.6.2<\/strong>&nbsp;Os documentos previstos nas NR podem ser emitidos e armazenados em meio digital com certificado digital emitido no \u00e2mbito da Infraestrutura de Chaves P\u00fablicas Brasileira (ICP-Brasil), normatizada por lei espec\u00edfica;<br><strong>1.6.3<\/strong>&nbsp;Os documentos f\u00edsicos, assinados manualmente, inclusive os anteriores \u00e0 vig\u00eancia desta NR, podem ser arquivados em meio digital, pelo per\u00edodo correspondente exigido pela legisla\u00e7\u00e3o pr\u00f3pria, mediante processo de digitaliza\u00e7\u00e3o conforme disposto em Lei;<br><strong>1.6.3.1<\/strong>&nbsp;O processo de digitaliza\u00e7\u00e3o deve ser realizado de forma a manter a integridade, a autenticidade e, se necess\u00e1rio, a confidencialidade do documento digital, com o emprego de certificado digital emitido no \u00e2mbito da Infraestrutura de Chaves P\u00fablicas Brasileira (ICP-Brasil).<br><strong>1.6.4<\/strong>&nbsp;O empregador deve garantir a preserva\u00e7\u00e3o de todos os documentos digitais ou digitalizados por meio de procedimentos e tecnologias que permitam verificar, a qualquer tempo, sua validade jur\u00eddica em todo territ\u00f3rio nacional, garantindo permanentemente sua autenticidade, integridade, disponibilidade, rastreabilidade, irretratabilidade, privacidade e interoperabilidade.<\/p>\n\n\n\n<p><strong>NRs que entram em vigor a partir de 03\/01\/2022<\/strong><\/p>\n\n\n\n<p>Al\u00e9m das mudan\u00e7as citadas acima, outras NRs atualizadas tamb\u00e9m passar\u00e3o a valer a partir de janeiro. S\u00e3o elas:<\/p>\n\n\n\n<ul class=\"wp-block-list\"><li><strong>NR-5:<\/strong>&nbsp;Comiss\u00e3o Interna de Preven\u00e7\u00e3o de Acidentes \u2013 CIPA;<\/li><li><strong>NR-7:<\/strong>&nbsp;Programa de Controle M\u00e9dico de Sa\u00fade Ocupacional (PCMSO);<\/li><li><strong>NR-9:<\/strong>&nbsp;Avalia\u00e7\u00e3o e Controle das Exposi\u00e7\u00f5es Ocupacionais a Agentes F\u00edsicos, Qu\u00edmicos e Biol\u00f3gicos;<\/li><li><strong>Anexo 3 e 8 da NR-15:<\/strong>&nbsp;Atividades e Opera\u00e7\u00f5es Insalubres;<\/li><li><strong>NR-17:<\/strong>&nbsp;Ergonomia;<\/li><li><strong>NR-18:<\/strong>&nbsp;Condi\u00e7\u00f5es de Seguran\u00e7a e Sa\u00fade no Trabalho na Ind\u00fastria da Constru\u00e7\u00e3o;<\/li><li><strong>NR-19:<\/strong>&nbsp;Explosivos;<\/li><li>Entre outras normas n\u00e3o ligadas diretamente a constru\u00e7\u00e3o civil.<\/li><\/ul>\n\n\n\n<p><strong>eSocial:&nbsp;Grupos 2 e 3 devem se atentar ao prazo de cadastramento<\/strong><\/p>\n\n\n\n<p>Mais uma mudan\u00e7a relevante na \u00e1rea de Seguran\u00e7a e Sa\u00fade no Trabalho para 2022 \u00e9 a adequa\u00e7\u00e3o das empresas dos grupos 2 e 3 no eSocial.<br>Conforme o cronograma lan\u00e7ado pela Receita Federal, a partir de janeiro, essas empresas precisam cadastrar as informa\u00e7\u00f5es de sa\u00fade e seguran\u00e7a do trabalhador no sistema.<\/p>\n\n\n\n<p>Fazem parte do grupo 2 as empresas com faturamento inferior a R$ 70 milh\u00f5es, exceto empresas optantes pelo Simples Nacional, que est\u00e3o enquadradas no grupo 3.<\/p>\n\n\n\n<p>De acordo com as principais mudan\u00e7as na \u00e1rea da seguran\u00e7a e sa\u00fade do trabalho, \u00e9 importante avaliar se a sua Empresa est\u00e1 adequada \u00e0s novas condi\u00e7\u00f5es.<\/p>\n\n\n\n<p>Fonte: http:\/\/seconci.com.br\/<br><\/p>\n","protected":false},"excerpt":{"rendered":"<p>Dia 1\u00ba de maio celebramos o dia mundial do trabalho. Em comemora\u00e7\u00e3o a este dia, estamos trazendo algumas informa\u00e7\u00f5es pra voc\u00eas sobre as novas regras sobre seguran\u00e7a e sa\u00fade no trabalho a partir de 2022. Quais ser\u00e3o as principais mudan\u00e7as na \u00e1rea de Seguran\u00e7a e Sa\u00fade no Trabalho? Visando a maior qualidade de sa\u00fade e [&hellip;]<\/p>\n","protected":false},"author":1,"featured_media":0,"comment_status":"open","ping_status":"open","sticky":false,"template":"","format":"standard","meta":{"_joinchat":[],"footnotes":""},"categories":[1],"tags":[],"class_list":["post-1390","post","type-post","status-publish","format-standard","hentry","category-sem-categoria"],"yoast_head":"<!-- This site is optimized with the Yoast SEO Premium plugin v20.8 (Yoast SEO v27.4) - https:\/\/yoast.com\/product\/yoast-seo-premium-wordpress\/ -->\n<title>Dia mundial do trabalhador: Sa\u00fade e Seguran\u00e7a - Corpo em A\u00e7\u00e3o<\/title>\n<meta name=\"robots\" content=\"index, follow, max-snippet:-1, max-image-preview:large, max-video-preview:-1\" \/>\n<link rel=\"canonical\" href=\"https:\/\/corpoacao.com.br\/blog\/dia-mundial-do-trabalhador-saude-e-seguranca\/\" \/>\n<meta property=\"og:locale\" content=\"pt_BR\" \/>\n<meta property=\"og:type\" content=\"article\" \/>\n<meta property=\"og:title\" content=\"Dia mundial do trabalhador: Sa\u00fade e Seguran\u00e7a\" \/>\n<meta property=\"og:description\" content=\"Dia 1\u00ba de maio celebramos o dia mundial do trabalho. Em comemora\u00e7\u00e3o a este dia, estamos trazendo algumas informa\u00e7\u00f5es pra voc\u00eas sobre as novas regras sobre seguran\u00e7a e sa\u00fade no trabalho a partir de 2022. Quais ser\u00e3o as principais mudan\u00e7as na \u00e1rea de Seguran\u00e7a e Sa\u00fade no Trabalho? Visando a maior qualidade de sa\u00fade e [&hellip;]\" \/>\n<meta property=\"og:url\" content=\"https:\/\/corpoacao.com.br\/blog\/dia-mundial-do-trabalhador-saude-e-seguranca\/\" \/>\n<meta property=\"og:site_name\" content=\"Corpo em A\u00e7\u00e3o\" \/>\n<meta property=\"article:publisher\" content=\"https:\/\/www.facebook.com\/corpoemacao.poa\/\" \/>\n<meta property=\"article:published_time\" content=\"2022-05-01T22:24:04+00:00\" \/>\n<meta property=\"og:image\" content=\"https:\/\/corpoacao.com.br\/blog\/wp-content\/uploads\/2022\/05\/trabalhadores-1024x538.jpg\" \/>\n<meta name=\"author\" content=\"Morgana Lovato Cantarelli\" \/>\n<meta name=\"twitter:card\" content=\"summary_large_image\" \/>\n<meta name=\"twitter:label1\" content=\"Escrito por\" \/>\n\t<meta name=\"twitter:data1\" content=\"Morgana Lovato Cantarelli\" \/>\n\t<meta name=\"twitter:label2\" content=\"Est. tempo de leitura\" \/>\n\t<meta name=\"twitter:data2\" content=\"3 minutos\" \/>\n<script type=\"application\/ld+json\" class=\"yoast-schema-graph\">{\"@context\":\"https:\\\/\\\/schema.org\",\"@graph\":[{\"@type\":\"Article\",\"@id\":\"https:\\\/\\\/corpoacao.com.br\\\/blog\\\/dia-mundial-do-trabalhador-saude-e-seguranca\\\/#article\",\"isPartOf\":{\"@id\":\"https:\\\/\\\/corpoacao.com.br\\\/blog\\\/dia-mundial-do-trabalhador-saude-e-seguranca\\\/\"},\"author\":{\"name\":\"Morgana Lovato Cantarelli\",\"@id\":\"https:\\\/\\\/corpoacao.com.br\\\/blog\\\/#\\\/schema\\\/person\\\/8511fda2e04a521379dee132a34c889e\"},\"headline\":\"Dia mundial do trabalhador: Sa\u00fade e Seguran\u00e7a\",\"datePublished\":\"2022-05-01T22:24:04+00:00\",\"mainEntityOfPage\":{\"@id\":\"https:\\\/\\\/corpoacao.com.br\\\/blog\\\/dia-mundial-do-trabalhador-saude-e-seguranca\\\/\"},\"wordCount\":704,\"commentCount\":0,\"publisher\":{\"@id\":\"https:\\\/\\\/corpoacao.com.br\\\/blog\\\/#organization\"},\"image\":{\"@id\":\"https:\\\/\\\/corpoacao.com.br\\\/blog\\\/dia-mundial-do-trabalhador-saude-e-seguranca\\\/#primaryimage\"},\"thumbnailUrl\":\"https:\\\/\\\/corpoacao.com.br\\\/blog\\\/wp-content\\\/uploads\\\/2022\\\/05\\\/trabalhadores-1024x538.jpg\",\"inLanguage\":\"pt-BR\",\"potentialAction\":[{\"@type\":\"CommentAction\",\"name\":\"Comment\",\"target\":[\"https:\\\/\\\/corpoacao.com.br\\\/blog\\\/dia-mundial-do-trabalhador-saude-e-seguranca\\\/#respond\"]}]},{\"@type\":\"WebPage\",\"@id\":\"https:\\\/\\\/corpoacao.com.br\\\/blog\\\/dia-mundial-do-trabalhador-saude-e-seguranca\\\/\",\"url\":\"https:\\\/\\\/corpoacao.com.br\\\/blog\\\/dia-mundial-do-trabalhador-saude-e-seguranca\\\/\",\"name\":\"Dia mundial do trabalhador: Sa\u00fade e Seguran\u00e7a - Corpo em A\u00e7\u00e3o\",\"isPartOf\":{\"@id\":\"https:\\\/\\\/corpoacao.com.br\\\/blog\\\/#website\"},\"primaryImageOfPage\":{\"@id\":\"https:\\\/\\\/corpoacao.com.br\\\/blog\\\/dia-mundial-do-trabalhador-saude-e-seguranca\\\/#primaryimage\"},\"image\":{\"@id\":\"https:\\\/\\\/corpoacao.com.br\\\/blog\\\/dia-mundial-do-trabalhador-saude-e-seguranca\\\/#primaryimage\"},\"thumbnailUrl\":\"https:\\\/\\\/corpoacao.com.br\\\/blog\\\/wp-content\\\/uploads\\\/2022\\\/05\\\/trabalhadores-1024x538.jpg\",\"datePublished\":\"2022-05-01T22:24:04+00:00\",\"breadcrumb\":{\"@id\":\"https:\\\/\\\/corpoacao.com.br\\\/blog\\\/dia-mundial-do-trabalhador-saude-e-seguranca\\\/#breadcrumb\"},\"inLanguage\":\"pt-BR\",\"potentialAction\":[{\"@type\":\"ReadAction\",\"target\":[\"https:\\\/\\\/corpoacao.com.br\\\/blog\\\/dia-mundial-do-trabalhador-saude-e-seguranca\\\/\"]}]},{\"@type\":\"ImageObject\",\"inLanguage\":\"pt-BR\",\"@id\":\"https:\\\/\\\/corpoacao.com.br\\\/blog\\\/dia-mundial-do-trabalhador-saude-e-seguranca\\\/#primaryimage\",\"url\":\"https:\\\/\\\/corpoacao.com.br\\\/blog\\\/wp-content\\\/uploads\\\/2022\\\/05\\\/trabalhadores.jpg\",\"contentUrl\":\"https:\\\/\\\/corpoacao.com.br\\\/blog\\\/wp-content\\\/uploads\\\/2022\\\/05\\\/trabalhadores.jpg\",\"width\":1200,\"height\":630},{\"@type\":\"BreadcrumbList\",\"@id\":\"https:\\\/\\\/corpoacao.com.br\\\/blog\\\/dia-mundial-do-trabalhador-saude-e-seguranca\\\/#breadcrumb\",\"itemListElement\":[{\"@type\":\"ListItem\",\"position\":1,\"name\":\"Home\",\"item\":\"https:\\\/\\\/corpoacao.com.br\\\/blog\\\/\"},{\"@type\":\"ListItem\",\"position\":2,\"name\":\"Dia mundial do trabalhador: Sa\u00fade e Seguran\u00e7a\"}]},{\"@type\":\"WebSite\",\"@id\":\"https:\\\/\\\/corpoacao.com.br\\\/blog\\\/#website\",\"url\":\"https:\\\/\\\/corpoacao.com.br\\\/blog\\\/\",\"name\":\"Corpo em A\u00e7\u00e3o\",\"description\":\"Blog Ergonomia e qualidade de vida no ambiente de trabalho\",\"publisher\":{\"@id\":\"https:\\\/\\\/corpoacao.com.br\\\/blog\\\/#organization\"},\"potentialAction\":[{\"@type\":\"SearchAction\",\"target\":{\"@type\":\"EntryPoint\",\"urlTemplate\":\"https:\\\/\\\/corpoacao.com.br\\\/blog\\\/?s={search_term_string}\"},\"query-input\":{\"@type\":\"PropertyValueSpecification\",\"valueRequired\":true,\"valueName\":\"search_term_string\"}}],\"inLanguage\":\"pt-BR\"},{\"@type\":\"Organization\",\"@id\":\"https:\\\/\\\/corpoacao.com.br\\\/blog\\\/#organization\",\"name\":\"Corpo em A\u00e7\u00e3o\",\"url\":\"https:\\\/\\\/corpoacao.com.br\\\/blog\\\/\",\"logo\":{\"@type\":\"ImageObject\",\"inLanguage\":\"pt-BR\",\"@id\":\"https:\\\/\\\/corpoacao.com.br\\\/blog\\\/#\\\/schema\\\/logo\\\/image\\\/\",\"url\":\"https:\\\/\\\/corpoacao.com.br\\\/blog\\\/wp-content\\\/uploads\\\/2023\\\/04\\\/ginastica-laboral.png\",\"contentUrl\":\"https:\\\/\\\/corpoacao.com.br\\\/blog\\\/wp-content\\\/uploads\\\/2023\\\/04\\\/ginastica-laboral.png\",\"width\":185,\"height\":128,\"caption\":\"Corpo em A\u00e7\u00e3o\"},\"image\":{\"@id\":\"https:\\\/\\\/corpoacao.com.br\\\/blog\\\/#\\\/schema\\\/logo\\\/image\\\/\"},\"sameAs\":[\"https:\\\/\\\/www.facebook.com\\\/corpoemacao.poa\\\/\",\"https:\\\/\\\/www.instagram.com\\\/corpoemacaopoa\\\/\"]},{\"@type\":\"Person\",\"@id\":\"https:\\\/\\\/corpoacao.com.br\\\/blog\\\/#\\\/schema\\\/person\\\/8511fda2e04a521379dee132a34c889e\",\"name\":\"Morgana Lovato Cantarelli\",\"image\":{\"@type\":\"ImageObject\",\"inLanguage\":\"pt-BR\",\"@id\":\"https:\\\/\\\/secure.gravatar.com\\\/avatar\\\/7a246dbb5756847be4e8d937d3645cb75b1afbf687c106886d0b09172c1ee291?s=96&d=mm&r=g\",\"url\":\"https:\\\/\\\/secure.gravatar.com\\\/avatar\\\/7a246dbb5756847be4e8d937d3645cb75b1afbf687c106886d0b09172c1ee291?s=96&d=mm&r=g\",\"contentUrl\":\"https:\\\/\\\/secure.gravatar.com\\\/avatar\\\/7a246dbb5756847be4e8d937d3645cb75b1afbf687c106886d0b09172c1ee291?s=96&d=mm&r=g\",\"caption\":\"Morgana Lovato Cantarelli\"},\"description\":\"Propriet\u00e1ria da Empresa Corpo em A\u00e7\u00e3o , educadora f\u00edsica formada no IPA (1991), especializada em pedagogia do treinamento desportivo, especializada em pilates, palestrante, professora de massoterapia e Estado do Rio Grande do Sul\",\"url\":\"https:\\\/\\\/corpoacao.com.br\\\/blog\\\/author\\\/admin\\\/\"}]}<\/script>\n<!-- \/ Yoast SEO Premium plugin. -->","yoast_head_json":{"title":"Dia mundial do trabalhador: Sa\u00fade e Seguran\u00e7a - Corpo em A\u00e7\u00e3o","robots":{"index":"index","follow":"follow","max-snippet":"max-snippet:-1","max-image-preview":"max-image-preview:large","max-video-preview":"max-video-preview:-1"},"canonical":"https:\/\/corpoacao.com.br\/blog\/dia-mundial-do-trabalhador-saude-e-seguranca\/","og_locale":"pt_BR","og_type":"article","og_title":"Dia mundial do trabalhador: Sa\u00fade e Seguran\u00e7a","og_description":"Dia 1\u00ba de maio celebramos o dia mundial do trabalho. Em comemora\u00e7\u00e3o a este dia, estamos trazendo algumas informa\u00e7\u00f5es pra voc\u00eas sobre as novas regras sobre seguran\u00e7a e sa\u00fade no trabalho a partir de 2022. Quais ser\u00e3o as principais mudan\u00e7as na \u00e1rea de Seguran\u00e7a e Sa\u00fade no Trabalho? Visando a maior qualidade de sa\u00fade e [&hellip;]","og_url":"https:\/\/corpoacao.com.br\/blog\/dia-mundial-do-trabalhador-saude-e-seguranca\/","og_site_name":"Corpo em A\u00e7\u00e3o","article_publisher":"https:\/\/www.facebook.com\/corpoemacao.poa\/","article_published_time":"2022-05-01T22:24:04+00:00","og_image":[{"url":"https:\/\/corpoacao.com.br\/blog\/wp-content\/uploads\/2022\/05\/trabalhadores-1024x538.jpg","type":"","width":"","height":""}],"author":"Morgana Lovato Cantarelli","twitter_card":"summary_large_image","twitter_misc":{"Escrito por":"Morgana Lovato Cantarelli","Est. tempo de leitura":"3 minutos"},"schema":{"@context":"https:\/\/schema.org","@graph":[{"@type":"Article","@id":"https:\/\/corpoacao.com.br\/blog\/dia-mundial-do-trabalhador-saude-e-seguranca\/#article","isPartOf":{"@id":"https:\/\/corpoacao.com.br\/blog\/dia-mundial-do-trabalhador-saude-e-seguranca\/"},"author":{"name":"Morgana Lovato Cantarelli","@id":"https:\/\/corpoacao.com.br\/blog\/#\/schema\/person\/8511fda2e04a521379dee132a34c889e"},"headline":"Dia mundial do trabalhador: Sa\u00fade e Seguran\u00e7a","datePublished":"2022-05-01T22:24:04+00:00","mainEntityOfPage":{"@id":"https:\/\/corpoacao.com.br\/blog\/dia-mundial-do-trabalhador-saude-e-seguranca\/"},"wordCount":704,"commentCount":0,"publisher":{"@id":"https:\/\/corpoacao.com.br\/blog\/#organization"},"image":{"@id":"https:\/\/corpoacao.com.br\/blog\/dia-mundial-do-trabalhador-saude-e-seguranca\/#primaryimage"},"thumbnailUrl":"https:\/\/corpoacao.com.br\/blog\/wp-content\/uploads\/2022\/05\/trabalhadores-1024x538.jpg","inLanguage":"pt-BR","potentialAction":[{"@type":"CommentAction","name":"Comment","target":["https:\/\/corpoacao.com.br\/blog\/dia-mundial-do-trabalhador-saude-e-seguranca\/#respond"]}]},{"@type":"WebPage","@id":"https:\/\/corpoacao.com.br\/blog\/dia-mundial-do-trabalhador-saude-e-seguranca\/","url":"https:\/\/corpoacao.com.br\/blog\/dia-mundial-do-trabalhador-saude-e-seguranca\/","name":"Dia mundial do trabalhador: Sa\u00fade e Seguran\u00e7a - Corpo em A\u00e7\u00e3o","isPartOf":{"@id":"https:\/\/corpoacao.com.br\/blog\/#website"},"primaryImageOfPage":{"@id":"https:\/\/corpoacao.com.br\/blog\/dia-mundial-do-trabalhador-saude-e-seguranca\/#primaryimage"},"image":{"@id":"https:\/\/corpoacao.com.br\/blog\/dia-mundial-do-trabalhador-saude-e-seguranca\/#primaryimage"},"thumbnailUrl":"https:\/\/corpoacao.com.br\/blog\/wp-content\/uploads\/2022\/05\/trabalhadores-1024x538.jpg","datePublished":"2022-05-01T22:24:04+00:00","breadcrumb":{"@id":"https:\/\/corpoacao.com.br\/blog\/dia-mundial-do-trabalhador-saude-e-seguranca\/#breadcrumb"},"inLanguage":"pt-BR","potentialAction":[{"@type":"ReadAction","target":["https:\/\/corpoacao.com.br\/blog\/dia-mundial-do-trabalhador-saude-e-seguranca\/"]}]},{"@type":"ImageObject","inLanguage":"pt-BR","@id":"https:\/\/corpoacao.com.br\/blog\/dia-mundial-do-trabalhador-saude-e-seguranca\/#primaryimage","url":"https:\/\/corpoacao.com.br\/blog\/wp-content\/uploads\/2022\/05\/trabalhadores.jpg","contentUrl":"https:\/\/corpoacao.com.br\/blog\/wp-content\/uploads\/2022\/05\/trabalhadores.jpg","width":1200,"height":630},{"@type":"BreadcrumbList","@id":"https:\/\/corpoacao.com.br\/blog\/dia-mundial-do-trabalhador-saude-e-seguranca\/#breadcrumb","itemListElement":[{"@type":"ListItem","position":1,"name":"Home","item":"https:\/\/corpoacao.com.br\/blog\/"},{"@type":"ListItem","position":2,"name":"Dia mundial do trabalhador: Sa\u00fade e Seguran\u00e7a"}]},{"@type":"WebSite","@id":"https:\/\/corpoacao.com.br\/blog\/#website","url":"https:\/\/corpoacao.com.br\/blog\/","name":"Corpo em A\u00e7\u00e3o","description":"Blog Ergonomia e qualidade de vida no ambiente de trabalho","publisher":{"@id":"https:\/\/corpoacao.com.br\/blog\/#organization"},"potentialAction":[{"@type":"SearchAction","target":{"@type":"EntryPoint","urlTemplate":"https:\/\/corpoacao.com.br\/blog\/?s={search_term_string}"},"query-input":{"@type":"PropertyValueSpecification","valueRequired":true,"valueName":"search_term_string"}}],"inLanguage":"pt-BR"},{"@type":"Organization","@id":"https:\/\/corpoacao.com.br\/blog\/#organization","name":"Corpo em A\u00e7\u00e3o","url":"https:\/\/corpoacao.com.br\/blog\/","logo":{"@type":"ImageObject","inLanguage":"pt-BR","@id":"https:\/\/corpoacao.com.br\/blog\/#\/schema\/logo\/image\/","url":"https:\/\/corpoacao.com.br\/blog\/wp-content\/uploads\/2023\/04\/ginastica-laboral.png","contentUrl":"https:\/\/corpoacao.com.br\/blog\/wp-content\/uploads\/2023\/04\/ginastica-laboral.png","width":185,"height":128,"caption":"Corpo em A\u00e7\u00e3o"},"image":{"@id":"https:\/\/corpoacao.com.br\/blog\/#\/schema\/logo\/image\/"},"sameAs":["https:\/\/www.facebook.com\/corpoemacao.poa\/","https:\/\/www.instagram.com\/corpoemacaopoa\/"]},{"@type":"Person","@id":"https:\/\/corpoacao.com.br\/blog\/#\/schema\/person\/8511fda2e04a521379dee132a34c889e","name":"Morgana Lovato Cantarelli","image":{"@type":"ImageObject","inLanguage":"pt-BR","@id":"https:\/\/secure.gravatar.com\/avatar\/7a246dbb5756847be4e8d937d3645cb75b1afbf687c106886d0b09172c1ee291?s=96&d=mm&r=g","url":"https:\/\/secure.gravatar.com\/avatar\/7a246dbb5756847be4e8d937d3645cb75b1afbf687c106886d0b09172c1ee291?s=96&d=mm&r=g","contentUrl":"https:\/\/secure.gravatar.com\/avatar\/7a246dbb5756847be4e8d937d3645cb75b1afbf687c106886d0b09172c1ee291?s=96&d=mm&r=g","caption":"Morgana Lovato Cantarelli"},"description":"Propriet\u00e1ria da Empresa Corpo em A\u00e7\u00e3o , educadora f\u00edsica formada no IPA (1991), especializada em pedagogia do treinamento desportivo, especializada em pilates, palestrante, professora de massoterapia e Estado do Rio Grande do Sul","url":"https:\/\/corpoacao.com.br\/blog\/author\/admin\/"}]}},"_links":{"self":[{"href":"https:\/\/corpoacao.com.br\/blog\/wp-json\/wp\/v2\/posts\/1390","targetHints":{"allow":["GET"]}}],"collection":[{"href":"https:\/\/corpoacao.com.br\/blog\/wp-json\/wp\/v2\/posts"}],"about":[{"href":"https:\/\/corpoacao.com.br\/blog\/wp-json\/wp\/v2\/types\/post"}],"author":[{"embeddable":true,"href":"https:\/\/corpoacao.com.br\/blog\/wp-json\/wp\/v2\/users\/1"}],"replies":[{"embeddable":true,"href":"https:\/\/corpoacao.com.br\/blog\/wp-json\/wp\/v2\/comments?post=1390"}],"version-history":[{"count":1,"href":"https:\/\/corpoacao.com.br\/blog\/wp-json\/wp\/v2\/posts\/1390\/revisions"}],"predecessor-version":[{"id":1392,"href":"https:\/\/corpoacao.com.br\/blog\/wp-json\/wp\/v2\/posts\/1390\/revisions\/1392"}],"wp:attachment":[{"href":"https:\/\/corpoacao.com.br\/blog\/wp-json\/wp\/v2\/media?parent=1390"}],"wp:term":[{"taxonomy":"category","embeddable":true,"href":"https:\/\/corpoacao.com.br\/blog\/wp-json\/wp\/v2\/categories?post=1390"},{"taxonomy":"post_tag","embeddable":true,"href":"https:\/\/corpoacao.com.br\/blog\/wp-json\/wp\/v2\/tags?post=1390"}],"curies":[{"name":"wp","href":"https:\/\/api.w.org\/{rel}","templated":true}]}}