{"id":1394,"date":"2022-05-09T09:25:32","date_gmt":"2022-05-09T12:25:32","guid":{"rendered":"https:\/\/www.corpoacao.com.br\/blog\/?p=1394"},"modified":"2022-05-09T09:25:58","modified_gmt":"2022-05-09T12:25:58","slug":"saude-ocular-e-o-trabalho-no-computador","status":"publish","type":"post","link":"https:\/\/corpoacao.com.br\/blog\/saude-ocular-e-o-trabalho-no-computador\/","title":{"rendered":"Sa\u00fade Ocular e o Trabalho no Computador"},"content":{"rendered":"\n<p>O uso do computador, celulares e tabletes est\u00e3o cada vez mais presentes no dia a dia, seja no trabalho ou no lazer, as pessoas passam grande parte do seu dia em frente \u00e0s m\u00e1quinas. Os principais desconfortos para quem usa excessivamente o computador s\u00e3o os olhos vermelhos ou irritados; a coceira na regi\u00e3o ocular; a apar\u00eancia de olhos cansados; olhos secos; vontade de piscar em demasia e a sensa\u00e7\u00e3o de \u201careia\u201d nos olhos.<\/p>\n\n\n\n<p>Por conta disso, preparamos algumas dicas para voc\u00eas cuidarem da sa\u00fade dos olhos e prevenirem todos estes problemas.<br><\/p>\n\n\n\n<figure class=\"wp-block-image\"><img fetchpriority=\"high\" decoding=\"async\" width=\"600\" height=\"400\" src=\"https:\/\/corpoacao.com.br\/blog\/wp-content\/uploads\/2022\/05\/saude-ocular-e-trabalho-no-computador.png\" alt=\"\" class=\"wp-image-1395\" srcset=\"https:\/\/corpoacao.com.br\/blog\/wp-content\/uploads\/2022\/05\/saude-ocular-e-trabalho-no-computador.png 600w, https:\/\/corpoacao.com.br\/blog\/wp-content\/uploads\/2022\/05\/saude-ocular-e-trabalho-no-computador-300x200.png 300w\" sizes=\"(max-width: 600px) 100vw, 600px\" \/><\/figure>\n\n\n\n<p>Alguns estudos sugerem que se voc\u00ea passa mais de duas horas por dia em frente ao monitor, \u00e9 poss\u00edvel que voc\u00ea sofra da S\u00edndrome da Vis\u00e3o de Computador, em ingl\u00eas conhecida como CVS. Essa s\u00edndrome afeta muitas pessoas, principalmente no ambiente de trabalho.<\/p>\n\n\n\n<p>Os problemas do uso demasiado do computador s\u00e3o v\u00e1rios e v\u00e3o desde a m\u00e1 postura at\u00e9 problemas relacionados aos olhos como ressecamento ocular, desconforto, fotofobia e vis\u00e3o turva.<\/p>\n\n\n\n<p>&nbsp;Para reduzir o desconforto preparamos 7 dicas para manter a sa\u00fade ocular ao trabalhar com computador:<\/p>\n\n\n\n<p><strong>1) Mantenha a tela na altura dos olhos<\/strong><\/p>\n\n\n\n<p>Ao organizar o seu ambiente de trabalho, \u00e9 importante estar atento \u00e0 altura e \u00e0 dist\u00e2ncia dos equipamentos. A tela do computador, por exemplo, precisa estar na mesma dire\u00e7\u00e3o que os seus olhos. Ainda, a altura ideal \u00e9 aquela em que voc\u00ea n\u00e3o precisa levantar ou abaixar a cabe\u00e7a. Com isso, voc\u00ea n\u00e3o prejudica sua sa\u00fade ocular. Caso contr\u00e1rio, a tend\u00eancia \u00e9 de que haja um maior esfor\u00e7o da musculatura do olho, fazendo com que ele fique ressecado.<\/p>\n\n\n\n<p><strong>2) Cuidado com o ar &#8211; condicionado<\/strong><\/p>\n\n\n\n<p>Como vivemos em um pa\u00eds tropical, o ar-condicionado se torna um item essencial. Embora n\u00e3o haja nenhum problema em melhorar a temperatura ambiente no seu trabalho, voc\u00ea precisa estar atento ao direcionamento do ar. Isso porque, quando o ar emitido por esses equipamentos est\u00e1 direcionado para os seus olhos, eles tendem a ressecar. Com essa desidrata\u00e7\u00e3o, a vista fica mais vulner\u00e1vel a outros problemas oculares.<\/p>\n\n\n\n<p><strong>3) Evite a \u201cs\u00edndrome da vis\u00e3o de computador\u201d<\/strong><\/p>\n\n\n\n<p>Apesar de n\u00e3o ser uma doen\u00e7a considerada pela ci\u00eancia, o termo foi criado para descrever os efeitos do uso excessivo do computador. Para ajustar o foco e a defini\u00e7\u00e3o do que enxergamos, os olhos est\u00e3o constantemente tensionados. Neste sentido, o cansa\u00e7o da vis\u00e3o \u00e9 uma rea\u00e7\u00e3o natural a essa tens\u00e3o. A \u201cs\u00edndrome da vis\u00e3o de computador\u201d se caracteriza pela dor de cabe\u00e7a constante, emba\u00e7amento da vis\u00e3o e olhos cansados, logo ap\u00f3s o uso excessivo do computador.<\/p>\n\n\n\n<p><strong>4) Mantenha a dist\u00e2ncia adequada do computador<\/strong><\/p>\n\n\n\n<p>N\u00e3o \u00e9 s\u00f3 a altura da tela que impacta a sua sa\u00fade ocular. A dist\u00e2ncia entre os seus olhos e o computador deve ser de, pelo menos, 60 cent\u00edmetros do seu rosto. Assim, voc\u00ea reduz os efeitos nocivos da luminosidade.<\/p>\n\n\n\n<p><strong>5) Fa\u00e7a pausas regulares<\/strong><\/p>\n\n\n\n<p>A rotina excessiva de trabalho faz com que as pessoas permane\u00e7am, ininterruptamente, por horas em frente ao computador. Por\u00e9m, assim como o corpo, a sua vis\u00e3o precisa descansar. Ent\u00e3o, reserve pequenos intervalos do seu dia para dar uma pausa no trabalho. Ademais, parar por 15 minutos a cada duas horas j\u00e1 \u00e9 suficiente para aliviar a tens\u00e3o ocular. Aproveite essas pausas para ir ao banheiro, fazer um pequeno lanche, deitar no sof\u00e1, fazer uma liga\u00e7\u00e3o, entre outros.<\/p>\n\n\n\n<p><strong>6) Utilize \u00f3culos com prote\u00e7\u00e3o UV<\/strong><\/p>\n\n\n\n<p>Essa dica \u00e9 apenas para quem j\u00e1 usa \u00f3culos de grau ou lentes. A ilumina\u00e7\u00e3o da tela do computador emite a chamada luz vis\u00edvel, ou luz azul, uma radia\u00e7\u00e3o com grande potencial para prejudicar sua sa\u00fade ocular. Por isso, ao adquirir um novo par de \u00f3culos ou lentes de contato, d\u00ea prefer\u00eancia para aqueles que oferecem tecnologia de prote\u00e7\u00e3o contra esse tipo de luz. Dessa forma, voc\u00ea contribui para a manuten\u00e7\u00e3o da sa\u00fade dos seus olhos. Portanto, se voc\u00ea deseja evitar os principais problemas de vis\u00e3o causados pelo uso excessivo do computador, considere nossas dicas no seu dia-a-dia. Em consequ\u00eancia disso, voc\u00ea afasta o risco de causar preju\u00edzos a sua sa\u00fade ocular.<\/p>\n\n\n\n<p><strong>7) Visite seu oftalmologista e realize exames regularmente.<\/strong><\/p>\n\n\n\n<p><\/p>\n\n\n\n<p>Fonte:\u00a0<\/p>\n\n\n\n<p><a href=\"https:\/\/www.duooftalmologia.com.br\/dicas-para-manter-a-saude-ocular-ao-trabalhar-com-computador\/\">https:\/\/www.duooftalmologia.com.br\/dicas-para-manter-a-saude-ocular-ao-trabalhar-com-computador\/<\/a><\/p>\n\n\n\n<p><a href=\"https:\/\/www.oftalmocentro.com.br\/novidades-blog\/saude-dos-olhos-e-o-uso-de-computadores\/\">https:\/\/www.oftalmocentro.com.br\/novidades-blog\/saude-dos-olhos-e-o-uso-de-computadores\/<\/a><\/p>\n","protected":false},"excerpt":{"rendered":"<p>O uso do computador, celulares e tabletes est\u00e3o cada vez mais presentes no dia a dia, seja no trabalho ou no lazer, as pessoas passam grande parte do seu dia em frente \u00e0s m\u00e1quinas. Os principais desconfortos para quem usa excessivamente o computador s\u00e3o os olhos vermelhos ou irritados; a coceira na regi\u00e3o ocular; a [&hellip;]<\/p>\n","protected":false},"author":1,"featured_media":1395,"comment_status":"open","ping_status":"open","sticky":false,"template":"","format":"standard","meta":{"_joinchat":[],"footnotes":""},"categories":[1],"tags":[],"class_list":["post-1394","post","type-post","status-publish","format-standard","has-post-thumbnail","hentry","category-sem-categoria"],"yoast_head":"<!-- This site is optimized with the Yoast SEO Premium plugin v20.8 (Yoast SEO v27.4) - https:\/\/yoast.com\/product\/yoast-seo-premium-wordpress\/ -->\n<title>Sa\u00fade Ocular e o Trabalho no Computador - Corpo em A\u00e7\u00e3o<\/title>\n<meta name=\"robots\" content=\"index, follow, max-snippet:-1, max-image-preview:large, max-video-preview:-1\" \/>\n<link rel=\"canonical\" href=\"https:\/\/corpoacao.com.br\/blog\/saude-ocular-e-o-trabalho-no-computador\/\" \/>\n<meta property=\"og:locale\" content=\"pt_BR\" \/>\n<meta property=\"og:type\" content=\"article\" \/>\n<meta property=\"og:title\" content=\"Sa\u00fade Ocular e o Trabalho no Computador\" \/>\n<meta property=\"og:description\" content=\"O uso do computador, celulares e tabletes est\u00e3o cada vez mais presentes no dia a dia, seja no trabalho ou no lazer, as pessoas passam grande parte do seu dia em frente \u00e0s m\u00e1quinas. Os principais desconfortos para quem usa excessivamente o computador s\u00e3o os olhos vermelhos ou irritados; a coceira na regi\u00e3o ocular; a [&hellip;]\" \/>\n<meta property=\"og:url\" content=\"https:\/\/corpoacao.com.br\/blog\/saude-ocular-e-o-trabalho-no-computador\/\" \/>\n<meta property=\"og:site_name\" content=\"Corpo em A\u00e7\u00e3o\" \/>\n<meta property=\"article:publisher\" content=\"https:\/\/www.facebook.com\/corpoemacao.poa\/\" \/>\n<meta property=\"article:published_time\" content=\"2022-05-09T12:25:32+00:00\" \/>\n<meta property=\"article:modified_time\" content=\"2022-05-09T12:25:58+00:00\" \/>\n<meta property=\"og:image\" content=\"https:\/\/corpoacao.com.br\/blog\/wp-content\/uploads\/2022\/05\/saude-ocular-e-trabalho-no-computador.png\" \/>\n\t<meta property=\"og:image:width\" content=\"600\" \/>\n\t<meta property=\"og:image:height\" content=\"400\" \/>\n\t<meta property=\"og:image:type\" content=\"image\/png\" \/>\n<meta name=\"author\" content=\"Morgana Lovato Cantarelli\" \/>\n<meta name=\"twitter:card\" content=\"summary_large_image\" \/>\n<meta name=\"twitter:label1\" content=\"Escrito por\" \/>\n\t<meta name=\"twitter:data1\" content=\"Morgana Lovato Cantarelli\" \/>\n\t<meta name=\"twitter:label2\" content=\"Est. tempo de leitura\" \/>\n\t<meta name=\"twitter:data2\" content=\"4 minutos\" \/>\n<script type=\"application\/ld+json\" class=\"yoast-schema-graph\">{\"@context\":\"https:\\\/\\\/schema.org\",\"@graph\":[{\"@type\":\"Article\",\"@id\":\"https:\\\/\\\/corpoacao.com.br\\\/blog\\\/saude-ocular-e-o-trabalho-no-computador\\\/#article\",\"isPartOf\":{\"@id\":\"https:\\\/\\\/corpoacao.com.br\\\/blog\\\/saude-ocular-e-o-trabalho-no-computador\\\/\"},\"author\":{\"name\":\"Morgana Lovato Cantarelli\",\"@id\":\"https:\\\/\\\/corpoacao.com.br\\\/blog\\\/#\\\/schema\\\/person\\\/8511fda2e04a521379dee132a34c889e\"},\"headline\":\"Sa\u00fade Ocular e o Trabalho no Computador\",\"datePublished\":\"2022-05-09T12:25:32+00:00\",\"dateModified\":\"2022-05-09T12:25:58+00:00\",\"mainEntityOfPage\":{\"@id\":\"https:\\\/\\\/corpoacao.com.br\\\/blog\\\/saude-ocular-e-o-trabalho-no-computador\\\/\"},\"wordCount\":750,\"commentCount\":0,\"publisher\":{\"@id\":\"https:\\\/\\\/corpoacao.com.br\\\/blog\\\/#organization\"},\"image\":{\"@id\":\"https:\\\/\\\/corpoacao.com.br\\\/blog\\\/saude-ocular-e-o-trabalho-no-computador\\\/#primaryimage\"},\"thumbnailUrl\":\"https:\\\/\\\/corpoacao.com.br\\\/blog\\\/wp-content\\\/uploads\\\/2022\\\/05\\\/saude-ocular-e-trabalho-no-computador.png\",\"inLanguage\":\"pt-BR\",\"potentialAction\":[{\"@type\":\"CommentAction\",\"name\":\"Comment\",\"target\":[\"https:\\\/\\\/corpoacao.com.br\\\/blog\\\/saude-ocular-e-o-trabalho-no-computador\\\/#respond\"]}]},{\"@type\":\"WebPage\",\"@id\":\"https:\\\/\\\/corpoacao.com.br\\\/blog\\\/saude-ocular-e-o-trabalho-no-computador\\\/\",\"url\":\"https:\\\/\\\/corpoacao.com.br\\\/blog\\\/saude-ocular-e-o-trabalho-no-computador\\\/\",\"name\":\"Sa\u00fade Ocular e o Trabalho no Computador - Corpo em A\u00e7\u00e3o\",\"isPartOf\":{\"@id\":\"https:\\\/\\\/corpoacao.com.br\\\/blog\\\/#website\"},\"primaryImageOfPage\":{\"@id\":\"https:\\\/\\\/corpoacao.com.br\\\/blog\\\/saude-ocular-e-o-trabalho-no-computador\\\/#primaryimage\"},\"image\":{\"@id\":\"https:\\\/\\\/corpoacao.com.br\\\/blog\\\/saude-ocular-e-o-trabalho-no-computador\\\/#primaryimage\"},\"thumbnailUrl\":\"https:\\\/\\\/corpoacao.com.br\\\/blog\\\/wp-content\\\/uploads\\\/2022\\\/05\\\/saude-ocular-e-trabalho-no-computador.png\",\"datePublished\":\"2022-05-09T12:25:32+00:00\",\"dateModified\":\"2022-05-09T12:25:58+00:00\",\"breadcrumb\":{\"@id\":\"https:\\\/\\\/corpoacao.com.br\\\/blog\\\/saude-ocular-e-o-trabalho-no-computador\\\/#breadcrumb\"},\"inLanguage\":\"pt-BR\",\"potentialAction\":[{\"@type\":\"ReadAction\",\"target\":[\"https:\\\/\\\/corpoacao.com.br\\\/blog\\\/saude-ocular-e-o-trabalho-no-computador\\\/\"]}]},{\"@type\":\"ImageObject\",\"inLanguage\":\"pt-BR\",\"@id\":\"https:\\\/\\\/corpoacao.com.br\\\/blog\\\/saude-ocular-e-o-trabalho-no-computador\\\/#primaryimage\",\"url\":\"https:\\\/\\\/corpoacao.com.br\\\/blog\\\/wp-content\\\/uploads\\\/2022\\\/05\\\/saude-ocular-e-trabalho-no-computador.png\",\"contentUrl\":\"https:\\\/\\\/corpoacao.com.br\\\/blog\\\/wp-content\\\/uploads\\\/2022\\\/05\\\/saude-ocular-e-trabalho-no-computador.png\",\"width\":600,\"height\":400},{\"@type\":\"BreadcrumbList\",\"@id\":\"https:\\\/\\\/corpoacao.com.br\\\/blog\\\/saude-ocular-e-o-trabalho-no-computador\\\/#breadcrumb\",\"itemListElement\":[{\"@type\":\"ListItem\",\"position\":1,\"name\":\"Home\",\"item\":\"https:\\\/\\\/corpoacao.com.br\\\/blog\\\/\"},{\"@type\":\"ListItem\",\"position\":2,\"name\":\"Sa\u00fade Ocular e o Trabalho no Computador\"}]},{\"@type\":\"WebSite\",\"@id\":\"https:\\\/\\\/corpoacao.com.br\\\/blog\\\/#website\",\"url\":\"https:\\\/\\\/corpoacao.com.br\\\/blog\\\/\",\"name\":\"Corpo em A\u00e7\u00e3o\",\"description\":\"Blog Ergonomia e qualidade de vida no ambiente de trabalho\",\"publisher\":{\"@id\":\"https:\\\/\\\/corpoacao.com.br\\\/blog\\\/#organization\"},\"potentialAction\":[{\"@type\":\"SearchAction\",\"target\":{\"@type\":\"EntryPoint\",\"urlTemplate\":\"https:\\\/\\\/corpoacao.com.br\\\/blog\\\/?s={search_term_string}\"},\"query-input\":{\"@type\":\"PropertyValueSpecification\",\"valueRequired\":true,\"valueName\":\"search_term_string\"}}],\"inLanguage\":\"pt-BR\"},{\"@type\":\"Organization\",\"@id\":\"https:\\\/\\\/corpoacao.com.br\\\/blog\\\/#organization\",\"name\":\"Corpo em A\u00e7\u00e3o\",\"url\":\"https:\\\/\\\/corpoacao.com.br\\\/blog\\\/\",\"logo\":{\"@type\":\"ImageObject\",\"inLanguage\":\"pt-BR\",\"@id\":\"https:\\\/\\\/corpoacao.com.br\\\/blog\\\/#\\\/schema\\\/logo\\\/image\\\/\",\"url\":\"https:\\\/\\\/corpoacao.com.br\\\/blog\\\/wp-content\\\/uploads\\\/2023\\\/04\\\/ginastica-laboral.png\",\"contentUrl\":\"https:\\\/\\\/corpoacao.com.br\\\/blog\\\/wp-content\\\/uploads\\\/2023\\\/04\\\/ginastica-laboral.png\",\"width\":185,\"height\":128,\"caption\":\"Corpo em A\u00e7\u00e3o\"},\"image\":{\"@id\":\"https:\\\/\\\/corpoacao.com.br\\\/blog\\\/#\\\/schema\\\/logo\\\/image\\\/\"},\"sameAs\":[\"https:\\\/\\\/www.facebook.com\\\/corpoemacao.poa\\\/\",\"https:\\\/\\\/www.instagram.com\\\/corpoemacaopoa\\\/\"]},{\"@type\":\"Person\",\"@id\":\"https:\\\/\\\/corpoacao.com.br\\\/blog\\\/#\\\/schema\\\/person\\\/8511fda2e04a521379dee132a34c889e\",\"name\":\"Morgana Lovato Cantarelli\",\"image\":{\"@type\":\"ImageObject\",\"inLanguage\":\"pt-BR\",\"@id\":\"https:\\\/\\\/secure.gravatar.com\\\/avatar\\\/7a246dbb5756847be4e8d937d3645cb75b1afbf687c106886d0b09172c1ee291?s=96&d=mm&r=g\",\"url\":\"https:\\\/\\\/secure.gravatar.com\\\/avatar\\\/7a246dbb5756847be4e8d937d3645cb75b1afbf687c106886d0b09172c1ee291?s=96&d=mm&r=g\",\"contentUrl\":\"https:\\\/\\\/secure.gravatar.com\\\/avatar\\\/7a246dbb5756847be4e8d937d3645cb75b1afbf687c106886d0b09172c1ee291?s=96&d=mm&r=g\",\"caption\":\"Morgana Lovato Cantarelli\"},\"description\":\"Propriet\u00e1ria da Empresa Corpo em A\u00e7\u00e3o , educadora f\u00edsica formada no IPA (1991), especializada em pedagogia do treinamento desportivo, especializada em pilates, palestrante, professora de massoterapia e Estado do Rio Grande do Sul\",\"url\":\"https:\\\/\\\/corpoacao.com.br\\\/blog\\\/author\\\/admin\\\/\"}]}<\/script>\n<!-- \/ Yoast SEO Premium plugin. -->","yoast_head_json":{"title":"Sa\u00fade Ocular e o Trabalho no Computador - Corpo em A\u00e7\u00e3o","robots":{"index":"index","follow":"follow","max-snippet":"max-snippet:-1","max-image-preview":"max-image-preview:large","max-video-preview":"max-video-preview:-1"},"canonical":"https:\/\/corpoacao.com.br\/blog\/saude-ocular-e-o-trabalho-no-computador\/","og_locale":"pt_BR","og_type":"article","og_title":"Sa\u00fade Ocular e o Trabalho no Computador","og_description":"O uso do computador, celulares e tabletes est\u00e3o cada vez mais presentes no dia a dia, seja no trabalho ou no lazer, as pessoas passam grande parte do seu dia em frente \u00e0s m\u00e1quinas. Os principais desconfortos para quem usa excessivamente o computador s\u00e3o os olhos vermelhos ou irritados; a coceira na regi\u00e3o ocular; a [&hellip;]","og_url":"https:\/\/corpoacao.com.br\/blog\/saude-ocular-e-o-trabalho-no-computador\/","og_site_name":"Corpo em A\u00e7\u00e3o","article_publisher":"https:\/\/www.facebook.com\/corpoemacao.poa\/","article_published_time":"2022-05-09T12:25:32+00:00","article_modified_time":"2022-05-09T12:25:58+00:00","og_image":[{"width":600,"height":400,"url":"https:\/\/corpoacao.com.br\/blog\/wp-content\/uploads\/2022\/05\/saude-ocular-e-trabalho-no-computador.png","type":"image\/png"}],"author":"Morgana Lovato Cantarelli","twitter_card":"summary_large_image","twitter_misc":{"Escrito por":"Morgana Lovato Cantarelli","Est. tempo de leitura":"4 minutos"},"schema":{"@context":"https:\/\/schema.org","@graph":[{"@type":"Article","@id":"https:\/\/corpoacao.com.br\/blog\/saude-ocular-e-o-trabalho-no-computador\/#article","isPartOf":{"@id":"https:\/\/corpoacao.com.br\/blog\/saude-ocular-e-o-trabalho-no-computador\/"},"author":{"name":"Morgana Lovato Cantarelli","@id":"https:\/\/corpoacao.com.br\/blog\/#\/schema\/person\/8511fda2e04a521379dee132a34c889e"},"headline":"Sa\u00fade Ocular e o Trabalho no Computador","datePublished":"2022-05-09T12:25:32+00:00","dateModified":"2022-05-09T12:25:58+00:00","mainEntityOfPage":{"@id":"https:\/\/corpoacao.com.br\/blog\/saude-ocular-e-o-trabalho-no-computador\/"},"wordCount":750,"commentCount":0,"publisher":{"@id":"https:\/\/corpoacao.com.br\/blog\/#organization"},"image":{"@id":"https:\/\/corpoacao.com.br\/blog\/saude-ocular-e-o-trabalho-no-computador\/#primaryimage"},"thumbnailUrl":"https:\/\/corpoacao.com.br\/blog\/wp-content\/uploads\/2022\/05\/saude-ocular-e-trabalho-no-computador.png","inLanguage":"pt-BR","potentialAction":[{"@type":"CommentAction","name":"Comment","target":["https:\/\/corpoacao.com.br\/blog\/saude-ocular-e-o-trabalho-no-computador\/#respond"]}]},{"@type":"WebPage","@id":"https:\/\/corpoacao.com.br\/blog\/saude-ocular-e-o-trabalho-no-computador\/","url":"https:\/\/corpoacao.com.br\/blog\/saude-ocular-e-o-trabalho-no-computador\/","name":"Sa\u00fade Ocular e o Trabalho no Computador - Corpo em A\u00e7\u00e3o","isPartOf":{"@id":"https:\/\/corpoacao.com.br\/blog\/#website"},"primaryImageOfPage":{"@id":"https:\/\/corpoacao.com.br\/blog\/saude-ocular-e-o-trabalho-no-computador\/#primaryimage"},"image":{"@id":"https:\/\/corpoacao.com.br\/blog\/saude-ocular-e-o-trabalho-no-computador\/#primaryimage"},"thumbnailUrl":"https:\/\/corpoacao.com.br\/blog\/wp-content\/uploads\/2022\/05\/saude-ocular-e-trabalho-no-computador.png","datePublished":"2022-05-09T12:25:32+00:00","dateModified":"2022-05-09T12:25:58+00:00","breadcrumb":{"@id":"https:\/\/corpoacao.com.br\/blog\/saude-ocular-e-o-trabalho-no-computador\/#breadcrumb"},"inLanguage":"pt-BR","potentialAction":[{"@type":"ReadAction","target":["https:\/\/corpoacao.com.br\/blog\/saude-ocular-e-o-trabalho-no-computador\/"]}]},{"@type":"ImageObject","inLanguage":"pt-BR","@id":"https:\/\/corpoacao.com.br\/blog\/saude-ocular-e-o-trabalho-no-computador\/#primaryimage","url":"https:\/\/corpoacao.com.br\/blog\/wp-content\/uploads\/2022\/05\/saude-ocular-e-trabalho-no-computador.png","contentUrl":"https:\/\/corpoacao.com.br\/blog\/wp-content\/uploads\/2022\/05\/saude-ocular-e-trabalho-no-computador.png","width":600,"height":400},{"@type":"BreadcrumbList","@id":"https:\/\/corpoacao.com.br\/blog\/saude-ocular-e-o-trabalho-no-computador\/#breadcrumb","itemListElement":[{"@type":"ListItem","position":1,"name":"Home","item":"https:\/\/corpoacao.com.br\/blog\/"},{"@type":"ListItem","position":2,"name":"Sa\u00fade Ocular e o Trabalho no Computador"}]},{"@type":"WebSite","@id":"https:\/\/corpoacao.com.br\/blog\/#website","url":"https:\/\/corpoacao.com.br\/blog\/","name":"Corpo em A\u00e7\u00e3o","description":"Blog Ergonomia e qualidade de vida no ambiente de trabalho","publisher":{"@id":"https:\/\/corpoacao.com.br\/blog\/#organization"},"potentialAction":[{"@type":"SearchAction","target":{"@type":"EntryPoint","urlTemplate":"https:\/\/corpoacao.com.br\/blog\/?s={search_term_string}"},"query-input":{"@type":"PropertyValueSpecification","valueRequired":true,"valueName":"search_term_string"}}],"inLanguage":"pt-BR"},{"@type":"Organization","@id":"https:\/\/corpoacao.com.br\/blog\/#organization","name":"Corpo em A\u00e7\u00e3o","url":"https:\/\/corpoacao.com.br\/blog\/","logo":{"@type":"ImageObject","inLanguage":"pt-BR","@id":"https:\/\/corpoacao.com.br\/blog\/#\/schema\/logo\/image\/","url":"https:\/\/corpoacao.com.br\/blog\/wp-content\/uploads\/2023\/04\/ginastica-laboral.png","contentUrl":"https:\/\/corpoacao.com.br\/blog\/wp-content\/uploads\/2023\/04\/ginastica-laboral.png","width":185,"height":128,"caption":"Corpo em A\u00e7\u00e3o"},"image":{"@id":"https:\/\/corpoacao.com.br\/blog\/#\/schema\/logo\/image\/"},"sameAs":["https:\/\/www.facebook.com\/corpoemacao.poa\/","https:\/\/www.instagram.com\/corpoemacaopoa\/"]},{"@type":"Person","@id":"https:\/\/corpoacao.com.br\/blog\/#\/schema\/person\/8511fda2e04a521379dee132a34c889e","name":"Morgana Lovato Cantarelli","image":{"@type":"ImageObject","inLanguage":"pt-BR","@id":"https:\/\/secure.gravatar.com\/avatar\/7a246dbb5756847be4e8d937d3645cb75b1afbf687c106886d0b09172c1ee291?s=96&d=mm&r=g","url":"https:\/\/secure.gravatar.com\/avatar\/7a246dbb5756847be4e8d937d3645cb75b1afbf687c106886d0b09172c1ee291?s=96&d=mm&r=g","contentUrl":"https:\/\/secure.gravatar.com\/avatar\/7a246dbb5756847be4e8d937d3645cb75b1afbf687c106886d0b09172c1ee291?s=96&d=mm&r=g","caption":"Morgana Lovato Cantarelli"},"description":"Propriet\u00e1ria da Empresa Corpo em A\u00e7\u00e3o , educadora f\u00edsica formada no IPA (1991), especializada em pedagogia do treinamento desportivo, especializada em pilates, palestrante, professora de massoterapia e Estado do Rio Grande do Sul","url":"https:\/\/corpoacao.com.br\/blog\/author\/admin\/"}]}},"_links":{"self":[{"href":"https:\/\/corpoacao.com.br\/blog\/wp-json\/wp\/v2\/posts\/1394","targetHints":{"allow":["GET"]}}],"collection":[{"href":"https:\/\/corpoacao.com.br\/blog\/wp-json\/wp\/v2\/posts"}],"about":[{"href":"https:\/\/corpoacao.com.br\/blog\/wp-json\/wp\/v2\/types\/post"}],"author":[{"embeddable":true,"href":"https:\/\/corpoacao.com.br\/blog\/wp-json\/wp\/v2\/users\/1"}],"replies":[{"embeddable":true,"href":"https:\/\/corpoacao.com.br\/blog\/wp-json\/wp\/v2\/comments?post=1394"}],"version-history":[{"count":1,"href":"https:\/\/corpoacao.com.br\/blog\/wp-json\/wp\/v2\/posts\/1394\/revisions"}],"predecessor-version":[{"id":1396,"href":"https:\/\/corpoacao.com.br\/blog\/wp-json\/wp\/v2\/posts\/1394\/revisions\/1396"}],"wp:featuredmedia":[{"embeddable":true,"href":"https:\/\/corpoacao.com.br\/blog\/wp-json\/wp\/v2\/media\/1395"}],"wp:attachment":[{"href":"https:\/\/corpoacao.com.br\/blog\/wp-json\/wp\/v2\/media?parent=1394"}],"wp:term":[{"taxonomy":"category","embeddable":true,"href":"https:\/\/corpoacao.com.br\/blog\/wp-json\/wp\/v2\/categories?post=1394"},{"taxonomy":"post_tag","embeddable":true,"href":"https:\/\/corpoacao.com.br\/blog\/wp-json\/wp\/v2\/tags?post=1394"}],"curies":[{"name":"wp","href":"https:\/\/api.w.org\/{rel}","templated":true}]}}