{"id":1412,"date":"2022-06-05T13:45:11","date_gmt":"2022-06-05T16:45:11","guid":{"rendered":"https:\/\/www.corpoacao.com.br\/blog\/?p=1412"},"modified":"2022-06-13T07:42:04","modified_gmt":"2022-06-13T10:42:04","slug":"atividade-fisica-na-prevencao-do-avc","status":"publish","type":"post","link":"https:\/\/corpoacao.com.br\/blog\/atividade-fisica-na-prevencao-do-avc\/","title":{"rendered":"Atividade F\u00edsica na Preven\u00e7\u00e3o do AVC"},"content":{"rendered":"\n<p>Realizar&nbsp;exerc\u00edcios&nbsp;f\u00edsicos, mesmo que leves, como caminhadas, j\u00e1 \u00e9 suficiente para ajudar a prevenir o Acidente Vascular Cerebral (AVC). A pr\u00e1tica de atividades aumenta a capacidade cardiorrespirat\u00f3ria e reduz a press\u00e3o sangu\u00ednea do corpo em repouso, o que diminui o risco do AVC.<\/p>\n\n\n\n<figure class=\"wp-block-image\"><img fetchpriority=\"high\" decoding=\"async\" width=\"1020\" height=\"1020\" src=\"https:\/\/corpoacao.com.br\/blog\/wp-content\/uploads\/2022\/06\/coluna.png\" alt=\"\" class=\"wp-image-1413\" srcset=\"https:\/\/corpoacao.com.br\/blog\/wp-content\/uploads\/2022\/06\/coluna.png 1020w, https:\/\/corpoacao.com.br\/blog\/wp-content\/uploads\/2022\/06\/coluna-150x150.png 150w, https:\/\/corpoacao.com.br\/blog\/wp-content\/uploads\/2022\/06\/coluna-300x300.png 300w, https:\/\/corpoacao.com.br\/blog\/wp-content\/uploads\/2022\/06\/coluna-768x768.png 768w\" sizes=\"(max-width: 1020px) 100vw, 1020px\" \/><\/figure>\n\n\n\n<p>A\nAcademia Brasileira de Neurologia (ABN) estima que 90% dos acidentes vasculares\ncerebrais podem ser evitados com medidas como a ado\u00e7\u00e3o de h\u00e1bitos mais\nsaud\u00e1veis. A complica\u00e7\u00e3o \u00e9 considerada um dos maiores problemas de sa\u00fade\np\u00fablica no pa\u00eds, respondendo por 10% das mortes da popula\u00e7\u00e3o adulta e por 10%\ndas interna\u00e7\u00f5es no Sistema \u00danico de Sa\u00fade (SUS).<\/p>\n\n\n\n<p>O&nbsp;acidente vascular cerebral (AVC)&nbsp;\u00e9 caracterizado pela interrup\u00e7\u00e3o da irriga\u00e7\u00e3o sangu\u00ednea das estruturas do enc\u00e9falo. Ou seja, ocorre quando o sangue que sustenta o c\u00e9rebro com oxig\u00eanio e glicose deixa de atingir a regi\u00e3o, ocasionando a perda da funcionalidade dos neur\u00f4nios. Por isso realizar exerc\u00edcios f\u00edsicos, mesmo que leves, como caminhadas, j\u00e1 \u00e9 suficiente para ajudar a prevenir o acidente vascular cerebral, ou mais conhecido como derrame.<\/p>\n\n\n\n<p>De acordo com o fisiologista\ndo esporte do HCor (Hospital do Cora\u00e7\u00e3o), Diego Leite de Barros, existem muitas\nevid\u00eancias que mostra que o exerc\u00edcio f\u00edsico regular reduz o risco do AVC e de\ndoen\u00e7as cardiovasculares. \u201cA atividade f\u00edsica tem um efeito favor\u00e1vel na\nredu\u00e7\u00e3o da press\u00e3o arterial, perfil lip\u00eddico, sensibilidade \u00e0 insulina, peso\ncorporal e coagula\u00e7\u00e3o sangu\u00ednea. A interven\u00e7\u00e3o do exerc\u00edcio f\u00edsico pode ser\nrealizada na fase aguda e cr\u00f4nica do AVC e inclui atividades aer\u00f3bias,\nexerc\u00edcios de for\u00e7a, altera\u00e7\u00f5es dos h\u00e1bitos de vida ou outras estrat\u00e9gias\u201d,\nexplica Diego Leite de Barros.<\/p>\n\n\n\n<p>Segundo um estudo publicado na\n\u00faltima edi\u00e7\u00e3o da revista&nbsp;<em>Neurology,<\/em>&nbsp;o\nbenef\u00edcio \u00e9 conquistado com caminhadas ao menos quatro horas por semana ou\nnadando de duas a tr\u00eas horas por semana, por exemplo. Ao analisar mais de 900\npessoas que sofreram com o problema a equipe tamb\u00e9m identificou danos menos\nseveros naqueles que praticavam exerc\u00edcios com mais frequ\u00eancia.<\/p>\n\n\n\n<p>Existem\ndois tipos de AVC, o isqu\u00eamico e hemorr\u00e1gico, o primeiro corresponde \u00e0 maioria\ndos casos registrados (80%), enquanto que a forma mais grave de derrame afeta\nmenos pessoas (20%)\u201d, esclarece Dr. Mauro Atra, neurologista do HCor.<\/p>\n\n\n\n<p><strong>Acidente Vascular Isqu\u00eamico:<\/strong>&nbsp;falta de circula\u00e7\u00e3o numa \u00e1rea do\nc\u00e9rebro provocada por obstru\u00e7\u00e3o de uma ou mais art\u00e9rias por ateromas, trombose\nou embolia. Ocorre, em geral, em pessoas mais idosas, com diabetes, colesterol\nelevado, hipertens\u00e3o arterial, problemas vasculares e fumantes.<\/p>\n\n\n\n<p><strong>Acidente Vascular Hemorr\u00e1gico:<\/strong>&nbsp;sangramento cerebral provocado\npelo rompimento de uma art\u00e9ria ou vaso sangu\u00edneo, em virtude de hipertens\u00e3o\narterial, problemas na coagula\u00e7\u00e3o do sangue e traumatismos. Pode ocorrer em\npessoas mais jovens e a evolu\u00e7\u00e3o \u00e9 mais grave.<\/p>\n\n\n\n<p>Quem\npratica exerc\u00edcios regulares evita o tabagismo, melhora o controle do diabete e\nda hipertens\u00e3o arterial, dos n\u00edveis elevados de triglic\u00e9rides, provoca eleva\u00e7\u00e3o\ndo colesterol bom (HDL), contorna a obesidade e melhora o humor. Em contraponto,\nos pesquisadores identificaram que os volunt\u00e1rios que tinham uma rotina n\u00e3o\nsedent\u00e1ria antes do derrame apresentaram duas vezes mais chances de serem\nacometidos por um AVC leve, se comparados aos fisicamente inativos.<\/p>\n\n\n\n<p>Se\npraticada de forma correta e orientada por um profissional de Educa\u00e7\u00e3o F\u00edsica\nformado e registrado no CREF, os exerc\u00edcios reduzem a gordura corporal e\naumentam a massa muscular, al\u00e9m de diminu\u00edrem os n\u00edveis de a\u00e7\u00facar no sangue e a\nmelhora na capacidade pulmonar, aumentando o aproveitamento do consumo de\noxig\u00eanio.&nbsp;<\/p>\n\n\n\n<p>Fonte: <a href=\"https:\/\/cref1.org.br\/em-movimento\/reportagem-especial\/atividade-fisica-regular-previne-o-avc\/\">https:\/\/cref1.org.br\/em-movimento\/reportagem-especial\/atividade-fisica-regular-previne-o-avc\/<\/a><\/p>\n\n\n\n<figure class=\"wp-block-embed-wordpress wp-block-embed is-type-wp-embed is-provider-hcor\"><div class=\"wp-block-embed__wrapper\">\n<blockquote class=\"wp-embedded-content\" data-secret=\"jzpX6m9lci\"><a href=\"https:\/\/www.hcor.com.br\/imprensa\/noticias\/hcor-recomenda-a-pratica-de-atividade-fisica-contra-o-avc\/\">HCor recomenda a pr\u00e1tica de atividade f\u00edsica contra o AVC<\/a><\/blockquote><iframe class=\"wp-embedded-content\" sandbox=\"allow-scripts\" security=\"restricted\" style=\"position: absolute; clip: rect(1px, 1px, 1px, 1px);\" title=\"&#8220;HCor recomenda a pr\u00e1tica de atividade f\u00edsica contra o AVC&#8221; &#8212; Hcor\" src=\"https:\/\/www.hcor.com.br\/imprensa\/noticias\/hcor-recomenda-a-pratica-de-atividade-fisica-contra-o-avc\/embed\/#?secret=3iGml1baWL#?secret=jzpX6m9lci\" data-secret=\"jzpX6m9lci\" width=\"600\" height=\"338\" frameborder=\"0\" marginwidth=\"0\" marginheight=\"0\" scrolling=\"no\"><\/iframe>\n<\/div><\/figure>\n","protected":false},"excerpt":{"rendered":"<p>Realizar&nbsp;exerc\u00edcios&nbsp;f\u00edsicos, mesmo que leves, como caminhadas, j\u00e1 \u00e9 suficiente para ajudar a prevenir o Acidente Vascular Cerebral (AVC). A pr\u00e1tica de atividades aumenta a capacidade cardiorrespirat\u00f3ria e reduz a press\u00e3o sangu\u00ednea do corpo em repouso, o que diminui o risco do AVC. A Academia Brasileira de Neurologia (ABN) estima que 90% dos acidentes vasculares cerebrais [&hellip;]<\/p>\n","protected":false},"author":1,"featured_media":1413,"comment_status":"open","ping_status":"open","sticky":false,"template":"","format":"standard","meta":{"_joinchat":[],"footnotes":""},"categories":[1],"tags":[],"class_list":["post-1412","post","type-post","status-publish","format-standard","has-post-thumbnail","hentry","category-sem-categoria"],"yoast_head":"<!-- This site is optimized with the Yoast SEO Premium plugin v20.8 (Yoast SEO v27.4) - https:\/\/yoast.com\/product\/yoast-seo-premium-wordpress\/ -->\n<title>Atividade F\u00edsica na Preven\u00e7\u00e3o do AVC - Corpo em A\u00e7\u00e3o<\/title>\n<meta name=\"robots\" content=\"index, follow, max-snippet:-1, max-image-preview:large, max-video-preview:-1\" \/>\n<link rel=\"canonical\" href=\"https:\/\/corpoacao.com.br\/blog\/atividade-fisica-na-prevencao-do-avc\/\" \/>\n<meta property=\"og:locale\" content=\"pt_BR\" \/>\n<meta property=\"og:type\" content=\"article\" \/>\n<meta property=\"og:title\" content=\"Atividade F\u00edsica na Preven\u00e7\u00e3o do AVC\" \/>\n<meta property=\"og:description\" content=\"Realizar&nbsp;exerc\u00edcios&nbsp;f\u00edsicos, mesmo que leves, como caminhadas, j\u00e1 \u00e9 suficiente para ajudar a prevenir o Acidente Vascular Cerebral (AVC). A pr\u00e1tica de atividades aumenta a capacidade cardiorrespirat\u00f3ria e reduz a press\u00e3o sangu\u00ednea do corpo em repouso, o que diminui o risco do AVC. A Academia Brasileira de Neurologia (ABN) estima que 90% dos acidentes vasculares cerebrais [&hellip;]\" \/>\n<meta property=\"og:url\" content=\"https:\/\/corpoacao.com.br\/blog\/atividade-fisica-na-prevencao-do-avc\/\" \/>\n<meta property=\"og:site_name\" content=\"Corpo em A\u00e7\u00e3o\" \/>\n<meta property=\"article:publisher\" content=\"https:\/\/www.facebook.com\/corpoemacao.poa\/\" \/>\n<meta property=\"article:published_time\" content=\"2022-06-05T16:45:11+00:00\" \/>\n<meta property=\"article:modified_time\" content=\"2022-06-13T10:42:04+00:00\" \/>\n<meta property=\"og:image\" content=\"https:\/\/corpoacao.com.br\/blog\/wp-content\/uploads\/2022\/06\/coluna.png\" \/>\n\t<meta property=\"og:image:width\" content=\"1020\" \/>\n\t<meta property=\"og:image:height\" content=\"1020\" \/>\n\t<meta property=\"og:image:type\" content=\"image\/png\" \/>\n<meta name=\"author\" content=\"Morgana Lovato Cantarelli\" \/>\n<meta name=\"twitter:card\" content=\"summary_large_image\" \/>\n<meta name=\"twitter:label1\" content=\"Escrito por\" \/>\n\t<meta name=\"twitter:data1\" content=\"Morgana Lovato Cantarelli\" \/>\n\t<meta name=\"twitter:label2\" content=\"Est. tempo de leitura\" \/>\n\t<meta name=\"twitter:data2\" content=\"3 minutos\" \/>\n<script type=\"application\/ld+json\" class=\"yoast-schema-graph\">{\"@context\":\"https:\\\/\\\/schema.org\",\"@graph\":[{\"@type\":\"Article\",\"@id\":\"https:\\\/\\\/corpoacao.com.br\\\/blog\\\/atividade-fisica-na-prevencao-do-avc\\\/#article\",\"isPartOf\":{\"@id\":\"https:\\\/\\\/corpoacao.com.br\\\/blog\\\/atividade-fisica-na-prevencao-do-avc\\\/\"},\"author\":{\"name\":\"Morgana Lovato Cantarelli\",\"@id\":\"https:\\\/\\\/corpoacao.com.br\\\/blog\\\/#\\\/schema\\\/person\\\/8511fda2e04a521379dee132a34c889e\"},\"headline\":\"Atividade F\u00edsica na Preven\u00e7\u00e3o do AVC\",\"datePublished\":\"2022-06-05T16:45:11+00:00\",\"dateModified\":\"2022-06-13T10:42:04+00:00\",\"mainEntityOfPage\":{\"@id\":\"https:\\\/\\\/corpoacao.com.br\\\/blog\\\/atividade-fisica-na-prevencao-do-avc\\\/\"},\"wordCount\":656,\"commentCount\":0,\"publisher\":{\"@id\":\"https:\\\/\\\/corpoacao.com.br\\\/blog\\\/#organization\"},\"image\":{\"@id\":\"https:\\\/\\\/corpoacao.com.br\\\/blog\\\/atividade-fisica-na-prevencao-do-avc\\\/#primaryimage\"},\"thumbnailUrl\":\"https:\\\/\\\/corpoacao.com.br\\\/blog\\\/wp-content\\\/uploads\\\/2022\\\/06\\\/coluna.png\",\"inLanguage\":\"pt-BR\",\"potentialAction\":[{\"@type\":\"CommentAction\",\"name\":\"Comment\",\"target\":[\"https:\\\/\\\/corpoacao.com.br\\\/blog\\\/atividade-fisica-na-prevencao-do-avc\\\/#respond\"]}]},{\"@type\":\"WebPage\",\"@id\":\"https:\\\/\\\/corpoacao.com.br\\\/blog\\\/atividade-fisica-na-prevencao-do-avc\\\/\",\"url\":\"https:\\\/\\\/corpoacao.com.br\\\/blog\\\/atividade-fisica-na-prevencao-do-avc\\\/\",\"name\":\"Atividade F\u00edsica na Preven\u00e7\u00e3o do AVC - Corpo em A\u00e7\u00e3o\",\"isPartOf\":{\"@id\":\"https:\\\/\\\/corpoacao.com.br\\\/blog\\\/#website\"},\"primaryImageOfPage\":{\"@id\":\"https:\\\/\\\/corpoacao.com.br\\\/blog\\\/atividade-fisica-na-prevencao-do-avc\\\/#primaryimage\"},\"image\":{\"@id\":\"https:\\\/\\\/corpoacao.com.br\\\/blog\\\/atividade-fisica-na-prevencao-do-avc\\\/#primaryimage\"},\"thumbnailUrl\":\"https:\\\/\\\/corpoacao.com.br\\\/blog\\\/wp-content\\\/uploads\\\/2022\\\/06\\\/coluna.png\",\"datePublished\":\"2022-06-05T16:45:11+00:00\",\"dateModified\":\"2022-06-13T10:42:04+00:00\",\"breadcrumb\":{\"@id\":\"https:\\\/\\\/corpoacao.com.br\\\/blog\\\/atividade-fisica-na-prevencao-do-avc\\\/#breadcrumb\"},\"inLanguage\":\"pt-BR\",\"potentialAction\":[{\"@type\":\"ReadAction\",\"target\":[\"https:\\\/\\\/corpoacao.com.br\\\/blog\\\/atividade-fisica-na-prevencao-do-avc\\\/\"]}]},{\"@type\":\"ImageObject\",\"inLanguage\":\"pt-BR\",\"@id\":\"https:\\\/\\\/corpoacao.com.br\\\/blog\\\/atividade-fisica-na-prevencao-do-avc\\\/#primaryimage\",\"url\":\"https:\\\/\\\/corpoacao.com.br\\\/blog\\\/wp-content\\\/uploads\\\/2022\\\/06\\\/coluna.png\",\"contentUrl\":\"https:\\\/\\\/corpoacao.com.br\\\/blog\\\/wp-content\\\/uploads\\\/2022\\\/06\\\/coluna.png\",\"width\":1020,\"height\":1020},{\"@type\":\"BreadcrumbList\",\"@id\":\"https:\\\/\\\/corpoacao.com.br\\\/blog\\\/atividade-fisica-na-prevencao-do-avc\\\/#breadcrumb\",\"itemListElement\":[{\"@type\":\"ListItem\",\"position\":1,\"name\":\"Home\",\"item\":\"https:\\\/\\\/corpoacao.com.br\\\/blog\\\/\"},{\"@type\":\"ListItem\",\"position\":2,\"name\":\"Atividade F\u00edsica na Preven\u00e7\u00e3o do AVC\"}]},{\"@type\":\"WebSite\",\"@id\":\"https:\\\/\\\/corpoacao.com.br\\\/blog\\\/#website\",\"url\":\"https:\\\/\\\/corpoacao.com.br\\\/blog\\\/\",\"name\":\"Corpo em A\u00e7\u00e3o\",\"description\":\"Blog Ergonomia e qualidade de vida no ambiente de trabalho\",\"publisher\":{\"@id\":\"https:\\\/\\\/corpoacao.com.br\\\/blog\\\/#organization\"},\"potentialAction\":[{\"@type\":\"SearchAction\",\"target\":{\"@type\":\"EntryPoint\",\"urlTemplate\":\"https:\\\/\\\/corpoacao.com.br\\\/blog\\\/?s={search_term_string}\"},\"query-input\":{\"@type\":\"PropertyValueSpecification\",\"valueRequired\":true,\"valueName\":\"search_term_string\"}}],\"inLanguage\":\"pt-BR\"},{\"@type\":\"Organization\",\"@id\":\"https:\\\/\\\/corpoacao.com.br\\\/blog\\\/#organization\",\"name\":\"Corpo em A\u00e7\u00e3o\",\"url\":\"https:\\\/\\\/corpoacao.com.br\\\/blog\\\/\",\"logo\":{\"@type\":\"ImageObject\",\"inLanguage\":\"pt-BR\",\"@id\":\"https:\\\/\\\/corpoacao.com.br\\\/blog\\\/#\\\/schema\\\/logo\\\/image\\\/\",\"url\":\"https:\\\/\\\/corpoacao.com.br\\\/blog\\\/wp-content\\\/uploads\\\/2023\\\/04\\\/ginastica-laboral.png\",\"contentUrl\":\"https:\\\/\\\/corpoacao.com.br\\\/blog\\\/wp-content\\\/uploads\\\/2023\\\/04\\\/ginastica-laboral.png\",\"width\":185,\"height\":128,\"caption\":\"Corpo em A\u00e7\u00e3o\"},\"image\":{\"@id\":\"https:\\\/\\\/corpoacao.com.br\\\/blog\\\/#\\\/schema\\\/logo\\\/image\\\/\"},\"sameAs\":[\"https:\\\/\\\/www.facebook.com\\\/corpoemacao.poa\\\/\",\"https:\\\/\\\/www.instagram.com\\\/corpoemacaopoa\\\/\"]},{\"@type\":\"Person\",\"@id\":\"https:\\\/\\\/corpoacao.com.br\\\/blog\\\/#\\\/schema\\\/person\\\/8511fda2e04a521379dee132a34c889e\",\"name\":\"Morgana Lovato Cantarelli\",\"image\":{\"@type\":\"ImageObject\",\"inLanguage\":\"pt-BR\",\"@id\":\"https:\\\/\\\/secure.gravatar.com\\\/avatar\\\/7a246dbb5756847be4e8d937d3645cb75b1afbf687c106886d0b09172c1ee291?s=96&d=mm&r=g\",\"url\":\"https:\\\/\\\/secure.gravatar.com\\\/avatar\\\/7a246dbb5756847be4e8d937d3645cb75b1afbf687c106886d0b09172c1ee291?s=96&d=mm&r=g\",\"contentUrl\":\"https:\\\/\\\/secure.gravatar.com\\\/avatar\\\/7a246dbb5756847be4e8d937d3645cb75b1afbf687c106886d0b09172c1ee291?s=96&d=mm&r=g\",\"caption\":\"Morgana Lovato Cantarelli\"},\"description\":\"Propriet\u00e1ria da Empresa Corpo em A\u00e7\u00e3o , educadora f\u00edsica formada no IPA (1991), especializada em pedagogia do treinamento desportivo, especializada em pilates, palestrante, professora de massoterapia e Estado do Rio Grande do Sul\",\"url\":\"https:\\\/\\\/corpoacao.com.br\\\/blog\\\/author\\\/admin\\\/\"}]}<\/script>\n<!-- \/ Yoast SEO Premium plugin. -->","yoast_head_json":{"title":"Atividade F\u00edsica na Preven\u00e7\u00e3o do AVC - Corpo em A\u00e7\u00e3o","robots":{"index":"index","follow":"follow","max-snippet":"max-snippet:-1","max-image-preview":"max-image-preview:large","max-video-preview":"max-video-preview:-1"},"canonical":"https:\/\/corpoacao.com.br\/blog\/atividade-fisica-na-prevencao-do-avc\/","og_locale":"pt_BR","og_type":"article","og_title":"Atividade F\u00edsica na Preven\u00e7\u00e3o do AVC","og_description":"Realizar&nbsp;exerc\u00edcios&nbsp;f\u00edsicos, mesmo que leves, como caminhadas, j\u00e1 \u00e9 suficiente para ajudar a prevenir o Acidente Vascular Cerebral (AVC). A pr\u00e1tica de atividades aumenta a capacidade cardiorrespirat\u00f3ria e reduz a press\u00e3o sangu\u00ednea do corpo em repouso, o que diminui o risco do AVC. A Academia Brasileira de Neurologia (ABN) estima que 90% dos acidentes vasculares cerebrais [&hellip;]","og_url":"https:\/\/corpoacao.com.br\/blog\/atividade-fisica-na-prevencao-do-avc\/","og_site_name":"Corpo em A\u00e7\u00e3o","article_publisher":"https:\/\/www.facebook.com\/corpoemacao.poa\/","article_published_time":"2022-06-05T16:45:11+00:00","article_modified_time":"2022-06-13T10:42:04+00:00","og_image":[{"width":1020,"height":1020,"url":"https:\/\/corpoacao.com.br\/blog\/wp-content\/uploads\/2022\/06\/coluna.png","type":"image\/png"}],"author":"Morgana Lovato Cantarelli","twitter_card":"summary_large_image","twitter_misc":{"Escrito por":"Morgana Lovato Cantarelli","Est. tempo de leitura":"3 minutos"},"schema":{"@context":"https:\/\/schema.org","@graph":[{"@type":"Article","@id":"https:\/\/corpoacao.com.br\/blog\/atividade-fisica-na-prevencao-do-avc\/#article","isPartOf":{"@id":"https:\/\/corpoacao.com.br\/blog\/atividade-fisica-na-prevencao-do-avc\/"},"author":{"name":"Morgana Lovato Cantarelli","@id":"https:\/\/corpoacao.com.br\/blog\/#\/schema\/person\/8511fda2e04a521379dee132a34c889e"},"headline":"Atividade F\u00edsica na Preven\u00e7\u00e3o do AVC","datePublished":"2022-06-05T16:45:11+00:00","dateModified":"2022-06-13T10:42:04+00:00","mainEntityOfPage":{"@id":"https:\/\/corpoacao.com.br\/blog\/atividade-fisica-na-prevencao-do-avc\/"},"wordCount":656,"commentCount":0,"publisher":{"@id":"https:\/\/corpoacao.com.br\/blog\/#organization"},"image":{"@id":"https:\/\/corpoacao.com.br\/blog\/atividade-fisica-na-prevencao-do-avc\/#primaryimage"},"thumbnailUrl":"https:\/\/corpoacao.com.br\/blog\/wp-content\/uploads\/2022\/06\/coluna.png","inLanguage":"pt-BR","potentialAction":[{"@type":"CommentAction","name":"Comment","target":["https:\/\/corpoacao.com.br\/blog\/atividade-fisica-na-prevencao-do-avc\/#respond"]}]},{"@type":"WebPage","@id":"https:\/\/corpoacao.com.br\/blog\/atividade-fisica-na-prevencao-do-avc\/","url":"https:\/\/corpoacao.com.br\/blog\/atividade-fisica-na-prevencao-do-avc\/","name":"Atividade F\u00edsica na Preven\u00e7\u00e3o do AVC - Corpo em A\u00e7\u00e3o","isPartOf":{"@id":"https:\/\/corpoacao.com.br\/blog\/#website"},"primaryImageOfPage":{"@id":"https:\/\/corpoacao.com.br\/blog\/atividade-fisica-na-prevencao-do-avc\/#primaryimage"},"image":{"@id":"https:\/\/corpoacao.com.br\/blog\/atividade-fisica-na-prevencao-do-avc\/#primaryimage"},"thumbnailUrl":"https:\/\/corpoacao.com.br\/blog\/wp-content\/uploads\/2022\/06\/coluna.png","datePublished":"2022-06-05T16:45:11+00:00","dateModified":"2022-06-13T10:42:04+00:00","breadcrumb":{"@id":"https:\/\/corpoacao.com.br\/blog\/atividade-fisica-na-prevencao-do-avc\/#breadcrumb"},"inLanguage":"pt-BR","potentialAction":[{"@type":"ReadAction","target":["https:\/\/corpoacao.com.br\/blog\/atividade-fisica-na-prevencao-do-avc\/"]}]},{"@type":"ImageObject","inLanguage":"pt-BR","@id":"https:\/\/corpoacao.com.br\/blog\/atividade-fisica-na-prevencao-do-avc\/#primaryimage","url":"https:\/\/corpoacao.com.br\/blog\/wp-content\/uploads\/2022\/06\/coluna.png","contentUrl":"https:\/\/corpoacao.com.br\/blog\/wp-content\/uploads\/2022\/06\/coluna.png","width":1020,"height":1020},{"@type":"BreadcrumbList","@id":"https:\/\/corpoacao.com.br\/blog\/atividade-fisica-na-prevencao-do-avc\/#breadcrumb","itemListElement":[{"@type":"ListItem","position":1,"name":"Home","item":"https:\/\/corpoacao.com.br\/blog\/"},{"@type":"ListItem","position":2,"name":"Atividade F\u00edsica na Preven\u00e7\u00e3o do AVC"}]},{"@type":"WebSite","@id":"https:\/\/corpoacao.com.br\/blog\/#website","url":"https:\/\/corpoacao.com.br\/blog\/","name":"Corpo em A\u00e7\u00e3o","description":"Blog Ergonomia e qualidade de vida no ambiente de trabalho","publisher":{"@id":"https:\/\/corpoacao.com.br\/blog\/#organization"},"potentialAction":[{"@type":"SearchAction","target":{"@type":"EntryPoint","urlTemplate":"https:\/\/corpoacao.com.br\/blog\/?s={search_term_string}"},"query-input":{"@type":"PropertyValueSpecification","valueRequired":true,"valueName":"search_term_string"}}],"inLanguage":"pt-BR"},{"@type":"Organization","@id":"https:\/\/corpoacao.com.br\/blog\/#organization","name":"Corpo em A\u00e7\u00e3o","url":"https:\/\/corpoacao.com.br\/blog\/","logo":{"@type":"ImageObject","inLanguage":"pt-BR","@id":"https:\/\/corpoacao.com.br\/blog\/#\/schema\/logo\/image\/","url":"https:\/\/corpoacao.com.br\/blog\/wp-content\/uploads\/2023\/04\/ginastica-laboral.png","contentUrl":"https:\/\/corpoacao.com.br\/blog\/wp-content\/uploads\/2023\/04\/ginastica-laboral.png","width":185,"height":128,"caption":"Corpo em A\u00e7\u00e3o"},"image":{"@id":"https:\/\/corpoacao.com.br\/blog\/#\/schema\/logo\/image\/"},"sameAs":["https:\/\/www.facebook.com\/corpoemacao.poa\/","https:\/\/www.instagram.com\/corpoemacaopoa\/"]},{"@type":"Person","@id":"https:\/\/corpoacao.com.br\/blog\/#\/schema\/person\/8511fda2e04a521379dee132a34c889e","name":"Morgana Lovato Cantarelli","image":{"@type":"ImageObject","inLanguage":"pt-BR","@id":"https:\/\/secure.gravatar.com\/avatar\/7a246dbb5756847be4e8d937d3645cb75b1afbf687c106886d0b09172c1ee291?s=96&d=mm&r=g","url":"https:\/\/secure.gravatar.com\/avatar\/7a246dbb5756847be4e8d937d3645cb75b1afbf687c106886d0b09172c1ee291?s=96&d=mm&r=g","contentUrl":"https:\/\/secure.gravatar.com\/avatar\/7a246dbb5756847be4e8d937d3645cb75b1afbf687c106886d0b09172c1ee291?s=96&d=mm&r=g","caption":"Morgana Lovato Cantarelli"},"description":"Propriet\u00e1ria da Empresa Corpo em A\u00e7\u00e3o , educadora f\u00edsica formada no IPA (1991), especializada em pedagogia do treinamento desportivo, especializada em pilates, palestrante, professora de massoterapia e Estado do Rio Grande do Sul","url":"https:\/\/corpoacao.com.br\/blog\/author\/admin\/"}]}},"_links":{"self":[{"href":"https:\/\/corpoacao.com.br\/blog\/wp-json\/wp\/v2\/posts\/1412","targetHints":{"allow":["GET"]}}],"collection":[{"href":"https:\/\/corpoacao.com.br\/blog\/wp-json\/wp\/v2\/posts"}],"about":[{"href":"https:\/\/corpoacao.com.br\/blog\/wp-json\/wp\/v2\/types\/post"}],"author":[{"embeddable":true,"href":"https:\/\/corpoacao.com.br\/blog\/wp-json\/wp\/v2\/users\/1"}],"replies":[{"embeddable":true,"href":"https:\/\/corpoacao.com.br\/blog\/wp-json\/wp\/v2\/comments?post=1412"}],"version-history":[{"count":2,"href":"https:\/\/corpoacao.com.br\/blog\/wp-json\/wp\/v2\/posts\/1412\/revisions"}],"predecessor-version":[{"id":1420,"href":"https:\/\/corpoacao.com.br\/blog\/wp-json\/wp\/v2\/posts\/1412\/revisions\/1420"}],"wp:featuredmedia":[{"embeddable":true,"href":"https:\/\/corpoacao.com.br\/blog\/wp-json\/wp\/v2\/media\/1413"}],"wp:attachment":[{"href":"https:\/\/corpoacao.com.br\/blog\/wp-json\/wp\/v2\/media?parent=1412"}],"wp:term":[{"taxonomy":"category","embeddable":true,"href":"https:\/\/corpoacao.com.br\/blog\/wp-json\/wp\/v2\/categories?post=1412"},{"taxonomy":"post_tag","embeddable":true,"href":"https:\/\/corpoacao.com.br\/blog\/wp-json\/wp\/v2\/tags?post=1412"}],"curies":[{"name":"wp","href":"https:\/\/api.w.org\/{rel}","templated":true}]}}