{"id":1417,"date":"2022-06-13T07:28:28","date_gmt":"2022-06-13T10:28:28","guid":{"rendered":"https:\/\/www.corpoacao.com.br\/blog\/?p=1417"},"modified":"2022-06-13T07:41:50","modified_gmt":"2022-06-13T10:41:50","slug":"inverno-e-as-doencas-ocupacionais","status":"publish","type":"post","link":"https:\/\/corpoacao.com.br\/blog\/inverno-e-as-doencas-ocupacionais\/","title":{"rendered":"Inverno e as doen\u00e7as ocupacionais"},"content":{"rendered":"\n<p>Voc\u00eas sabiam que as esta\u00e7\u00f5es do ano influenciam diretamente na sa\u00fade das pessoas? No inverno, a umidade do ar e as temperaturas ficam mais baixas; e \u00e9 muito necess\u00e1rio se atentar aos cuidados com a sa\u00fade e \u00e0 preven\u00e7\u00e3o de doen\u00e7as ou infec\u00e7\u00f5es indesejadas.<\/p>\n\n\n\n<figure class=\"wp-block-image\"><img fetchpriority=\"high\" decoding=\"async\" width=\"650\" height=\"650\" src=\"https:\/\/corpoacao.com.br\/blog\/wp-content\/uploads\/2022\/06\/postura.png\" alt=\"\" class=\"wp-image-1418\" srcset=\"https:\/\/corpoacao.com.br\/blog\/wp-content\/uploads\/2022\/06\/postura.png 650w, https:\/\/corpoacao.com.br\/blog\/wp-content\/uploads\/2022\/06\/postura-150x150.png 150w, https:\/\/corpoacao.com.br\/blog\/wp-content\/uploads\/2022\/06\/postura-300x300.png 300w\" sizes=\"(max-width: 650px) 100vw, 650px\" \/><\/figure>\n\n\n\n<p>O ambiente de trabalho deve receber mais aten\u00e7\u00e3o durante o inverno. O local fica mais prop\u00edcio para o cont\u00e1gio de doen\u00e7as e pode prejudicar a sa\u00fade e a produtividade de todos.<\/p>\n\n\n\n<p>Grande parte das doen\u00e7as do inverno \u00e9 contagiosa e seus sintomas dificultam a execu\u00e7\u00e3o das tarefas di\u00e1rias do trabalhador. Nesse sentido, \u00e9 importante n\u00e3o se automedicar e procurar atendimento m\u00e9dico. Infec\u00e7\u00f5es virais, aparentemente passageiras, precisam ser tratadas para que o sistema imunol\u00f3gico do organismo n\u00e3o se torne mais vulner\u00e1vel a infec\u00e7\u00f5es bacterianas graves, como pneumonia, sinusites e otites.<\/p>\n\n\n\n<p>Segundo Ana Carolina Oliveira Dutra, enfermeira do trabalho da SERCON, ter aten\u00e7\u00e3o aos h\u00e1bitos na esta\u00e7\u00e3o \u00e9 fundamental. <strong>\u201cIngerir muito l\u00edquido, tomar vacina contra a gripe, evitar banhos com \u00e1gua com temperatura elevada, evitar exposi\u00e7\u00e3o prolongada a ambientes com ar condicionado, ter aten\u00e7\u00e3o \u00e0 mudan\u00e7a de temperatura, praticar atividades f\u00edsicas, dormir bem e em local arejado e ventilado, s\u00e3o escolhas importantes para os cuidados com a sa\u00fade no inverno<\/strong>\u201d, destaca.<\/p>\n\n\n\n<p>No inverno, tamb\u00e9m o \u00edndice \u00e9 maior de&nbsp;<strong>LER<\/strong>&nbsp;(Les\u00f5es por Esfor\u00e7o Repetitivo) e&nbsp;<strong>DORT<\/strong>&nbsp;(Dist\u00farbios Osteomusculares Relacionados ao Trabalho), isso porque a circula\u00e7\u00e3o sangu\u00ednea do corpo \u00e9 reduzida e os m\u00fasculos precisam se contrair mais para gerar energia, afetando principalmente as extremidades do corpo (p\u00e9s e m\u00e3os).<\/p>\n\n\n\n<p>\u00c9 fato que ficar com p\u00e9s e m\u00e3os gelados n\u00e3o \u00e9 a melhor das sensa\u00e7\u00f5es. Para ajudar a melhorar essa sensa\u00e7\u00e3o de frio, queremos compartilhar algumas dicas com voc\u00eas no ambiente de trabalho:<\/p>\n\n\n\n<ul class=\"wp-block-list\"><li>Superf\u00edcie com textura antiderrapante como tapetes ou emborrachada;<\/li><li>Mesas com tampo em madeira ao inv\u00e9s de vidro (no caso, forrar a mesa com um tecido);<\/li><li>Cadeiras com tecido ao inv\u00e9s de couro (no caso, forrar com uma manta).<\/li><li>Meias t\u00e9rmicas.<\/li><\/ul>\n\n\n\n<p>Ficar atento com os cuidados com a sa\u00fade no inverno, nos possibilita a viver melhor as coisas boas que o clima tem para nos oferecer, como comer bergamota e tomar aquele chimarr\u00e3o no sol, n\u00e3o \u00e9 mesmo?<\/p>\n\n\n\n<p>Fonte:<br><a href=\"http:\/\/www.imcbrasil.com\/noticias\/chegada-do-inverno-e-saude-no-ambiente-de-trabalho\/\">http:\/\/www.imcbrasil.com\/noticias\/chegada-do-inverno-e-saude-no-ambiente-de-trabalho\/<\/a><\/p>\n\n\n\n<p><a href=\"https:\/\/serconmed.com.br\/cuidados-com-saude-no-inverno\">https:\/\/serconmed.com.br\/cuidados-com-saude-no-inverno<\/a><\/p>\n\n\n\n<p><a href=\"https:\/\/ducamoveis.com.br\/blog\/como-manter-o-conforto-termico-no-escritorio\/\">https:\/\/ducamoveis.com.br\/blog\/como-manter-o-conforto-termico-no-escritorio\/<\/a><\/p>\n\n\n\n<p><br><\/p>\n","protected":false},"excerpt":{"rendered":"<p>Voc\u00eas sabiam que as esta\u00e7\u00f5es do ano influenciam diretamente na sa\u00fade das pessoas? No inverno, a umidade do ar e as temperaturas ficam mais baixas; e \u00e9 muito necess\u00e1rio se atentar aos cuidados com a sa\u00fade e \u00e0 preven\u00e7\u00e3o de doen\u00e7as ou infec\u00e7\u00f5es indesejadas. O ambiente de trabalho deve receber mais aten\u00e7\u00e3o durante o inverno. [&hellip;]<\/p>\n","protected":false},"author":1,"featured_media":1418,"comment_status":"open","ping_status":"open","sticky":false,"template":"","format":"standard","meta":{"_joinchat":[],"footnotes":""},"categories":[1],"tags":[],"class_list":["post-1417","post","type-post","status-publish","format-standard","has-post-thumbnail","hentry","category-sem-categoria"],"yoast_head":"<!-- This site is optimized with the Yoast SEO Premium plugin v20.8 (Yoast SEO v27.4) - https:\/\/yoast.com\/product\/yoast-seo-premium-wordpress\/ -->\n<title>Inverno e as doen\u00e7as ocupacionais - Corpo em A\u00e7\u00e3o<\/title>\n<meta name=\"robots\" content=\"index, follow, max-snippet:-1, max-image-preview:large, max-video-preview:-1\" \/>\n<link rel=\"canonical\" href=\"https:\/\/corpoacao.com.br\/blog\/inverno-e-as-doencas-ocupacionais\/\" \/>\n<meta property=\"og:locale\" content=\"pt_BR\" \/>\n<meta property=\"og:type\" content=\"article\" \/>\n<meta property=\"og:title\" content=\"Inverno e as doen\u00e7as ocupacionais\" \/>\n<meta property=\"og:description\" content=\"Voc\u00eas sabiam que as esta\u00e7\u00f5es do ano influenciam diretamente na sa\u00fade das pessoas? No inverno, a umidade do ar e as temperaturas ficam mais baixas; e \u00e9 muito necess\u00e1rio se atentar aos cuidados com a sa\u00fade e \u00e0 preven\u00e7\u00e3o de doen\u00e7as ou infec\u00e7\u00f5es indesejadas. O ambiente de trabalho deve receber mais aten\u00e7\u00e3o durante o inverno. [&hellip;]\" \/>\n<meta property=\"og:url\" content=\"https:\/\/corpoacao.com.br\/blog\/inverno-e-as-doencas-ocupacionais\/\" \/>\n<meta property=\"og:site_name\" content=\"Corpo em A\u00e7\u00e3o\" \/>\n<meta property=\"article:publisher\" content=\"https:\/\/www.facebook.com\/corpoemacao.poa\/\" \/>\n<meta property=\"article:published_time\" content=\"2022-06-13T10:28:28+00:00\" \/>\n<meta property=\"article:modified_time\" content=\"2022-06-13T10:41:50+00:00\" \/>\n<meta property=\"og:image\" content=\"https:\/\/corpoacao.com.br\/blog\/wp-content\/uploads\/2022\/06\/postura.png\" \/>\n\t<meta property=\"og:image:width\" content=\"650\" \/>\n\t<meta property=\"og:image:height\" content=\"650\" \/>\n\t<meta property=\"og:image:type\" content=\"image\/png\" \/>\n<meta name=\"author\" content=\"Morgana Lovato Cantarelli\" \/>\n<meta name=\"twitter:card\" content=\"summary_large_image\" \/>\n<meta name=\"twitter:label1\" content=\"Escrito por\" \/>\n\t<meta name=\"twitter:data1\" content=\"Morgana Lovato Cantarelli\" \/>\n\t<meta name=\"twitter:label2\" content=\"Est. tempo de leitura\" \/>\n\t<meta name=\"twitter:data2\" content=\"2 minutos\" \/>\n<script type=\"application\/ld+json\" class=\"yoast-schema-graph\">{\"@context\":\"https:\\\/\\\/schema.org\",\"@graph\":[{\"@type\":\"Article\",\"@id\":\"https:\\\/\\\/corpoacao.com.br\\\/blog\\\/inverno-e-as-doencas-ocupacionais\\\/#article\",\"isPartOf\":{\"@id\":\"https:\\\/\\\/corpoacao.com.br\\\/blog\\\/inverno-e-as-doencas-ocupacionais\\\/\"},\"author\":{\"name\":\"Morgana Lovato Cantarelli\",\"@id\":\"https:\\\/\\\/corpoacao.com.br\\\/blog\\\/#\\\/schema\\\/person\\\/8511fda2e04a521379dee132a34c889e\"},\"headline\":\"Inverno e as doen\u00e7as ocupacionais\",\"datePublished\":\"2022-06-13T10:28:28+00:00\",\"dateModified\":\"2022-06-13T10:41:50+00:00\",\"mainEntityOfPage\":{\"@id\":\"https:\\\/\\\/corpoacao.com.br\\\/blog\\\/inverno-e-as-doencas-ocupacionais\\\/\"},\"wordCount\":433,\"commentCount\":0,\"publisher\":{\"@id\":\"https:\\\/\\\/corpoacao.com.br\\\/blog\\\/#organization\"},\"image\":{\"@id\":\"https:\\\/\\\/corpoacao.com.br\\\/blog\\\/inverno-e-as-doencas-ocupacionais\\\/#primaryimage\"},\"thumbnailUrl\":\"https:\\\/\\\/corpoacao.com.br\\\/blog\\\/wp-content\\\/uploads\\\/2022\\\/06\\\/postura.png\",\"inLanguage\":\"pt-BR\",\"potentialAction\":[{\"@type\":\"CommentAction\",\"name\":\"Comment\",\"target\":[\"https:\\\/\\\/corpoacao.com.br\\\/blog\\\/inverno-e-as-doencas-ocupacionais\\\/#respond\"]}]},{\"@type\":\"WebPage\",\"@id\":\"https:\\\/\\\/corpoacao.com.br\\\/blog\\\/inverno-e-as-doencas-ocupacionais\\\/\",\"url\":\"https:\\\/\\\/corpoacao.com.br\\\/blog\\\/inverno-e-as-doencas-ocupacionais\\\/\",\"name\":\"Inverno e as doen\u00e7as ocupacionais - Corpo em A\u00e7\u00e3o\",\"isPartOf\":{\"@id\":\"https:\\\/\\\/corpoacao.com.br\\\/blog\\\/#website\"},\"primaryImageOfPage\":{\"@id\":\"https:\\\/\\\/corpoacao.com.br\\\/blog\\\/inverno-e-as-doencas-ocupacionais\\\/#primaryimage\"},\"image\":{\"@id\":\"https:\\\/\\\/corpoacao.com.br\\\/blog\\\/inverno-e-as-doencas-ocupacionais\\\/#primaryimage\"},\"thumbnailUrl\":\"https:\\\/\\\/corpoacao.com.br\\\/blog\\\/wp-content\\\/uploads\\\/2022\\\/06\\\/postura.png\",\"datePublished\":\"2022-06-13T10:28:28+00:00\",\"dateModified\":\"2022-06-13T10:41:50+00:00\",\"breadcrumb\":{\"@id\":\"https:\\\/\\\/corpoacao.com.br\\\/blog\\\/inverno-e-as-doencas-ocupacionais\\\/#breadcrumb\"},\"inLanguage\":\"pt-BR\",\"potentialAction\":[{\"@type\":\"ReadAction\",\"target\":[\"https:\\\/\\\/corpoacao.com.br\\\/blog\\\/inverno-e-as-doencas-ocupacionais\\\/\"]}]},{\"@type\":\"ImageObject\",\"inLanguage\":\"pt-BR\",\"@id\":\"https:\\\/\\\/corpoacao.com.br\\\/blog\\\/inverno-e-as-doencas-ocupacionais\\\/#primaryimage\",\"url\":\"https:\\\/\\\/corpoacao.com.br\\\/blog\\\/wp-content\\\/uploads\\\/2022\\\/06\\\/postura.png\",\"contentUrl\":\"https:\\\/\\\/corpoacao.com.br\\\/blog\\\/wp-content\\\/uploads\\\/2022\\\/06\\\/postura.png\",\"width\":650,\"height\":650},{\"@type\":\"BreadcrumbList\",\"@id\":\"https:\\\/\\\/corpoacao.com.br\\\/blog\\\/inverno-e-as-doencas-ocupacionais\\\/#breadcrumb\",\"itemListElement\":[{\"@type\":\"ListItem\",\"position\":1,\"name\":\"Home\",\"item\":\"https:\\\/\\\/corpoacao.com.br\\\/blog\\\/\"},{\"@type\":\"ListItem\",\"position\":2,\"name\":\"Inverno e as doen\u00e7as ocupacionais\"}]},{\"@type\":\"WebSite\",\"@id\":\"https:\\\/\\\/corpoacao.com.br\\\/blog\\\/#website\",\"url\":\"https:\\\/\\\/corpoacao.com.br\\\/blog\\\/\",\"name\":\"Corpo em A\u00e7\u00e3o\",\"description\":\"Blog Ergonomia e qualidade de vida no ambiente de trabalho\",\"publisher\":{\"@id\":\"https:\\\/\\\/corpoacao.com.br\\\/blog\\\/#organization\"},\"potentialAction\":[{\"@type\":\"SearchAction\",\"target\":{\"@type\":\"EntryPoint\",\"urlTemplate\":\"https:\\\/\\\/corpoacao.com.br\\\/blog\\\/?s={search_term_string}\"},\"query-input\":{\"@type\":\"PropertyValueSpecification\",\"valueRequired\":true,\"valueName\":\"search_term_string\"}}],\"inLanguage\":\"pt-BR\"},{\"@type\":\"Organization\",\"@id\":\"https:\\\/\\\/corpoacao.com.br\\\/blog\\\/#organization\",\"name\":\"Corpo em A\u00e7\u00e3o\",\"url\":\"https:\\\/\\\/corpoacao.com.br\\\/blog\\\/\",\"logo\":{\"@type\":\"ImageObject\",\"inLanguage\":\"pt-BR\",\"@id\":\"https:\\\/\\\/corpoacao.com.br\\\/blog\\\/#\\\/schema\\\/logo\\\/image\\\/\",\"url\":\"https:\\\/\\\/corpoacao.com.br\\\/blog\\\/wp-content\\\/uploads\\\/2023\\\/04\\\/ginastica-laboral.png\",\"contentUrl\":\"https:\\\/\\\/corpoacao.com.br\\\/blog\\\/wp-content\\\/uploads\\\/2023\\\/04\\\/ginastica-laboral.png\",\"width\":185,\"height\":128,\"caption\":\"Corpo em A\u00e7\u00e3o\"},\"image\":{\"@id\":\"https:\\\/\\\/corpoacao.com.br\\\/blog\\\/#\\\/schema\\\/logo\\\/image\\\/\"},\"sameAs\":[\"https:\\\/\\\/www.facebook.com\\\/corpoemacao.poa\\\/\",\"https:\\\/\\\/www.instagram.com\\\/corpoemacaopoa\\\/\"]},{\"@type\":\"Person\",\"@id\":\"https:\\\/\\\/corpoacao.com.br\\\/blog\\\/#\\\/schema\\\/person\\\/8511fda2e04a521379dee132a34c889e\",\"name\":\"Morgana Lovato Cantarelli\",\"image\":{\"@type\":\"ImageObject\",\"inLanguage\":\"pt-BR\",\"@id\":\"https:\\\/\\\/secure.gravatar.com\\\/avatar\\\/7a246dbb5756847be4e8d937d3645cb75b1afbf687c106886d0b09172c1ee291?s=96&d=mm&r=g\",\"url\":\"https:\\\/\\\/secure.gravatar.com\\\/avatar\\\/7a246dbb5756847be4e8d937d3645cb75b1afbf687c106886d0b09172c1ee291?s=96&d=mm&r=g\",\"contentUrl\":\"https:\\\/\\\/secure.gravatar.com\\\/avatar\\\/7a246dbb5756847be4e8d937d3645cb75b1afbf687c106886d0b09172c1ee291?s=96&d=mm&r=g\",\"caption\":\"Morgana Lovato Cantarelli\"},\"description\":\"Propriet\u00e1ria da Empresa Corpo em A\u00e7\u00e3o , educadora f\u00edsica formada no IPA (1991), especializada em pedagogia do treinamento desportivo, especializada em pilates, palestrante, professora de massoterapia e Estado do Rio Grande do Sul\",\"url\":\"https:\\\/\\\/corpoacao.com.br\\\/blog\\\/author\\\/admin\\\/\"}]}<\/script>\n<!-- \/ Yoast SEO Premium plugin. -->","yoast_head_json":{"title":"Inverno e as doen\u00e7as ocupacionais - Corpo em A\u00e7\u00e3o","robots":{"index":"index","follow":"follow","max-snippet":"max-snippet:-1","max-image-preview":"max-image-preview:large","max-video-preview":"max-video-preview:-1"},"canonical":"https:\/\/corpoacao.com.br\/blog\/inverno-e-as-doencas-ocupacionais\/","og_locale":"pt_BR","og_type":"article","og_title":"Inverno e as doen\u00e7as ocupacionais","og_description":"Voc\u00eas sabiam que as esta\u00e7\u00f5es do ano influenciam diretamente na sa\u00fade das pessoas? No inverno, a umidade do ar e as temperaturas ficam mais baixas; e \u00e9 muito necess\u00e1rio se atentar aos cuidados com a sa\u00fade e \u00e0 preven\u00e7\u00e3o de doen\u00e7as ou infec\u00e7\u00f5es indesejadas. O ambiente de trabalho deve receber mais aten\u00e7\u00e3o durante o inverno. [&hellip;]","og_url":"https:\/\/corpoacao.com.br\/blog\/inverno-e-as-doencas-ocupacionais\/","og_site_name":"Corpo em A\u00e7\u00e3o","article_publisher":"https:\/\/www.facebook.com\/corpoemacao.poa\/","article_published_time":"2022-06-13T10:28:28+00:00","article_modified_time":"2022-06-13T10:41:50+00:00","og_image":[{"width":650,"height":650,"url":"https:\/\/corpoacao.com.br\/blog\/wp-content\/uploads\/2022\/06\/postura.png","type":"image\/png"}],"author":"Morgana Lovato Cantarelli","twitter_card":"summary_large_image","twitter_misc":{"Escrito por":"Morgana Lovato Cantarelli","Est. tempo de leitura":"2 minutos"},"schema":{"@context":"https:\/\/schema.org","@graph":[{"@type":"Article","@id":"https:\/\/corpoacao.com.br\/blog\/inverno-e-as-doencas-ocupacionais\/#article","isPartOf":{"@id":"https:\/\/corpoacao.com.br\/blog\/inverno-e-as-doencas-ocupacionais\/"},"author":{"name":"Morgana Lovato Cantarelli","@id":"https:\/\/corpoacao.com.br\/blog\/#\/schema\/person\/8511fda2e04a521379dee132a34c889e"},"headline":"Inverno e as doen\u00e7as ocupacionais","datePublished":"2022-06-13T10:28:28+00:00","dateModified":"2022-06-13T10:41:50+00:00","mainEntityOfPage":{"@id":"https:\/\/corpoacao.com.br\/blog\/inverno-e-as-doencas-ocupacionais\/"},"wordCount":433,"commentCount":0,"publisher":{"@id":"https:\/\/corpoacao.com.br\/blog\/#organization"},"image":{"@id":"https:\/\/corpoacao.com.br\/blog\/inverno-e-as-doencas-ocupacionais\/#primaryimage"},"thumbnailUrl":"https:\/\/corpoacao.com.br\/blog\/wp-content\/uploads\/2022\/06\/postura.png","inLanguage":"pt-BR","potentialAction":[{"@type":"CommentAction","name":"Comment","target":["https:\/\/corpoacao.com.br\/blog\/inverno-e-as-doencas-ocupacionais\/#respond"]}]},{"@type":"WebPage","@id":"https:\/\/corpoacao.com.br\/blog\/inverno-e-as-doencas-ocupacionais\/","url":"https:\/\/corpoacao.com.br\/blog\/inverno-e-as-doencas-ocupacionais\/","name":"Inverno e as doen\u00e7as ocupacionais - Corpo em A\u00e7\u00e3o","isPartOf":{"@id":"https:\/\/corpoacao.com.br\/blog\/#website"},"primaryImageOfPage":{"@id":"https:\/\/corpoacao.com.br\/blog\/inverno-e-as-doencas-ocupacionais\/#primaryimage"},"image":{"@id":"https:\/\/corpoacao.com.br\/blog\/inverno-e-as-doencas-ocupacionais\/#primaryimage"},"thumbnailUrl":"https:\/\/corpoacao.com.br\/blog\/wp-content\/uploads\/2022\/06\/postura.png","datePublished":"2022-06-13T10:28:28+00:00","dateModified":"2022-06-13T10:41:50+00:00","breadcrumb":{"@id":"https:\/\/corpoacao.com.br\/blog\/inverno-e-as-doencas-ocupacionais\/#breadcrumb"},"inLanguage":"pt-BR","potentialAction":[{"@type":"ReadAction","target":["https:\/\/corpoacao.com.br\/blog\/inverno-e-as-doencas-ocupacionais\/"]}]},{"@type":"ImageObject","inLanguage":"pt-BR","@id":"https:\/\/corpoacao.com.br\/blog\/inverno-e-as-doencas-ocupacionais\/#primaryimage","url":"https:\/\/corpoacao.com.br\/blog\/wp-content\/uploads\/2022\/06\/postura.png","contentUrl":"https:\/\/corpoacao.com.br\/blog\/wp-content\/uploads\/2022\/06\/postura.png","width":650,"height":650},{"@type":"BreadcrumbList","@id":"https:\/\/corpoacao.com.br\/blog\/inverno-e-as-doencas-ocupacionais\/#breadcrumb","itemListElement":[{"@type":"ListItem","position":1,"name":"Home","item":"https:\/\/corpoacao.com.br\/blog\/"},{"@type":"ListItem","position":2,"name":"Inverno e as doen\u00e7as ocupacionais"}]},{"@type":"WebSite","@id":"https:\/\/corpoacao.com.br\/blog\/#website","url":"https:\/\/corpoacao.com.br\/blog\/","name":"Corpo em A\u00e7\u00e3o","description":"Blog Ergonomia e qualidade de vida no ambiente de trabalho","publisher":{"@id":"https:\/\/corpoacao.com.br\/blog\/#organization"},"potentialAction":[{"@type":"SearchAction","target":{"@type":"EntryPoint","urlTemplate":"https:\/\/corpoacao.com.br\/blog\/?s={search_term_string}"},"query-input":{"@type":"PropertyValueSpecification","valueRequired":true,"valueName":"search_term_string"}}],"inLanguage":"pt-BR"},{"@type":"Organization","@id":"https:\/\/corpoacao.com.br\/blog\/#organization","name":"Corpo em A\u00e7\u00e3o","url":"https:\/\/corpoacao.com.br\/blog\/","logo":{"@type":"ImageObject","inLanguage":"pt-BR","@id":"https:\/\/corpoacao.com.br\/blog\/#\/schema\/logo\/image\/","url":"https:\/\/corpoacao.com.br\/blog\/wp-content\/uploads\/2023\/04\/ginastica-laboral.png","contentUrl":"https:\/\/corpoacao.com.br\/blog\/wp-content\/uploads\/2023\/04\/ginastica-laboral.png","width":185,"height":128,"caption":"Corpo em A\u00e7\u00e3o"},"image":{"@id":"https:\/\/corpoacao.com.br\/blog\/#\/schema\/logo\/image\/"},"sameAs":["https:\/\/www.facebook.com\/corpoemacao.poa\/","https:\/\/www.instagram.com\/corpoemacaopoa\/"]},{"@type":"Person","@id":"https:\/\/corpoacao.com.br\/blog\/#\/schema\/person\/8511fda2e04a521379dee132a34c889e","name":"Morgana Lovato Cantarelli","image":{"@type":"ImageObject","inLanguage":"pt-BR","@id":"https:\/\/secure.gravatar.com\/avatar\/7a246dbb5756847be4e8d937d3645cb75b1afbf687c106886d0b09172c1ee291?s=96&d=mm&r=g","url":"https:\/\/secure.gravatar.com\/avatar\/7a246dbb5756847be4e8d937d3645cb75b1afbf687c106886d0b09172c1ee291?s=96&d=mm&r=g","contentUrl":"https:\/\/secure.gravatar.com\/avatar\/7a246dbb5756847be4e8d937d3645cb75b1afbf687c106886d0b09172c1ee291?s=96&d=mm&r=g","caption":"Morgana Lovato Cantarelli"},"description":"Propriet\u00e1ria da Empresa Corpo em A\u00e7\u00e3o , educadora f\u00edsica formada no IPA (1991), especializada em pedagogia do treinamento desportivo, especializada em pilates, palestrante, professora de massoterapia e Estado do Rio Grande do Sul","url":"https:\/\/corpoacao.com.br\/blog\/author\/admin\/"}]}},"_links":{"self":[{"href":"https:\/\/corpoacao.com.br\/blog\/wp-json\/wp\/v2\/posts\/1417","targetHints":{"allow":["GET"]}}],"collection":[{"href":"https:\/\/corpoacao.com.br\/blog\/wp-json\/wp\/v2\/posts"}],"about":[{"href":"https:\/\/corpoacao.com.br\/blog\/wp-json\/wp\/v2\/types\/post"}],"author":[{"embeddable":true,"href":"https:\/\/corpoacao.com.br\/blog\/wp-json\/wp\/v2\/users\/1"}],"replies":[{"embeddable":true,"href":"https:\/\/corpoacao.com.br\/blog\/wp-json\/wp\/v2\/comments?post=1417"}],"version-history":[{"count":1,"href":"https:\/\/corpoacao.com.br\/blog\/wp-json\/wp\/v2\/posts\/1417\/revisions"}],"predecessor-version":[{"id":1419,"href":"https:\/\/corpoacao.com.br\/blog\/wp-json\/wp\/v2\/posts\/1417\/revisions\/1419"}],"wp:featuredmedia":[{"embeddable":true,"href":"https:\/\/corpoacao.com.br\/blog\/wp-json\/wp\/v2\/media\/1418"}],"wp:attachment":[{"href":"https:\/\/corpoacao.com.br\/blog\/wp-json\/wp\/v2\/media?parent=1417"}],"wp:term":[{"taxonomy":"category","embeddable":true,"href":"https:\/\/corpoacao.com.br\/blog\/wp-json\/wp\/v2\/categories?post=1417"},{"taxonomy":"post_tag","embeddable":true,"href":"https:\/\/corpoacao.com.br\/blog\/wp-json\/wp\/v2\/tags?post=1417"}],"curies":[{"name":"wp","href":"https:\/\/api.w.org\/{rel}","templated":true}]}}