{"id":1425,"date":"2022-06-19T22:53:54","date_gmt":"2022-06-20T01:53:54","guid":{"rendered":"https:\/\/www.corpoacao.com.br\/blog\/?p=1425"},"modified":"2022-06-19T22:58:41","modified_gmt":"2022-06-20T01:58:41","slug":"mexa-se-no-inverno","status":"publish","type":"post","link":"https:\/\/corpoacao.com.br\/blog\/mexa-se-no-inverno\/","title":{"rendered":"Mexa-se no Inverno"},"content":{"rendered":"\n<p>Nesta ter\u00e7a-feira, 21 de\njunho, inicia a esta\u00e7\u00e3o mais fria do ano, o inverno.&nbsp; Mas j\u00e1 estamos sentindo os efeitos desta\nesta\u00e7\u00e3o na nossa rotina n\u00e3o \u00e9 mesmo? <\/p>\n\n\n\n<p>N\u00e3o podemos descuidar da nossa\nsa\u00fade, por isso, queremos lembrar que a pr\u00e1tica de atividade f\u00edsica \u00e9 muito\nimportante pois ajuda fortalecer o sistema imunol\u00f3gico, prevenindo as doen\u00e7as\nrespirat\u00f3rias e infecciosas como gripes, resfriados e outras.<\/p>\n\n\n\n<figure class=\"wp-block-image\"><img fetchpriority=\"high\" decoding=\"async\" width=\"650\" height=\"650\" src=\"https:\/\/corpoacao.com.br\/blog\/wp-content\/uploads\/2022\/06\/mexa-se.png\" alt=\"\" class=\"wp-image-1427\" srcset=\"https:\/\/corpoacao.com.br\/blog\/wp-content\/uploads\/2022\/06\/mexa-se.png 650w, https:\/\/corpoacao.com.br\/blog\/wp-content\/uploads\/2022\/06\/mexa-se-150x150.png 150w, https:\/\/corpoacao.com.br\/blog\/wp-content\/uploads\/2022\/06\/mexa-se-300x300.png 300w\" sizes=\"(max-width: 650px) 100vw, 650px\" \/><\/figure>\n\n\n\n<p>A sa\u00fade na realidade n\u00e3o tem esta\u00e7\u00e3o do ano, \u00e9 para a vida toda. Mas com\no frio temos menos vontade de praticar atividade f\u00edsica e mais vontade\nde comer.<\/p>\n\n\n\n<h3 class=\"wp-block-heading\">Vale lembrar dos\nbenef\u00edcios para a sa\u00fade: <\/h3>\n\n\n\n<p>&#8211; &nbsp;Melhora da qualidade do sono;<\/p>\n\n\n\n<p>&#8211; &nbsp;Diminui\u00e7\u00e3o do&nbsp;stress, devido \u00e0 libera\u00e7\u00e3o de\nendorfinas, que d\u00e3o a sensa\u00e7\u00e3o de prazer, ajudando a combater a depress\u00e3o.<\/p>\n\n\n\n<p>&#8211; &nbsp;R\u00e1pida queima de energia, j\u00e1 que o corpo\nnecessita de mais calorias para se manter aquecido, acelerando tamb\u00e9m o gasto\ncal\u00f3rico promovido pela pr\u00e1tica de exerc\u00edcios f\u00edsicos. <\/p>\n\n\n\n<p>&#8211; &nbsp;Fortalecimento do Sistema Imunol\u00f3gico. <\/p>\n\n\n\n<h3 class=\"wp-block-heading\"><strong>Dicas\npara ganhar \u00e2nimo para se exercitar no inverno:<\/strong><\/h3>\n\n\n\n<p>N\u00e3o existe melhor forma de come\u00e7ar a\npraticar exerc\u00edcios que n\u00e3o seja por meio do planejamento:<\/p>\n\n\n\n<p>1. Busque atividades que voc\u00ea goste.<\/p>\n\n\n\n<p>2. Coloque uma roupa confort\u00e1vel, mas se\nagasalhe!<\/p>\n\n\n\n<p>3. Organize o tempo.<\/p>\n\n\n\n<p>4. O&nbsp;alongamento&nbsp;antes e\ndepois do exerc\u00edcio f\u00edsico&nbsp;\u00e9 ainda mais importante para evitar les\u00f5es\nmusculares, mais comuns nesta \u00e9poca.<\/p>\n\n\n\n<p>5.\n\u00c9&nbsp;essencial beber \u00e1gua antes, durante e depois do treino.<\/p>\n\n\n\n<p>6.\nAs baixas temperaturas podem desestimular a\npr\u00e1tica de exerc\u00edcios ao ar livre. Por\u00e9m, existem outras alternativas para quem\nn\u00e3o quer deixar de fazer atividade f\u00edsica no inverno. Os chamados exerc\u00edcios&nbsp;<em>indoors&nbsp;<\/em>(dentro), praticados em lugares fechados\ncomo no caso academias. <\/p>\n\n\n\n<p>7. Fique de olho na alimenta\u00e7\u00e3o, isso\ntamb\u00e9m pode levar a alguns deslizes, portanto, \u00e9 preciso manter um equil\u00edbrio e\nse atentar tamb\u00e9m a poss\u00edveis exageros que podem ser cometidos no inverno.<\/p>\n\n\n\n<p>Estamos compartilhando com\nvoc\u00eas, o guia de atividade f\u00edsica para a popula\u00e7\u00e3o brasileira organizada pelo\nMinist\u00e9rio da Sa\u00fade com informa\u00e7\u00f5es e recomenda\u00e7\u00f5es para melhorar a qualidade\nde vida.<\/p>\n\n\n\n<p>\u00a0Confira:\u00a0 <\/p>\n\n\n\n<figure><iframe width=\"560\" height=\"315\" src=\"https:\/\/www.youtube.com\/embed\/7khUz3Q-HWM\" allowfullscreen=\"\"><\/iframe><\/figure>\n\n\n\n<p>Fonte:<br>\n<a href=\"https:\/\/media.rtp.pt\/agoranos\/sem-categoria\/mexa-no-inverno\">https:\/\/media.rtp.pt\/agoranos\/sem-categoria\/mexa-no-inverno<\/a><\/p>\n\n\n\n<p><a rel=\"noreferrer noopener\" href=\"https:\/\/www.unimedlondrina.com.br\/noticias\/tudo-saude\/04\/07\/2019\/atividade-fisica-no-inverno-dicas-para-praticar\/\" target=\"_blank\">https:\/\/www.unimedlondrina.com.br\/noticias\/tudo-saude\/04\/07\/2019\/atividade-fisica-no-inverno-dicas-para-praticar\/<\/a><br> <a href=\"https:\/\/media.rtp.pt\/agoranos\/sem-categoria\/mexa-no-inverno\">https:\/\/media.rtp.pt\/agoranos\/sem-categoria\/mexa-no-inverno<\/a><\/p>\n","protected":false},"excerpt":{"rendered":"<p>Nesta ter\u00e7a-feira, 21 de junho, inicia a esta\u00e7\u00e3o mais fria do ano, o inverno.&nbsp; Mas j\u00e1 estamos sentindo os efeitos desta esta\u00e7\u00e3o na nossa rotina n\u00e3o \u00e9 mesmo? N\u00e3o podemos descuidar da nossa sa\u00fade, por isso, queremos lembrar que a pr\u00e1tica de atividade f\u00edsica \u00e9 muito importante pois ajuda fortalecer o sistema imunol\u00f3gico, prevenindo as [&hellip;]<\/p>\n","protected":false},"author":1,"featured_media":0,"comment_status":"open","ping_status":"open","sticky":false,"template":"","format":"standard","meta":{"_joinchat":[],"footnotes":""},"categories":[1],"tags":[],"class_list":["post-1425","post","type-post","status-publish","format-standard","hentry","category-sem-categoria"],"yoast_head":"<!-- This site is optimized with the Yoast SEO Premium plugin v20.8 (Yoast SEO v27.4) - https:\/\/yoast.com\/product\/yoast-seo-premium-wordpress\/ -->\n<title>Mexa-se no Inverno - Corpo em A\u00e7\u00e3o<\/title>\n<meta name=\"robots\" content=\"index, follow, max-snippet:-1, max-image-preview:large, max-video-preview:-1\" \/>\n<link rel=\"canonical\" href=\"https:\/\/corpoacao.com.br\/blog\/mexa-se-no-inverno\/\" \/>\n<meta property=\"og:locale\" content=\"pt_BR\" \/>\n<meta property=\"og:type\" content=\"article\" \/>\n<meta property=\"og:title\" content=\"Mexa-se no Inverno\" \/>\n<meta property=\"og:description\" content=\"Nesta ter\u00e7a-feira, 21 de junho, inicia a esta\u00e7\u00e3o mais fria do ano, o inverno.&nbsp; Mas j\u00e1 estamos sentindo os efeitos desta esta\u00e7\u00e3o na nossa rotina n\u00e3o \u00e9 mesmo? N\u00e3o podemos descuidar da nossa sa\u00fade, por isso, queremos lembrar que a pr\u00e1tica de atividade f\u00edsica \u00e9 muito importante pois ajuda fortalecer o sistema imunol\u00f3gico, prevenindo as [&hellip;]\" \/>\n<meta property=\"og:url\" content=\"https:\/\/corpoacao.com.br\/blog\/mexa-se-no-inverno\/\" \/>\n<meta property=\"og:site_name\" content=\"Corpo em A\u00e7\u00e3o\" \/>\n<meta property=\"article:publisher\" content=\"https:\/\/www.facebook.com\/corpoemacao.poa\/\" \/>\n<meta property=\"article:published_time\" content=\"2022-06-20T01:53:54+00:00\" \/>\n<meta property=\"article:modified_time\" content=\"2022-06-20T01:58:41+00:00\" \/>\n<meta property=\"og:image\" content=\"https:\/\/corpoacao.com.br\/blog\/wp-content\/uploads\/2022\/06\/mexa-se.png\" \/>\n<meta name=\"author\" content=\"Morgana Lovato Cantarelli\" \/>\n<meta name=\"twitter:card\" content=\"summary_large_image\" \/>\n<meta name=\"twitter:label1\" content=\"Escrito por\" \/>\n\t<meta name=\"twitter:data1\" content=\"Morgana Lovato Cantarelli\" \/>\n\t<meta name=\"twitter:label2\" content=\"Est. tempo de leitura\" \/>\n\t<meta name=\"twitter:data2\" content=\"2 minutos\" \/>\n<script type=\"application\/ld+json\" class=\"yoast-schema-graph\">{\"@context\":\"https:\\\/\\\/schema.org\",\"@graph\":[{\"@type\":\"Article\",\"@id\":\"https:\\\/\\\/corpoacao.com.br\\\/blog\\\/mexa-se-no-inverno\\\/#article\",\"isPartOf\":{\"@id\":\"https:\\\/\\\/corpoacao.com.br\\\/blog\\\/mexa-se-no-inverno\\\/\"},\"author\":{\"name\":\"Morgana Lovato Cantarelli\",\"@id\":\"https:\\\/\\\/corpoacao.com.br\\\/blog\\\/#\\\/schema\\\/person\\\/8511fda2e04a521379dee132a34c889e\"},\"headline\":\"Mexa-se no Inverno\",\"datePublished\":\"2022-06-20T01:53:54+00:00\",\"dateModified\":\"2022-06-20T01:58:41+00:00\",\"mainEntityOfPage\":{\"@id\":\"https:\\\/\\\/corpoacao.com.br\\\/blog\\\/mexa-se-no-inverno\\\/\"},\"wordCount\":415,\"commentCount\":0,\"publisher\":{\"@id\":\"https:\\\/\\\/corpoacao.com.br\\\/blog\\\/#organization\"},\"image\":{\"@id\":\"https:\\\/\\\/corpoacao.com.br\\\/blog\\\/mexa-se-no-inverno\\\/#primaryimage\"},\"thumbnailUrl\":\"https:\\\/\\\/corpoacao.com.br\\\/blog\\\/wp-content\\\/uploads\\\/2022\\\/06\\\/mexa-se.png\",\"inLanguage\":\"pt-BR\",\"potentialAction\":[{\"@type\":\"CommentAction\",\"name\":\"Comment\",\"target\":[\"https:\\\/\\\/corpoacao.com.br\\\/blog\\\/mexa-se-no-inverno\\\/#respond\"]}]},{\"@type\":\"WebPage\",\"@id\":\"https:\\\/\\\/corpoacao.com.br\\\/blog\\\/mexa-se-no-inverno\\\/\",\"url\":\"https:\\\/\\\/corpoacao.com.br\\\/blog\\\/mexa-se-no-inverno\\\/\",\"name\":\"Mexa-se no Inverno - Corpo em A\u00e7\u00e3o\",\"isPartOf\":{\"@id\":\"https:\\\/\\\/corpoacao.com.br\\\/blog\\\/#website\"},\"primaryImageOfPage\":{\"@id\":\"https:\\\/\\\/corpoacao.com.br\\\/blog\\\/mexa-se-no-inverno\\\/#primaryimage\"},\"image\":{\"@id\":\"https:\\\/\\\/corpoacao.com.br\\\/blog\\\/mexa-se-no-inverno\\\/#primaryimage\"},\"thumbnailUrl\":\"https:\\\/\\\/corpoacao.com.br\\\/blog\\\/wp-content\\\/uploads\\\/2022\\\/06\\\/mexa-se.png\",\"datePublished\":\"2022-06-20T01:53:54+00:00\",\"dateModified\":\"2022-06-20T01:58:41+00:00\",\"breadcrumb\":{\"@id\":\"https:\\\/\\\/corpoacao.com.br\\\/blog\\\/mexa-se-no-inverno\\\/#breadcrumb\"},\"inLanguage\":\"pt-BR\",\"potentialAction\":[{\"@type\":\"ReadAction\",\"target\":[\"https:\\\/\\\/corpoacao.com.br\\\/blog\\\/mexa-se-no-inverno\\\/\"]}]},{\"@type\":\"ImageObject\",\"inLanguage\":\"pt-BR\",\"@id\":\"https:\\\/\\\/corpoacao.com.br\\\/blog\\\/mexa-se-no-inverno\\\/#primaryimage\",\"url\":\"https:\\\/\\\/corpoacao.com.br\\\/blog\\\/wp-content\\\/uploads\\\/2022\\\/06\\\/mexa-se.png\",\"contentUrl\":\"https:\\\/\\\/corpoacao.com.br\\\/blog\\\/wp-content\\\/uploads\\\/2022\\\/06\\\/mexa-se.png\",\"width\":650,\"height\":650},{\"@type\":\"BreadcrumbList\",\"@id\":\"https:\\\/\\\/corpoacao.com.br\\\/blog\\\/mexa-se-no-inverno\\\/#breadcrumb\",\"itemListElement\":[{\"@type\":\"ListItem\",\"position\":1,\"name\":\"Home\",\"item\":\"https:\\\/\\\/corpoacao.com.br\\\/blog\\\/\"},{\"@type\":\"ListItem\",\"position\":2,\"name\":\"Mexa-se no Inverno\"}]},{\"@type\":\"WebSite\",\"@id\":\"https:\\\/\\\/corpoacao.com.br\\\/blog\\\/#website\",\"url\":\"https:\\\/\\\/corpoacao.com.br\\\/blog\\\/\",\"name\":\"Corpo em A\u00e7\u00e3o\",\"description\":\"Blog Ergonomia e qualidade de vida no ambiente de trabalho\",\"publisher\":{\"@id\":\"https:\\\/\\\/corpoacao.com.br\\\/blog\\\/#organization\"},\"potentialAction\":[{\"@type\":\"SearchAction\",\"target\":{\"@type\":\"EntryPoint\",\"urlTemplate\":\"https:\\\/\\\/corpoacao.com.br\\\/blog\\\/?s={search_term_string}\"},\"query-input\":{\"@type\":\"PropertyValueSpecification\",\"valueRequired\":true,\"valueName\":\"search_term_string\"}}],\"inLanguage\":\"pt-BR\"},{\"@type\":\"Organization\",\"@id\":\"https:\\\/\\\/corpoacao.com.br\\\/blog\\\/#organization\",\"name\":\"Corpo em A\u00e7\u00e3o\",\"url\":\"https:\\\/\\\/corpoacao.com.br\\\/blog\\\/\",\"logo\":{\"@type\":\"ImageObject\",\"inLanguage\":\"pt-BR\",\"@id\":\"https:\\\/\\\/corpoacao.com.br\\\/blog\\\/#\\\/schema\\\/logo\\\/image\\\/\",\"url\":\"https:\\\/\\\/corpoacao.com.br\\\/blog\\\/wp-content\\\/uploads\\\/2023\\\/04\\\/ginastica-laboral.png\",\"contentUrl\":\"https:\\\/\\\/corpoacao.com.br\\\/blog\\\/wp-content\\\/uploads\\\/2023\\\/04\\\/ginastica-laboral.png\",\"width\":185,\"height\":128,\"caption\":\"Corpo em A\u00e7\u00e3o\"},\"image\":{\"@id\":\"https:\\\/\\\/corpoacao.com.br\\\/blog\\\/#\\\/schema\\\/logo\\\/image\\\/\"},\"sameAs\":[\"https:\\\/\\\/www.facebook.com\\\/corpoemacao.poa\\\/\",\"https:\\\/\\\/www.instagram.com\\\/corpoemacaopoa\\\/\"]},{\"@type\":\"Person\",\"@id\":\"https:\\\/\\\/corpoacao.com.br\\\/blog\\\/#\\\/schema\\\/person\\\/8511fda2e04a521379dee132a34c889e\",\"name\":\"Morgana Lovato Cantarelli\",\"image\":{\"@type\":\"ImageObject\",\"inLanguage\":\"pt-BR\",\"@id\":\"https:\\\/\\\/secure.gravatar.com\\\/avatar\\\/7a246dbb5756847be4e8d937d3645cb75b1afbf687c106886d0b09172c1ee291?s=96&d=mm&r=g\",\"url\":\"https:\\\/\\\/secure.gravatar.com\\\/avatar\\\/7a246dbb5756847be4e8d937d3645cb75b1afbf687c106886d0b09172c1ee291?s=96&d=mm&r=g\",\"contentUrl\":\"https:\\\/\\\/secure.gravatar.com\\\/avatar\\\/7a246dbb5756847be4e8d937d3645cb75b1afbf687c106886d0b09172c1ee291?s=96&d=mm&r=g\",\"caption\":\"Morgana Lovato Cantarelli\"},\"description\":\"Propriet\u00e1ria da Empresa Corpo em A\u00e7\u00e3o , educadora f\u00edsica formada no IPA (1991), especializada em pedagogia do treinamento desportivo, especializada em pilates, palestrante, professora de massoterapia e Estado do Rio Grande do Sul\",\"url\":\"https:\\\/\\\/corpoacao.com.br\\\/blog\\\/author\\\/admin\\\/\"}]}<\/script>\n<!-- \/ Yoast SEO Premium plugin. -->","yoast_head_json":{"title":"Mexa-se no Inverno - Corpo em A\u00e7\u00e3o","robots":{"index":"index","follow":"follow","max-snippet":"max-snippet:-1","max-image-preview":"max-image-preview:large","max-video-preview":"max-video-preview:-1"},"canonical":"https:\/\/corpoacao.com.br\/blog\/mexa-se-no-inverno\/","og_locale":"pt_BR","og_type":"article","og_title":"Mexa-se no Inverno","og_description":"Nesta ter\u00e7a-feira, 21 de junho, inicia a esta\u00e7\u00e3o mais fria do ano, o inverno.&nbsp; Mas j\u00e1 estamos sentindo os efeitos desta esta\u00e7\u00e3o na nossa rotina n\u00e3o \u00e9 mesmo? N\u00e3o podemos descuidar da nossa sa\u00fade, por isso, queremos lembrar que a pr\u00e1tica de atividade f\u00edsica \u00e9 muito importante pois ajuda fortalecer o sistema imunol\u00f3gico, prevenindo as [&hellip;]","og_url":"https:\/\/corpoacao.com.br\/blog\/mexa-se-no-inverno\/","og_site_name":"Corpo em A\u00e7\u00e3o","article_publisher":"https:\/\/www.facebook.com\/corpoemacao.poa\/","article_published_time":"2022-06-20T01:53:54+00:00","article_modified_time":"2022-06-20T01:58:41+00:00","og_image":[{"url":"https:\/\/corpoacao.com.br\/blog\/wp-content\/uploads\/2022\/06\/mexa-se.png","type":"","width":"","height":""}],"author":"Morgana Lovato Cantarelli","twitter_card":"summary_large_image","twitter_misc":{"Escrito por":"Morgana Lovato Cantarelli","Est. tempo de leitura":"2 minutos"},"schema":{"@context":"https:\/\/schema.org","@graph":[{"@type":"Article","@id":"https:\/\/corpoacao.com.br\/blog\/mexa-se-no-inverno\/#article","isPartOf":{"@id":"https:\/\/corpoacao.com.br\/blog\/mexa-se-no-inverno\/"},"author":{"name":"Morgana Lovato Cantarelli","@id":"https:\/\/corpoacao.com.br\/blog\/#\/schema\/person\/8511fda2e04a521379dee132a34c889e"},"headline":"Mexa-se no Inverno","datePublished":"2022-06-20T01:53:54+00:00","dateModified":"2022-06-20T01:58:41+00:00","mainEntityOfPage":{"@id":"https:\/\/corpoacao.com.br\/blog\/mexa-se-no-inverno\/"},"wordCount":415,"commentCount":0,"publisher":{"@id":"https:\/\/corpoacao.com.br\/blog\/#organization"},"image":{"@id":"https:\/\/corpoacao.com.br\/blog\/mexa-se-no-inverno\/#primaryimage"},"thumbnailUrl":"https:\/\/corpoacao.com.br\/blog\/wp-content\/uploads\/2022\/06\/mexa-se.png","inLanguage":"pt-BR","potentialAction":[{"@type":"CommentAction","name":"Comment","target":["https:\/\/corpoacao.com.br\/blog\/mexa-se-no-inverno\/#respond"]}]},{"@type":"WebPage","@id":"https:\/\/corpoacao.com.br\/blog\/mexa-se-no-inverno\/","url":"https:\/\/corpoacao.com.br\/blog\/mexa-se-no-inverno\/","name":"Mexa-se no Inverno - Corpo em A\u00e7\u00e3o","isPartOf":{"@id":"https:\/\/corpoacao.com.br\/blog\/#website"},"primaryImageOfPage":{"@id":"https:\/\/corpoacao.com.br\/blog\/mexa-se-no-inverno\/#primaryimage"},"image":{"@id":"https:\/\/corpoacao.com.br\/blog\/mexa-se-no-inverno\/#primaryimage"},"thumbnailUrl":"https:\/\/corpoacao.com.br\/blog\/wp-content\/uploads\/2022\/06\/mexa-se.png","datePublished":"2022-06-20T01:53:54+00:00","dateModified":"2022-06-20T01:58:41+00:00","breadcrumb":{"@id":"https:\/\/corpoacao.com.br\/blog\/mexa-se-no-inverno\/#breadcrumb"},"inLanguage":"pt-BR","potentialAction":[{"@type":"ReadAction","target":["https:\/\/corpoacao.com.br\/blog\/mexa-se-no-inverno\/"]}]},{"@type":"ImageObject","inLanguage":"pt-BR","@id":"https:\/\/corpoacao.com.br\/blog\/mexa-se-no-inverno\/#primaryimage","url":"https:\/\/corpoacao.com.br\/blog\/wp-content\/uploads\/2022\/06\/mexa-se.png","contentUrl":"https:\/\/corpoacao.com.br\/blog\/wp-content\/uploads\/2022\/06\/mexa-se.png","width":650,"height":650},{"@type":"BreadcrumbList","@id":"https:\/\/corpoacao.com.br\/blog\/mexa-se-no-inverno\/#breadcrumb","itemListElement":[{"@type":"ListItem","position":1,"name":"Home","item":"https:\/\/corpoacao.com.br\/blog\/"},{"@type":"ListItem","position":2,"name":"Mexa-se no Inverno"}]},{"@type":"WebSite","@id":"https:\/\/corpoacao.com.br\/blog\/#website","url":"https:\/\/corpoacao.com.br\/blog\/","name":"Corpo em A\u00e7\u00e3o","description":"Blog Ergonomia e qualidade de vida no ambiente de trabalho","publisher":{"@id":"https:\/\/corpoacao.com.br\/blog\/#organization"},"potentialAction":[{"@type":"SearchAction","target":{"@type":"EntryPoint","urlTemplate":"https:\/\/corpoacao.com.br\/blog\/?s={search_term_string}"},"query-input":{"@type":"PropertyValueSpecification","valueRequired":true,"valueName":"search_term_string"}}],"inLanguage":"pt-BR"},{"@type":"Organization","@id":"https:\/\/corpoacao.com.br\/blog\/#organization","name":"Corpo em A\u00e7\u00e3o","url":"https:\/\/corpoacao.com.br\/blog\/","logo":{"@type":"ImageObject","inLanguage":"pt-BR","@id":"https:\/\/corpoacao.com.br\/blog\/#\/schema\/logo\/image\/","url":"https:\/\/corpoacao.com.br\/blog\/wp-content\/uploads\/2023\/04\/ginastica-laboral.png","contentUrl":"https:\/\/corpoacao.com.br\/blog\/wp-content\/uploads\/2023\/04\/ginastica-laboral.png","width":185,"height":128,"caption":"Corpo em A\u00e7\u00e3o"},"image":{"@id":"https:\/\/corpoacao.com.br\/blog\/#\/schema\/logo\/image\/"},"sameAs":["https:\/\/www.facebook.com\/corpoemacao.poa\/","https:\/\/www.instagram.com\/corpoemacaopoa\/"]},{"@type":"Person","@id":"https:\/\/corpoacao.com.br\/blog\/#\/schema\/person\/8511fda2e04a521379dee132a34c889e","name":"Morgana Lovato Cantarelli","image":{"@type":"ImageObject","inLanguage":"pt-BR","@id":"https:\/\/secure.gravatar.com\/avatar\/7a246dbb5756847be4e8d937d3645cb75b1afbf687c106886d0b09172c1ee291?s=96&d=mm&r=g","url":"https:\/\/secure.gravatar.com\/avatar\/7a246dbb5756847be4e8d937d3645cb75b1afbf687c106886d0b09172c1ee291?s=96&d=mm&r=g","contentUrl":"https:\/\/secure.gravatar.com\/avatar\/7a246dbb5756847be4e8d937d3645cb75b1afbf687c106886d0b09172c1ee291?s=96&d=mm&r=g","caption":"Morgana Lovato Cantarelli"},"description":"Propriet\u00e1ria da Empresa Corpo em A\u00e7\u00e3o , educadora f\u00edsica formada no IPA (1991), especializada em pedagogia do treinamento desportivo, especializada em pilates, palestrante, professora de massoterapia e Estado do Rio Grande do Sul","url":"https:\/\/corpoacao.com.br\/blog\/author\/admin\/"}]}},"_links":{"self":[{"href":"https:\/\/corpoacao.com.br\/blog\/wp-json\/wp\/v2\/posts\/1425","targetHints":{"allow":["GET"]}}],"collection":[{"href":"https:\/\/corpoacao.com.br\/blog\/wp-json\/wp\/v2\/posts"}],"about":[{"href":"https:\/\/corpoacao.com.br\/blog\/wp-json\/wp\/v2\/types\/post"}],"author":[{"embeddable":true,"href":"https:\/\/corpoacao.com.br\/blog\/wp-json\/wp\/v2\/users\/1"}],"replies":[{"embeddable":true,"href":"https:\/\/corpoacao.com.br\/blog\/wp-json\/wp\/v2\/comments?post=1425"}],"version-history":[{"count":2,"href":"https:\/\/corpoacao.com.br\/blog\/wp-json\/wp\/v2\/posts\/1425\/revisions"}],"predecessor-version":[{"id":1428,"href":"https:\/\/corpoacao.com.br\/blog\/wp-json\/wp\/v2\/posts\/1425\/revisions\/1428"}],"wp:attachment":[{"href":"https:\/\/corpoacao.com.br\/blog\/wp-json\/wp\/v2\/media?parent=1425"}],"wp:term":[{"taxonomy":"category","embeddable":true,"href":"https:\/\/corpoacao.com.br\/blog\/wp-json\/wp\/v2\/categories?post=1425"},{"taxonomy":"post_tag","embeddable":true,"href":"https:\/\/corpoacao.com.br\/blog\/wp-json\/wp\/v2\/tags?post=1425"}],"curies":[{"name":"wp","href":"https:\/\/api.w.org\/{rel}","templated":true}]}}