{"id":1429,"date":"2022-06-26T21:44:25","date_gmt":"2022-06-27T00:44:25","guid":{"rendered":"https:\/\/www.corpoacao.com.br\/blog\/?p=1429"},"modified":"2022-06-26T21:44:25","modified_gmt":"2022-06-27T00:44:25","slug":"a-importancia-da-qualidade-de-vida-no-trabalho","status":"publish","type":"post","link":"https:\/\/corpoacao.com.br\/blog\/a-importancia-da-qualidade-de-vida-no-trabalho\/","title":{"rendered":"A import\u00e2ncia da qualidade de vida no trabalho"},"content":{"rendered":"\n<p>Com a correria do dia a dia, o excesso de informa\u00e7\u00f5es e tantas tarefas a serem cumpridas, as pessoas n\u00e3o est\u00e3o tendo tempo suficiente, e isso, muitas vezes, gera stress prejudicando at\u00e9 mesmo o ambiente de trabalho. Muitas Empresas est\u00e3o buscando satisfa\u00e7\u00e3o a seus colaboradores e adotando medidas para melhorar a qualidade de vida no Trabalho. <\/p>\n\n\n\n<div class=\"wp-block-image\"><figure class=\"aligncenter\"><img fetchpriority=\"high\" decoding=\"async\" width=\"650\" height=\"650\" src=\"https:\/\/corpoacao.com.br\/blog\/wp-content\/uploads\/2022\/06\/postura-1.png\" alt=\"\" class=\"wp-image-1430\" srcset=\"https:\/\/corpoacao.com.br\/blog\/wp-content\/uploads\/2022\/06\/postura-1.png 650w, https:\/\/corpoacao.com.br\/blog\/wp-content\/uploads\/2022\/06\/postura-1-150x150.png 150w, https:\/\/corpoacao.com.br\/blog\/wp-content\/uploads\/2022\/06\/postura-1-300x300.png 300w\" sizes=\"(max-width: 650px) 100vw, 650px\" \/><\/figure><\/div>\n\n\n\n<p>Sal\u00e1rio competitivo e benef\u00edcios s\u00e3o\nfundamentais para manter a motiva\u00e7\u00e3o dos funcion\u00e1rios, mas nunca se falou tanto\ntamb\u00e9m da import\u00e2ncia da qualidade de vida no trabalho.<\/p>\n\n\n\n<p>Por ser o local, f\u00edsico ou virtual\n(considerando o trabalho remoto), em que as pessoas passam a maior parte do\ndia, n\u00e3o tem como ignorar o impacto que a rotina de trabalho tem na qualidade\nde vida dos colaboradores.<\/p>\n\n\n\n<p>E al\u00e9m de contribuir com o bem-estar das pessoas,\na preocupa\u00e7\u00e3o com um ambiente saud\u00e1vel tamb\u00e9m \u00e9 fundamental para manter a\nprodutividade das equipes.<\/p>\n\n\n\n<p>O conceito de qualidade de\nvida, de acordo com a Organiza\u00e7\u00e3o Mundial da Sa\u00fade (OMS), \u00e9 a percep\u00e7\u00e3o que\ncada indiv\u00edduo tem em rela\u00e7\u00e3o a sua pr\u00f3pria vida, considerando a\ncultura em que est\u00e1 inserido, seus valores, objetivos, padr\u00f5es,\nexpectativas e preocupa\u00e7\u00f5es.<\/p>\n\n\n\n<p>No ambiente corporativo, a qualidade de vida\nfunciona como um \u00edndice para medir a satisfa\u00e7\u00e3o do colaborador na empresa, a\npartir do seu&nbsp;bem-estar f\u00edsico,&nbsp;mental,&nbsp;crescimento pessoal&nbsp;na empresa,&nbsp;intera\u00e7\u00e3o com membros da equipe e l\u00edderes, al\u00e9m de outros fatores.<\/p>\n\n\n\n<p>Por isso, as empresas que t\u00eam essa preocupa\u00e7\u00e3o\ncom o quadro de funcion\u00e1rios devem promover a\u00e7\u00f5es de melhorias frequentes.<\/p>\n\n\n\n<p>A Corpo\nem A\u00e7\u00e3o Sa\u00fade Corporativa oferece diversas solu\u00e7\u00f5es para a implementa\u00e7\u00e3o de um&nbsp; programa de qualidade de vida nas Empresas:<\/p>\n\n\n\n<p>&#8211; Gin\u00e1stica Laboral, Quick Massage, Blitz Ergon\u00f4mica e Postural, AET (An\u00e1lise\nErgon\u00f4mica do Trabalho &#8211; NR17), Palestras, Bate papos sobre sa\u00fade mental e\nsocial, programas de alimenta\u00e7\u00e3o saud\u00e1vel, Workshops da Sa\u00fade, Avalia\u00e7\u00f5es\nF\u00edsicas, Boletins Informativos e muito mais. <strong>&nbsp;<\/strong><\/p>\n\n\n\n<p>Fonte:\nPortal Carreira e Sucesso<\/p>\n\n\n\n<p><a href=\"https:\/\/ifractal.com.br\/blog\/qualidade-de-vida-no-trabalho\/\">https:\/\/ifractal.com.br\/blog\/qualidade-de-vida-no-trabalho\/<\/a><\/p>\n","protected":false},"excerpt":{"rendered":"<p>Com a correria do dia a dia, o excesso de informa\u00e7\u00f5es e tantas tarefas a serem cumpridas, as pessoas n\u00e3o est\u00e3o tendo tempo suficiente, e isso, muitas vezes, gera stress prejudicando at\u00e9 mesmo o ambiente de trabalho. Muitas Empresas est\u00e3o buscando satisfa\u00e7\u00e3o a seus colaboradores e adotando medidas para melhorar a qualidade de vida no [&hellip;]<\/p>\n","protected":false},"author":1,"featured_media":0,"comment_status":"open","ping_status":"open","sticky":false,"template":"","format":"standard","meta":{"_joinchat":[],"footnotes":""},"categories":[1],"tags":[],"class_list":["post-1429","post","type-post","status-publish","format-standard","hentry","category-sem-categoria"],"yoast_head":"<!-- This site is optimized with the Yoast SEO Premium plugin v20.8 (Yoast SEO v27.4) - https:\/\/yoast.com\/product\/yoast-seo-premium-wordpress\/ -->\n<title>A import\u00e2ncia da qualidade de vida no trabalho - Corpo em A\u00e7\u00e3o<\/title>\n<meta name=\"robots\" content=\"index, follow, max-snippet:-1, max-image-preview:large, max-video-preview:-1\" \/>\n<link rel=\"canonical\" href=\"https:\/\/corpoacao.com.br\/blog\/a-importancia-da-qualidade-de-vida-no-trabalho\/\" \/>\n<meta property=\"og:locale\" content=\"pt_BR\" \/>\n<meta property=\"og:type\" content=\"article\" \/>\n<meta property=\"og:title\" content=\"A import\u00e2ncia da qualidade de vida no trabalho\" \/>\n<meta property=\"og:description\" content=\"Com a correria do dia a dia, o excesso de informa\u00e7\u00f5es e tantas tarefas a serem cumpridas, as pessoas n\u00e3o est\u00e3o tendo tempo suficiente, e isso, muitas vezes, gera stress prejudicando at\u00e9 mesmo o ambiente de trabalho. Muitas Empresas est\u00e3o buscando satisfa\u00e7\u00e3o a seus colaboradores e adotando medidas para melhorar a qualidade de vida no [&hellip;]\" \/>\n<meta property=\"og:url\" content=\"https:\/\/corpoacao.com.br\/blog\/a-importancia-da-qualidade-de-vida-no-trabalho\/\" \/>\n<meta property=\"og:site_name\" content=\"Corpo em A\u00e7\u00e3o\" \/>\n<meta property=\"article:publisher\" content=\"https:\/\/www.facebook.com\/corpoemacao.poa\/\" \/>\n<meta property=\"article:published_time\" content=\"2022-06-27T00:44:25+00:00\" \/>\n<meta property=\"og:image\" content=\"https:\/\/corpoacao.com.br\/blog\/wp-content\/uploads\/2022\/06\/postura-1.png\" \/>\n<meta name=\"author\" content=\"Morgana Lovato Cantarelli\" \/>\n<meta name=\"twitter:card\" content=\"summary_large_image\" \/>\n<meta name=\"twitter:label1\" content=\"Escrito por\" \/>\n\t<meta name=\"twitter:data1\" content=\"Morgana Lovato Cantarelli\" \/>\n\t<meta name=\"twitter:label2\" content=\"Est. tempo de leitura\" \/>\n\t<meta name=\"twitter:data2\" content=\"2 minutos\" \/>\n<script type=\"application\/ld+json\" class=\"yoast-schema-graph\">{\"@context\":\"https:\\\/\\\/schema.org\",\"@graph\":[{\"@type\":\"Article\",\"@id\":\"https:\\\/\\\/corpoacao.com.br\\\/blog\\\/a-importancia-da-qualidade-de-vida-no-trabalho\\\/#article\",\"isPartOf\":{\"@id\":\"https:\\\/\\\/corpoacao.com.br\\\/blog\\\/a-importancia-da-qualidade-de-vida-no-trabalho\\\/\"},\"author\":{\"name\":\"Morgana Lovato Cantarelli\",\"@id\":\"https:\\\/\\\/corpoacao.com.br\\\/blog\\\/#\\\/schema\\\/person\\\/8511fda2e04a521379dee132a34c889e\"},\"headline\":\"A import\u00e2ncia da qualidade de vida no trabalho\",\"datePublished\":\"2022-06-27T00:44:25+00:00\",\"mainEntityOfPage\":{\"@id\":\"https:\\\/\\\/corpoacao.com.br\\\/blog\\\/a-importancia-da-qualidade-de-vida-no-trabalho\\\/\"},\"wordCount\":380,\"commentCount\":0,\"publisher\":{\"@id\":\"https:\\\/\\\/corpoacao.com.br\\\/blog\\\/#organization\"},\"image\":{\"@id\":\"https:\\\/\\\/corpoacao.com.br\\\/blog\\\/a-importancia-da-qualidade-de-vida-no-trabalho\\\/#primaryimage\"},\"thumbnailUrl\":\"https:\\\/\\\/corpoacao.com.br\\\/blog\\\/wp-content\\\/uploads\\\/2022\\\/06\\\/postura-1.png\",\"inLanguage\":\"pt-BR\",\"potentialAction\":[{\"@type\":\"CommentAction\",\"name\":\"Comment\",\"target\":[\"https:\\\/\\\/corpoacao.com.br\\\/blog\\\/a-importancia-da-qualidade-de-vida-no-trabalho\\\/#respond\"]}]},{\"@type\":\"WebPage\",\"@id\":\"https:\\\/\\\/corpoacao.com.br\\\/blog\\\/a-importancia-da-qualidade-de-vida-no-trabalho\\\/\",\"url\":\"https:\\\/\\\/corpoacao.com.br\\\/blog\\\/a-importancia-da-qualidade-de-vida-no-trabalho\\\/\",\"name\":\"A import\u00e2ncia da qualidade de vida no trabalho - Corpo em A\u00e7\u00e3o\",\"isPartOf\":{\"@id\":\"https:\\\/\\\/corpoacao.com.br\\\/blog\\\/#website\"},\"primaryImageOfPage\":{\"@id\":\"https:\\\/\\\/corpoacao.com.br\\\/blog\\\/a-importancia-da-qualidade-de-vida-no-trabalho\\\/#primaryimage\"},\"image\":{\"@id\":\"https:\\\/\\\/corpoacao.com.br\\\/blog\\\/a-importancia-da-qualidade-de-vida-no-trabalho\\\/#primaryimage\"},\"thumbnailUrl\":\"https:\\\/\\\/corpoacao.com.br\\\/blog\\\/wp-content\\\/uploads\\\/2022\\\/06\\\/postura-1.png\",\"datePublished\":\"2022-06-27T00:44:25+00:00\",\"breadcrumb\":{\"@id\":\"https:\\\/\\\/corpoacao.com.br\\\/blog\\\/a-importancia-da-qualidade-de-vida-no-trabalho\\\/#breadcrumb\"},\"inLanguage\":\"pt-BR\",\"potentialAction\":[{\"@type\":\"ReadAction\",\"target\":[\"https:\\\/\\\/corpoacao.com.br\\\/blog\\\/a-importancia-da-qualidade-de-vida-no-trabalho\\\/\"]}]},{\"@type\":\"ImageObject\",\"inLanguage\":\"pt-BR\",\"@id\":\"https:\\\/\\\/corpoacao.com.br\\\/blog\\\/a-importancia-da-qualidade-de-vida-no-trabalho\\\/#primaryimage\",\"url\":\"https:\\\/\\\/corpoacao.com.br\\\/blog\\\/wp-content\\\/uploads\\\/2022\\\/06\\\/postura-1.png\",\"contentUrl\":\"https:\\\/\\\/corpoacao.com.br\\\/blog\\\/wp-content\\\/uploads\\\/2022\\\/06\\\/postura-1.png\",\"width\":650,\"height\":650},{\"@type\":\"BreadcrumbList\",\"@id\":\"https:\\\/\\\/corpoacao.com.br\\\/blog\\\/a-importancia-da-qualidade-de-vida-no-trabalho\\\/#breadcrumb\",\"itemListElement\":[{\"@type\":\"ListItem\",\"position\":1,\"name\":\"Home\",\"item\":\"https:\\\/\\\/corpoacao.com.br\\\/blog\\\/\"},{\"@type\":\"ListItem\",\"position\":2,\"name\":\"A import\u00e2ncia da qualidade de vida no trabalho\"}]},{\"@type\":\"WebSite\",\"@id\":\"https:\\\/\\\/corpoacao.com.br\\\/blog\\\/#website\",\"url\":\"https:\\\/\\\/corpoacao.com.br\\\/blog\\\/\",\"name\":\"Corpo em A\u00e7\u00e3o\",\"description\":\"Blog Ergonomia e qualidade de vida no ambiente de trabalho\",\"publisher\":{\"@id\":\"https:\\\/\\\/corpoacao.com.br\\\/blog\\\/#organization\"},\"potentialAction\":[{\"@type\":\"SearchAction\",\"target\":{\"@type\":\"EntryPoint\",\"urlTemplate\":\"https:\\\/\\\/corpoacao.com.br\\\/blog\\\/?s={search_term_string}\"},\"query-input\":{\"@type\":\"PropertyValueSpecification\",\"valueRequired\":true,\"valueName\":\"search_term_string\"}}],\"inLanguage\":\"pt-BR\"},{\"@type\":\"Organization\",\"@id\":\"https:\\\/\\\/corpoacao.com.br\\\/blog\\\/#organization\",\"name\":\"Corpo em A\u00e7\u00e3o\",\"url\":\"https:\\\/\\\/corpoacao.com.br\\\/blog\\\/\",\"logo\":{\"@type\":\"ImageObject\",\"inLanguage\":\"pt-BR\",\"@id\":\"https:\\\/\\\/corpoacao.com.br\\\/blog\\\/#\\\/schema\\\/logo\\\/image\\\/\",\"url\":\"https:\\\/\\\/corpoacao.com.br\\\/blog\\\/wp-content\\\/uploads\\\/2023\\\/04\\\/ginastica-laboral.png\",\"contentUrl\":\"https:\\\/\\\/corpoacao.com.br\\\/blog\\\/wp-content\\\/uploads\\\/2023\\\/04\\\/ginastica-laboral.png\",\"width\":185,\"height\":128,\"caption\":\"Corpo em A\u00e7\u00e3o\"},\"image\":{\"@id\":\"https:\\\/\\\/corpoacao.com.br\\\/blog\\\/#\\\/schema\\\/logo\\\/image\\\/\"},\"sameAs\":[\"https:\\\/\\\/www.facebook.com\\\/corpoemacao.poa\\\/\",\"https:\\\/\\\/www.instagram.com\\\/corpoemacaopoa\\\/\"]},{\"@type\":\"Person\",\"@id\":\"https:\\\/\\\/corpoacao.com.br\\\/blog\\\/#\\\/schema\\\/person\\\/8511fda2e04a521379dee132a34c889e\",\"name\":\"Morgana Lovato Cantarelli\",\"image\":{\"@type\":\"ImageObject\",\"inLanguage\":\"pt-BR\",\"@id\":\"https:\\\/\\\/secure.gravatar.com\\\/avatar\\\/7a246dbb5756847be4e8d937d3645cb75b1afbf687c106886d0b09172c1ee291?s=96&d=mm&r=g\",\"url\":\"https:\\\/\\\/secure.gravatar.com\\\/avatar\\\/7a246dbb5756847be4e8d937d3645cb75b1afbf687c106886d0b09172c1ee291?s=96&d=mm&r=g\",\"contentUrl\":\"https:\\\/\\\/secure.gravatar.com\\\/avatar\\\/7a246dbb5756847be4e8d937d3645cb75b1afbf687c106886d0b09172c1ee291?s=96&d=mm&r=g\",\"caption\":\"Morgana Lovato Cantarelli\"},\"description\":\"Propriet\u00e1ria da Empresa Corpo em A\u00e7\u00e3o , educadora f\u00edsica formada no IPA (1991), especializada em pedagogia do treinamento desportivo, especializada em pilates, palestrante, professora de massoterapia e Estado do Rio Grande do Sul\",\"url\":\"https:\\\/\\\/corpoacao.com.br\\\/blog\\\/author\\\/admin\\\/\"}]}<\/script>\n<!-- \/ Yoast SEO Premium plugin. -->","yoast_head_json":{"title":"A import\u00e2ncia da qualidade de vida no trabalho - Corpo em A\u00e7\u00e3o","robots":{"index":"index","follow":"follow","max-snippet":"max-snippet:-1","max-image-preview":"max-image-preview:large","max-video-preview":"max-video-preview:-1"},"canonical":"https:\/\/corpoacao.com.br\/blog\/a-importancia-da-qualidade-de-vida-no-trabalho\/","og_locale":"pt_BR","og_type":"article","og_title":"A import\u00e2ncia da qualidade de vida no trabalho","og_description":"Com a correria do dia a dia, o excesso de informa\u00e7\u00f5es e tantas tarefas a serem cumpridas, as pessoas n\u00e3o est\u00e3o tendo tempo suficiente, e isso, muitas vezes, gera stress prejudicando at\u00e9 mesmo o ambiente de trabalho. Muitas Empresas est\u00e3o buscando satisfa\u00e7\u00e3o a seus colaboradores e adotando medidas para melhorar a qualidade de vida no [&hellip;]","og_url":"https:\/\/corpoacao.com.br\/blog\/a-importancia-da-qualidade-de-vida-no-trabalho\/","og_site_name":"Corpo em A\u00e7\u00e3o","article_publisher":"https:\/\/www.facebook.com\/corpoemacao.poa\/","article_published_time":"2022-06-27T00:44:25+00:00","og_image":[{"url":"https:\/\/corpoacao.com.br\/blog\/wp-content\/uploads\/2022\/06\/postura-1.png","type":"","width":"","height":""}],"author":"Morgana Lovato Cantarelli","twitter_card":"summary_large_image","twitter_misc":{"Escrito por":"Morgana Lovato Cantarelli","Est. tempo de leitura":"2 minutos"},"schema":{"@context":"https:\/\/schema.org","@graph":[{"@type":"Article","@id":"https:\/\/corpoacao.com.br\/blog\/a-importancia-da-qualidade-de-vida-no-trabalho\/#article","isPartOf":{"@id":"https:\/\/corpoacao.com.br\/blog\/a-importancia-da-qualidade-de-vida-no-trabalho\/"},"author":{"name":"Morgana Lovato Cantarelli","@id":"https:\/\/corpoacao.com.br\/blog\/#\/schema\/person\/8511fda2e04a521379dee132a34c889e"},"headline":"A import\u00e2ncia da qualidade de vida no trabalho","datePublished":"2022-06-27T00:44:25+00:00","mainEntityOfPage":{"@id":"https:\/\/corpoacao.com.br\/blog\/a-importancia-da-qualidade-de-vida-no-trabalho\/"},"wordCount":380,"commentCount":0,"publisher":{"@id":"https:\/\/corpoacao.com.br\/blog\/#organization"},"image":{"@id":"https:\/\/corpoacao.com.br\/blog\/a-importancia-da-qualidade-de-vida-no-trabalho\/#primaryimage"},"thumbnailUrl":"https:\/\/corpoacao.com.br\/blog\/wp-content\/uploads\/2022\/06\/postura-1.png","inLanguage":"pt-BR","potentialAction":[{"@type":"CommentAction","name":"Comment","target":["https:\/\/corpoacao.com.br\/blog\/a-importancia-da-qualidade-de-vida-no-trabalho\/#respond"]}]},{"@type":"WebPage","@id":"https:\/\/corpoacao.com.br\/blog\/a-importancia-da-qualidade-de-vida-no-trabalho\/","url":"https:\/\/corpoacao.com.br\/blog\/a-importancia-da-qualidade-de-vida-no-trabalho\/","name":"A import\u00e2ncia da qualidade de vida no trabalho - Corpo em A\u00e7\u00e3o","isPartOf":{"@id":"https:\/\/corpoacao.com.br\/blog\/#website"},"primaryImageOfPage":{"@id":"https:\/\/corpoacao.com.br\/blog\/a-importancia-da-qualidade-de-vida-no-trabalho\/#primaryimage"},"image":{"@id":"https:\/\/corpoacao.com.br\/blog\/a-importancia-da-qualidade-de-vida-no-trabalho\/#primaryimage"},"thumbnailUrl":"https:\/\/corpoacao.com.br\/blog\/wp-content\/uploads\/2022\/06\/postura-1.png","datePublished":"2022-06-27T00:44:25+00:00","breadcrumb":{"@id":"https:\/\/corpoacao.com.br\/blog\/a-importancia-da-qualidade-de-vida-no-trabalho\/#breadcrumb"},"inLanguage":"pt-BR","potentialAction":[{"@type":"ReadAction","target":["https:\/\/corpoacao.com.br\/blog\/a-importancia-da-qualidade-de-vida-no-trabalho\/"]}]},{"@type":"ImageObject","inLanguage":"pt-BR","@id":"https:\/\/corpoacao.com.br\/blog\/a-importancia-da-qualidade-de-vida-no-trabalho\/#primaryimage","url":"https:\/\/corpoacao.com.br\/blog\/wp-content\/uploads\/2022\/06\/postura-1.png","contentUrl":"https:\/\/corpoacao.com.br\/blog\/wp-content\/uploads\/2022\/06\/postura-1.png","width":650,"height":650},{"@type":"BreadcrumbList","@id":"https:\/\/corpoacao.com.br\/blog\/a-importancia-da-qualidade-de-vida-no-trabalho\/#breadcrumb","itemListElement":[{"@type":"ListItem","position":1,"name":"Home","item":"https:\/\/corpoacao.com.br\/blog\/"},{"@type":"ListItem","position":2,"name":"A import\u00e2ncia da qualidade de vida no trabalho"}]},{"@type":"WebSite","@id":"https:\/\/corpoacao.com.br\/blog\/#website","url":"https:\/\/corpoacao.com.br\/blog\/","name":"Corpo em A\u00e7\u00e3o","description":"Blog Ergonomia e qualidade de vida no ambiente de trabalho","publisher":{"@id":"https:\/\/corpoacao.com.br\/blog\/#organization"},"potentialAction":[{"@type":"SearchAction","target":{"@type":"EntryPoint","urlTemplate":"https:\/\/corpoacao.com.br\/blog\/?s={search_term_string}"},"query-input":{"@type":"PropertyValueSpecification","valueRequired":true,"valueName":"search_term_string"}}],"inLanguage":"pt-BR"},{"@type":"Organization","@id":"https:\/\/corpoacao.com.br\/blog\/#organization","name":"Corpo em A\u00e7\u00e3o","url":"https:\/\/corpoacao.com.br\/blog\/","logo":{"@type":"ImageObject","inLanguage":"pt-BR","@id":"https:\/\/corpoacao.com.br\/blog\/#\/schema\/logo\/image\/","url":"https:\/\/corpoacao.com.br\/blog\/wp-content\/uploads\/2023\/04\/ginastica-laboral.png","contentUrl":"https:\/\/corpoacao.com.br\/blog\/wp-content\/uploads\/2023\/04\/ginastica-laboral.png","width":185,"height":128,"caption":"Corpo em A\u00e7\u00e3o"},"image":{"@id":"https:\/\/corpoacao.com.br\/blog\/#\/schema\/logo\/image\/"},"sameAs":["https:\/\/www.facebook.com\/corpoemacao.poa\/","https:\/\/www.instagram.com\/corpoemacaopoa\/"]},{"@type":"Person","@id":"https:\/\/corpoacao.com.br\/blog\/#\/schema\/person\/8511fda2e04a521379dee132a34c889e","name":"Morgana Lovato Cantarelli","image":{"@type":"ImageObject","inLanguage":"pt-BR","@id":"https:\/\/secure.gravatar.com\/avatar\/7a246dbb5756847be4e8d937d3645cb75b1afbf687c106886d0b09172c1ee291?s=96&d=mm&r=g","url":"https:\/\/secure.gravatar.com\/avatar\/7a246dbb5756847be4e8d937d3645cb75b1afbf687c106886d0b09172c1ee291?s=96&d=mm&r=g","contentUrl":"https:\/\/secure.gravatar.com\/avatar\/7a246dbb5756847be4e8d937d3645cb75b1afbf687c106886d0b09172c1ee291?s=96&d=mm&r=g","caption":"Morgana Lovato Cantarelli"},"description":"Propriet\u00e1ria da Empresa Corpo em A\u00e7\u00e3o , educadora f\u00edsica formada no IPA (1991), especializada em pedagogia do treinamento desportivo, especializada em pilates, palestrante, professora de massoterapia e Estado do Rio Grande do Sul","url":"https:\/\/corpoacao.com.br\/blog\/author\/admin\/"}]}},"_links":{"self":[{"href":"https:\/\/corpoacao.com.br\/blog\/wp-json\/wp\/v2\/posts\/1429","targetHints":{"allow":["GET"]}}],"collection":[{"href":"https:\/\/corpoacao.com.br\/blog\/wp-json\/wp\/v2\/posts"}],"about":[{"href":"https:\/\/corpoacao.com.br\/blog\/wp-json\/wp\/v2\/types\/post"}],"author":[{"embeddable":true,"href":"https:\/\/corpoacao.com.br\/blog\/wp-json\/wp\/v2\/users\/1"}],"replies":[{"embeddable":true,"href":"https:\/\/corpoacao.com.br\/blog\/wp-json\/wp\/v2\/comments?post=1429"}],"version-history":[{"count":1,"href":"https:\/\/corpoacao.com.br\/blog\/wp-json\/wp\/v2\/posts\/1429\/revisions"}],"predecessor-version":[{"id":1431,"href":"https:\/\/corpoacao.com.br\/blog\/wp-json\/wp\/v2\/posts\/1429\/revisions\/1431"}],"wp:attachment":[{"href":"https:\/\/corpoacao.com.br\/blog\/wp-json\/wp\/v2\/media?parent=1429"}],"wp:term":[{"taxonomy":"category","embeddable":true,"href":"https:\/\/corpoacao.com.br\/blog\/wp-json\/wp\/v2\/categories?post=1429"},{"taxonomy":"post_tag","embeddable":true,"href":"https:\/\/corpoacao.com.br\/blog\/wp-json\/wp\/v2\/tags?post=1429"}],"curies":[{"name":"wp","href":"https:\/\/api.w.org\/{rel}","templated":true}]}}