{"id":1440,"date":"2022-07-17T22:00:27","date_gmt":"2022-07-18T01:00:27","guid":{"rendered":"https:\/\/www.corpoacao.com.br\/blog\/?p=1440"},"modified":"2022-07-17T22:07:03","modified_gmt":"2022-07-18T01:07:03","slug":"relacionamento-interpessoal-no-trabalho","status":"publish","type":"post","link":"https:\/\/corpoacao.com.br\/blog\/relacionamento-interpessoal-no-trabalho\/","title":{"rendered":"Relacionamento Interpessoal no Trabalho"},"content":{"rendered":"\n<p>Trabalhar com pessoas de diferentes perfis e personalidades \u00e9 um dos grandes desafios enfrentados por quem atua no mercado de trabalho.<\/p>\n\n\n\n<p>As rela\u00e7\u00f5es interpessoais s\u00e3o, basicamente, pautadas na intera\u00e7\u00e3o entre as pessoas e as equipes. Para que possam\u00a0garantir um ambiente agrad\u00e1vel, \u00e9 preciso estabelecer e respeitar certas regras de conduta, al\u00e9m de\u00a0promover a\u00e7\u00f5es que auxiliem a empresa a atingir esse objetivo.<\/p>\n\n\n\n<figure class=\"wp-block-image\"><img fetchpriority=\"high\" decoding=\"async\" width=\"650\" height=\"650\" src=\"https:\/\/corpoacao.com.br\/blog\/wp-content\/uploads\/2022\/07\/relacioanmento-trabalho.png\" alt=\"\" class=\"wp-image-1441\" srcset=\"https:\/\/corpoacao.com.br\/blog\/wp-content\/uploads\/2022\/07\/relacioanmento-trabalho.png 650w, https:\/\/corpoacao.com.br\/blog\/wp-content\/uploads\/2022\/07\/relacioanmento-trabalho-150x150.png 150w, https:\/\/corpoacao.com.br\/blog\/wp-content\/uploads\/2022\/07\/relacioanmento-trabalho-300x300.png 300w\" sizes=\"(max-width: 650px) 100vw, 650px\" \/><\/figure>\n\n\n\n<p><strong>O que \u00e9 relacionamento interpessoal no trabalho?&nbsp;<\/strong><\/p>\n\n\n\n<p>O relacionamento interpessoal \u00e9 uma\u00a0compet\u00eancia de muito valor\u00a0no mundo corporativo, pois a empresa espera de seus funcion\u00e1rios resultados satisfat\u00f3rios que s\u00e3o fruto da intera\u00e7\u00e3o com diferentes tipos de pessoas que precisam estar alinhadas com os objetivos da empresa.<\/p>\n\n\n\n<p>Para manter um bom relacionamento interpessoal no trabalho \u00e9 importante em primeiro lugar ter consci\u00eancia de que \u00e9 necess\u00e1rio lidar com pessoas que s\u00e3o diferentes, v\u00e3o ter pensamentos divergentes e ir\u00e3o reagir \u00e0s situa\u00e7\u00f5es de forma diferente que talvez n\u00e3o seja igual a sua.<\/p>\n\n\n\n<h2 class=\"wp-block-heading\"><strong>Promover a integra\u00e7\u00e3o da equipe<\/strong><\/h2>\n\n\n\n<p>As rela\u00e7\u00f5es interpessoais envolvem a troca de experi\u00eancias, sensa\u00e7\u00f5es, impress\u00f5es e opini\u00f5es.<\/p>\n\n\n\n<p>Quando estimuladas de maneira positiva no ambiente de trabalho, as equipes ficam \u00e0 vontade para dar suas contribui\u00e7\u00f5es baseadas no conhecimento te\u00f3rico e pr\u00e1tico, individual e coletivamente.<\/p>\n\n\n\n<p>A consequ\u00eancia \u00e9 a cria\u00e7\u00e3o de um clima de coopera\u00e7\u00e3o, que tornam os times muito mais integrados e eficientes. Quando cada um faz a sua parte, todos se beneficiam com resultados excelentes.<\/p>\n\n\n\n<p><strong>Qualidade de Vida no Trabalho (QVT)<\/strong><\/p>\n\n\n\n<p>Empresas est\u00e3o investindo na melhoria da Qualidade de Vida no Trabalho.<\/p>\n\n\n\n<p>A&nbsp;<strong>implanta\u00e7\u00e3o<\/strong>&nbsp;de um programa de&nbsp;<strong>qualidade de vida<\/strong>&nbsp;beneficia o neg\u00f3cio em diversos aspectos referentes ao desempenho da equipe, al\u00e9m de trazer resolu\u00e7\u00f5es acerca de problemas de relacionamento com o colaborador e gest\u00e3o de custos dos recursos humanos.&nbsp;<\/p>\n\n\n\n<p>Uma das a\u00e7\u00f5es adotadas pelas Empresas \u00e9 o Programa de Gin\u00e1stica Laboral, que al\u00e9m de promover a sa\u00fade f\u00edsica e mental, tamb\u00e9m tem contribuindo para a melhora das rela\u00e7\u00f5es interpessoais e clima na Empresa.&nbsp;<\/p>\n\n\n\n<p>Fonte:<\/p>\n\n\n\n<p>&#8211; https:\/\/www.rhportal.com.br\/artigos-rh\/relacionamento-interpessoal-no-trabalho\/<\/p>\n\n\n\n<p>&#8211; <a href=\"https:\/\/etalent.com.br\/artigos\/relacoes-interpessoais\/relacionamento-interpessoal\/\">https:\/\/etalent.com.br\/artigos\/relacoes-interpessoais\/relacionamento-interpessoal\/<\/a><\/p>\n\n\n\n<p>&#8211; IESDE BRASIL S.A.<br><\/p>\n\n\n\n<p><br><\/p>\n","protected":false},"excerpt":{"rendered":"<p>Trabalhar com pessoas de diferentes perfis e personalidades \u00e9 um dos grandes desafios enfrentados por quem atua no mercado de trabalho. As rela\u00e7\u00f5es interpessoais s\u00e3o, basicamente, pautadas na intera\u00e7\u00e3o entre as pessoas e as equipes. Para que possam\u00a0garantir um ambiente agrad\u00e1vel, \u00e9 preciso estabelecer e respeitar certas regras de conduta, al\u00e9m de\u00a0promover a\u00e7\u00f5es que auxiliem [&hellip;]<\/p>\n","protected":false},"author":1,"featured_media":1441,"comment_status":"open","ping_status":"open","sticky":false,"template":"","format":"standard","meta":{"_joinchat":[],"footnotes":""},"categories":[1],"tags":[],"class_list":["post-1440","post","type-post","status-publish","format-standard","has-post-thumbnail","hentry","category-sem-categoria"],"yoast_head":"<!-- This site is optimized with the Yoast SEO Premium plugin v20.8 (Yoast SEO v27.4) - https:\/\/yoast.com\/product\/yoast-seo-premium-wordpress\/ -->\n<title>Relacionamento Interpessoal no Trabalho - Corpo em A\u00e7\u00e3o<\/title>\n<meta name=\"robots\" content=\"index, follow, max-snippet:-1, max-image-preview:large, max-video-preview:-1\" \/>\n<link rel=\"canonical\" href=\"https:\/\/corpoacao.com.br\/blog\/relacionamento-interpessoal-no-trabalho\/\" \/>\n<meta property=\"og:locale\" content=\"pt_BR\" \/>\n<meta property=\"og:type\" content=\"article\" \/>\n<meta property=\"og:title\" content=\"Relacionamento Interpessoal no Trabalho\" \/>\n<meta property=\"og:description\" content=\"Trabalhar com pessoas de diferentes perfis e personalidades \u00e9 um dos grandes desafios enfrentados por quem atua no mercado de trabalho. As rela\u00e7\u00f5es interpessoais s\u00e3o, basicamente, pautadas na intera\u00e7\u00e3o entre as pessoas e as equipes. Para que possam\u00a0garantir um ambiente agrad\u00e1vel, \u00e9 preciso estabelecer e respeitar certas regras de conduta, al\u00e9m de\u00a0promover a\u00e7\u00f5es que auxiliem [&hellip;]\" \/>\n<meta property=\"og:url\" content=\"https:\/\/corpoacao.com.br\/blog\/relacionamento-interpessoal-no-trabalho\/\" \/>\n<meta property=\"og:site_name\" content=\"Corpo em A\u00e7\u00e3o\" \/>\n<meta property=\"article:publisher\" content=\"https:\/\/www.facebook.com\/corpoemacao.poa\/\" \/>\n<meta property=\"article:published_time\" content=\"2022-07-18T01:00:27+00:00\" \/>\n<meta property=\"article:modified_time\" content=\"2022-07-18T01:07:03+00:00\" \/>\n<meta property=\"og:image\" content=\"https:\/\/corpoacao.com.br\/blog\/wp-content\/uploads\/2022\/07\/relacioanmento-trabalho.png\" \/>\n\t<meta property=\"og:image:width\" content=\"650\" \/>\n\t<meta property=\"og:image:height\" content=\"650\" \/>\n\t<meta property=\"og:image:type\" content=\"image\/png\" \/>\n<meta name=\"author\" content=\"Morgana Lovato Cantarelli\" \/>\n<meta name=\"twitter:card\" content=\"summary_large_image\" \/>\n<meta name=\"twitter:label1\" content=\"Escrito por\" \/>\n\t<meta name=\"twitter:data1\" content=\"Morgana Lovato Cantarelli\" \/>\n\t<meta name=\"twitter:label2\" content=\"Est. tempo de leitura\" \/>\n\t<meta name=\"twitter:data2\" content=\"2 minutos\" \/>\n<script type=\"application\/ld+json\" class=\"yoast-schema-graph\">{\"@context\":\"https:\\\/\\\/schema.org\",\"@graph\":[{\"@type\":\"Article\",\"@id\":\"https:\\\/\\\/corpoacao.com.br\\\/blog\\\/relacionamento-interpessoal-no-trabalho\\\/#article\",\"isPartOf\":{\"@id\":\"https:\\\/\\\/corpoacao.com.br\\\/blog\\\/relacionamento-interpessoal-no-trabalho\\\/\"},\"author\":{\"name\":\"Morgana Lovato Cantarelli\",\"@id\":\"https:\\\/\\\/corpoacao.com.br\\\/blog\\\/#\\\/schema\\\/person\\\/8511fda2e04a521379dee132a34c889e\"},\"headline\":\"Relacionamento Interpessoal no Trabalho\",\"datePublished\":\"2022-07-18T01:00:27+00:00\",\"dateModified\":\"2022-07-18T01:07:03+00:00\",\"mainEntityOfPage\":{\"@id\":\"https:\\\/\\\/corpoacao.com.br\\\/blog\\\/relacionamento-interpessoal-no-trabalho\\\/\"},\"wordCount\":387,\"commentCount\":0,\"publisher\":{\"@id\":\"https:\\\/\\\/corpoacao.com.br\\\/blog\\\/#organization\"},\"image\":{\"@id\":\"https:\\\/\\\/corpoacao.com.br\\\/blog\\\/relacionamento-interpessoal-no-trabalho\\\/#primaryimage\"},\"thumbnailUrl\":\"https:\\\/\\\/corpoacao.com.br\\\/blog\\\/wp-content\\\/uploads\\\/2022\\\/07\\\/relacioanmento-trabalho.png\",\"inLanguage\":\"pt-BR\",\"potentialAction\":[{\"@type\":\"CommentAction\",\"name\":\"Comment\",\"target\":[\"https:\\\/\\\/corpoacao.com.br\\\/blog\\\/relacionamento-interpessoal-no-trabalho\\\/#respond\"]}]},{\"@type\":\"WebPage\",\"@id\":\"https:\\\/\\\/corpoacao.com.br\\\/blog\\\/relacionamento-interpessoal-no-trabalho\\\/\",\"url\":\"https:\\\/\\\/corpoacao.com.br\\\/blog\\\/relacionamento-interpessoal-no-trabalho\\\/\",\"name\":\"Relacionamento Interpessoal no Trabalho - Corpo em A\u00e7\u00e3o\",\"isPartOf\":{\"@id\":\"https:\\\/\\\/corpoacao.com.br\\\/blog\\\/#website\"},\"primaryImageOfPage\":{\"@id\":\"https:\\\/\\\/corpoacao.com.br\\\/blog\\\/relacionamento-interpessoal-no-trabalho\\\/#primaryimage\"},\"image\":{\"@id\":\"https:\\\/\\\/corpoacao.com.br\\\/blog\\\/relacionamento-interpessoal-no-trabalho\\\/#primaryimage\"},\"thumbnailUrl\":\"https:\\\/\\\/corpoacao.com.br\\\/blog\\\/wp-content\\\/uploads\\\/2022\\\/07\\\/relacioanmento-trabalho.png\",\"datePublished\":\"2022-07-18T01:00:27+00:00\",\"dateModified\":\"2022-07-18T01:07:03+00:00\",\"breadcrumb\":{\"@id\":\"https:\\\/\\\/corpoacao.com.br\\\/blog\\\/relacionamento-interpessoal-no-trabalho\\\/#breadcrumb\"},\"inLanguage\":\"pt-BR\",\"potentialAction\":[{\"@type\":\"ReadAction\",\"target\":[\"https:\\\/\\\/corpoacao.com.br\\\/blog\\\/relacionamento-interpessoal-no-trabalho\\\/\"]}]},{\"@type\":\"ImageObject\",\"inLanguage\":\"pt-BR\",\"@id\":\"https:\\\/\\\/corpoacao.com.br\\\/blog\\\/relacionamento-interpessoal-no-trabalho\\\/#primaryimage\",\"url\":\"https:\\\/\\\/corpoacao.com.br\\\/blog\\\/wp-content\\\/uploads\\\/2022\\\/07\\\/relacioanmento-trabalho.png\",\"contentUrl\":\"https:\\\/\\\/corpoacao.com.br\\\/blog\\\/wp-content\\\/uploads\\\/2022\\\/07\\\/relacioanmento-trabalho.png\",\"width\":650,\"height\":650},{\"@type\":\"BreadcrumbList\",\"@id\":\"https:\\\/\\\/corpoacao.com.br\\\/blog\\\/relacionamento-interpessoal-no-trabalho\\\/#breadcrumb\",\"itemListElement\":[{\"@type\":\"ListItem\",\"position\":1,\"name\":\"Home\",\"item\":\"https:\\\/\\\/corpoacao.com.br\\\/blog\\\/\"},{\"@type\":\"ListItem\",\"position\":2,\"name\":\"Relacionamento Interpessoal no Trabalho\"}]},{\"@type\":\"WebSite\",\"@id\":\"https:\\\/\\\/corpoacao.com.br\\\/blog\\\/#website\",\"url\":\"https:\\\/\\\/corpoacao.com.br\\\/blog\\\/\",\"name\":\"Corpo em A\u00e7\u00e3o\",\"description\":\"Blog Ergonomia e qualidade de vida no ambiente de trabalho\",\"publisher\":{\"@id\":\"https:\\\/\\\/corpoacao.com.br\\\/blog\\\/#organization\"},\"potentialAction\":[{\"@type\":\"SearchAction\",\"target\":{\"@type\":\"EntryPoint\",\"urlTemplate\":\"https:\\\/\\\/corpoacao.com.br\\\/blog\\\/?s={search_term_string}\"},\"query-input\":{\"@type\":\"PropertyValueSpecification\",\"valueRequired\":true,\"valueName\":\"search_term_string\"}}],\"inLanguage\":\"pt-BR\"},{\"@type\":\"Organization\",\"@id\":\"https:\\\/\\\/corpoacao.com.br\\\/blog\\\/#organization\",\"name\":\"Corpo em A\u00e7\u00e3o\",\"url\":\"https:\\\/\\\/corpoacao.com.br\\\/blog\\\/\",\"logo\":{\"@type\":\"ImageObject\",\"inLanguage\":\"pt-BR\",\"@id\":\"https:\\\/\\\/corpoacao.com.br\\\/blog\\\/#\\\/schema\\\/logo\\\/image\\\/\",\"url\":\"https:\\\/\\\/corpoacao.com.br\\\/blog\\\/wp-content\\\/uploads\\\/2023\\\/04\\\/ginastica-laboral.png\",\"contentUrl\":\"https:\\\/\\\/corpoacao.com.br\\\/blog\\\/wp-content\\\/uploads\\\/2023\\\/04\\\/ginastica-laboral.png\",\"width\":185,\"height\":128,\"caption\":\"Corpo em A\u00e7\u00e3o\"},\"image\":{\"@id\":\"https:\\\/\\\/corpoacao.com.br\\\/blog\\\/#\\\/schema\\\/logo\\\/image\\\/\"},\"sameAs\":[\"https:\\\/\\\/www.facebook.com\\\/corpoemacao.poa\\\/\",\"https:\\\/\\\/www.instagram.com\\\/corpoemacaopoa\\\/\"]},{\"@type\":\"Person\",\"@id\":\"https:\\\/\\\/corpoacao.com.br\\\/blog\\\/#\\\/schema\\\/person\\\/8511fda2e04a521379dee132a34c889e\",\"name\":\"Morgana Lovato Cantarelli\",\"image\":{\"@type\":\"ImageObject\",\"inLanguage\":\"pt-BR\",\"@id\":\"https:\\\/\\\/secure.gravatar.com\\\/avatar\\\/7a246dbb5756847be4e8d937d3645cb75b1afbf687c106886d0b09172c1ee291?s=96&d=mm&r=g\",\"url\":\"https:\\\/\\\/secure.gravatar.com\\\/avatar\\\/7a246dbb5756847be4e8d937d3645cb75b1afbf687c106886d0b09172c1ee291?s=96&d=mm&r=g\",\"contentUrl\":\"https:\\\/\\\/secure.gravatar.com\\\/avatar\\\/7a246dbb5756847be4e8d937d3645cb75b1afbf687c106886d0b09172c1ee291?s=96&d=mm&r=g\",\"caption\":\"Morgana Lovato Cantarelli\"},\"description\":\"Propriet\u00e1ria da Empresa Corpo em A\u00e7\u00e3o , educadora f\u00edsica formada no IPA (1991), especializada em pedagogia do treinamento desportivo, especializada em pilates, palestrante, professora de massoterapia e Estado do Rio Grande do Sul\",\"url\":\"https:\\\/\\\/corpoacao.com.br\\\/blog\\\/author\\\/admin\\\/\"}]}<\/script>\n<!-- \/ Yoast SEO Premium plugin. -->","yoast_head_json":{"title":"Relacionamento Interpessoal no Trabalho - Corpo em A\u00e7\u00e3o","robots":{"index":"index","follow":"follow","max-snippet":"max-snippet:-1","max-image-preview":"max-image-preview:large","max-video-preview":"max-video-preview:-1"},"canonical":"https:\/\/corpoacao.com.br\/blog\/relacionamento-interpessoal-no-trabalho\/","og_locale":"pt_BR","og_type":"article","og_title":"Relacionamento Interpessoal no Trabalho","og_description":"Trabalhar com pessoas de diferentes perfis e personalidades \u00e9 um dos grandes desafios enfrentados por quem atua no mercado de trabalho. As rela\u00e7\u00f5es interpessoais s\u00e3o, basicamente, pautadas na intera\u00e7\u00e3o entre as pessoas e as equipes. Para que possam\u00a0garantir um ambiente agrad\u00e1vel, \u00e9 preciso estabelecer e respeitar certas regras de conduta, al\u00e9m de\u00a0promover a\u00e7\u00f5es que auxiliem [&hellip;]","og_url":"https:\/\/corpoacao.com.br\/blog\/relacionamento-interpessoal-no-trabalho\/","og_site_name":"Corpo em A\u00e7\u00e3o","article_publisher":"https:\/\/www.facebook.com\/corpoemacao.poa\/","article_published_time":"2022-07-18T01:00:27+00:00","article_modified_time":"2022-07-18T01:07:03+00:00","og_image":[{"width":650,"height":650,"url":"https:\/\/corpoacao.com.br\/blog\/wp-content\/uploads\/2022\/07\/relacioanmento-trabalho.png","type":"image\/png"}],"author":"Morgana Lovato Cantarelli","twitter_card":"summary_large_image","twitter_misc":{"Escrito por":"Morgana Lovato Cantarelli","Est. tempo de leitura":"2 minutos"},"schema":{"@context":"https:\/\/schema.org","@graph":[{"@type":"Article","@id":"https:\/\/corpoacao.com.br\/blog\/relacionamento-interpessoal-no-trabalho\/#article","isPartOf":{"@id":"https:\/\/corpoacao.com.br\/blog\/relacionamento-interpessoal-no-trabalho\/"},"author":{"name":"Morgana Lovato Cantarelli","@id":"https:\/\/corpoacao.com.br\/blog\/#\/schema\/person\/8511fda2e04a521379dee132a34c889e"},"headline":"Relacionamento Interpessoal no Trabalho","datePublished":"2022-07-18T01:00:27+00:00","dateModified":"2022-07-18T01:07:03+00:00","mainEntityOfPage":{"@id":"https:\/\/corpoacao.com.br\/blog\/relacionamento-interpessoal-no-trabalho\/"},"wordCount":387,"commentCount":0,"publisher":{"@id":"https:\/\/corpoacao.com.br\/blog\/#organization"},"image":{"@id":"https:\/\/corpoacao.com.br\/blog\/relacionamento-interpessoal-no-trabalho\/#primaryimage"},"thumbnailUrl":"https:\/\/corpoacao.com.br\/blog\/wp-content\/uploads\/2022\/07\/relacioanmento-trabalho.png","inLanguage":"pt-BR","potentialAction":[{"@type":"CommentAction","name":"Comment","target":["https:\/\/corpoacao.com.br\/blog\/relacionamento-interpessoal-no-trabalho\/#respond"]}]},{"@type":"WebPage","@id":"https:\/\/corpoacao.com.br\/blog\/relacionamento-interpessoal-no-trabalho\/","url":"https:\/\/corpoacao.com.br\/blog\/relacionamento-interpessoal-no-trabalho\/","name":"Relacionamento Interpessoal no Trabalho - Corpo em A\u00e7\u00e3o","isPartOf":{"@id":"https:\/\/corpoacao.com.br\/blog\/#website"},"primaryImageOfPage":{"@id":"https:\/\/corpoacao.com.br\/blog\/relacionamento-interpessoal-no-trabalho\/#primaryimage"},"image":{"@id":"https:\/\/corpoacao.com.br\/blog\/relacionamento-interpessoal-no-trabalho\/#primaryimage"},"thumbnailUrl":"https:\/\/corpoacao.com.br\/blog\/wp-content\/uploads\/2022\/07\/relacioanmento-trabalho.png","datePublished":"2022-07-18T01:00:27+00:00","dateModified":"2022-07-18T01:07:03+00:00","breadcrumb":{"@id":"https:\/\/corpoacao.com.br\/blog\/relacionamento-interpessoal-no-trabalho\/#breadcrumb"},"inLanguage":"pt-BR","potentialAction":[{"@type":"ReadAction","target":["https:\/\/corpoacao.com.br\/blog\/relacionamento-interpessoal-no-trabalho\/"]}]},{"@type":"ImageObject","inLanguage":"pt-BR","@id":"https:\/\/corpoacao.com.br\/blog\/relacionamento-interpessoal-no-trabalho\/#primaryimage","url":"https:\/\/corpoacao.com.br\/blog\/wp-content\/uploads\/2022\/07\/relacioanmento-trabalho.png","contentUrl":"https:\/\/corpoacao.com.br\/blog\/wp-content\/uploads\/2022\/07\/relacioanmento-trabalho.png","width":650,"height":650},{"@type":"BreadcrumbList","@id":"https:\/\/corpoacao.com.br\/blog\/relacionamento-interpessoal-no-trabalho\/#breadcrumb","itemListElement":[{"@type":"ListItem","position":1,"name":"Home","item":"https:\/\/corpoacao.com.br\/blog\/"},{"@type":"ListItem","position":2,"name":"Relacionamento Interpessoal no Trabalho"}]},{"@type":"WebSite","@id":"https:\/\/corpoacao.com.br\/blog\/#website","url":"https:\/\/corpoacao.com.br\/blog\/","name":"Corpo em A\u00e7\u00e3o","description":"Blog Ergonomia e qualidade de vida no ambiente de trabalho","publisher":{"@id":"https:\/\/corpoacao.com.br\/blog\/#organization"},"potentialAction":[{"@type":"SearchAction","target":{"@type":"EntryPoint","urlTemplate":"https:\/\/corpoacao.com.br\/blog\/?s={search_term_string}"},"query-input":{"@type":"PropertyValueSpecification","valueRequired":true,"valueName":"search_term_string"}}],"inLanguage":"pt-BR"},{"@type":"Organization","@id":"https:\/\/corpoacao.com.br\/blog\/#organization","name":"Corpo em A\u00e7\u00e3o","url":"https:\/\/corpoacao.com.br\/blog\/","logo":{"@type":"ImageObject","inLanguage":"pt-BR","@id":"https:\/\/corpoacao.com.br\/blog\/#\/schema\/logo\/image\/","url":"https:\/\/corpoacao.com.br\/blog\/wp-content\/uploads\/2023\/04\/ginastica-laboral.png","contentUrl":"https:\/\/corpoacao.com.br\/blog\/wp-content\/uploads\/2023\/04\/ginastica-laboral.png","width":185,"height":128,"caption":"Corpo em A\u00e7\u00e3o"},"image":{"@id":"https:\/\/corpoacao.com.br\/blog\/#\/schema\/logo\/image\/"},"sameAs":["https:\/\/www.facebook.com\/corpoemacao.poa\/","https:\/\/www.instagram.com\/corpoemacaopoa\/"]},{"@type":"Person","@id":"https:\/\/corpoacao.com.br\/blog\/#\/schema\/person\/8511fda2e04a521379dee132a34c889e","name":"Morgana Lovato Cantarelli","image":{"@type":"ImageObject","inLanguage":"pt-BR","@id":"https:\/\/secure.gravatar.com\/avatar\/7a246dbb5756847be4e8d937d3645cb75b1afbf687c106886d0b09172c1ee291?s=96&d=mm&r=g","url":"https:\/\/secure.gravatar.com\/avatar\/7a246dbb5756847be4e8d937d3645cb75b1afbf687c106886d0b09172c1ee291?s=96&d=mm&r=g","contentUrl":"https:\/\/secure.gravatar.com\/avatar\/7a246dbb5756847be4e8d937d3645cb75b1afbf687c106886d0b09172c1ee291?s=96&d=mm&r=g","caption":"Morgana Lovato Cantarelli"},"description":"Propriet\u00e1ria da Empresa Corpo em A\u00e7\u00e3o , educadora f\u00edsica formada no IPA (1991), especializada em pedagogia do treinamento desportivo, especializada em pilates, palestrante, professora de massoterapia e Estado do Rio Grande do Sul","url":"https:\/\/corpoacao.com.br\/blog\/author\/admin\/"}]}},"_links":{"self":[{"href":"https:\/\/corpoacao.com.br\/blog\/wp-json\/wp\/v2\/posts\/1440","targetHints":{"allow":["GET"]}}],"collection":[{"href":"https:\/\/corpoacao.com.br\/blog\/wp-json\/wp\/v2\/posts"}],"about":[{"href":"https:\/\/corpoacao.com.br\/blog\/wp-json\/wp\/v2\/types\/post"}],"author":[{"embeddable":true,"href":"https:\/\/corpoacao.com.br\/blog\/wp-json\/wp\/v2\/users\/1"}],"replies":[{"embeddable":true,"href":"https:\/\/corpoacao.com.br\/blog\/wp-json\/wp\/v2\/comments?post=1440"}],"version-history":[{"count":1,"href":"https:\/\/corpoacao.com.br\/blog\/wp-json\/wp\/v2\/posts\/1440\/revisions"}],"predecessor-version":[{"id":1442,"href":"https:\/\/corpoacao.com.br\/blog\/wp-json\/wp\/v2\/posts\/1440\/revisions\/1442"}],"wp:featuredmedia":[{"embeddable":true,"href":"https:\/\/corpoacao.com.br\/blog\/wp-json\/wp\/v2\/media\/1441"}],"wp:attachment":[{"href":"https:\/\/corpoacao.com.br\/blog\/wp-json\/wp\/v2\/media?parent=1440"}],"wp:term":[{"taxonomy":"category","embeddable":true,"href":"https:\/\/corpoacao.com.br\/blog\/wp-json\/wp\/v2\/categories?post=1440"},{"taxonomy":"post_tag","embeddable":true,"href":"https:\/\/corpoacao.com.br\/blog\/wp-json\/wp\/v2\/tags?post=1440"}],"curies":[{"name":"wp","href":"https:\/\/api.w.org\/{rel}","templated":true}]}}