{"id":1457,"date":"2022-08-08T08:45:14","date_gmt":"2022-08-08T11:45:14","guid":{"rendered":"https:\/\/www.corpoacao.com.br\/blog\/?p=1457"},"modified":"2022-08-08T08:45:29","modified_gmt":"2022-08-08T11:45:29","slug":"ginastica-laboral-e-as-doencas-de-coluna","status":"publish","type":"post","link":"https:\/\/corpoacao.com.br\/blog\/ginastica-laboral-e-as-doencas-de-coluna\/","title":{"rendered":"Gin\u00e1stica Laboral e as Doen\u00e7as de Coluna"},"content":{"rendered":"\n<p>Como est\u00e1 a sa\u00fade da coluna de voc\u00eas? Voc\u00eas permanecem muito tempo sentados? Inativos fisicamente? Sentindo dores e desconfortos?<\/p>\n\n\n\n<p>S\u00e3o tantas perguntas que temos para voc\u00eas, mas neste informativo, estaremos contribuindo com dicas para melhorar a sa\u00fade da coluna de todos voc\u00eas. <\/p>\n\n\n\n<figure class=\"wp-block-image\"><img fetchpriority=\"high\" decoding=\"async\" width=\"650\" height=\"650\" src=\"https:\/\/corpoacao.com.br\/blog\/wp-content\/uploads\/2022\/08\/ginastica-laboral-coluna.jpg\" alt=\"\" class=\"wp-image-1458\" srcset=\"https:\/\/corpoacao.com.br\/blog\/wp-content\/uploads\/2022\/08\/ginastica-laboral-coluna.jpg 650w, https:\/\/corpoacao.com.br\/blog\/wp-content\/uploads\/2022\/08\/ginastica-laboral-coluna-150x150.jpg 150w, https:\/\/corpoacao.com.br\/blog\/wp-content\/uploads\/2022\/08\/ginastica-laboral-coluna-300x300.jpg 300w\" sizes=\"(max-width: 650px) 100vw, 650px\" \/><\/figure>\n\n\n\n<p>As doen\u00e7as da coluna vertebral s\u00e3o respons\u00e1veis por grande parte das queixas dolorosas, sendo uma das maiores causas de afastamento do trabalho de acordo com Freitas et al., (2011), dentre as afec\u00e7\u00f5es da coluna vertebral, a lombalgia \u00e9 a mais frequente, capaz de provocar desde limita\u00e7\u00e3o do movimento at\u00e9 invalidez tempor\u00e1ria. A regi\u00e3o lombar desempenha papel fundamental na acomoda\u00e7\u00e3o de cargas decorrentes do peso corporal, da a\u00e7\u00e3o muscular e das for\u00e7as aplicadas externamente.<br><\/p>\n\n\n\n<p>Um estudo sobre os <strong>efeitos da gin\u00e1stica laboral na dor nas costas e nos h\u00e1bitos posturais adotados no ambiente de trabalho<\/strong> foi realizado pelos profissionais de educa\u00e7\u00e3o f\u00edsica Cl\u00e1udia Tarrag\u00f4 Candotti<strong> <\/strong>(Doutora em Ci\u00eancias do Movimento Humano pela Escola de Educa\u00e7\u00e3o F\u00edsica da Universidade Federal do Rio Grande do Sul &#8211; ESEF\/UFRGS); e \u00a0Rosemeri Stroschein\u00a0(Mestrando em Ci\u00eancias do Movimento Humano pela Escola de Educa\u00e7\u00e3o F\u00edsica da Universidade Federal do Rio Grande do Sul (ESEF\/UFRGS). O estudo foi publicado em 2011\u00a0pela\u00a0 Revista Brasileira de Ci\u00eancias do Esporte\u00a0.<\/p>\n\n\n\n<p>&nbsp;O objetivo do estudo foi verificar o efeito da Gin\u00e1stica Laboral sobre a dor nas costas e sobre os h\u00e1bitos posturais de trabalhadores que ficam por longos per\u00edodos na posi\u00e7\u00e3o sentada. Participaram 30 trabalhadores do setor administrativo. Os resultados demonstraram que a Gin\u00e1stica Laboral proporcionou diminui\u00e7\u00e3o da intensidade e frequ\u00eancia da dor referida aos trabalhadores do grupo experimental, e mudan\u00e7a do h\u00e1bito postural durante o trabalho, melhorando a postura sentada.<\/p>\n\n\n\n<p>Picoloto e Silveira (2008) demonstram que os programas de preven\u00e7\u00e3o est\u00e3o em plena expans\u00e3o, inclusive, dentro das empresas, objetivando a melhora da qualidade de vida dos trabalhadores e a diminui\u00e7\u00e3o dos custos, principalmente com os afastamentos dos trabalhadores. Assim, embora o empres\u00e1rio lucre com a diminui\u00e7\u00e3o do absente\u00edsmo e aumento da produtividade, \u00e9 o trabalhador o maior beneficiado dos in\u00fameros benef\u00edcios desta atividade preventiva (MARTINS; DUARTE, 2000).<\/p>\n\n\n\n<p>&nbsp;De acordo com Zilli (2002), al\u00e9m da redu\u00e7\u00e3o da dor e melhora da postura, a Gin\u00e1stica Laboral apresenta outros benef\u00edcios, entre eles, o aumento da integra\u00e7\u00e3o entre os trabalhadores e melhora da vida social do trabalhador (diminui\u00e7\u00e3o de conflitos interpessoais, maior concentra\u00e7\u00e3o e confian\u00e7a e facilidade de trabalho em equipe).&nbsp;<br><\/p>\n\n\n\n<p><strong>O que \u00e9 Gin\u00e1stica laboral?<\/strong><\/p>\n\n\n\n<p>Gin\u00e1stica laboral \u00e9 um conjunto de exerc\u00edcios que s\u00e3o realizados nas acomoda\u00e7\u00f5es da pr\u00f3pria empresa ou on-line e durante do hor\u00e1rio de trabalho.&nbsp; A pr\u00e1tica da gin\u00e1stica envolve o alongamento, mobilidade articular e refor\u00e7o muscular de diversas partes do corpo, desde pesco\u00e7o e tronco at\u00e9 p\u00e9s e pernas. O ideal \u00e9 cada exerc\u00edcio seja adaptado ao trabalho que o colaborador desenvolve.<\/p>\n\n\n\n<p>O objetivo maior da gin\u00e1stica laboral \u00e9 promover a sa\u00fade e evitar les\u00f5es\u00a0dos funcion\u00e1rios devido aos esfor\u00e7os repetitivos e outras doen\u00e7as ocupacionais. Realizar exerc\u00edcios f\u00edsicos, mesmo que de baixa intensidade, no ambiente de trabalho, alivia o estresse e diminui as tens\u00f5es adquiridas durante o dia. Os alongamentos melhoram a postura e previnem problemas de circula\u00e7\u00e3o, al\u00e9m de relaxar a musculatura do corpo.<\/p>\n\n\n\n<p>Fonte:&nbsp;<\/p>\n\n\n\n<ul class=\"wp-block-list\"><li>https:\/\/www.novafisio.com.br\/ginastica-laboral-uma-revisao-literaria-acerca-dos-protocolos-utilizados-no-tratamento-da-lombalgia-ocupacional\/<\/li><li>\u00a0https:\/\/www.scielo.br\/<\/li><li>MARTINS, C.O.; DUARTE, M. F. S. Efeitos da gin\u00e1stica laboral em servidores da Reitoria da UFSC.\u00a0<em>Revista Brasileira Ci\u00eancia e Movimento<\/em>, Bras\u00edlia, v. 8, n. 4, p. 7-13, set. 2000.<\/li><li>ZILLI, C.M.\u00a0<em>Gin\u00e1stica Laboral<\/em>: Uma tarefa interdisciplinar com a\u00e7\u00e3o multiprofissional. S\u00e3o Paulo: LOVISE, 2002.<\/li><\/ul>\n","protected":false},"excerpt":{"rendered":"<p>Como est\u00e1 a sa\u00fade da coluna de voc\u00eas? Voc\u00eas permanecem muito tempo sentados? Inativos fisicamente? Sentindo dores e desconfortos? S\u00e3o tantas perguntas que temos para voc\u00eas, mas neste informativo, estaremos contribuindo com dicas para melhorar a sa\u00fade da coluna de todos voc\u00eas. As doen\u00e7as da coluna vertebral s\u00e3o respons\u00e1veis por grande parte das queixas dolorosas, [&hellip;]<\/p>\n","protected":false},"author":1,"featured_media":1458,"comment_status":"open","ping_status":"open","sticky":false,"template":"","format":"standard","meta":{"_joinchat":[],"footnotes":""},"categories":[1],"tags":[],"class_list":["post-1457","post","type-post","status-publish","format-standard","has-post-thumbnail","hentry","category-sem-categoria"],"yoast_head":"<!-- This site is optimized with the Yoast SEO Premium plugin v20.8 (Yoast SEO v27.4) - https:\/\/yoast.com\/product\/yoast-seo-premium-wordpress\/ -->\n<title>Gin\u00e1stica Laboral e as Doen\u00e7as de Coluna - Corpo em A\u00e7\u00e3o<\/title>\n<meta name=\"robots\" content=\"index, follow, max-snippet:-1, max-image-preview:large, max-video-preview:-1\" \/>\n<link rel=\"canonical\" href=\"https:\/\/corpoacao.com.br\/blog\/ginastica-laboral-e-as-doencas-de-coluna\/\" \/>\n<meta property=\"og:locale\" content=\"pt_BR\" \/>\n<meta property=\"og:type\" content=\"article\" \/>\n<meta property=\"og:title\" content=\"Gin\u00e1stica Laboral e as Doen\u00e7as de Coluna\" \/>\n<meta property=\"og:description\" content=\"Como est\u00e1 a sa\u00fade da coluna de voc\u00eas? Voc\u00eas permanecem muito tempo sentados? Inativos fisicamente? Sentindo dores e desconfortos? S\u00e3o tantas perguntas que temos para voc\u00eas, mas neste informativo, estaremos contribuindo com dicas para melhorar a sa\u00fade da coluna de todos voc\u00eas. As doen\u00e7as da coluna vertebral s\u00e3o respons\u00e1veis por grande parte das queixas dolorosas, [&hellip;]\" \/>\n<meta property=\"og:url\" content=\"https:\/\/corpoacao.com.br\/blog\/ginastica-laboral-e-as-doencas-de-coluna\/\" \/>\n<meta property=\"og:site_name\" content=\"Corpo em A\u00e7\u00e3o\" \/>\n<meta property=\"article:publisher\" content=\"https:\/\/www.facebook.com\/corpoemacao.poa\/\" \/>\n<meta property=\"article:published_time\" content=\"2022-08-08T11:45:14+00:00\" \/>\n<meta property=\"article:modified_time\" content=\"2022-08-08T11:45:29+00:00\" \/>\n<meta property=\"og:image\" content=\"https:\/\/corpoacao.com.br\/blog\/wp-content\/uploads\/2022\/08\/ginastica-laboral-coluna.jpg\" \/>\n\t<meta property=\"og:image:width\" content=\"650\" \/>\n\t<meta property=\"og:image:height\" content=\"650\" \/>\n\t<meta property=\"og:image:type\" content=\"image\/jpeg\" \/>\n<meta name=\"author\" content=\"Morgana Lovato Cantarelli\" \/>\n<meta name=\"twitter:card\" content=\"summary_large_image\" \/>\n<meta name=\"twitter:label1\" content=\"Escrito por\" \/>\n\t<meta name=\"twitter:data1\" content=\"Morgana Lovato Cantarelli\" \/>\n\t<meta name=\"twitter:label2\" content=\"Est. tempo de leitura\" \/>\n\t<meta name=\"twitter:data2\" content=\"3 minutos\" \/>\n<script type=\"application\/ld+json\" class=\"yoast-schema-graph\">{\"@context\":\"https:\\\/\\\/schema.org\",\"@graph\":[{\"@type\":\"Article\",\"@id\":\"https:\\\/\\\/corpoacao.com.br\\\/blog\\\/ginastica-laboral-e-as-doencas-de-coluna\\\/#article\",\"isPartOf\":{\"@id\":\"https:\\\/\\\/corpoacao.com.br\\\/blog\\\/ginastica-laboral-e-as-doencas-de-coluna\\\/\"},\"author\":{\"name\":\"Morgana Lovato Cantarelli\",\"@id\":\"https:\\\/\\\/corpoacao.com.br\\\/blog\\\/#\\\/schema\\\/person\\\/8511fda2e04a521379dee132a34c889e\"},\"headline\":\"Gin\u00e1stica Laboral e as Doen\u00e7as de Coluna\",\"datePublished\":\"2022-08-08T11:45:14+00:00\",\"dateModified\":\"2022-08-08T11:45:29+00:00\",\"mainEntityOfPage\":{\"@id\":\"https:\\\/\\\/corpoacao.com.br\\\/blog\\\/ginastica-laboral-e-as-doencas-de-coluna\\\/\"},\"wordCount\":661,\"commentCount\":0,\"publisher\":{\"@id\":\"https:\\\/\\\/corpoacao.com.br\\\/blog\\\/#organization\"},\"image\":{\"@id\":\"https:\\\/\\\/corpoacao.com.br\\\/blog\\\/ginastica-laboral-e-as-doencas-de-coluna\\\/#primaryimage\"},\"thumbnailUrl\":\"https:\\\/\\\/corpoacao.com.br\\\/blog\\\/wp-content\\\/uploads\\\/2022\\\/08\\\/ginastica-laboral-coluna.jpg\",\"inLanguage\":\"pt-BR\",\"potentialAction\":[{\"@type\":\"CommentAction\",\"name\":\"Comment\",\"target\":[\"https:\\\/\\\/corpoacao.com.br\\\/blog\\\/ginastica-laboral-e-as-doencas-de-coluna\\\/#respond\"]}]},{\"@type\":\"WebPage\",\"@id\":\"https:\\\/\\\/corpoacao.com.br\\\/blog\\\/ginastica-laboral-e-as-doencas-de-coluna\\\/\",\"url\":\"https:\\\/\\\/corpoacao.com.br\\\/blog\\\/ginastica-laboral-e-as-doencas-de-coluna\\\/\",\"name\":\"Gin\u00e1stica Laboral e as Doen\u00e7as de Coluna - Corpo em A\u00e7\u00e3o\",\"isPartOf\":{\"@id\":\"https:\\\/\\\/corpoacao.com.br\\\/blog\\\/#website\"},\"primaryImageOfPage\":{\"@id\":\"https:\\\/\\\/corpoacao.com.br\\\/blog\\\/ginastica-laboral-e-as-doencas-de-coluna\\\/#primaryimage\"},\"image\":{\"@id\":\"https:\\\/\\\/corpoacao.com.br\\\/blog\\\/ginastica-laboral-e-as-doencas-de-coluna\\\/#primaryimage\"},\"thumbnailUrl\":\"https:\\\/\\\/corpoacao.com.br\\\/blog\\\/wp-content\\\/uploads\\\/2022\\\/08\\\/ginastica-laboral-coluna.jpg\",\"datePublished\":\"2022-08-08T11:45:14+00:00\",\"dateModified\":\"2022-08-08T11:45:29+00:00\",\"breadcrumb\":{\"@id\":\"https:\\\/\\\/corpoacao.com.br\\\/blog\\\/ginastica-laboral-e-as-doencas-de-coluna\\\/#breadcrumb\"},\"inLanguage\":\"pt-BR\",\"potentialAction\":[{\"@type\":\"ReadAction\",\"target\":[\"https:\\\/\\\/corpoacao.com.br\\\/blog\\\/ginastica-laboral-e-as-doencas-de-coluna\\\/\"]}]},{\"@type\":\"ImageObject\",\"inLanguage\":\"pt-BR\",\"@id\":\"https:\\\/\\\/corpoacao.com.br\\\/blog\\\/ginastica-laboral-e-as-doencas-de-coluna\\\/#primaryimage\",\"url\":\"https:\\\/\\\/corpoacao.com.br\\\/blog\\\/wp-content\\\/uploads\\\/2022\\\/08\\\/ginastica-laboral-coluna.jpg\",\"contentUrl\":\"https:\\\/\\\/corpoacao.com.br\\\/blog\\\/wp-content\\\/uploads\\\/2022\\\/08\\\/ginastica-laboral-coluna.jpg\",\"width\":650,\"height\":650},{\"@type\":\"BreadcrumbList\",\"@id\":\"https:\\\/\\\/corpoacao.com.br\\\/blog\\\/ginastica-laboral-e-as-doencas-de-coluna\\\/#breadcrumb\",\"itemListElement\":[{\"@type\":\"ListItem\",\"position\":1,\"name\":\"Home\",\"item\":\"https:\\\/\\\/corpoacao.com.br\\\/blog\\\/\"},{\"@type\":\"ListItem\",\"position\":2,\"name\":\"Gin\u00e1stica Laboral e as Doen\u00e7as de Coluna\"}]},{\"@type\":\"WebSite\",\"@id\":\"https:\\\/\\\/corpoacao.com.br\\\/blog\\\/#website\",\"url\":\"https:\\\/\\\/corpoacao.com.br\\\/blog\\\/\",\"name\":\"Corpo em A\u00e7\u00e3o\",\"description\":\"Blog Ergonomia e qualidade de vida no ambiente de trabalho\",\"publisher\":{\"@id\":\"https:\\\/\\\/corpoacao.com.br\\\/blog\\\/#organization\"},\"potentialAction\":[{\"@type\":\"SearchAction\",\"target\":{\"@type\":\"EntryPoint\",\"urlTemplate\":\"https:\\\/\\\/corpoacao.com.br\\\/blog\\\/?s={search_term_string}\"},\"query-input\":{\"@type\":\"PropertyValueSpecification\",\"valueRequired\":true,\"valueName\":\"search_term_string\"}}],\"inLanguage\":\"pt-BR\"},{\"@type\":\"Organization\",\"@id\":\"https:\\\/\\\/corpoacao.com.br\\\/blog\\\/#organization\",\"name\":\"Corpo em A\u00e7\u00e3o\",\"url\":\"https:\\\/\\\/corpoacao.com.br\\\/blog\\\/\",\"logo\":{\"@type\":\"ImageObject\",\"inLanguage\":\"pt-BR\",\"@id\":\"https:\\\/\\\/corpoacao.com.br\\\/blog\\\/#\\\/schema\\\/logo\\\/image\\\/\",\"url\":\"https:\\\/\\\/corpoacao.com.br\\\/blog\\\/wp-content\\\/uploads\\\/2023\\\/04\\\/ginastica-laboral.png\",\"contentUrl\":\"https:\\\/\\\/corpoacao.com.br\\\/blog\\\/wp-content\\\/uploads\\\/2023\\\/04\\\/ginastica-laboral.png\",\"width\":185,\"height\":128,\"caption\":\"Corpo em A\u00e7\u00e3o\"},\"image\":{\"@id\":\"https:\\\/\\\/corpoacao.com.br\\\/blog\\\/#\\\/schema\\\/logo\\\/image\\\/\"},\"sameAs\":[\"https:\\\/\\\/www.facebook.com\\\/corpoemacao.poa\\\/\",\"https:\\\/\\\/www.instagram.com\\\/corpoemacaopoa\\\/\"]},{\"@type\":\"Person\",\"@id\":\"https:\\\/\\\/corpoacao.com.br\\\/blog\\\/#\\\/schema\\\/person\\\/8511fda2e04a521379dee132a34c889e\",\"name\":\"Morgana Lovato Cantarelli\",\"image\":{\"@type\":\"ImageObject\",\"inLanguage\":\"pt-BR\",\"@id\":\"https:\\\/\\\/secure.gravatar.com\\\/avatar\\\/7a246dbb5756847be4e8d937d3645cb75b1afbf687c106886d0b09172c1ee291?s=96&d=mm&r=g\",\"url\":\"https:\\\/\\\/secure.gravatar.com\\\/avatar\\\/7a246dbb5756847be4e8d937d3645cb75b1afbf687c106886d0b09172c1ee291?s=96&d=mm&r=g\",\"contentUrl\":\"https:\\\/\\\/secure.gravatar.com\\\/avatar\\\/7a246dbb5756847be4e8d937d3645cb75b1afbf687c106886d0b09172c1ee291?s=96&d=mm&r=g\",\"caption\":\"Morgana Lovato Cantarelli\"},\"description\":\"Propriet\u00e1ria da Empresa Corpo em A\u00e7\u00e3o , educadora f\u00edsica formada no IPA (1991), especializada em pedagogia do treinamento desportivo, especializada em pilates, palestrante, professora de massoterapia e Estado do Rio Grande do Sul\",\"url\":\"https:\\\/\\\/corpoacao.com.br\\\/blog\\\/author\\\/admin\\\/\"}]}<\/script>\n<!-- \/ Yoast SEO Premium plugin. -->","yoast_head_json":{"title":"Gin\u00e1stica Laboral e as Doen\u00e7as de Coluna - Corpo em A\u00e7\u00e3o","robots":{"index":"index","follow":"follow","max-snippet":"max-snippet:-1","max-image-preview":"max-image-preview:large","max-video-preview":"max-video-preview:-1"},"canonical":"https:\/\/corpoacao.com.br\/blog\/ginastica-laboral-e-as-doencas-de-coluna\/","og_locale":"pt_BR","og_type":"article","og_title":"Gin\u00e1stica Laboral e as Doen\u00e7as de Coluna","og_description":"Como est\u00e1 a sa\u00fade da coluna de voc\u00eas? Voc\u00eas permanecem muito tempo sentados? Inativos fisicamente? Sentindo dores e desconfortos? S\u00e3o tantas perguntas que temos para voc\u00eas, mas neste informativo, estaremos contribuindo com dicas para melhorar a sa\u00fade da coluna de todos voc\u00eas. As doen\u00e7as da coluna vertebral s\u00e3o respons\u00e1veis por grande parte das queixas dolorosas, [&hellip;]","og_url":"https:\/\/corpoacao.com.br\/blog\/ginastica-laboral-e-as-doencas-de-coluna\/","og_site_name":"Corpo em A\u00e7\u00e3o","article_publisher":"https:\/\/www.facebook.com\/corpoemacao.poa\/","article_published_time":"2022-08-08T11:45:14+00:00","article_modified_time":"2022-08-08T11:45:29+00:00","og_image":[{"width":650,"height":650,"url":"https:\/\/corpoacao.com.br\/blog\/wp-content\/uploads\/2022\/08\/ginastica-laboral-coluna.jpg","type":"image\/jpeg"}],"author":"Morgana Lovato Cantarelli","twitter_card":"summary_large_image","twitter_misc":{"Escrito por":"Morgana Lovato Cantarelli","Est. tempo de leitura":"3 minutos"},"schema":{"@context":"https:\/\/schema.org","@graph":[{"@type":"Article","@id":"https:\/\/corpoacao.com.br\/blog\/ginastica-laboral-e-as-doencas-de-coluna\/#article","isPartOf":{"@id":"https:\/\/corpoacao.com.br\/blog\/ginastica-laboral-e-as-doencas-de-coluna\/"},"author":{"name":"Morgana Lovato Cantarelli","@id":"https:\/\/corpoacao.com.br\/blog\/#\/schema\/person\/8511fda2e04a521379dee132a34c889e"},"headline":"Gin\u00e1stica Laboral e as Doen\u00e7as de Coluna","datePublished":"2022-08-08T11:45:14+00:00","dateModified":"2022-08-08T11:45:29+00:00","mainEntityOfPage":{"@id":"https:\/\/corpoacao.com.br\/blog\/ginastica-laboral-e-as-doencas-de-coluna\/"},"wordCount":661,"commentCount":0,"publisher":{"@id":"https:\/\/corpoacao.com.br\/blog\/#organization"},"image":{"@id":"https:\/\/corpoacao.com.br\/blog\/ginastica-laboral-e-as-doencas-de-coluna\/#primaryimage"},"thumbnailUrl":"https:\/\/corpoacao.com.br\/blog\/wp-content\/uploads\/2022\/08\/ginastica-laboral-coluna.jpg","inLanguage":"pt-BR","potentialAction":[{"@type":"CommentAction","name":"Comment","target":["https:\/\/corpoacao.com.br\/blog\/ginastica-laboral-e-as-doencas-de-coluna\/#respond"]}]},{"@type":"WebPage","@id":"https:\/\/corpoacao.com.br\/blog\/ginastica-laboral-e-as-doencas-de-coluna\/","url":"https:\/\/corpoacao.com.br\/blog\/ginastica-laboral-e-as-doencas-de-coluna\/","name":"Gin\u00e1stica Laboral e as Doen\u00e7as de Coluna - Corpo em A\u00e7\u00e3o","isPartOf":{"@id":"https:\/\/corpoacao.com.br\/blog\/#website"},"primaryImageOfPage":{"@id":"https:\/\/corpoacao.com.br\/blog\/ginastica-laboral-e-as-doencas-de-coluna\/#primaryimage"},"image":{"@id":"https:\/\/corpoacao.com.br\/blog\/ginastica-laboral-e-as-doencas-de-coluna\/#primaryimage"},"thumbnailUrl":"https:\/\/corpoacao.com.br\/blog\/wp-content\/uploads\/2022\/08\/ginastica-laboral-coluna.jpg","datePublished":"2022-08-08T11:45:14+00:00","dateModified":"2022-08-08T11:45:29+00:00","breadcrumb":{"@id":"https:\/\/corpoacao.com.br\/blog\/ginastica-laboral-e-as-doencas-de-coluna\/#breadcrumb"},"inLanguage":"pt-BR","potentialAction":[{"@type":"ReadAction","target":["https:\/\/corpoacao.com.br\/blog\/ginastica-laboral-e-as-doencas-de-coluna\/"]}]},{"@type":"ImageObject","inLanguage":"pt-BR","@id":"https:\/\/corpoacao.com.br\/blog\/ginastica-laboral-e-as-doencas-de-coluna\/#primaryimage","url":"https:\/\/corpoacao.com.br\/blog\/wp-content\/uploads\/2022\/08\/ginastica-laboral-coluna.jpg","contentUrl":"https:\/\/corpoacao.com.br\/blog\/wp-content\/uploads\/2022\/08\/ginastica-laboral-coluna.jpg","width":650,"height":650},{"@type":"BreadcrumbList","@id":"https:\/\/corpoacao.com.br\/blog\/ginastica-laboral-e-as-doencas-de-coluna\/#breadcrumb","itemListElement":[{"@type":"ListItem","position":1,"name":"Home","item":"https:\/\/corpoacao.com.br\/blog\/"},{"@type":"ListItem","position":2,"name":"Gin\u00e1stica Laboral e as Doen\u00e7as de Coluna"}]},{"@type":"WebSite","@id":"https:\/\/corpoacao.com.br\/blog\/#website","url":"https:\/\/corpoacao.com.br\/blog\/","name":"Corpo em A\u00e7\u00e3o","description":"Blog Ergonomia e qualidade de vida no ambiente de trabalho","publisher":{"@id":"https:\/\/corpoacao.com.br\/blog\/#organization"},"potentialAction":[{"@type":"SearchAction","target":{"@type":"EntryPoint","urlTemplate":"https:\/\/corpoacao.com.br\/blog\/?s={search_term_string}"},"query-input":{"@type":"PropertyValueSpecification","valueRequired":true,"valueName":"search_term_string"}}],"inLanguage":"pt-BR"},{"@type":"Organization","@id":"https:\/\/corpoacao.com.br\/blog\/#organization","name":"Corpo em A\u00e7\u00e3o","url":"https:\/\/corpoacao.com.br\/blog\/","logo":{"@type":"ImageObject","inLanguage":"pt-BR","@id":"https:\/\/corpoacao.com.br\/blog\/#\/schema\/logo\/image\/","url":"https:\/\/corpoacao.com.br\/blog\/wp-content\/uploads\/2023\/04\/ginastica-laboral.png","contentUrl":"https:\/\/corpoacao.com.br\/blog\/wp-content\/uploads\/2023\/04\/ginastica-laboral.png","width":185,"height":128,"caption":"Corpo em A\u00e7\u00e3o"},"image":{"@id":"https:\/\/corpoacao.com.br\/blog\/#\/schema\/logo\/image\/"},"sameAs":["https:\/\/www.facebook.com\/corpoemacao.poa\/","https:\/\/www.instagram.com\/corpoemacaopoa\/"]},{"@type":"Person","@id":"https:\/\/corpoacao.com.br\/blog\/#\/schema\/person\/8511fda2e04a521379dee132a34c889e","name":"Morgana Lovato Cantarelli","image":{"@type":"ImageObject","inLanguage":"pt-BR","@id":"https:\/\/secure.gravatar.com\/avatar\/7a246dbb5756847be4e8d937d3645cb75b1afbf687c106886d0b09172c1ee291?s=96&d=mm&r=g","url":"https:\/\/secure.gravatar.com\/avatar\/7a246dbb5756847be4e8d937d3645cb75b1afbf687c106886d0b09172c1ee291?s=96&d=mm&r=g","contentUrl":"https:\/\/secure.gravatar.com\/avatar\/7a246dbb5756847be4e8d937d3645cb75b1afbf687c106886d0b09172c1ee291?s=96&d=mm&r=g","caption":"Morgana Lovato Cantarelli"},"description":"Propriet\u00e1ria da Empresa Corpo em A\u00e7\u00e3o , educadora f\u00edsica formada no IPA (1991), especializada em pedagogia do treinamento desportivo, especializada em pilates, palestrante, professora de massoterapia e Estado do Rio Grande do Sul","url":"https:\/\/corpoacao.com.br\/blog\/author\/admin\/"}]}},"_links":{"self":[{"href":"https:\/\/corpoacao.com.br\/blog\/wp-json\/wp\/v2\/posts\/1457","targetHints":{"allow":["GET"]}}],"collection":[{"href":"https:\/\/corpoacao.com.br\/blog\/wp-json\/wp\/v2\/posts"}],"about":[{"href":"https:\/\/corpoacao.com.br\/blog\/wp-json\/wp\/v2\/types\/post"}],"author":[{"embeddable":true,"href":"https:\/\/corpoacao.com.br\/blog\/wp-json\/wp\/v2\/users\/1"}],"replies":[{"embeddable":true,"href":"https:\/\/corpoacao.com.br\/blog\/wp-json\/wp\/v2\/comments?post=1457"}],"version-history":[{"count":1,"href":"https:\/\/corpoacao.com.br\/blog\/wp-json\/wp\/v2\/posts\/1457\/revisions"}],"predecessor-version":[{"id":1459,"href":"https:\/\/corpoacao.com.br\/blog\/wp-json\/wp\/v2\/posts\/1457\/revisions\/1459"}],"wp:featuredmedia":[{"embeddable":true,"href":"https:\/\/corpoacao.com.br\/blog\/wp-json\/wp\/v2\/media\/1458"}],"wp:attachment":[{"href":"https:\/\/corpoacao.com.br\/blog\/wp-json\/wp\/v2\/media?parent=1457"}],"wp:term":[{"taxonomy":"category","embeddable":true,"href":"https:\/\/corpoacao.com.br\/blog\/wp-json\/wp\/v2\/categories?post=1457"},{"taxonomy":"post_tag","embeddable":true,"href":"https:\/\/corpoacao.com.br\/blog\/wp-json\/wp\/v2\/tags?post=1457"}],"curies":[{"name":"wp","href":"https:\/\/api.w.org\/{rel}","templated":true}]}}