{"id":1461,"date":"2022-08-21T20:36:25","date_gmt":"2022-08-21T23:36:25","guid":{"rendered":"https:\/\/www.corpoacao.com.br\/blog\/?p=1461"},"modified":"2022-10-06T18:27:41","modified_gmt":"2022-10-06T21:27:41","slug":"comunicacao-interpessoal","status":"publish","type":"post","link":"https:\/\/corpoacao.com.br\/blog\/comunicacao-interpessoal\/","title":{"rendered":"Comunica\u00e7\u00e3o Interpessoal"},"content":{"rendered":"\n<p>Hoje, vamos falar sobre comunica\u00e7\u00e3o no trabalho.<\/p>\n\n\n\n<p>A comunica\u00e7\u00e3o nos permite conviver em sociedade&nbsp;e formar grupos harmoniosos, que contribuem para o nosso crescimento pessoal. No \u00e2mbito empresarial n\u00e3o \u00e9 diferente.&nbsp;A comunica\u00e7\u00e3o interpessoal \u00e9 um dos principais fatores para o sucesso profissional.&nbsp;<\/p>\n\n\n\n<figure class=\"wp-block-image\"><img fetchpriority=\"high\" decoding=\"async\" width=\"1024\" height=\"1024\" src=\"https:\/\/corpoacao.com.br\/blog\/wp-content\/uploads\/2022\/08\/Comunica\u00e7\u00e3o-interpessoal-1024x1024.jpg\" alt=\"\" class=\"wp-image-1462\" srcset=\"https:\/\/corpoacao.com.br\/blog\/wp-content\/uploads\/2022\/08\/Comunica\u00e7\u00e3o-interpessoal-1024x1024.jpg 1024w, https:\/\/corpoacao.com.br\/blog\/wp-content\/uploads\/2022\/08\/Comunica\u00e7\u00e3o-interpessoal-150x150.jpg 150w, https:\/\/corpoacao.com.br\/blog\/wp-content\/uploads\/2022\/08\/Comunica\u00e7\u00e3o-interpessoal-300x300.jpg 300w, https:\/\/corpoacao.com.br\/blog\/wp-content\/uploads\/2022\/08\/Comunica\u00e7\u00e3o-interpessoal-768x768.jpg 768w, https:\/\/corpoacao.com.br\/blog\/wp-content\/uploads\/2022\/08\/Comunica\u00e7\u00e3o-interpessoal.jpg 1080w\" sizes=\"(max-width: 1024px) 100vw, 1024px\" \/><\/figure>\n\n\n\n<p>\n\nEm uma empresa, todas as pessoas s\u00e3o importantes e o trabalho em equipe \u00e9 primordial para alcan\u00e7ar o sucesso e os resultados desejados.&nbsp; \n\n<\/p>\n\n\n\n<p><strong>Como estimular a comunica\u00e7\u00e3o interpessoal dos colaboradores?<\/strong><\/p>\n\n\n\n<p>A comunica\u00e7\u00e3o interpessoal sempre pode ser melhorada, mas \u00e9 fundamental que os envolvidos se empenhem e pratiquem diariamente os aprendizados.&nbsp;<\/p>\n\n\n\n<p>Algumas pr\u00e1ticas podem ser desenvolvidas pela empresa para favorecer o desenvolvimento dessa habilidade.&nbsp;Confira alguns exemplos:<\/p>\n\n\n\n<p>&#8211; Promova a intera\u00e7\u00e3o entre os colaboradores. Cada pessoa tem uma personalidade diferente e isso \u00e9<strong>&nbsp;perfeitamente normal em uma empresa.<\/strong>&nbsp;A empresa pode promover a\u00e7\u00f5es que&nbsp;<strong>aumentem a intera\u00e7\u00e3o entre as pessoas e ajudem elas a se conhecerem melhor<\/strong>.&nbsp;Criar um espa\u00e7o pr\u00f3prio para a intera\u00e7\u00e3o, como uma&nbsp;<strong>sala de jogos ou de descanso ajuda<\/strong>&nbsp;essa socializa\u00e7\u00e3o.<\/p>\n\n\n\n<p>&#8211; Organize treinamentos em equipe para melhorar a comunica\u00e7\u00e3o interpessoal. Al\u00e9m de capacitar os colaboradores, muitas vezes as atividades pr\u00e1ticas tamb\u00e9m a<strong>umentam a integra\u00e7\u00e3o entre as pessoas<\/strong>.&nbsp;Uma boa ideia \u00e9 oferecer&nbsp;cursos&nbsp;especialmente voltados para o desenvolvimento da comunica\u00e7\u00e3o interpessoal.&nbsp;<\/p>\n\n\n\n<p>&#8211; Invista na gamifica\u00e7\u00e3o. O&nbsp;<strong>formato de jogo,<\/strong>&nbsp;na maioria das vezes, favorece o entendimento e permite que v\u00e1rias pessoas realizem uma mesma tarefa, ou miss\u00e3o.&nbsp;A&nbsp;gamifica\u00e7\u00e3o&nbsp;tamb\u00e9m ajuda na integra\u00e7\u00e3o entre pessoas envolvidas, j\u00e1 que todas dependem uns dos outros para terminar as atividades.&nbsp;<\/p>\n\n\n\n<p>Fa\u00e7a reuni\u00f5es frequentes. <strong>As reuni\u00f5es s\u00e3o \u00f3timos momentos para que as pessoas exponham suas ideias<\/strong>, deem feedbacks e exponham seus pensamentos, mas para isso \u00e9 preciso que elas se sintam \u00e0 vontade.&nbsp;<\/p>\n\n\n\n<p>Incentive a troca de conhecimentos. A troca de conhecimentos \u00e9 essencial para que a comunica\u00e7\u00e3o interpessoal seja eficiente. A empresa deve demonstrar a import\u00e2ncia disso, incentivando o&nbsp;<strong>compartilhamento de ideias.<\/strong>&nbsp;<\/p>\n\n\n\n<p>Promova eventos internos e melhore a comunica\u00e7\u00e3o interpessoal.Os&nbsp;<strong>eventos internos&nbsp;<\/strong>s\u00e3o muito importantes para o engajamento e envolvimento das equipes, favorecendo a comunica\u00e7\u00e3o interpessoal. Podem ser&nbsp;<em>happy hours<\/em>, festas de aniversariantes do m\u00eas, palestras, din\u00e2micas em equipe, festas tem\u00e1ticas, etc.&nbsp;<\/p>\n\n\n\n<h3 class=\"wp-block-heading\"><strong>Gin\u00e1stica Laboral e Relacionamento Interpessoal<\/strong><\/h3>\n\n\n\n<p>Voc\u00eas sabiam que a pr\u00e1tica de Ginastica Laboral contribui para a melhora a comunica\u00e7\u00e3o interpessoal?<\/p>\n\n\n\n<p>&nbsp;Por interm\u00e9dio de atividades l\u00fadicas, divertidas, e em grupos, promovemos a melhora da comunica\u00e7\u00e3o entre os colaboradores, e tamb\u00e9m, o clima organizacional.&nbsp; Garantindo desta forma, bons resultados em equipe.&nbsp;<\/p>\n\n\n\n<p>As pessoas s\u00e3o as grandes respons\u00e1veis pelo atingimento de metas e resultados nas empresas&nbsp;e \u00e9 fundamental favorecer o desenvolvimento dessa habilidade para que elas se compreendam, se motivem e se relacionem de maneira produtiva e saud\u00e1vel.&nbsp;<\/p>\n\n\n\n<h3 class=\"wp-block-heading\">Fonte:<\/h3>\n\n\n\n<p>&#8211; <a href=\"https:\/\/tangerino.com.br\/blog\/comunicacao-interpessoal\/\">https:\/\/tangerino.com.br\/blog\/comunicacao-interpessoal\/<\/a><\/p>\n","protected":false},"excerpt":{"rendered":"<p>Hoje, vamos falar sobre comunica\u00e7\u00e3o no trabalho. A comunica\u00e7\u00e3o nos permite conviver em sociedade&nbsp;e formar grupos harmoniosos, que contribuem para o nosso crescimento pessoal. No \u00e2mbito empresarial n\u00e3o \u00e9 diferente.&nbsp;A comunica\u00e7\u00e3o interpessoal \u00e9 um dos principais fatores para o sucesso profissional.&nbsp; Em uma empresa, todas as pessoas s\u00e3o importantes e o trabalho em equipe \u00e9 [&hellip;]<\/p>\n","protected":false},"author":1,"featured_media":1462,"comment_status":"open","ping_status":"open","sticky":false,"template":"","format":"standard","meta":{"_joinchat":[],"footnotes":""},"categories":[1],"tags":[],"class_list":["post-1461","post","type-post","status-publish","format-standard","has-post-thumbnail","hentry","category-sem-categoria"],"yoast_head":"<!-- This site is optimized with the Yoast SEO Premium plugin v20.8 (Yoast SEO v27.4) - https:\/\/yoast.com\/product\/yoast-seo-premium-wordpress\/ -->\n<title>Comunica\u00e7\u00e3o Interpessoal - Corpo em A\u00e7\u00e3o<\/title>\n<meta name=\"robots\" content=\"index, follow, max-snippet:-1, max-image-preview:large, max-video-preview:-1\" \/>\n<link rel=\"canonical\" href=\"https:\/\/corpoacao.com.br\/blog\/comunicacao-interpessoal\/\" \/>\n<meta property=\"og:locale\" content=\"pt_BR\" \/>\n<meta property=\"og:type\" content=\"article\" \/>\n<meta property=\"og:title\" content=\"Comunica\u00e7\u00e3o Interpessoal\" \/>\n<meta property=\"og:description\" content=\"Hoje, vamos falar sobre comunica\u00e7\u00e3o no trabalho. A comunica\u00e7\u00e3o nos permite conviver em sociedade&nbsp;e formar grupos harmoniosos, que contribuem para o nosso crescimento pessoal. No \u00e2mbito empresarial n\u00e3o \u00e9 diferente.&nbsp;A comunica\u00e7\u00e3o interpessoal \u00e9 um dos principais fatores para o sucesso profissional.&nbsp; Em uma empresa, todas as pessoas s\u00e3o importantes e o trabalho em equipe \u00e9 [&hellip;]\" \/>\n<meta property=\"og:url\" content=\"https:\/\/corpoacao.com.br\/blog\/comunicacao-interpessoal\/\" \/>\n<meta property=\"og:site_name\" content=\"Corpo em A\u00e7\u00e3o\" \/>\n<meta property=\"article:publisher\" content=\"https:\/\/www.facebook.com\/corpoemacao.poa\/\" \/>\n<meta property=\"article:published_time\" content=\"2022-08-21T23:36:25+00:00\" \/>\n<meta property=\"article:modified_time\" content=\"2022-10-06T21:27:41+00:00\" \/>\n<meta property=\"og:image\" content=\"https:\/\/corpoacao.com.br\/blog\/wp-content\/uploads\/2022\/08\/Comunica\u00e7\u00e3o-interpessoal.jpg\" \/>\n\t<meta property=\"og:image:width\" content=\"1080\" \/>\n\t<meta property=\"og:image:height\" content=\"1080\" \/>\n\t<meta property=\"og:image:type\" content=\"image\/jpeg\" \/>\n<meta name=\"author\" content=\"Morgana Lovato Cantarelli\" \/>\n<meta name=\"twitter:card\" content=\"summary_large_image\" \/>\n<meta name=\"twitter:label1\" content=\"Escrito por\" \/>\n\t<meta name=\"twitter:data1\" content=\"Morgana Lovato Cantarelli\" \/>\n\t<meta name=\"twitter:label2\" content=\"Est. tempo de leitura\" \/>\n\t<meta name=\"twitter:data2\" content=\"3 minutos\" \/>\n<script type=\"application\/ld+json\" class=\"yoast-schema-graph\">{\"@context\":\"https:\\\/\\\/schema.org\",\"@graph\":[{\"@type\":\"Article\",\"@id\":\"https:\\\/\\\/corpoacao.com.br\\\/blog\\\/comunicacao-interpessoal\\\/#article\",\"isPartOf\":{\"@id\":\"https:\\\/\\\/corpoacao.com.br\\\/blog\\\/comunicacao-interpessoal\\\/\"},\"author\":{\"name\":\"Morgana Lovato Cantarelli\",\"@id\":\"https:\\\/\\\/corpoacao.com.br\\\/blog\\\/#\\\/schema\\\/person\\\/8511fda2e04a521379dee132a34c889e\"},\"headline\":\"Comunica\u00e7\u00e3o Interpessoal\",\"datePublished\":\"2022-08-21T23:36:25+00:00\",\"dateModified\":\"2022-10-06T21:27:41+00:00\",\"mainEntityOfPage\":{\"@id\":\"https:\\\/\\\/corpoacao.com.br\\\/blog\\\/comunicacao-interpessoal\\\/\"},\"wordCount\":529,\"commentCount\":0,\"publisher\":{\"@id\":\"https:\\\/\\\/corpoacao.com.br\\\/blog\\\/#organization\"},\"image\":{\"@id\":\"https:\\\/\\\/corpoacao.com.br\\\/blog\\\/comunicacao-interpessoal\\\/#primaryimage\"},\"thumbnailUrl\":\"https:\\\/\\\/corpoacao.com.br\\\/blog\\\/wp-content\\\/uploads\\\/2022\\\/08\\\/Comunica\u00e7\u00e3o-interpessoal.jpg\",\"inLanguage\":\"pt-BR\",\"potentialAction\":[{\"@type\":\"CommentAction\",\"name\":\"Comment\",\"target\":[\"https:\\\/\\\/corpoacao.com.br\\\/blog\\\/comunicacao-interpessoal\\\/#respond\"]}]},{\"@type\":\"WebPage\",\"@id\":\"https:\\\/\\\/corpoacao.com.br\\\/blog\\\/comunicacao-interpessoal\\\/\",\"url\":\"https:\\\/\\\/corpoacao.com.br\\\/blog\\\/comunicacao-interpessoal\\\/\",\"name\":\"Comunica\u00e7\u00e3o Interpessoal - Corpo em A\u00e7\u00e3o\",\"isPartOf\":{\"@id\":\"https:\\\/\\\/corpoacao.com.br\\\/blog\\\/#website\"},\"primaryImageOfPage\":{\"@id\":\"https:\\\/\\\/corpoacao.com.br\\\/blog\\\/comunicacao-interpessoal\\\/#primaryimage\"},\"image\":{\"@id\":\"https:\\\/\\\/corpoacao.com.br\\\/blog\\\/comunicacao-interpessoal\\\/#primaryimage\"},\"thumbnailUrl\":\"https:\\\/\\\/corpoacao.com.br\\\/blog\\\/wp-content\\\/uploads\\\/2022\\\/08\\\/Comunica\u00e7\u00e3o-interpessoal.jpg\",\"datePublished\":\"2022-08-21T23:36:25+00:00\",\"dateModified\":\"2022-10-06T21:27:41+00:00\",\"breadcrumb\":{\"@id\":\"https:\\\/\\\/corpoacao.com.br\\\/blog\\\/comunicacao-interpessoal\\\/#breadcrumb\"},\"inLanguage\":\"pt-BR\",\"potentialAction\":[{\"@type\":\"ReadAction\",\"target\":[\"https:\\\/\\\/corpoacao.com.br\\\/blog\\\/comunicacao-interpessoal\\\/\"]}]},{\"@type\":\"ImageObject\",\"inLanguage\":\"pt-BR\",\"@id\":\"https:\\\/\\\/corpoacao.com.br\\\/blog\\\/comunicacao-interpessoal\\\/#primaryimage\",\"url\":\"https:\\\/\\\/corpoacao.com.br\\\/blog\\\/wp-content\\\/uploads\\\/2022\\\/08\\\/Comunica\u00e7\u00e3o-interpessoal.jpg\",\"contentUrl\":\"https:\\\/\\\/corpoacao.com.br\\\/blog\\\/wp-content\\\/uploads\\\/2022\\\/08\\\/Comunica\u00e7\u00e3o-interpessoal.jpg\",\"width\":1080,\"height\":1080},{\"@type\":\"BreadcrumbList\",\"@id\":\"https:\\\/\\\/corpoacao.com.br\\\/blog\\\/comunicacao-interpessoal\\\/#breadcrumb\",\"itemListElement\":[{\"@type\":\"ListItem\",\"position\":1,\"name\":\"Home\",\"item\":\"https:\\\/\\\/corpoacao.com.br\\\/blog\\\/\"},{\"@type\":\"ListItem\",\"position\":2,\"name\":\"Comunica\u00e7\u00e3o Interpessoal\"}]},{\"@type\":\"WebSite\",\"@id\":\"https:\\\/\\\/corpoacao.com.br\\\/blog\\\/#website\",\"url\":\"https:\\\/\\\/corpoacao.com.br\\\/blog\\\/\",\"name\":\"Corpo em A\u00e7\u00e3o\",\"description\":\"Blog Ergonomia e qualidade de vida no ambiente de trabalho\",\"publisher\":{\"@id\":\"https:\\\/\\\/corpoacao.com.br\\\/blog\\\/#organization\"},\"potentialAction\":[{\"@type\":\"SearchAction\",\"target\":{\"@type\":\"EntryPoint\",\"urlTemplate\":\"https:\\\/\\\/corpoacao.com.br\\\/blog\\\/?s={search_term_string}\"},\"query-input\":{\"@type\":\"PropertyValueSpecification\",\"valueRequired\":true,\"valueName\":\"search_term_string\"}}],\"inLanguage\":\"pt-BR\"},{\"@type\":\"Organization\",\"@id\":\"https:\\\/\\\/corpoacao.com.br\\\/blog\\\/#organization\",\"name\":\"Corpo em A\u00e7\u00e3o\",\"url\":\"https:\\\/\\\/corpoacao.com.br\\\/blog\\\/\",\"logo\":{\"@type\":\"ImageObject\",\"inLanguage\":\"pt-BR\",\"@id\":\"https:\\\/\\\/corpoacao.com.br\\\/blog\\\/#\\\/schema\\\/logo\\\/image\\\/\",\"url\":\"https:\\\/\\\/corpoacao.com.br\\\/blog\\\/wp-content\\\/uploads\\\/2023\\\/04\\\/ginastica-laboral.png\",\"contentUrl\":\"https:\\\/\\\/corpoacao.com.br\\\/blog\\\/wp-content\\\/uploads\\\/2023\\\/04\\\/ginastica-laboral.png\",\"width\":185,\"height\":128,\"caption\":\"Corpo em A\u00e7\u00e3o\"},\"image\":{\"@id\":\"https:\\\/\\\/corpoacao.com.br\\\/blog\\\/#\\\/schema\\\/logo\\\/image\\\/\"},\"sameAs\":[\"https:\\\/\\\/www.facebook.com\\\/corpoemacao.poa\\\/\",\"https:\\\/\\\/www.instagram.com\\\/corpoemacaopoa\\\/\"]},{\"@type\":\"Person\",\"@id\":\"https:\\\/\\\/corpoacao.com.br\\\/blog\\\/#\\\/schema\\\/person\\\/8511fda2e04a521379dee132a34c889e\",\"name\":\"Morgana Lovato Cantarelli\",\"image\":{\"@type\":\"ImageObject\",\"inLanguage\":\"pt-BR\",\"@id\":\"https:\\\/\\\/secure.gravatar.com\\\/avatar\\\/7a246dbb5756847be4e8d937d3645cb75b1afbf687c106886d0b09172c1ee291?s=96&d=mm&r=g\",\"url\":\"https:\\\/\\\/secure.gravatar.com\\\/avatar\\\/7a246dbb5756847be4e8d937d3645cb75b1afbf687c106886d0b09172c1ee291?s=96&d=mm&r=g\",\"contentUrl\":\"https:\\\/\\\/secure.gravatar.com\\\/avatar\\\/7a246dbb5756847be4e8d937d3645cb75b1afbf687c106886d0b09172c1ee291?s=96&d=mm&r=g\",\"caption\":\"Morgana Lovato Cantarelli\"},\"description\":\"Propriet\u00e1ria da Empresa Corpo em A\u00e7\u00e3o , educadora f\u00edsica formada no IPA (1991), especializada em pedagogia do treinamento desportivo, especializada em pilates, palestrante, professora de massoterapia e Estado do Rio Grande do Sul\",\"url\":\"https:\\\/\\\/corpoacao.com.br\\\/blog\\\/author\\\/admin\\\/\"}]}<\/script>\n<!-- \/ Yoast SEO Premium plugin. -->","yoast_head_json":{"title":"Comunica\u00e7\u00e3o Interpessoal - Corpo em A\u00e7\u00e3o","robots":{"index":"index","follow":"follow","max-snippet":"max-snippet:-1","max-image-preview":"max-image-preview:large","max-video-preview":"max-video-preview:-1"},"canonical":"https:\/\/corpoacao.com.br\/blog\/comunicacao-interpessoal\/","og_locale":"pt_BR","og_type":"article","og_title":"Comunica\u00e7\u00e3o Interpessoal","og_description":"Hoje, vamos falar sobre comunica\u00e7\u00e3o no trabalho. A comunica\u00e7\u00e3o nos permite conviver em sociedade&nbsp;e formar grupos harmoniosos, que contribuem para o nosso crescimento pessoal. No \u00e2mbito empresarial n\u00e3o \u00e9 diferente.&nbsp;A comunica\u00e7\u00e3o interpessoal \u00e9 um dos principais fatores para o sucesso profissional.&nbsp; Em uma empresa, todas as pessoas s\u00e3o importantes e o trabalho em equipe \u00e9 [&hellip;]","og_url":"https:\/\/corpoacao.com.br\/blog\/comunicacao-interpessoal\/","og_site_name":"Corpo em A\u00e7\u00e3o","article_publisher":"https:\/\/www.facebook.com\/corpoemacao.poa\/","article_published_time":"2022-08-21T23:36:25+00:00","article_modified_time":"2022-10-06T21:27:41+00:00","og_image":[{"width":1080,"height":1080,"url":"https:\/\/corpoacao.com.br\/blog\/wp-content\/uploads\/2022\/08\/Comunica\u00e7\u00e3o-interpessoal.jpg","type":"image\/jpeg"}],"author":"Morgana Lovato Cantarelli","twitter_card":"summary_large_image","twitter_misc":{"Escrito por":"Morgana Lovato Cantarelli","Est. tempo de leitura":"3 minutos"},"schema":{"@context":"https:\/\/schema.org","@graph":[{"@type":"Article","@id":"https:\/\/corpoacao.com.br\/blog\/comunicacao-interpessoal\/#article","isPartOf":{"@id":"https:\/\/corpoacao.com.br\/blog\/comunicacao-interpessoal\/"},"author":{"name":"Morgana Lovato Cantarelli","@id":"https:\/\/corpoacao.com.br\/blog\/#\/schema\/person\/8511fda2e04a521379dee132a34c889e"},"headline":"Comunica\u00e7\u00e3o Interpessoal","datePublished":"2022-08-21T23:36:25+00:00","dateModified":"2022-10-06T21:27:41+00:00","mainEntityOfPage":{"@id":"https:\/\/corpoacao.com.br\/blog\/comunicacao-interpessoal\/"},"wordCount":529,"commentCount":0,"publisher":{"@id":"https:\/\/corpoacao.com.br\/blog\/#organization"},"image":{"@id":"https:\/\/corpoacao.com.br\/blog\/comunicacao-interpessoal\/#primaryimage"},"thumbnailUrl":"https:\/\/corpoacao.com.br\/blog\/wp-content\/uploads\/2022\/08\/Comunica\u00e7\u00e3o-interpessoal.jpg","inLanguage":"pt-BR","potentialAction":[{"@type":"CommentAction","name":"Comment","target":["https:\/\/corpoacao.com.br\/blog\/comunicacao-interpessoal\/#respond"]}]},{"@type":"WebPage","@id":"https:\/\/corpoacao.com.br\/blog\/comunicacao-interpessoal\/","url":"https:\/\/corpoacao.com.br\/blog\/comunicacao-interpessoal\/","name":"Comunica\u00e7\u00e3o Interpessoal - Corpo em A\u00e7\u00e3o","isPartOf":{"@id":"https:\/\/corpoacao.com.br\/blog\/#website"},"primaryImageOfPage":{"@id":"https:\/\/corpoacao.com.br\/blog\/comunicacao-interpessoal\/#primaryimage"},"image":{"@id":"https:\/\/corpoacao.com.br\/blog\/comunicacao-interpessoal\/#primaryimage"},"thumbnailUrl":"https:\/\/corpoacao.com.br\/blog\/wp-content\/uploads\/2022\/08\/Comunica\u00e7\u00e3o-interpessoal.jpg","datePublished":"2022-08-21T23:36:25+00:00","dateModified":"2022-10-06T21:27:41+00:00","breadcrumb":{"@id":"https:\/\/corpoacao.com.br\/blog\/comunicacao-interpessoal\/#breadcrumb"},"inLanguage":"pt-BR","potentialAction":[{"@type":"ReadAction","target":["https:\/\/corpoacao.com.br\/blog\/comunicacao-interpessoal\/"]}]},{"@type":"ImageObject","inLanguage":"pt-BR","@id":"https:\/\/corpoacao.com.br\/blog\/comunicacao-interpessoal\/#primaryimage","url":"https:\/\/corpoacao.com.br\/blog\/wp-content\/uploads\/2022\/08\/Comunica\u00e7\u00e3o-interpessoal.jpg","contentUrl":"https:\/\/corpoacao.com.br\/blog\/wp-content\/uploads\/2022\/08\/Comunica\u00e7\u00e3o-interpessoal.jpg","width":1080,"height":1080},{"@type":"BreadcrumbList","@id":"https:\/\/corpoacao.com.br\/blog\/comunicacao-interpessoal\/#breadcrumb","itemListElement":[{"@type":"ListItem","position":1,"name":"Home","item":"https:\/\/corpoacao.com.br\/blog\/"},{"@type":"ListItem","position":2,"name":"Comunica\u00e7\u00e3o Interpessoal"}]},{"@type":"WebSite","@id":"https:\/\/corpoacao.com.br\/blog\/#website","url":"https:\/\/corpoacao.com.br\/blog\/","name":"Corpo em A\u00e7\u00e3o","description":"Blog Ergonomia e qualidade de vida no ambiente de trabalho","publisher":{"@id":"https:\/\/corpoacao.com.br\/blog\/#organization"},"potentialAction":[{"@type":"SearchAction","target":{"@type":"EntryPoint","urlTemplate":"https:\/\/corpoacao.com.br\/blog\/?s={search_term_string}"},"query-input":{"@type":"PropertyValueSpecification","valueRequired":true,"valueName":"search_term_string"}}],"inLanguage":"pt-BR"},{"@type":"Organization","@id":"https:\/\/corpoacao.com.br\/blog\/#organization","name":"Corpo em A\u00e7\u00e3o","url":"https:\/\/corpoacao.com.br\/blog\/","logo":{"@type":"ImageObject","inLanguage":"pt-BR","@id":"https:\/\/corpoacao.com.br\/blog\/#\/schema\/logo\/image\/","url":"https:\/\/corpoacao.com.br\/blog\/wp-content\/uploads\/2023\/04\/ginastica-laboral.png","contentUrl":"https:\/\/corpoacao.com.br\/blog\/wp-content\/uploads\/2023\/04\/ginastica-laboral.png","width":185,"height":128,"caption":"Corpo em A\u00e7\u00e3o"},"image":{"@id":"https:\/\/corpoacao.com.br\/blog\/#\/schema\/logo\/image\/"},"sameAs":["https:\/\/www.facebook.com\/corpoemacao.poa\/","https:\/\/www.instagram.com\/corpoemacaopoa\/"]},{"@type":"Person","@id":"https:\/\/corpoacao.com.br\/blog\/#\/schema\/person\/8511fda2e04a521379dee132a34c889e","name":"Morgana Lovato Cantarelli","image":{"@type":"ImageObject","inLanguage":"pt-BR","@id":"https:\/\/secure.gravatar.com\/avatar\/7a246dbb5756847be4e8d937d3645cb75b1afbf687c106886d0b09172c1ee291?s=96&d=mm&r=g","url":"https:\/\/secure.gravatar.com\/avatar\/7a246dbb5756847be4e8d937d3645cb75b1afbf687c106886d0b09172c1ee291?s=96&d=mm&r=g","contentUrl":"https:\/\/secure.gravatar.com\/avatar\/7a246dbb5756847be4e8d937d3645cb75b1afbf687c106886d0b09172c1ee291?s=96&d=mm&r=g","caption":"Morgana Lovato Cantarelli"},"description":"Propriet\u00e1ria da Empresa Corpo em A\u00e7\u00e3o , educadora f\u00edsica formada no IPA (1991), especializada em pedagogia do treinamento desportivo, especializada em pilates, palestrante, professora de massoterapia e Estado do Rio Grande do Sul","url":"https:\/\/corpoacao.com.br\/blog\/author\/admin\/"}]}},"_links":{"self":[{"href":"https:\/\/corpoacao.com.br\/blog\/wp-json\/wp\/v2\/posts\/1461","targetHints":{"allow":["GET"]}}],"collection":[{"href":"https:\/\/corpoacao.com.br\/blog\/wp-json\/wp\/v2\/posts"}],"about":[{"href":"https:\/\/corpoacao.com.br\/blog\/wp-json\/wp\/v2\/types\/post"}],"author":[{"embeddable":true,"href":"https:\/\/corpoacao.com.br\/blog\/wp-json\/wp\/v2\/users\/1"}],"replies":[{"embeddable":true,"href":"https:\/\/corpoacao.com.br\/blog\/wp-json\/wp\/v2\/comments?post=1461"}],"version-history":[{"count":2,"href":"https:\/\/corpoacao.com.br\/blog\/wp-json\/wp\/v2\/posts\/1461\/revisions"}],"predecessor-version":[{"id":1494,"href":"https:\/\/corpoacao.com.br\/blog\/wp-json\/wp\/v2\/posts\/1461\/revisions\/1494"}],"wp:featuredmedia":[{"embeddable":true,"href":"https:\/\/corpoacao.com.br\/blog\/wp-json\/wp\/v2\/media\/1462"}],"wp:attachment":[{"href":"https:\/\/corpoacao.com.br\/blog\/wp-json\/wp\/v2\/media?parent=1461"}],"wp:term":[{"taxonomy":"category","embeddable":true,"href":"https:\/\/corpoacao.com.br\/blog\/wp-json\/wp\/v2\/categories?post=1461"},{"taxonomy":"post_tag","embeddable":true,"href":"https:\/\/corpoacao.com.br\/blog\/wp-json\/wp\/v2\/tags?post=1461"}],"curies":[{"name":"wp","href":"https:\/\/api.w.org\/{rel}","templated":true}]}}