{"id":1464,"date":"2022-08-28T22:41:53","date_gmt":"2022-08-29T01:41:53","guid":{"rendered":"https:\/\/www.corpoacao.com.br\/blog\/?p=1464"},"modified":"2022-08-28T22:42:32","modified_gmt":"2022-08-29T01:42:32","slug":"vamos-alongar","status":"publish","type":"post","link":"https:\/\/corpoacao.com.br\/blog\/vamos-alongar\/","title":{"rendered":"Vamos Alongar?"},"content":{"rendered":"\n<p>O\nalongamento \u00e9 um h\u00e1bito que eleva o bem-estar do corpo e da mente.<\/p>\n\n\n\n<p>&nbsp;Voc\u00eas j\u00e1 alongaram hoje? <\/p>\n\n\n\n<p>N\u00e3o? \u201cBora\u201d l\u00e1 ent\u00e3o praticar e conferir as dicas que preparamos para voc\u00eas. <\/p>\n\n\n\n<p>Segundo o Dr. Juliano Voltarelli, ortopedista e traumatologista da\u00a0Ortocity, o\u00a0<strong>alongamento \u00e9 um tipo de atividade f\u00edsica que promove\u00a0\u00a0 a manuten\u00e7\u00e3o \u00a0ou o aumento da flexibilidade muscular e a amplitude dos movimentos<\/strong>\u00a0por meio do estiramento das fibras musculares.<\/p>\n\n\n\n<p><strong>Benef\u00edcios do\nalongamento:<\/strong><\/p>\n\n\n\n<p>Al\u00e9m da flexibilidade e do aumento dos movimentos, o alongamento \u00e9 uma\n\u00f3tima forma de come\u00e7ar uma atividade f\u00edsica, uma vez que prepara a musculatura\npara o exerc\u00edcio, o que reduz chances de les\u00e3o muscular e dores ap\u00f3s a\nmalha\u00e7\u00e3o.<\/p>\n\n\n\n<p>Quando a atividade \u00e9 realizada com frequ\u00eancia, ela melhora a&nbsp;<strong>coordena\u00e7\u00e3o motora,&nbsp; previne\n&nbsp;les\u00f5es por esfor\u00e7o repetitivo,\ntendinites, dores lombares e cervicais, melhora a postura e aumenta a\nconsci\u00eancia corporal<\/strong>.<\/p>\n\n\n\n<p>O alongamento tamb\u00e9m \u00e9 uma atividade muito indicada para aqueles dias\nem que voc\u00ea est\u00e1 com o estresse acumulado e com a sensa\u00e7\u00e3o de estar com uma\nfaixa amarrada na cabe\u00e7a, uma vez que promove o al\u00edvio das tens\u00f5es musculares.\nDurante o alongamento, foque na sua respira\u00e7\u00e3o e nos movimentos do seu corpo,\nvoc\u00ea perceber\u00e1 que isso far\u00e1 a sua mente desconectar de problemas da rotina e,\ncom o tempo, ter\u00e1 mais consci\u00eancia corporal, al\u00e9m de aliviar o estresse do dia\na dia.<\/p>\n\n\n\n<p><strong>Quais s\u00e3o os tipos de\nalongamento?<\/strong><\/p>\n\n\n\n<p>Existem tr\u00eas tipos de alongamentos:<\/p>\n\n\n\n<ul class=\"wp-block-list\"><li>Alongamento est\u00e1tico: ele \u00e9&nbsp;<strong>realizado com o corpo em repouso<\/strong>&nbsp;e fazendo o\nalongamento de todo o corpo em um movimento lento, intencional e progressivo.\nEle pode ser feito com a parte inferior (pernas e p\u00e9s) e superior do corpo\n(bra\u00e7os, tronco e cabe\u00e7a). A posi\u00e7\u00e3o do alongamento deve ser mantida por um\nper\u00edodo, por exemplo, por 30 segundos. O alongamento est\u00e1tico \u00e9 indicado para\natletas e dan\u00e7arinos que precisam de flexibilidade para executar os movimentos<\/li><\/ul>\n\n\n\n<ul class=\"wp-block-list\"><li>Alongamento din\u00e2mico: \u00e9 a&nbsp;<strong>movimenta\u00e7\u00e3o de partes do corpo com o aumento gradual da amplitude\ne velocidade do movimento<\/strong>, algumas vezes realizando gestos\nesportivos. O alongamento din\u00e2mico \u00e9 muito utilizado no in\u00edcio da atividade\nf\u00edsica, principalmente, por atletas de corrida e salto.<\/li><\/ul>\n\n\n\n<ul class=\"wp-block-list\"><li>Alongamento por facilita\u00e7\u00e3o neuromuscular\nproprioceptiva (FNP): esse tipo de alongamento \u00e9 utilizado como forma de&nbsp;<strong>reabilitar pacientes que perderam algum movimento<\/strong>, uma\nvez que aplica a resist\u00eancia manual para estimular os receptores neurais do\nm\u00fasculo.<\/li><\/ul>\n\n\n\n<p>\u201cA pr\u00e1tica da atividade resulta em um alongamento dos tecidos moles,\nincluindo os tend\u00f5es e os m\u00fasculos envolvidos, por\u00e9m o grau de ganho de\nelasticidade depende do volume de treinos e das caracter\u00edsticas de elasticidade\nde cada indiv\u00edduo\u201d, explica o Dr. Juliano.<\/p>\n\n\n\n<p>Por quanto tempo o alongamento deve durar?<\/p>\n\n\n\n<p>H\u00e1 diversas recomenda\u00e7\u00f5es sobre como e por quanto tempo devem ser\nfeitos os alongamentos. Alguns ortopedistas recomendam que os alongamentos\nest\u00e1ticos devem ser realizados em&nbsp;<strong>tr\u00eas s\u00e9ries de 30 segundos<\/strong>&nbsp;por\ngrupo muscular e que esses resultados se mant\u00eam por, pelo menos, 24 horas,\nsendo o melhor&nbsp;<strong>resultado nos primeiros 15 minutos<\/strong>&nbsp;ap\u00f3s\nos alongamentos.&nbsp;<\/p>\n\n\n\n<p>Agora que voc\u00ea sabe tudo sobre o alongamento.\u00a0Vamos praticar! Realize os exerc\u00edcios em tr\u00eas s\u00e9ries de 30 segundos.<\/p>\n\n\n\n<figure class=\"wp-block-image\"><img fetchpriority=\"high\" decoding=\"async\" width=\"758\" height=\"538\" src=\"https:\/\/corpoacao.com.br\/blog\/wp-content\/uploads\/2022\/08\/image.png\" alt=\"\" class=\"wp-image-1465\" srcset=\"https:\/\/corpoacao.com.br\/blog\/wp-content\/uploads\/2022\/08\/image.png 758w, https:\/\/corpoacao.com.br\/blog\/wp-content\/uploads\/2022\/08\/image-300x213.png 300w\" sizes=\"(max-width: 758px) 100vw, 758px\" \/><\/figure>\n\n\n\n<p>Fonte:<\/p>\n\n\n\n<p>Alongue-se. Bob Anderson<br> https:\/\/www.ortocity.com.br <\/p>\n\n\n\n<p><\/p>\n","protected":false},"excerpt":{"rendered":"<p>O alongamento \u00e9 um h\u00e1bito que eleva o bem-estar do corpo e da mente. &nbsp;Voc\u00eas j\u00e1 alongaram hoje? N\u00e3o? \u201cBora\u201d l\u00e1 ent\u00e3o praticar e conferir as dicas que preparamos para voc\u00eas. Segundo o Dr. Juliano Voltarelli, ortopedista e traumatologista da\u00a0Ortocity, o\u00a0alongamento \u00e9 um tipo de atividade f\u00edsica que promove\u00a0\u00a0 a manuten\u00e7\u00e3o \u00a0ou o aumento da [&hellip;]<\/p>\n","protected":false},"author":1,"featured_media":1467,"comment_status":"open","ping_status":"open","sticky":false,"template":"","format":"standard","meta":{"_joinchat":[],"footnotes":""},"categories":[1],"tags":[],"class_list":["post-1464","post","type-post","status-publish","format-standard","has-post-thumbnail","hentry","category-sem-categoria"],"yoast_head":"<!-- This site is optimized with the Yoast SEO Premium plugin v20.8 (Yoast SEO v27.4) - https:\/\/yoast.com\/product\/yoast-seo-premium-wordpress\/ -->\n<title>Vamos Alongar? - Corpo em A\u00e7\u00e3o<\/title>\n<meta name=\"robots\" content=\"index, follow, max-snippet:-1, max-image-preview:large, max-video-preview:-1\" \/>\n<link rel=\"canonical\" href=\"https:\/\/corpoacao.com.br\/blog\/vamos-alongar\/\" \/>\n<meta property=\"og:locale\" content=\"pt_BR\" \/>\n<meta property=\"og:type\" content=\"article\" \/>\n<meta property=\"og:title\" content=\"Vamos Alongar?\" \/>\n<meta property=\"og:description\" content=\"O alongamento \u00e9 um h\u00e1bito que eleva o bem-estar do corpo e da mente. &nbsp;Voc\u00eas j\u00e1 alongaram hoje? N\u00e3o? \u201cBora\u201d l\u00e1 ent\u00e3o praticar e conferir as dicas que preparamos para voc\u00eas. Segundo o Dr. Juliano Voltarelli, ortopedista e traumatologista da\u00a0Ortocity, o\u00a0alongamento \u00e9 um tipo de atividade f\u00edsica que promove\u00a0\u00a0 a manuten\u00e7\u00e3o \u00a0ou o aumento da [&hellip;]\" \/>\n<meta property=\"og:url\" content=\"https:\/\/corpoacao.com.br\/blog\/vamos-alongar\/\" \/>\n<meta property=\"og:site_name\" content=\"Corpo em A\u00e7\u00e3o\" \/>\n<meta property=\"article:publisher\" content=\"https:\/\/www.facebook.com\/corpoemacao.poa\/\" \/>\n<meta property=\"article:published_time\" content=\"2022-08-29T01:41:53+00:00\" \/>\n<meta property=\"article:modified_time\" content=\"2022-08-29T01:42:32+00:00\" \/>\n<meta property=\"og:image\" content=\"https:\/\/corpoacao.com.br\/blog\/wp-content\/uploads\/2022\/08\/Comunica\u00e7\u00e3o-interpessoal-1.jpg\" \/>\n\t<meta property=\"og:image:width\" content=\"1080\" \/>\n\t<meta property=\"og:image:height\" content=\"1080\" \/>\n\t<meta property=\"og:image:type\" content=\"image\/jpeg\" \/>\n<meta name=\"author\" content=\"Morgana Lovato Cantarelli\" \/>\n<meta name=\"twitter:card\" content=\"summary_large_image\" \/>\n<meta name=\"twitter:label1\" content=\"Escrito por\" \/>\n\t<meta name=\"twitter:data1\" content=\"Morgana Lovato Cantarelli\" \/>\n\t<meta name=\"twitter:label2\" content=\"Est. tempo de leitura\" \/>\n\t<meta name=\"twitter:data2\" content=\"3 minutos\" \/>\n<script type=\"application\/ld+json\" class=\"yoast-schema-graph\">{\"@context\":\"https:\\\/\\\/schema.org\",\"@graph\":[{\"@type\":\"Article\",\"@id\":\"https:\\\/\\\/corpoacao.com.br\\\/blog\\\/vamos-alongar\\\/#article\",\"isPartOf\":{\"@id\":\"https:\\\/\\\/corpoacao.com.br\\\/blog\\\/vamos-alongar\\\/\"},\"author\":{\"name\":\"Morgana Lovato Cantarelli\",\"@id\":\"https:\\\/\\\/corpoacao.com.br\\\/blog\\\/#\\\/schema\\\/person\\\/8511fda2e04a521379dee132a34c889e\"},\"headline\":\"Vamos Alongar?\",\"datePublished\":\"2022-08-29T01:41:53+00:00\",\"dateModified\":\"2022-08-29T01:42:32+00:00\",\"mainEntityOfPage\":{\"@id\":\"https:\\\/\\\/corpoacao.com.br\\\/blog\\\/vamos-alongar\\\/\"},\"wordCount\":584,\"commentCount\":0,\"publisher\":{\"@id\":\"https:\\\/\\\/corpoacao.com.br\\\/blog\\\/#organization\"},\"image\":{\"@id\":\"https:\\\/\\\/corpoacao.com.br\\\/blog\\\/vamos-alongar\\\/#primaryimage\"},\"thumbnailUrl\":\"https:\\\/\\\/corpoacao.com.br\\\/blog\\\/wp-content\\\/uploads\\\/2022\\\/08\\\/Comunica\u00e7\u00e3o-interpessoal-1.jpg\",\"inLanguage\":\"pt-BR\",\"potentialAction\":[{\"@type\":\"CommentAction\",\"name\":\"Comment\",\"target\":[\"https:\\\/\\\/corpoacao.com.br\\\/blog\\\/vamos-alongar\\\/#respond\"]}]},{\"@type\":\"WebPage\",\"@id\":\"https:\\\/\\\/corpoacao.com.br\\\/blog\\\/vamos-alongar\\\/\",\"url\":\"https:\\\/\\\/corpoacao.com.br\\\/blog\\\/vamos-alongar\\\/\",\"name\":\"Vamos Alongar? - Corpo em A\u00e7\u00e3o\",\"isPartOf\":{\"@id\":\"https:\\\/\\\/corpoacao.com.br\\\/blog\\\/#website\"},\"primaryImageOfPage\":{\"@id\":\"https:\\\/\\\/corpoacao.com.br\\\/blog\\\/vamos-alongar\\\/#primaryimage\"},\"image\":{\"@id\":\"https:\\\/\\\/corpoacao.com.br\\\/blog\\\/vamos-alongar\\\/#primaryimage\"},\"thumbnailUrl\":\"https:\\\/\\\/corpoacao.com.br\\\/blog\\\/wp-content\\\/uploads\\\/2022\\\/08\\\/Comunica\u00e7\u00e3o-interpessoal-1.jpg\",\"datePublished\":\"2022-08-29T01:41:53+00:00\",\"dateModified\":\"2022-08-29T01:42:32+00:00\",\"breadcrumb\":{\"@id\":\"https:\\\/\\\/corpoacao.com.br\\\/blog\\\/vamos-alongar\\\/#breadcrumb\"},\"inLanguage\":\"pt-BR\",\"potentialAction\":[{\"@type\":\"ReadAction\",\"target\":[\"https:\\\/\\\/corpoacao.com.br\\\/blog\\\/vamos-alongar\\\/\"]}]},{\"@type\":\"ImageObject\",\"inLanguage\":\"pt-BR\",\"@id\":\"https:\\\/\\\/corpoacao.com.br\\\/blog\\\/vamos-alongar\\\/#primaryimage\",\"url\":\"https:\\\/\\\/corpoacao.com.br\\\/blog\\\/wp-content\\\/uploads\\\/2022\\\/08\\\/Comunica\u00e7\u00e3o-interpessoal-1.jpg\",\"contentUrl\":\"https:\\\/\\\/corpoacao.com.br\\\/blog\\\/wp-content\\\/uploads\\\/2022\\\/08\\\/Comunica\u00e7\u00e3o-interpessoal-1.jpg\",\"width\":1080,\"height\":1080},{\"@type\":\"BreadcrumbList\",\"@id\":\"https:\\\/\\\/corpoacao.com.br\\\/blog\\\/vamos-alongar\\\/#breadcrumb\",\"itemListElement\":[{\"@type\":\"ListItem\",\"position\":1,\"name\":\"Home\",\"item\":\"https:\\\/\\\/corpoacao.com.br\\\/blog\\\/\"},{\"@type\":\"ListItem\",\"position\":2,\"name\":\"Vamos Alongar?\"}]},{\"@type\":\"WebSite\",\"@id\":\"https:\\\/\\\/corpoacao.com.br\\\/blog\\\/#website\",\"url\":\"https:\\\/\\\/corpoacao.com.br\\\/blog\\\/\",\"name\":\"Corpo em A\u00e7\u00e3o\",\"description\":\"Blog Ergonomia e qualidade de vida no ambiente de trabalho\",\"publisher\":{\"@id\":\"https:\\\/\\\/corpoacao.com.br\\\/blog\\\/#organization\"},\"potentialAction\":[{\"@type\":\"SearchAction\",\"target\":{\"@type\":\"EntryPoint\",\"urlTemplate\":\"https:\\\/\\\/corpoacao.com.br\\\/blog\\\/?s={search_term_string}\"},\"query-input\":{\"@type\":\"PropertyValueSpecification\",\"valueRequired\":true,\"valueName\":\"search_term_string\"}}],\"inLanguage\":\"pt-BR\"},{\"@type\":\"Organization\",\"@id\":\"https:\\\/\\\/corpoacao.com.br\\\/blog\\\/#organization\",\"name\":\"Corpo em A\u00e7\u00e3o\",\"url\":\"https:\\\/\\\/corpoacao.com.br\\\/blog\\\/\",\"logo\":{\"@type\":\"ImageObject\",\"inLanguage\":\"pt-BR\",\"@id\":\"https:\\\/\\\/corpoacao.com.br\\\/blog\\\/#\\\/schema\\\/logo\\\/image\\\/\",\"url\":\"https:\\\/\\\/corpoacao.com.br\\\/blog\\\/wp-content\\\/uploads\\\/2023\\\/04\\\/ginastica-laboral.png\",\"contentUrl\":\"https:\\\/\\\/corpoacao.com.br\\\/blog\\\/wp-content\\\/uploads\\\/2023\\\/04\\\/ginastica-laboral.png\",\"width\":185,\"height\":128,\"caption\":\"Corpo em A\u00e7\u00e3o\"},\"image\":{\"@id\":\"https:\\\/\\\/corpoacao.com.br\\\/blog\\\/#\\\/schema\\\/logo\\\/image\\\/\"},\"sameAs\":[\"https:\\\/\\\/www.facebook.com\\\/corpoemacao.poa\\\/\",\"https:\\\/\\\/www.instagram.com\\\/corpoemacaopoa\\\/\"]},{\"@type\":\"Person\",\"@id\":\"https:\\\/\\\/corpoacao.com.br\\\/blog\\\/#\\\/schema\\\/person\\\/8511fda2e04a521379dee132a34c889e\",\"name\":\"Morgana Lovato Cantarelli\",\"image\":{\"@type\":\"ImageObject\",\"inLanguage\":\"pt-BR\",\"@id\":\"https:\\\/\\\/secure.gravatar.com\\\/avatar\\\/7a246dbb5756847be4e8d937d3645cb75b1afbf687c106886d0b09172c1ee291?s=96&d=mm&r=g\",\"url\":\"https:\\\/\\\/secure.gravatar.com\\\/avatar\\\/7a246dbb5756847be4e8d937d3645cb75b1afbf687c106886d0b09172c1ee291?s=96&d=mm&r=g\",\"contentUrl\":\"https:\\\/\\\/secure.gravatar.com\\\/avatar\\\/7a246dbb5756847be4e8d937d3645cb75b1afbf687c106886d0b09172c1ee291?s=96&d=mm&r=g\",\"caption\":\"Morgana Lovato Cantarelli\"},\"description\":\"Propriet\u00e1ria da Empresa Corpo em A\u00e7\u00e3o , educadora f\u00edsica formada no IPA (1991), especializada em pedagogia do treinamento desportivo, especializada em pilates, palestrante, professora de massoterapia e Estado do Rio Grande do Sul\",\"url\":\"https:\\\/\\\/corpoacao.com.br\\\/blog\\\/author\\\/admin\\\/\"}]}<\/script>\n<!-- \/ Yoast SEO Premium plugin. -->","yoast_head_json":{"title":"Vamos Alongar? - Corpo em A\u00e7\u00e3o","robots":{"index":"index","follow":"follow","max-snippet":"max-snippet:-1","max-image-preview":"max-image-preview:large","max-video-preview":"max-video-preview:-1"},"canonical":"https:\/\/corpoacao.com.br\/blog\/vamos-alongar\/","og_locale":"pt_BR","og_type":"article","og_title":"Vamos Alongar?","og_description":"O alongamento \u00e9 um h\u00e1bito que eleva o bem-estar do corpo e da mente. &nbsp;Voc\u00eas j\u00e1 alongaram hoje? N\u00e3o? \u201cBora\u201d l\u00e1 ent\u00e3o praticar e conferir as dicas que preparamos para voc\u00eas. Segundo o Dr. Juliano Voltarelli, ortopedista e traumatologista da\u00a0Ortocity, o\u00a0alongamento \u00e9 um tipo de atividade f\u00edsica que promove\u00a0\u00a0 a manuten\u00e7\u00e3o \u00a0ou o aumento da [&hellip;]","og_url":"https:\/\/corpoacao.com.br\/blog\/vamos-alongar\/","og_site_name":"Corpo em A\u00e7\u00e3o","article_publisher":"https:\/\/www.facebook.com\/corpoemacao.poa\/","article_published_time":"2022-08-29T01:41:53+00:00","article_modified_time":"2022-08-29T01:42:32+00:00","og_image":[{"width":1080,"height":1080,"url":"https:\/\/corpoacao.com.br\/blog\/wp-content\/uploads\/2022\/08\/Comunica\u00e7\u00e3o-interpessoal-1.jpg","type":"image\/jpeg"}],"author":"Morgana Lovato Cantarelli","twitter_card":"summary_large_image","twitter_misc":{"Escrito por":"Morgana Lovato Cantarelli","Est. tempo de leitura":"3 minutos"},"schema":{"@context":"https:\/\/schema.org","@graph":[{"@type":"Article","@id":"https:\/\/corpoacao.com.br\/blog\/vamos-alongar\/#article","isPartOf":{"@id":"https:\/\/corpoacao.com.br\/blog\/vamos-alongar\/"},"author":{"name":"Morgana Lovato Cantarelli","@id":"https:\/\/corpoacao.com.br\/blog\/#\/schema\/person\/8511fda2e04a521379dee132a34c889e"},"headline":"Vamos Alongar?","datePublished":"2022-08-29T01:41:53+00:00","dateModified":"2022-08-29T01:42:32+00:00","mainEntityOfPage":{"@id":"https:\/\/corpoacao.com.br\/blog\/vamos-alongar\/"},"wordCount":584,"commentCount":0,"publisher":{"@id":"https:\/\/corpoacao.com.br\/blog\/#organization"},"image":{"@id":"https:\/\/corpoacao.com.br\/blog\/vamos-alongar\/#primaryimage"},"thumbnailUrl":"https:\/\/corpoacao.com.br\/blog\/wp-content\/uploads\/2022\/08\/Comunica\u00e7\u00e3o-interpessoal-1.jpg","inLanguage":"pt-BR","potentialAction":[{"@type":"CommentAction","name":"Comment","target":["https:\/\/corpoacao.com.br\/blog\/vamos-alongar\/#respond"]}]},{"@type":"WebPage","@id":"https:\/\/corpoacao.com.br\/blog\/vamos-alongar\/","url":"https:\/\/corpoacao.com.br\/blog\/vamos-alongar\/","name":"Vamos Alongar? - Corpo em A\u00e7\u00e3o","isPartOf":{"@id":"https:\/\/corpoacao.com.br\/blog\/#website"},"primaryImageOfPage":{"@id":"https:\/\/corpoacao.com.br\/blog\/vamos-alongar\/#primaryimage"},"image":{"@id":"https:\/\/corpoacao.com.br\/blog\/vamos-alongar\/#primaryimage"},"thumbnailUrl":"https:\/\/corpoacao.com.br\/blog\/wp-content\/uploads\/2022\/08\/Comunica\u00e7\u00e3o-interpessoal-1.jpg","datePublished":"2022-08-29T01:41:53+00:00","dateModified":"2022-08-29T01:42:32+00:00","breadcrumb":{"@id":"https:\/\/corpoacao.com.br\/blog\/vamos-alongar\/#breadcrumb"},"inLanguage":"pt-BR","potentialAction":[{"@type":"ReadAction","target":["https:\/\/corpoacao.com.br\/blog\/vamos-alongar\/"]}]},{"@type":"ImageObject","inLanguage":"pt-BR","@id":"https:\/\/corpoacao.com.br\/blog\/vamos-alongar\/#primaryimage","url":"https:\/\/corpoacao.com.br\/blog\/wp-content\/uploads\/2022\/08\/Comunica\u00e7\u00e3o-interpessoal-1.jpg","contentUrl":"https:\/\/corpoacao.com.br\/blog\/wp-content\/uploads\/2022\/08\/Comunica\u00e7\u00e3o-interpessoal-1.jpg","width":1080,"height":1080},{"@type":"BreadcrumbList","@id":"https:\/\/corpoacao.com.br\/blog\/vamos-alongar\/#breadcrumb","itemListElement":[{"@type":"ListItem","position":1,"name":"Home","item":"https:\/\/corpoacao.com.br\/blog\/"},{"@type":"ListItem","position":2,"name":"Vamos Alongar?"}]},{"@type":"WebSite","@id":"https:\/\/corpoacao.com.br\/blog\/#website","url":"https:\/\/corpoacao.com.br\/blog\/","name":"Corpo em A\u00e7\u00e3o","description":"Blog Ergonomia e qualidade de vida no ambiente de trabalho","publisher":{"@id":"https:\/\/corpoacao.com.br\/blog\/#organization"},"potentialAction":[{"@type":"SearchAction","target":{"@type":"EntryPoint","urlTemplate":"https:\/\/corpoacao.com.br\/blog\/?s={search_term_string}"},"query-input":{"@type":"PropertyValueSpecification","valueRequired":true,"valueName":"search_term_string"}}],"inLanguage":"pt-BR"},{"@type":"Organization","@id":"https:\/\/corpoacao.com.br\/blog\/#organization","name":"Corpo em A\u00e7\u00e3o","url":"https:\/\/corpoacao.com.br\/blog\/","logo":{"@type":"ImageObject","inLanguage":"pt-BR","@id":"https:\/\/corpoacao.com.br\/blog\/#\/schema\/logo\/image\/","url":"https:\/\/corpoacao.com.br\/blog\/wp-content\/uploads\/2023\/04\/ginastica-laboral.png","contentUrl":"https:\/\/corpoacao.com.br\/blog\/wp-content\/uploads\/2023\/04\/ginastica-laboral.png","width":185,"height":128,"caption":"Corpo em A\u00e7\u00e3o"},"image":{"@id":"https:\/\/corpoacao.com.br\/blog\/#\/schema\/logo\/image\/"},"sameAs":["https:\/\/www.facebook.com\/corpoemacao.poa\/","https:\/\/www.instagram.com\/corpoemacaopoa\/"]},{"@type":"Person","@id":"https:\/\/corpoacao.com.br\/blog\/#\/schema\/person\/8511fda2e04a521379dee132a34c889e","name":"Morgana Lovato Cantarelli","image":{"@type":"ImageObject","inLanguage":"pt-BR","@id":"https:\/\/secure.gravatar.com\/avatar\/7a246dbb5756847be4e8d937d3645cb75b1afbf687c106886d0b09172c1ee291?s=96&d=mm&r=g","url":"https:\/\/secure.gravatar.com\/avatar\/7a246dbb5756847be4e8d937d3645cb75b1afbf687c106886d0b09172c1ee291?s=96&d=mm&r=g","contentUrl":"https:\/\/secure.gravatar.com\/avatar\/7a246dbb5756847be4e8d937d3645cb75b1afbf687c106886d0b09172c1ee291?s=96&d=mm&r=g","caption":"Morgana Lovato Cantarelli"},"description":"Propriet\u00e1ria da Empresa Corpo em A\u00e7\u00e3o , educadora f\u00edsica formada no IPA (1991), especializada em pedagogia do treinamento desportivo, especializada em pilates, palestrante, professora de massoterapia e Estado do Rio Grande do Sul","url":"https:\/\/corpoacao.com.br\/blog\/author\/admin\/"}]}},"_links":{"self":[{"href":"https:\/\/corpoacao.com.br\/blog\/wp-json\/wp\/v2\/posts\/1464","targetHints":{"allow":["GET"]}}],"collection":[{"href":"https:\/\/corpoacao.com.br\/blog\/wp-json\/wp\/v2\/posts"}],"about":[{"href":"https:\/\/corpoacao.com.br\/blog\/wp-json\/wp\/v2\/types\/post"}],"author":[{"embeddable":true,"href":"https:\/\/corpoacao.com.br\/blog\/wp-json\/wp\/v2\/users\/1"}],"replies":[{"embeddable":true,"href":"https:\/\/corpoacao.com.br\/blog\/wp-json\/wp\/v2\/comments?post=1464"}],"version-history":[{"count":1,"href":"https:\/\/corpoacao.com.br\/blog\/wp-json\/wp\/v2\/posts\/1464\/revisions"}],"predecessor-version":[{"id":1466,"href":"https:\/\/corpoacao.com.br\/blog\/wp-json\/wp\/v2\/posts\/1464\/revisions\/1466"}],"wp:featuredmedia":[{"embeddable":true,"href":"https:\/\/corpoacao.com.br\/blog\/wp-json\/wp\/v2\/media\/1467"}],"wp:attachment":[{"href":"https:\/\/corpoacao.com.br\/blog\/wp-json\/wp\/v2\/media?parent=1464"}],"wp:term":[{"taxonomy":"category","embeddable":true,"href":"https:\/\/corpoacao.com.br\/blog\/wp-json\/wp\/v2\/categories?post=1464"},{"taxonomy":"post_tag","embeddable":true,"href":"https:\/\/corpoacao.com.br\/blog\/wp-json\/wp\/v2\/tags?post=1464"}],"curies":[{"name":"wp","href":"https:\/\/api.w.org\/{rel}","templated":true}]}}