{"id":1469,"date":"2022-09-04T22:58:29","date_gmt":"2022-09-05T01:58:29","guid":{"rendered":"https:\/\/www.corpoacao.com.br\/blog\/?p=1469"},"modified":"2022-09-04T22:58:29","modified_gmt":"2022-09-05T01:58:29","slug":"setembro-amarelo-a-vida-e-a-melhor-escolha","status":"publish","type":"post","link":"https:\/\/corpoacao.com.br\/blog\/setembro-amarelo-a-vida-e-a-melhor-escolha\/","title":{"rendered":"Setembro Amarelo &#8211; A vida \u00e9 a melhor escolha"},"content":{"rendered":"\n<p>Setembro \u00e9 o m\u00eas de promovermos a VIDA!<\/p>\n\n\n\n<p>\u00a0Segundo a nossa parceira Psic\u00f3loga Caroline Nunes, \u201c precisamos cada vez mais falar sobre sa\u00fade mental nos espa\u00e7os laborais, construindo um ambiente acolhedor e de muito cuidado\u201d.<\/p>\n\n\n\n<figure class=\"wp-block-image\"><img fetchpriority=\"high\" decoding=\"async\" width=\"1024\" height=\"1024\" src=\"https:\/\/corpoacao.com.br\/blog\/wp-content\/uploads\/2022\/09\/Comunica\u00e7\u00e3o-interpessoal-2-1024x1024.png\" alt=\"\" class=\"wp-image-1470\" srcset=\"https:\/\/corpoacao.com.br\/blog\/wp-content\/uploads\/2022\/09\/Comunica\u00e7\u00e3o-interpessoal-2-1024x1024.png 1024w, https:\/\/corpoacao.com.br\/blog\/wp-content\/uploads\/2022\/09\/Comunica\u00e7\u00e3o-interpessoal-2-150x150.png 150w, https:\/\/corpoacao.com.br\/blog\/wp-content\/uploads\/2022\/09\/Comunica\u00e7\u00e3o-interpessoal-2-300x300.png 300w, https:\/\/corpoacao.com.br\/blog\/wp-content\/uploads\/2022\/09\/Comunica\u00e7\u00e3o-interpessoal-2-768x768.png 768w, https:\/\/corpoacao.com.br\/blog\/wp-content\/uploads\/2022\/09\/Comunica\u00e7\u00e3o-interpessoal-2.png 1080w\" sizes=\"(max-width: 1024px) 100vw, 1024px\" \/><\/figure>\n\n\n\n<p>Desde 2014, a Associa\u00e7\u00e3o Brasileira de Psiquiatria \u2013 ABP, em parceria com o Conselho Federal de Medicina \u2013 CFM, organiza, em territ\u00f3rio nacional, o Setembro Amarelo\u00ae. O dia 10 deste m\u00eas \u00e9, oficialmente, o Dia Mundial de Preven\u00e7\u00e3o ao Suic\u00eddio, mas a iniciativa acontece durante todo o ano. Atualmente, o Setembro Amarelo\u00ae \u00e9 a maior campanha anti estigma do mundo! Em 2022, o lema \u00e9 \u201cA vida \u00e9 a melhor escolha!&nbsp;<br><\/p>\n\n\n\n<p>O suic\u00eddio \u00e9 uma triste realidade que atinge o mundo todo e gera grandes preju\u00edzos \u00e0 sociedade. De acordo com a \u00faltima pesquisa realizada pela Organiza\u00e7\u00e3o Mundial da Sa\u00fade &#8211; OMS em 2019, s\u00e3o registrados mais de 700 mil suic\u00eddios em todo o mundo, sem contar com os epis\u00f3dios subnotificados, pois com isso, estima-se mais de 01 milh\u00f5es de casos. No Brasil, os registros se aproximam de 14 mil casos por ano, ou seja, em m\u00e9dia 38 pessoas cometem suic\u00eddio por dia.&nbsp;<\/p>\n\n\n\n<p>Embora os n\u00fameros estejam diminuindo em todo o mundo, os pa\u00edses das Am\u00e9ricas v\u00e3o na contram\u00e3o dessa tend\u00eancia, com \u00edndices que n\u00e3o param de aumentar, segundo a OMS. Sabe-se que praticamente 100% de todos os casos de suic\u00eddio estavam relacionados \u00e0s doen\u00e7as mentais, principalmente n\u00e3o diagnosticadas ou tratadas incorretamente. Dessa forma, a maioria dos casos poderia ter sido evitada se esses pacientes tivessem acesso ao tratamento psiqui\u00e1trico e informa\u00e7\u00f5es de qualidade.&nbsp;<\/p>\n\n\n\n<p><strong>Setembro Amarelo\u00ae 2022: a vida \u00e9 a melhor escolha!&nbsp;<\/strong><\/p>\n\n\n\n<p>Todos n\u00f3s devemos atuar ativamente na conscientiza\u00e7\u00e3o da import\u00e2ncia que a vida tem e ajudar na preven\u00e7\u00e3o do suic\u00eddio, tema que ainda \u00e9 visto como tabu. \u00c9 importante falar sobre o assunto para que as pessoas que estejam passando por momentos dif\u00edceis e de crise busquem ajuda e entendam que a vida sempre vai ser a melhor escolha.<\/p>\n\n\n\n<p>Quando uma pessoa decide terminar com a sua vida, os seus pensamentos, sentimentos e a\u00e7\u00f5es apresentam-se muito restritivos, ou seja, ela pensa constantemente sobre o suic\u00eddio e \u00e9 incapaz de perceber outras maneiras de enfrentar ou de sair do problema. Essas pessoas pensam rigidamente pela distor\u00e7\u00e3o que o sofrimento emocional imp\u00f5e.&nbsp;<\/p>\n\n\n\n<p>Se informar para aprender e ajudar o pr\u00f3ximo \u00e9 a melhor sa\u00edda para lutar contra esse problema t\u00e3o grave. \u00c9 muito importante que as pessoas pr\u00f3ximas saibam identificar que algu\u00e9m est\u00e1 pensando em se matar e a ajude, tendo uma escuta ativa e sem julgamentos, mostrar que est\u00e1 dispon\u00edvel para ajudar e demonstrar empatia, mas principalmente levando-a ao m\u00e9dico psiquiatra, que vai saber como manejar a situa\u00e7\u00e3o e salvar esse paciente.<br><\/p>\n\n\n\n<p><strong>Grupos de Riscos:&nbsp;<\/strong><\/p>\n\n\n\n<ul class=\"wp-block-list\"><li>Fatores psiqui\u00e1tricos e psicol\u00f3gicos (Depress\u00e3o, bipolaridade);<\/li><li>Fatores econ\u00f4micos;<\/li><li>Fatores sociais e culturais;<\/li><li>Fatores gen\u00e9ticos;<\/li><li>Hist\u00f3rico familiar;<\/li><li>Fatores religiosos;<\/li><li>Os enlutados;<\/li><li>Pessoas que viveram abandonos;<\/li><li>V\u00edtimas de viola\u00e7\u00f5es de direitos;<\/li><li>Fracasso escolar\/profissional;<\/li><li>Falta de reconhecimento e valoriza\u00e7\u00e3o;<\/li><li>Grupos minorit\u00e1rios: mulheres, LGBTQIAP+.<\/li><\/ul>\n\n\n\n<p>Participe conosco, divulgue a campanha entre os seus amigos e&nbsp;nos ajude a salvar vidas pois 90% dos casos de suic\u00eddio poderiam ser evitados, se as v\u00edtimas tivessem acesso ao tratamento e acompanhamento psiqui\u00e1trico e informa\u00e7\u00f5es de qualidade, aponta OMS.<\/p>\n\n\n\n<p><\/p>\n\n\n\n<p>&nbsp;A informa\u00e7\u00e3o \u00e9 o melhor caminho para preven\u00e7\u00e3o! Fa\u00e7a o download, a&nbsp;<a href=\"http:\/\/www.flip3d.com.br\/web\/pub\/cfm\/index9\/?numero=14\">Cartilha Suic\u00eddio Informando para Prevenir<\/a>&nbsp;.<\/p>\n\n\n\n<p>Fonte:&nbsp;<\/p>\n\n\n\n<p><a href=\"https:\/\/www.setembroamarelo.com\/https:\/\/www.dm.com.br\/saude\/2022\/09\/setembro-amarelo-a-vida-e-a-melhor-escolha\/\">https:\/\/www.setembroamarelo.com\/https:\/\/www.dm.com.br\/saude\/2022\/09\/setembro-amarelo-a-vida-e-a-melhor-escolha\/<\/a><\/p>\n","protected":false},"excerpt":{"rendered":"<p>Setembro \u00e9 o m\u00eas de promovermos a VIDA! \u00a0Segundo a nossa parceira Psic\u00f3loga Caroline Nunes, \u201c precisamos cada vez mais falar sobre sa\u00fade mental nos espa\u00e7os laborais, construindo um ambiente acolhedor e de muito cuidado\u201d. Desde 2014, a Associa\u00e7\u00e3o Brasileira de Psiquiatria \u2013 ABP, em parceria com o Conselho Federal de Medicina \u2013 CFM, organiza, [&hellip;]<\/p>\n","protected":false},"author":1,"featured_media":1470,"comment_status":"open","ping_status":"open","sticky":false,"template":"","format":"standard","meta":{"_joinchat":[],"footnotes":""},"categories":[1],"tags":[],"class_list":["post-1469","post","type-post","status-publish","format-standard","has-post-thumbnail","hentry","category-sem-categoria"],"yoast_head":"<!-- This site is optimized with the Yoast SEO Premium plugin v20.8 (Yoast SEO v27.4) - https:\/\/yoast.com\/product\/yoast-seo-premium-wordpress\/ -->\n<title>Setembro Amarelo - A vida \u00e9 a melhor escolha - Corpo em A\u00e7\u00e3o<\/title>\n<meta name=\"robots\" content=\"index, follow, max-snippet:-1, max-image-preview:large, max-video-preview:-1\" \/>\n<link rel=\"canonical\" href=\"https:\/\/corpoacao.com.br\/blog\/setembro-amarelo-a-vida-e-a-melhor-escolha\/\" \/>\n<meta property=\"og:locale\" content=\"pt_BR\" \/>\n<meta property=\"og:type\" content=\"article\" \/>\n<meta property=\"og:title\" content=\"Setembro Amarelo - A vida \u00e9 a melhor escolha\" \/>\n<meta property=\"og:description\" content=\"Setembro \u00e9 o m\u00eas de promovermos a VIDA! \u00a0Segundo a nossa parceira Psic\u00f3loga Caroline Nunes, \u201c precisamos cada vez mais falar sobre sa\u00fade mental nos espa\u00e7os laborais, construindo um ambiente acolhedor e de muito cuidado\u201d. Desde 2014, a Associa\u00e7\u00e3o Brasileira de Psiquiatria \u2013 ABP, em parceria com o Conselho Federal de Medicina \u2013 CFM, organiza, [&hellip;]\" \/>\n<meta property=\"og:url\" content=\"https:\/\/corpoacao.com.br\/blog\/setembro-amarelo-a-vida-e-a-melhor-escolha\/\" \/>\n<meta property=\"og:site_name\" content=\"Corpo em A\u00e7\u00e3o\" \/>\n<meta property=\"article:publisher\" content=\"https:\/\/www.facebook.com\/corpoemacao.poa\/\" \/>\n<meta property=\"article:published_time\" content=\"2022-09-05T01:58:29+00:00\" \/>\n<meta property=\"og:image\" content=\"https:\/\/corpoacao.com.br\/blog\/wp-content\/uploads\/2022\/09\/Comunica\u00e7\u00e3o-interpessoal-2.png\" \/>\n\t<meta property=\"og:image:width\" content=\"1080\" \/>\n\t<meta property=\"og:image:height\" content=\"1080\" \/>\n\t<meta property=\"og:image:type\" content=\"image\/png\" \/>\n<meta name=\"author\" content=\"Morgana Lovato Cantarelli\" \/>\n<meta name=\"twitter:card\" content=\"summary_large_image\" \/>\n<meta name=\"twitter:label1\" content=\"Escrito por\" \/>\n\t<meta name=\"twitter:data1\" content=\"Morgana Lovato Cantarelli\" \/>\n\t<meta name=\"twitter:label2\" content=\"Est. tempo de leitura\" \/>\n\t<meta name=\"twitter:data2\" content=\"3 minutos\" \/>\n<script type=\"application\/ld+json\" class=\"yoast-schema-graph\">{\"@context\":\"https:\\\/\\\/schema.org\",\"@graph\":[{\"@type\":\"Article\",\"@id\":\"https:\\\/\\\/corpoacao.com.br\\\/blog\\\/setembro-amarelo-a-vida-e-a-melhor-escolha\\\/#article\",\"isPartOf\":{\"@id\":\"https:\\\/\\\/corpoacao.com.br\\\/blog\\\/setembro-amarelo-a-vida-e-a-melhor-escolha\\\/\"},\"author\":{\"name\":\"Morgana Lovato Cantarelli\",\"@id\":\"https:\\\/\\\/corpoacao.com.br\\\/blog\\\/#\\\/schema\\\/person\\\/8511fda2e04a521379dee132a34c889e\"},\"headline\":\"Setembro Amarelo &#8211; A vida \u00e9 a melhor escolha\",\"datePublished\":\"2022-09-05T01:58:29+00:00\",\"mainEntityOfPage\":{\"@id\":\"https:\\\/\\\/corpoacao.com.br\\\/blog\\\/setembro-amarelo-a-vida-e-a-melhor-escolha\\\/\"},\"wordCount\":619,\"commentCount\":0,\"publisher\":{\"@id\":\"https:\\\/\\\/corpoacao.com.br\\\/blog\\\/#organization\"},\"image\":{\"@id\":\"https:\\\/\\\/corpoacao.com.br\\\/blog\\\/setembro-amarelo-a-vida-e-a-melhor-escolha\\\/#primaryimage\"},\"thumbnailUrl\":\"https:\\\/\\\/corpoacao.com.br\\\/blog\\\/wp-content\\\/uploads\\\/2022\\\/09\\\/Comunica\u00e7\u00e3o-interpessoal-2.png\",\"inLanguage\":\"pt-BR\",\"potentialAction\":[{\"@type\":\"CommentAction\",\"name\":\"Comment\",\"target\":[\"https:\\\/\\\/corpoacao.com.br\\\/blog\\\/setembro-amarelo-a-vida-e-a-melhor-escolha\\\/#respond\"]}]},{\"@type\":\"WebPage\",\"@id\":\"https:\\\/\\\/corpoacao.com.br\\\/blog\\\/setembro-amarelo-a-vida-e-a-melhor-escolha\\\/\",\"url\":\"https:\\\/\\\/corpoacao.com.br\\\/blog\\\/setembro-amarelo-a-vida-e-a-melhor-escolha\\\/\",\"name\":\"Setembro Amarelo - A vida \u00e9 a melhor escolha - Corpo em A\u00e7\u00e3o\",\"isPartOf\":{\"@id\":\"https:\\\/\\\/corpoacao.com.br\\\/blog\\\/#website\"},\"primaryImageOfPage\":{\"@id\":\"https:\\\/\\\/corpoacao.com.br\\\/blog\\\/setembro-amarelo-a-vida-e-a-melhor-escolha\\\/#primaryimage\"},\"image\":{\"@id\":\"https:\\\/\\\/corpoacao.com.br\\\/blog\\\/setembro-amarelo-a-vida-e-a-melhor-escolha\\\/#primaryimage\"},\"thumbnailUrl\":\"https:\\\/\\\/corpoacao.com.br\\\/blog\\\/wp-content\\\/uploads\\\/2022\\\/09\\\/Comunica\u00e7\u00e3o-interpessoal-2.png\",\"datePublished\":\"2022-09-05T01:58:29+00:00\",\"breadcrumb\":{\"@id\":\"https:\\\/\\\/corpoacao.com.br\\\/blog\\\/setembro-amarelo-a-vida-e-a-melhor-escolha\\\/#breadcrumb\"},\"inLanguage\":\"pt-BR\",\"potentialAction\":[{\"@type\":\"ReadAction\",\"target\":[\"https:\\\/\\\/corpoacao.com.br\\\/blog\\\/setembro-amarelo-a-vida-e-a-melhor-escolha\\\/\"]}]},{\"@type\":\"ImageObject\",\"inLanguage\":\"pt-BR\",\"@id\":\"https:\\\/\\\/corpoacao.com.br\\\/blog\\\/setembro-amarelo-a-vida-e-a-melhor-escolha\\\/#primaryimage\",\"url\":\"https:\\\/\\\/corpoacao.com.br\\\/blog\\\/wp-content\\\/uploads\\\/2022\\\/09\\\/Comunica\u00e7\u00e3o-interpessoal-2.png\",\"contentUrl\":\"https:\\\/\\\/corpoacao.com.br\\\/blog\\\/wp-content\\\/uploads\\\/2022\\\/09\\\/Comunica\u00e7\u00e3o-interpessoal-2.png\",\"width\":1080,\"height\":1080},{\"@type\":\"BreadcrumbList\",\"@id\":\"https:\\\/\\\/corpoacao.com.br\\\/blog\\\/setembro-amarelo-a-vida-e-a-melhor-escolha\\\/#breadcrumb\",\"itemListElement\":[{\"@type\":\"ListItem\",\"position\":1,\"name\":\"Home\",\"item\":\"https:\\\/\\\/corpoacao.com.br\\\/blog\\\/\"},{\"@type\":\"ListItem\",\"position\":2,\"name\":\"Setembro Amarelo &#8211; A vida \u00e9 a melhor escolha\"}]},{\"@type\":\"WebSite\",\"@id\":\"https:\\\/\\\/corpoacao.com.br\\\/blog\\\/#website\",\"url\":\"https:\\\/\\\/corpoacao.com.br\\\/blog\\\/\",\"name\":\"Corpo em A\u00e7\u00e3o\",\"description\":\"Blog Ergonomia e qualidade de vida no ambiente de trabalho\",\"publisher\":{\"@id\":\"https:\\\/\\\/corpoacao.com.br\\\/blog\\\/#organization\"},\"potentialAction\":[{\"@type\":\"SearchAction\",\"target\":{\"@type\":\"EntryPoint\",\"urlTemplate\":\"https:\\\/\\\/corpoacao.com.br\\\/blog\\\/?s={search_term_string}\"},\"query-input\":{\"@type\":\"PropertyValueSpecification\",\"valueRequired\":true,\"valueName\":\"search_term_string\"}}],\"inLanguage\":\"pt-BR\"},{\"@type\":\"Organization\",\"@id\":\"https:\\\/\\\/corpoacao.com.br\\\/blog\\\/#organization\",\"name\":\"Corpo em A\u00e7\u00e3o\",\"url\":\"https:\\\/\\\/corpoacao.com.br\\\/blog\\\/\",\"logo\":{\"@type\":\"ImageObject\",\"inLanguage\":\"pt-BR\",\"@id\":\"https:\\\/\\\/corpoacao.com.br\\\/blog\\\/#\\\/schema\\\/logo\\\/image\\\/\",\"url\":\"https:\\\/\\\/corpoacao.com.br\\\/blog\\\/wp-content\\\/uploads\\\/2023\\\/04\\\/ginastica-laboral.png\",\"contentUrl\":\"https:\\\/\\\/corpoacao.com.br\\\/blog\\\/wp-content\\\/uploads\\\/2023\\\/04\\\/ginastica-laboral.png\",\"width\":185,\"height\":128,\"caption\":\"Corpo em A\u00e7\u00e3o\"},\"image\":{\"@id\":\"https:\\\/\\\/corpoacao.com.br\\\/blog\\\/#\\\/schema\\\/logo\\\/image\\\/\"},\"sameAs\":[\"https:\\\/\\\/www.facebook.com\\\/corpoemacao.poa\\\/\",\"https:\\\/\\\/www.instagram.com\\\/corpoemacaopoa\\\/\"]},{\"@type\":\"Person\",\"@id\":\"https:\\\/\\\/corpoacao.com.br\\\/blog\\\/#\\\/schema\\\/person\\\/8511fda2e04a521379dee132a34c889e\",\"name\":\"Morgana Lovato Cantarelli\",\"image\":{\"@type\":\"ImageObject\",\"inLanguage\":\"pt-BR\",\"@id\":\"https:\\\/\\\/secure.gravatar.com\\\/avatar\\\/7a246dbb5756847be4e8d937d3645cb75b1afbf687c106886d0b09172c1ee291?s=96&d=mm&r=g\",\"url\":\"https:\\\/\\\/secure.gravatar.com\\\/avatar\\\/7a246dbb5756847be4e8d937d3645cb75b1afbf687c106886d0b09172c1ee291?s=96&d=mm&r=g\",\"contentUrl\":\"https:\\\/\\\/secure.gravatar.com\\\/avatar\\\/7a246dbb5756847be4e8d937d3645cb75b1afbf687c106886d0b09172c1ee291?s=96&d=mm&r=g\",\"caption\":\"Morgana Lovato Cantarelli\"},\"description\":\"Propriet\u00e1ria da Empresa Corpo em A\u00e7\u00e3o , educadora f\u00edsica formada no IPA (1991), especializada em pedagogia do treinamento desportivo, especializada em pilates, palestrante, professora de massoterapia e Estado do Rio Grande do Sul\",\"url\":\"https:\\\/\\\/corpoacao.com.br\\\/blog\\\/author\\\/admin\\\/\"}]}<\/script>\n<!-- \/ Yoast SEO Premium plugin. -->","yoast_head_json":{"title":"Setembro Amarelo - A vida \u00e9 a melhor escolha - Corpo em A\u00e7\u00e3o","robots":{"index":"index","follow":"follow","max-snippet":"max-snippet:-1","max-image-preview":"max-image-preview:large","max-video-preview":"max-video-preview:-1"},"canonical":"https:\/\/corpoacao.com.br\/blog\/setembro-amarelo-a-vida-e-a-melhor-escolha\/","og_locale":"pt_BR","og_type":"article","og_title":"Setembro Amarelo - A vida \u00e9 a melhor escolha","og_description":"Setembro \u00e9 o m\u00eas de promovermos a VIDA! \u00a0Segundo a nossa parceira Psic\u00f3loga Caroline Nunes, \u201c precisamos cada vez mais falar sobre sa\u00fade mental nos espa\u00e7os laborais, construindo um ambiente acolhedor e de muito cuidado\u201d. Desde 2014, a Associa\u00e7\u00e3o Brasileira de Psiquiatria \u2013 ABP, em parceria com o Conselho Federal de Medicina \u2013 CFM, organiza, [&hellip;]","og_url":"https:\/\/corpoacao.com.br\/blog\/setembro-amarelo-a-vida-e-a-melhor-escolha\/","og_site_name":"Corpo em A\u00e7\u00e3o","article_publisher":"https:\/\/www.facebook.com\/corpoemacao.poa\/","article_published_time":"2022-09-05T01:58:29+00:00","og_image":[{"width":1080,"height":1080,"url":"https:\/\/corpoacao.com.br\/blog\/wp-content\/uploads\/2022\/09\/Comunica\u00e7\u00e3o-interpessoal-2.png","type":"image\/png"}],"author":"Morgana Lovato Cantarelli","twitter_card":"summary_large_image","twitter_misc":{"Escrito por":"Morgana Lovato Cantarelli","Est. tempo de leitura":"3 minutos"},"schema":{"@context":"https:\/\/schema.org","@graph":[{"@type":"Article","@id":"https:\/\/corpoacao.com.br\/blog\/setembro-amarelo-a-vida-e-a-melhor-escolha\/#article","isPartOf":{"@id":"https:\/\/corpoacao.com.br\/blog\/setembro-amarelo-a-vida-e-a-melhor-escolha\/"},"author":{"name":"Morgana Lovato Cantarelli","@id":"https:\/\/corpoacao.com.br\/blog\/#\/schema\/person\/8511fda2e04a521379dee132a34c889e"},"headline":"Setembro Amarelo &#8211; A vida \u00e9 a melhor escolha","datePublished":"2022-09-05T01:58:29+00:00","mainEntityOfPage":{"@id":"https:\/\/corpoacao.com.br\/blog\/setembro-amarelo-a-vida-e-a-melhor-escolha\/"},"wordCount":619,"commentCount":0,"publisher":{"@id":"https:\/\/corpoacao.com.br\/blog\/#organization"},"image":{"@id":"https:\/\/corpoacao.com.br\/blog\/setembro-amarelo-a-vida-e-a-melhor-escolha\/#primaryimage"},"thumbnailUrl":"https:\/\/corpoacao.com.br\/blog\/wp-content\/uploads\/2022\/09\/Comunica\u00e7\u00e3o-interpessoal-2.png","inLanguage":"pt-BR","potentialAction":[{"@type":"CommentAction","name":"Comment","target":["https:\/\/corpoacao.com.br\/blog\/setembro-amarelo-a-vida-e-a-melhor-escolha\/#respond"]}]},{"@type":"WebPage","@id":"https:\/\/corpoacao.com.br\/blog\/setembro-amarelo-a-vida-e-a-melhor-escolha\/","url":"https:\/\/corpoacao.com.br\/blog\/setembro-amarelo-a-vida-e-a-melhor-escolha\/","name":"Setembro Amarelo - A vida \u00e9 a melhor escolha - Corpo em A\u00e7\u00e3o","isPartOf":{"@id":"https:\/\/corpoacao.com.br\/blog\/#website"},"primaryImageOfPage":{"@id":"https:\/\/corpoacao.com.br\/blog\/setembro-amarelo-a-vida-e-a-melhor-escolha\/#primaryimage"},"image":{"@id":"https:\/\/corpoacao.com.br\/blog\/setembro-amarelo-a-vida-e-a-melhor-escolha\/#primaryimage"},"thumbnailUrl":"https:\/\/corpoacao.com.br\/blog\/wp-content\/uploads\/2022\/09\/Comunica\u00e7\u00e3o-interpessoal-2.png","datePublished":"2022-09-05T01:58:29+00:00","breadcrumb":{"@id":"https:\/\/corpoacao.com.br\/blog\/setembro-amarelo-a-vida-e-a-melhor-escolha\/#breadcrumb"},"inLanguage":"pt-BR","potentialAction":[{"@type":"ReadAction","target":["https:\/\/corpoacao.com.br\/blog\/setembro-amarelo-a-vida-e-a-melhor-escolha\/"]}]},{"@type":"ImageObject","inLanguage":"pt-BR","@id":"https:\/\/corpoacao.com.br\/blog\/setembro-amarelo-a-vida-e-a-melhor-escolha\/#primaryimage","url":"https:\/\/corpoacao.com.br\/blog\/wp-content\/uploads\/2022\/09\/Comunica\u00e7\u00e3o-interpessoal-2.png","contentUrl":"https:\/\/corpoacao.com.br\/blog\/wp-content\/uploads\/2022\/09\/Comunica\u00e7\u00e3o-interpessoal-2.png","width":1080,"height":1080},{"@type":"BreadcrumbList","@id":"https:\/\/corpoacao.com.br\/blog\/setembro-amarelo-a-vida-e-a-melhor-escolha\/#breadcrumb","itemListElement":[{"@type":"ListItem","position":1,"name":"Home","item":"https:\/\/corpoacao.com.br\/blog\/"},{"@type":"ListItem","position":2,"name":"Setembro Amarelo &#8211; A vida \u00e9 a melhor escolha"}]},{"@type":"WebSite","@id":"https:\/\/corpoacao.com.br\/blog\/#website","url":"https:\/\/corpoacao.com.br\/blog\/","name":"Corpo em A\u00e7\u00e3o","description":"Blog Ergonomia e qualidade de vida no ambiente de trabalho","publisher":{"@id":"https:\/\/corpoacao.com.br\/blog\/#organization"},"potentialAction":[{"@type":"SearchAction","target":{"@type":"EntryPoint","urlTemplate":"https:\/\/corpoacao.com.br\/blog\/?s={search_term_string}"},"query-input":{"@type":"PropertyValueSpecification","valueRequired":true,"valueName":"search_term_string"}}],"inLanguage":"pt-BR"},{"@type":"Organization","@id":"https:\/\/corpoacao.com.br\/blog\/#organization","name":"Corpo em A\u00e7\u00e3o","url":"https:\/\/corpoacao.com.br\/blog\/","logo":{"@type":"ImageObject","inLanguage":"pt-BR","@id":"https:\/\/corpoacao.com.br\/blog\/#\/schema\/logo\/image\/","url":"https:\/\/corpoacao.com.br\/blog\/wp-content\/uploads\/2023\/04\/ginastica-laboral.png","contentUrl":"https:\/\/corpoacao.com.br\/blog\/wp-content\/uploads\/2023\/04\/ginastica-laboral.png","width":185,"height":128,"caption":"Corpo em A\u00e7\u00e3o"},"image":{"@id":"https:\/\/corpoacao.com.br\/blog\/#\/schema\/logo\/image\/"},"sameAs":["https:\/\/www.facebook.com\/corpoemacao.poa\/","https:\/\/www.instagram.com\/corpoemacaopoa\/"]},{"@type":"Person","@id":"https:\/\/corpoacao.com.br\/blog\/#\/schema\/person\/8511fda2e04a521379dee132a34c889e","name":"Morgana Lovato Cantarelli","image":{"@type":"ImageObject","inLanguage":"pt-BR","@id":"https:\/\/secure.gravatar.com\/avatar\/7a246dbb5756847be4e8d937d3645cb75b1afbf687c106886d0b09172c1ee291?s=96&d=mm&r=g","url":"https:\/\/secure.gravatar.com\/avatar\/7a246dbb5756847be4e8d937d3645cb75b1afbf687c106886d0b09172c1ee291?s=96&d=mm&r=g","contentUrl":"https:\/\/secure.gravatar.com\/avatar\/7a246dbb5756847be4e8d937d3645cb75b1afbf687c106886d0b09172c1ee291?s=96&d=mm&r=g","caption":"Morgana Lovato Cantarelli"},"description":"Propriet\u00e1ria da Empresa Corpo em A\u00e7\u00e3o , educadora f\u00edsica formada no IPA (1991), especializada em pedagogia do treinamento desportivo, especializada em pilates, palestrante, professora de massoterapia e Estado do Rio Grande do Sul","url":"https:\/\/corpoacao.com.br\/blog\/author\/admin\/"}]}},"_links":{"self":[{"href":"https:\/\/corpoacao.com.br\/blog\/wp-json\/wp\/v2\/posts\/1469","targetHints":{"allow":["GET"]}}],"collection":[{"href":"https:\/\/corpoacao.com.br\/blog\/wp-json\/wp\/v2\/posts"}],"about":[{"href":"https:\/\/corpoacao.com.br\/blog\/wp-json\/wp\/v2\/types\/post"}],"author":[{"embeddable":true,"href":"https:\/\/corpoacao.com.br\/blog\/wp-json\/wp\/v2\/users\/1"}],"replies":[{"embeddable":true,"href":"https:\/\/corpoacao.com.br\/blog\/wp-json\/wp\/v2\/comments?post=1469"}],"version-history":[{"count":1,"href":"https:\/\/corpoacao.com.br\/blog\/wp-json\/wp\/v2\/posts\/1469\/revisions"}],"predecessor-version":[{"id":1471,"href":"https:\/\/corpoacao.com.br\/blog\/wp-json\/wp\/v2\/posts\/1469\/revisions\/1471"}],"wp:featuredmedia":[{"embeddable":true,"href":"https:\/\/corpoacao.com.br\/blog\/wp-json\/wp\/v2\/media\/1470"}],"wp:attachment":[{"href":"https:\/\/corpoacao.com.br\/blog\/wp-json\/wp\/v2\/media?parent=1469"}],"wp:term":[{"taxonomy":"category","embeddable":true,"href":"https:\/\/corpoacao.com.br\/blog\/wp-json\/wp\/v2\/categories?post=1469"},{"taxonomy":"post_tag","embeddable":true,"href":"https:\/\/corpoacao.com.br\/blog\/wp-json\/wp\/v2\/tags?post=1469"}],"curies":[{"name":"wp","href":"https:\/\/api.w.org\/{rel}","templated":true}]}}