{"id":1472,"date":"2022-09-11T18:19:36","date_gmt":"2022-09-11T21:19:36","guid":{"rendered":"https:\/\/www.corpoacao.com.br\/blog\/?p=1472"},"modified":"2022-10-06T18:27:00","modified_gmt":"2022-10-06T21:27:00","slug":"combate-e-prevencao-a-trombose","status":"publish","type":"post","link":"https:\/\/corpoacao.com.br\/blog\/combate-e-prevencao-a-trombose\/","title":{"rendered":"Combate e Preven\u00e7\u00e3o \u00e0 Trombose"},"content":{"rendered":"\n<p>16 de setembro: Dia Nacional de Combate e Preven\u00e7\u00e3o \u00e0 Trombose<\/p>\n\n\n\n<p>Institu\u00edda pelo Congresso Nacional, a data visa chamar a aten\u00e7\u00e3o da popula\u00e7\u00e3o para os riscos e a preven\u00e7\u00e3o da trombose, causa importante de mortalidade no mundo todo.<\/p>\n\n\n\n<figure class=\"wp-block-image\"><img fetchpriority=\"high\" decoding=\"async\" width=\"1024\" height=\"1024\" src=\"https:\/\/corpoacao.com.br\/blog\/wp-content\/uploads\/2022\/09\/Combate-e-Preven\u00e7\u00e3o-a-Trombose-1024x1024.png\" alt=\"\" class=\"wp-image-1473\" srcset=\"https:\/\/corpoacao.com.br\/blog\/wp-content\/uploads\/2022\/09\/Combate-e-Preven\u00e7\u00e3o-a-Trombose-1024x1024.png 1024w, https:\/\/corpoacao.com.br\/blog\/wp-content\/uploads\/2022\/09\/Combate-e-Preven\u00e7\u00e3o-a-Trombose-150x150.png 150w, https:\/\/corpoacao.com.br\/blog\/wp-content\/uploads\/2022\/09\/Combate-e-Preven\u00e7\u00e3o-a-Trombose-300x300.png 300w, https:\/\/corpoacao.com.br\/blog\/wp-content\/uploads\/2022\/09\/Combate-e-Preven\u00e7\u00e3o-a-Trombose-768x768.png 768w, https:\/\/corpoacao.com.br\/blog\/wp-content\/uploads\/2022\/09\/Combate-e-Preven\u00e7\u00e3o-a-Trombose.png 1080w\" sizes=\"(max-width: 1024px) 100vw, 1024px\" \/><\/figure>\n\n\n\n<p>A trombose \u00e9 a forma\u00e7\u00e3o de co\u00e1gulos potencialmente mortais na art\u00e9ria (trombose arterial) ou veia (trombose venosa). Uma vez formado, um co\u00e1gulo pode retardar ou bloquear o fluxo sangu\u00edneo normal, e at\u00e9 se soltar e viajar para algum \u00f3rg\u00e3o. Isso pode resultar em les\u00e3o significativa, incluindo ataque card\u00edaco, derrame e o tromboembolismo venoso (TEV).<\/p>\n\n\n\n<div class=\"wp-block-image\"><figure class=\"aligncenter\"><img decoding=\"async\" src=\"https:\/\/lh6.googleusercontent.com\/zoJWHePAzfNTVyh4CqQ3NAZC8Fzd4KZt3f6ZddqoepfDr4wNjeh1xsUvdXP5-48-1-_9ovOzr1R2X4qCDU818Kr70hQqnJZkslFGiCbOKV5-tFZOmjYJdBPfrO3pkpyDuqpi3elRjn8lDKtkZxcR_9WJbxiCJVuJ2RQN0kKQNvuoQTkCVZln3Cr-X1-dLbIUPcSexQ\" alt=\"https:\/\/hc.unicamp.br\/wp-content\/uploads\/2018\/10\/pulmonary-embolism.jpg\"\/><\/figure><\/div>\n\n\n\n<p>A Trombose \u00e9 uma doen\u00e7a silenciosa. Uma em cada quatro mortes no mundo est\u00e1 relacionada a uma doen\u00e7a silenciosa (assintom\u00e1tica), com diagn\u00f3stico cl\u00ednico dif\u00edcil.  A trombose acomete principalmente as veias das pernas (trombose venosa profunda) e os pulm\u00f5es (embolia pulmonar), esta \u00faltima uma das principais preocupa\u00e7\u00f5es de m\u00e9dicos ap\u00f3s cirurgias de grande porte. <br>\nDe acordo com a professora Joyce Maria Annichino-Bizzacchi, respons\u00e1vel pelo ambulat\u00f3rio de trombose do Hemocentro da Unicamp, a TVP acomete principalmente os membros inferiores (cerca de 90% dos casos).<\/p>\n\n\n\n<p>Os sintomas, diz, mais comuns s\u00e3o o incha\u00e7o e a dor. \u201cNa verdade, at\u00e9 60 por cento de todos os casos de TEV ocorrem associados a um fator de risco adquirido como cirurgias, imobiliza\u00e7\u00e3o, interna\u00e7\u00e3o prolongada, uso de anticoncepcionais hormonais conjugados, gesta\u00e7\u00e3o, viagem a\u00e9rea longa, c\u00e2ncer, obesidade, presen\u00e7a de anticorpos antifosfolip\u00eddios, entre outros. Todos esses fatores devem ser avaliados para se conhecer o risco do desenvolvimento de trombose, afim de implementar medidas profil\u00e1ticas\u201d, ressalta Annichino-Bizzacchi.<\/p>\n\n\n\n<p>De acordo com a hematologista da Unicamp, fatores heredit\u00e1rios tamb\u00e9m est\u00e3o envolvidos, mas somente devem ser investigados em pacientes com hist\u00f3ria familiar ou com trombose em idade abaixo de 50 anos e sem fatores de risco adquiridos.<\/p>\n\n\n\n<p><strong>Quais as principais orienta\u00e7\u00f5es para que a trombose seja evitada?<\/strong><\/p>\n\n\n\n<p>Segundo hematologista e chefe do Servi\u00e7o de Hematologia do Hospital das Cl\u00ednicas da UFG, Dr.  Renato Sampaio Tavares, \u201ccuidar bem da sa\u00fade \u00e9 essencial. Evitar excesso de peso, praticar atividades f\u00edsicas frequentes, cuidados no uso de horm\u00f4nios (em especial horm\u00f4nios femininos), usar meias el\u00e1sticas em viagens prolongadas e, quando indicada, profilaxia com anticoagulantes ap\u00f3s cirurgias e interna\u00e7\u00f5es s\u00e3o as medidas mais importantes na preven\u00e7\u00e3o das tromboses venosas\u201d.<\/p>\n\n\n\n<p>Fonte: <br>\nhttps:\/\/hc.unicamp.br\/trombose-uma-doenca-silenciosa-alertada-em-dia-mundial\/<br>\nhttps:\/\/www.gov.br <\/p>\n\n\n\n<p><br><\/p>\n","protected":false},"excerpt":{"rendered":"<p>16 de setembro: Dia Nacional de Combate e Preven\u00e7\u00e3o \u00e0 Trombose Institu\u00edda pelo Congresso Nacional, a data visa chamar a aten\u00e7\u00e3o da popula\u00e7\u00e3o para os riscos e a preven\u00e7\u00e3o da trombose, causa importante de mortalidade no mundo todo. A trombose \u00e9 a forma\u00e7\u00e3o de co\u00e1gulos potencialmente mortais na art\u00e9ria (trombose arterial) ou veia (trombose venosa). [&hellip;]<\/p>\n","protected":false},"author":1,"featured_media":1473,"comment_status":"open","ping_status":"open","sticky":false,"template":"","format":"standard","meta":{"_joinchat":[],"footnotes":""},"categories":[1],"tags":[],"class_list":["post-1472","post","type-post","status-publish","format-standard","has-post-thumbnail","hentry","category-sem-categoria"],"yoast_head":"<!-- This site is optimized with the Yoast SEO Premium plugin v20.8 (Yoast SEO v27.4) - https:\/\/yoast.com\/product\/yoast-seo-premium-wordpress\/ -->\n<title>Combate e Preven\u00e7\u00e3o \u00e0 Trombose - Corpo em A\u00e7\u00e3o<\/title>\n<meta name=\"robots\" content=\"index, follow, max-snippet:-1, max-image-preview:large, max-video-preview:-1\" \/>\n<link rel=\"canonical\" href=\"https:\/\/corpoacao.com.br\/blog\/combate-e-prevencao-a-trombose\/\" \/>\n<meta property=\"og:locale\" content=\"pt_BR\" \/>\n<meta property=\"og:type\" content=\"article\" \/>\n<meta property=\"og:title\" content=\"Combate e Preven\u00e7\u00e3o \u00e0 Trombose\" \/>\n<meta property=\"og:description\" content=\"16 de setembro: Dia Nacional de Combate e Preven\u00e7\u00e3o \u00e0 Trombose Institu\u00edda pelo Congresso Nacional, a data visa chamar a aten\u00e7\u00e3o da popula\u00e7\u00e3o para os riscos e a preven\u00e7\u00e3o da trombose, causa importante de mortalidade no mundo todo. A trombose \u00e9 a forma\u00e7\u00e3o de co\u00e1gulos potencialmente mortais na art\u00e9ria (trombose arterial) ou veia (trombose venosa). [&hellip;]\" \/>\n<meta property=\"og:url\" content=\"https:\/\/corpoacao.com.br\/blog\/combate-e-prevencao-a-trombose\/\" \/>\n<meta property=\"og:site_name\" content=\"Corpo em A\u00e7\u00e3o\" \/>\n<meta property=\"article:publisher\" content=\"https:\/\/www.facebook.com\/corpoemacao.poa\/\" \/>\n<meta property=\"article:published_time\" content=\"2022-09-11T21:19:36+00:00\" \/>\n<meta property=\"article:modified_time\" content=\"2022-10-06T21:27:00+00:00\" \/>\n<meta property=\"og:image\" content=\"https:\/\/corpoacao.com.br\/blog\/wp-content\/uploads\/2022\/09\/Combate-e-Preven\u00e7\u00e3o-a-Trombose.png\" \/>\n\t<meta property=\"og:image:width\" content=\"1080\" \/>\n\t<meta property=\"og:image:height\" content=\"1080\" \/>\n\t<meta property=\"og:image:type\" content=\"image\/png\" \/>\n<meta name=\"author\" content=\"Morgana Lovato Cantarelli\" \/>\n<meta name=\"twitter:card\" content=\"summary_large_image\" \/>\n<meta name=\"twitter:label1\" content=\"Escrito por\" \/>\n\t<meta name=\"twitter:data1\" content=\"Morgana Lovato Cantarelli\" \/>\n\t<meta name=\"twitter:label2\" content=\"Est. tempo de leitura\" \/>\n\t<meta name=\"twitter:data2\" content=\"2 minutos\" \/>\n<script type=\"application\/ld+json\" class=\"yoast-schema-graph\">{\"@context\":\"https:\\\/\\\/schema.org\",\"@graph\":[{\"@type\":\"Article\",\"@id\":\"https:\\\/\\\/corpoacao.com.br\\\/blog\\\/combate-e-prevencao-a-trombose\\\/#article\",\"isPartOf\":{\"@id\":\"https:\\\/\\\/corpoacao.com.br\\\/blog\\\/combate-e-prevencao-a-trombose\\\/\"},\"author\":{\"name\":\"Morgana Lovato Cantarelli\",\"@id\":\"https:\\\/\\\/corpoacao.com.br\\\/blog\\\/#\\\/schema\\\/person\\\/8511fda2e04a521379dee132a34c889e\"},\"headline\":\"Combate e Preven\u00e7\u00e3o \u00e0 Trombose\",\"datePublished\":\"2022-09-11T21:19:36+00:00\",\"dateModified\":\"2022-10-06T21:27:00+00:00\",\"mainEntityOfPage\":{\"@id\":\"https:\\\/\\\/corpoacao.com.br\\\/blog\\\/combate-e-prevencao-a-trombose\\\/\"},\"wordCount\":421,\"commentCount\":0,\"publisher\":{\"@id\":\"https:\\\/\\\/corpoacao.com.br\\\/blog\\\/#organization\"},\"image\":{\"@id\":\"https:\\\/\\\/corpoacao.com.br\\\/blog\\\/combate-e-prevencao-a-trombose\\\/#primaryimage\"},\"thumbnailUrl\":\"https:\\\/\\\/corpoacao.com.br\\\/blog\\\/wp-content\\\/uploads\\\/2022\\\/09\\\/Combate-e-Preven\u00e7\u00e3o-a-Trombose.png\",\"inLanguage\":\"pt-BR\",\"potentialAction\":[{\"@type\":\"CommentAction\",\"name\":\"Comment\",\"target\":[\"https:\\\/\\\/corpoacao.com.br\\\/blog\\\/combate-e-prevencao-a-trombose\\\/#respond\"]}]},{\"@type\":\"WebPage\",\"@id\":\"https:\\\/\\\/corpoacao.com.br\\\/blog\\\/combate-e-prevencao-a-trombose\\\/\",\"url\":\"https:\\\/\\\/corpoacao.com.br\\\/blog\\\/combate-e-prevencao-a-trombose\\\/\",\"name\":\"Combate e Preven\u00e7\u00e3o \u00e0 Trombose - Corpo em A\u00e7\u00e3o\",\"isPartOf\":{\"@id\":\"https:\\\/\\\/corpoacao.com.br\\\/blog\\\/#website\"},\"primaryImageOfPage\":{\"@id\":\"https:\\\/\\\/corpoacao.com.br\\\/blog\\\/combate-e-prevencao-a-trombose\\\/#primaryimage\"},\"image\":{\"@id\":\"https:\\\/\\\/corpoacao.com.br\\\/blog\\\/combate-e-prevencao-a-trombose\\\/#primaryimage\"},\"thumbnailUrl\":\"https:\\\/\\\/corpoacao.com.br\\\/blog\\\/wp-content\\\/uploads\\\/2022\\\/09\\\/Combate-e-Preven\u00e7\u00e3o-a-Trombose.png\",\"datePublished\":\"2022-09-11T21:19:36+00:00\",\"dateModified\":\"2022-10-06T21:27:00+00:00\",\"breadcrumb\":{\"@id\":\"https:\\\/\\\/corpoacao.com.br\\\/blog\\\/combate-e-prevencao-a-trombose\\\/#breadcrumb\"},\"inLanguage\":\"pt-BR\",\"potentialAction\":[{\"@type\":\"ReadAction\",\"target\":[\"https:\\\/\\\/corpoacao.com.br\\\/blog\\\/combate-e-prevencao-a-trombose\\\/\"]}]},{\"@type\":\"ImageObject\",\"inLanguage\":\"pt-BR\",\"@id\":\"https:\\\/\\\/corpoacao.com.br\\\/blog\\\/combate-e-prevencao-a-trombose\\\/#primaryimage\",\"url\":\"https:\\\/\\\/corpoacao.com.br\\\/blog\\\/wp-content\\\/uploads\\\/2022\\\/09\\\/Combate-e-Preven\u00e7\u00e3o-a-Trombose.png\",\"contentUrl\":\"https:\\\/\\\/corpoacao.com.br\\\/blog\\\/wp-content\\\/uploads\\\/2022\\\/09\\\/Combate-e-Preven\u00e7\u00e3o-a-Trombose.png\",\"width\":1080,\"height\":1080},{\"@type\":\"BreadcrumbList\",\"@id\":\"https:\\\/\\\/corpoacao.com.br\\\/blog\\\/combate-e-prevencao-a-trombose\\\/#breadcrumb\",\"itemListElement\":[{\"@type\":\"ListItem\",\"position\":1,\"name\":\"Home\",\"item\":\"https:\\\/\\\/corpoacao.com.br\\\/blog\\\/\"},{\"@type\":\"ListItem\",\"position\":2,\"name\":\"Combate e Preven\u00e7\u00e3o \u00e0 Trombose\"}]},{\"@type\":\"WebSite\",\"@id\":\"https:\\\/\\\/corpoacao.com.br\\\/blog\\\/#website\",\"url\":\"https:\\\/\\\/corpoacao.com.br\\\/blog\\\/\",\"name\":\"Corpo em A\u00e7\u00e3o\",\"description\":\"Blog Ergonomia e qualidade de vida no ambiente de trabalho\",\"publisher\":{\"@id\":\"https:\\\/\\\/corpoacao.com.br\\\/blog\\\/#organization\"},\"potentialAction\":[{\"@type\":\"SearchAction\",\"target\":{\"@type\":\"EntryPoint\",\"urlTemplate\":\"https:\\\/\\\/corpoacao.com.br\\\/blog\\\/?s={search_term_string}\"},\"query-input\":{\"@type\":\"PropertyValueSpecification\",\"valueRequired\":true,\"valueName\":\"search_term_string\"}}],\"inLanguage\":\"pt-BR\"},{\"@type\":\"Organization\",\"@id\":\"https:\\\/\\\/corpoacao.com.br\\\/blog\\\/#organization\",\"name\":\"Corpo em A\u00e7\u00e3o\",\"url\":\"https:\\\/\\\/corpoacao.com.br\\\/blog\\\/\",\"logo\":{\"@type\":\"ImageObject\",\"inLanguage\":\"pt-BR\",\"@id\":\"https:\\\/\\\/corpoacao.com.br\\\/blog\\\/#\\\/schema\\\/logo\\\/image\\\/\",\"url\":\"https:\\\/\\\/corpoacao.com.br\\\/blog\\\/wp-content\\\/uploads\\\/2023\\\/04\\\/ginastica-laboral.png\",\"contentUrl\":\"https:\\\/\\\/corpoacao.com.br\\\/blog\\\/wp-content\\\/uploads\\\/2023\\\/04\\\/ginastica-laboral.png\",\"width\":185,\"height\":128,\"caption\":\"Corpo em A\u00e7\u00e3o\"},\"image\":{\"@id\":\"https:\\\/\\\/corpoacao.com.br\\\/blog\\\/#\\\/schema\\\/logo\\\/image\\\/\"},\"sameAs\":[\"https:\\\/\\\/www.facebook.com\\\/corpoemacao.poa\\\/\",\"https:\\\/\\\/www.instagram.com\\\/corpoemacaopoa\\\/\"]},{\"@type\":\"Person\",\"@id\":\"https:\\\/\\\/corpoacao.com.br\\\/blog\\\/#\\\/schema\\\/person\\\/8511fda2e04a521379dee132a34c889e\",\"name\":\"Morgana Lovato Cantarelli\",\"image\":{\"@type\":\"ImageObject\",\"inLanguage\":\"pt-BR\",\"@id\":\"https:\\\/\\\/secure.gravatar.com\\\/avatar\\\/7a246dbb5756847be4e8d937d3645cb75b1afbf687c106886d0b09172c1ee291?s=96&d=mm&r=g\",\"url\":\"https:\\\/\\\/secure.gravatar.com\\\/avatar\\\/7a246dbb5756847be4e8d937d3645cb75b1afbf687c106886d0b09172c1ee291?s=96&d=mm&r=g\",\"contentUrl\":\"https:\\\/\\\/secure.gravatar.com\\\/avatar\\\/7a246dbb5756847be4e8d937d3645cb75b1afbf687c106886d0b09172c1ee291?s=96&d=mm&r=g\",\"caption\":\"Morgana Lovato Cantarelli\"},\"description\":\"Propriet\u00e1ria da Empresa Corpo em A\u00e7\u00e3o , educadora f\u00edsica formada no IPA (1991), especializada em pedagogia do treinamento desportivo, especializada em pilates, palestrante, professora de massoterapia e Estado do Rio Grande do Sul\",\"url\":\"https:\\\/\\\/corpoacao.com.br\\\/blog\\\/author\\\/admin\\\/\"}]}<\/script>\n<!-- \/ Yoast SEO Premium plugin. -->","yoast_head_json":{"title":"Combate e Preven\u00e7\u00e3o \u00e0 Trombose - Corpo em A\u00e7\u00e3o","robots":{"index":"index","follow":"follow","max-snippet":"max-snippet:-1","max-image-preview":"max-image-preview:large","max-video-preview":"max-video-preview:-1"},"canonical":"https:\/\/corpoacao.com.br\/blog\/combate-e-prevencao-a-trombose\/","og_locale":"pt_BR","og_type":"article","og_title":"Combate e Preven\u00e7\u00e3o \u00e0 Trombose","og_description":"16 de setembro: Dia Nacional de Combate e Preven\u00e7\u00e3o \u00e0 Trombose Institu\u00edda pelo Congresso Nacional, a data visa chamar a aten\u00e7\u00e3o da popula\u00e7\u00e3o para os riscos e a preven\u00e7\u00e3o da trombose, causa importante de mortalidade no mundo todo. A trombose \u00e9 a forma\u00e7\u00e3o de co\u00e1gulos potencialmente mortais na art\u00e9ria (trombose arterial) ou veia (trombose venosa). [&hellip;]","og_url":"https:\/\/corpoacao.com.br\/blog\/combate-e-prevencao-a-trombose\/","og_site_name":"Corpo em A\u00e7\u00e3o","article_publisher":"https:\/\/www.facebook.com\/corpoemacao.poa\/","article_published_time":"2022-09-11T21:19:36+00:00","article_modified_time":"2022-10-06T21:27:00+00:00","og_image":[{"width":1080,"height":1080,"url":"https:\/\/corpoacao.com.br\/blog\/wp-content\/uploads\/2022\/09\/Combate-e-Preven\u00e7\u00e3o-a-Trombose.png","type":"image\/png"}],"author":"Morgana Lovato Cantarelli","twitter_card":"summary_large_image","twitter_misc":{"Escrito por":"Morgana Lovato Cantarelli","Est. tempo de leitura":"2 minutos"},"schema":{"@context":"https:\/\/schema.org","@graph":[{"@type":"Article","@id":"https:\/\/corpoacao.com.br\/blog\/combate-e-prevencao-a-trombose\/#article","isPartOf":{"@id":"https:\/\/corpoacao.com.br\/blog\/combate-e-prevencao-a-trombose\/"},"author":{"name":"Morgana Lovato Cantarelli","@id":"https:\/\/corpoacao.com.br\/blog\/#\/schema\/person\/8511fda2e04a521379dee132a34c889e"},"headline":"Combate e Preven\u00e7\u00e3o \u00e0 Trombose","datePublished":"2022-09-11T21:19:36+00:00","dateModified":"2022-10-06T21:27:00+00:00","mainEntityOfPage":{"@id":"https:\/\/corpoacao.com.br\/blog\/combate-e-prevencao-a-trombose\/"},"wordCount":421,"commentCount":0,"publisher":{"@id":"https:\/\/corpoacao.com.br\/blog\/#organization"},"image":{"@id":"https:\/\/corpoacao.com.br\/blog\/combate-e-prevencao-a-trombose\/#primaryimage"},"thumbnailUrl":"https:\/\/corpoacao.com.br\/blog\/wp-content\/uploads\/2022\/09\/Combate-e-Preven\u00e7\u00e3o-a-Trombose.png","inLanguage":"pt-BR","potentialAction":[{"@type":"CommentAction","name":"Comment","target":["https:\/\/corpoacao.com.br\/blog\/combate-e-prevencao-a-trombose\/#respond"]}]},{"@type":"WebPage","@id":"https:\/\/corpoacao.com.br\/blog\/combate-e-prevencao-a-trombose\/","url":"https:\/\/corpoacao.com.br\/blog\/combate-e-prevencao-a-trombose\/","name":"Combate e Preven\u00e7\u00e3o \u00e0 Trombose - Corpo em A\u00e7\u00e3o","isPartOf":{"@id":"https:\/\/corpoacao.com.br\/blog\/#website"},"primaryImageOfPage":{"@id":"https:\/\/corpoacao.com.br\/blog\/combate-e-prevencao-a-trombose\/#primaryimage"},"image":{"@id":"https:\/\/corpoacao.com.br\/blog\/combate-e-prevencao-a-trombose\/#primaryimage"},"thumbnailUrl":"https:\/\/corpoacao.com.br\/blog\/wp-content\/uploads\/2022\/09\/Combate-e-Preven\u00e7\u00e3o-a-Trombose.png","datePublished":"2022-09-11T21:19:36+00:00","dateModified":"2022-10-06T21:27:00+00:00","breadcrumb":{"@id":"https:\/\/corpoacao.com.br\/blog\/combate-e-prevencao-a-trombose\/#breadcrumb"},"inLanguage":"pt-BR","potentialAction":[{"@type":"ReadAction","target":["https:\/\/corpoacao.com.br\/blog\/combate-e-prevencao-a-trombose\/"]}]},{"@type":"ImageObject","inLanguage":"pt-BR","@id":"https:\/\/corpoacao.com.br\/blog\/combate-e-prevencao-a-trombose\/#primaryimage","url":"https:\/\/corpoacao.com.br\/blog\/wp-content\/uploads\/2022\/09\/Combate-e-Preven\u00e7\u00e3o-a-Trombose.png","contentUrl":"https:\/\/corpoacao.com.br\/blog\/wp-content\/uploads\/2022\/09\/Combate-e-Preven\u00e7\u00e3o-a-Trombose.png","width":1080,"height":1080},{"@type":"BreadcrumbList","@id":"https:\/\/corpoacao.com.br\/blog\/combate-e-prevencao-a-trombose\/#breadcrumb","itemListElement":[{"@type":"ListItem","position":1,"name":"Home","item":"https:\/\/corpoacao.com.br\/blog\/"},{"@type":"ListItem","position":2,"name":"Combate e Preven\u00e7\u00e3o \u00e0 Trombose"}]},{"@type":"WebSite","@id":"https:\/\/corpoacao.com.br\/blog\/#website","url":"https:\/\/corpoacao.com.br\/blog\/","name":"Corpo em A\u00e7\u00e3o","description":"Blog Ergonomia e qualidade de vida no ambiente de trabalho","publisher":{"@id":"https:\/\/corpoacao.com.br\/blog\/#organization"},"potentialAction":[{"@type":"SearchAction","target":{"@type":"EntryPoint","urlTemplate":"https:\/\/corpoacao.com.br\/blog\/?s={search_term_string}"},"query-input":{"@type":"PropertyValueSpecification","valueRequired":true,"valueName":"search_term_string"}}],"inLanguage":"pt-BR"},{"@type":"Organization","@id":"https:\/\/corpoacao.com.br\/blog\/#organization","name":"Corpo em A\u00e7\u00e3o","url":"https:\/\/corpoacao.com.br\/blog\/","logo":{"@type":"ImageObject","inLanguage":"pt-BR","@id":"https:\/\/corpoacao.com.br\/blog\/#\/schema\/logo\/image\/","url":"https:\/\/corpoacao.com.br\/blog\/wp-content\/uploads\/2023\/04\/ginastica-laboral.png","contentUrl":"https:\/\/corpoacao.com.br\/blog\/wp-content\/uploads\/2023\/04\/ginastica-laboral.png","width":185,"height":128,"caption":"Corpo em A\u00e7\u00e3o"},"image":{"@id":"https:\/\/corpoacao.com.br\/blog\/#\/schema\/logo\/image\/"},"sameAs":["https:\/\/www.facebook.com\/corpoemacao.poa\/","https:\/\/www.instagram.com\/corpoemacaopoa\/"]},{"@type":"Person","@id":"https:\/\/corpoacao.com.br\/blog\/#\/schema\/person\/8511fda2e04a521379dee132a34c889e","name":"Morgana Lovato Cantarelli","image":{"@type":"ImageObject","inLanguage":"pt-BR","@id":"https:\/\/secure.gravatar.com\/avatar\/7a246dbb5756847be4e8d937d3645cb75b1afbf687c106886d0b09172c1ee291?s=96&d=mm&r=g","url":"https:\/\/secure.gravatar.com\/avatar\/7a246dbb5756847be4e8d937d3645cb75b1afbf687c106886d0b09172c1ee291?s=96&d=mm&r=g","contentUrl":"https:\/\/secure.gravatar.com\/avatar\/7a246dbb5756847be4e8d937d3645cb75b1afbf687c106886d0b09172c1ee291?s=96&d=mm&r=g","caption":"Morgana Lovato Cantarelli"},"description":"Propriet\u00e1ria da Empresa Corpo em A\u00e7\u00e3o , educadora f\u00edsica formada no IPA (1991), especializada em pedagogia do treinamento desportivo, especializada em pilates, palestrante, professora de massoterapia e Estado do Rio Grande do Sul","url":"https:\/\/corpoacao.com.br\/blog\/author\/admin\/"}]}},"_links":{"self":[{"href":"https:\/\/corpoacao.com.br\/blog\/wp-json\/wp\/v2\/posts\/1472","targetHints":{"allow":["GET"]}}],"collection":[{"href":"https:\/\/corpoacao.com.br\/blog\/wp-json\/wp\/v2\/posts"}],"about":[{"href":"https:\/\/corpoacao.com.br\/blog\/wp-json\/wp\/v2\/types\/post"}],"author":[{"embeddable":true,"href":"https:\/\/corpoacao.com.br\/blog\/wp-json\/wp\/v2\/users\/1"}],"replies":[{"embeddable":true,"href":"https:\/\/corpoacao.com.br\/blog\/wp-json\/wp\/v2\/comments?post=1472"}],"version-history":[{"count":2,"href":"https:\/\/corpoacao.com.br\/blog\/wp-json\/wp\/v2\/posts\/1472\/revisions"}],"predecessor-version":[{"id":1475,"href":"https:\/\/corpoacao.com.br\/blog\/wp-json\/wp\/v2\/posts\/1472\/revisions\/1475"}],"wp:featuredmedia":[{"embeddable":true,"href":"https:\/\/corpoacao.com.br\/blog\/wp-json\/wp\/v2\/media\/1473"}],"wp:attachment":[{"href":"https:\/\/corpoacao.com.br\/blog\/wp-json\/wp\/v2\/media?parent=1472"}],"wp:term":[{"taxonomy":"category","embeddable":true,"href":"https:\/\/corpoacao.com.br\/blog\/wp-json\/wp\/v2\/categories?post=1472"},{"taxonomy":"post_tag","embeddable":true,"href":"https:\/\/corpoacao.com.br\/blog\/wp-json\/wp\/v2\/tags?post=1472"}],"curies":[{"name":"wp","href":"https:\/\/api.w.org\/{rel}","templated":true}]}}