{"id":1477,"date":"2022-09-19T08:11:42","date_gmt":"2022-09-19T11:11:42","guid":{"rendered":"https:\/\/www.corpoacao.com.br\/blog\/?p=1477"},"modified":"2022-10-06T18:26:51","modified_gmt":"2022-10-06T21:26:51","slug":"as-alergias-da-primavera","status":"publish","type":"post","link":"https:\/\/corpoacao.com.br\/blog\/as-alergias-da-primavera\/","title":{"rendered":"As Alergias da Primavera"},"content":{"rendered":"\n<p>A primavera est\u00e1 chegando e a esta\u00e7\u00e3o \u00e9&nbsp; cheia de beleza por causa das flores, mas que causa certo desconforto para quem sofre com as&nbsp;alergias t\u00edpicas dessa \u00e9poca.<\/p>\n\n\n\n<p>Neste artigo, estamos trazendo algumas dicas para n\u00e3o comprometer a qualidade de vida de voc\u00eas nesta esta\u00e7\u00e3o.<\/p>\n\n\n\n<figure class=\"wp-block-image\"><img fetchpriority=\"high\" decoding=\"async\" width=\"1024\" height=\"1024\" src=\"https:\/\/corpoacao.com.br\/blog\/wp-content\/uploads\/2022\/09\/alergias-primavera-1024x1024.png\" alt=\"As alergias da primavera\" class=\"wp-image-1478\" srcset=\"https:\/\/corpoacao.com.br\/blog\/wp-content\/uploads\/2022\/09\/alergias-primavera-1024x1024.png 1024w, https:\/\/corpoacao.com.br\/blog\/wp-content\/uploads\/2022\/09\/alergias-primavera-150x150.png 150w, https:\/\/corpoacao.com.br\/blog\/wp-content\/uploads\/2022\/09\/alergias-primavera-300x300.png 300w, https:\/\/corpoacao.com.br\/blog\/wp-content\/uploads\/2022\/09\/alergias-primavera-768x768.png 768w, https:\/\/corpoacao.com.br\/blog\/wp-content\/uploads\/2022\/09\/alergias-primavera.png 1080w\" sizes=\"(max-width: 1024px) 100vw, 1024px\" \/><\/figure>\n\n\n\n<p>As alergias s\u00e3o respostas exageradas do nosso organismo ao ambiente que nos rodeia. Ou seja, uma pessoa com alergias tem um excesso de defesas e est\u00e1 a lutar contra algo que \u00e0 partida devia tolerar. \u00c9 o caso dos p\u00f3lens, cuja concentra\u00e7\u00e3o na atmosfera \u00e9 muito elevada nesta altura do ano e em rela\u00e7\u00e3o aos quais alguns sistemas imunit\u00e1rios reagem de forma excessiva.<\/p>\n\n\n\n<p>A&nbsp;rinite, que \u00e9 a inflama\u00e7\u00e3o e irrita\u00e7\u00e3o da mucosa nasal \u00e9 a mais comum na esta\u00e7\u00e3o. Conhecida como doen\u00e7a cr\u00f4nica, n\u00e3o \u00e9 poss\u00edvel preveni-la, mas alguns h\u00e1bitos podem ser adotados para que os sintomas sejam amenizados.<\/p>\n\n\n\n<p><strong>Sintomas da alergia na primavera<\/strong><\/p>\n\n\n\n<p><strong><br><\/strong>Os principais&nbsp;<strong>sintomas de alergia na primavera s\u00e3o espirros, coriza, nariz trancado, olhos vermelhos, coceira nos olhos e no nariz<\/strong>. Algumas pessoas s\u00f3 t\u00eam crises nessa \u00e9poca pois \u00e9 o per\u00edodo de poliniza\u00e7\u00e3o, e a quantidade de p\u00f3lens no ar aumenta muito.<\/p>\n\n\n\n<p>Dicas da alergologista do&nbsp;Hospital Otorrinos Curitiba,&nbsp;Cristine Secco Rosario:<\/p>\n\n\n\n<ol class=\"wp-block-list\"><li>\u00c9 muito importante manter os ambientes arejados para que haja melhor circula\u00e7\u00e3o do ar. Quando poss\u00edvel, expor roupas de cama, colch\u00f5es e travesseiros ao sol. Quando houver secre\u00e7\u00e3o no nariz,<strong>&nbsp;lavar com soro fisiol\u00f3gico<\/strong>&nbsp;sempre que necess\u00e1rio para evitar o ac\u00famulo.<\/li><\/ol>\n\n\n\n<ol class=\"wp-block-list\"><li>Para prevenir as crises al\u00e9rgicas nesta \u00e9poca do ano, a melhor maneira \u00e9<strong>&nbsp;evitar o contato com subst\u00e2ncias que causam alergia, como poeira, pelos de animais, fuma\u00e7a de cigarro, produtos de limpeza<\/strong>&nbsp;e, em alguns casos, at\u00e9 perfumes.<\/li><\/ol>\n\n\n\n<ol class=\"wp-block-list\"><li>Para quem tem animais de estima\u00e7\u00e3o, por exemplo, alguns cuidados devem ser tomados, como dar banhos frequentes no animal e evitar que ele durma na cama junto com o paciente al\u00e9rgico. Al\u00e9m de os pelos dos animais poderem provocar alergia, eles carregam poeira, o que tamb\u00e9m pode ocasionar os sintomas. A lavagem dos pelos \u00e9 indicada para remover a poeira e demais part\u00edculas de sujeira acumuladas.<\/li><\/ol>\n\n\n\n<ol class=\"wp-block-list\"><li><strong>Em rela\u00e7\u00e3o \u00e0 higiene da casa, o ideal \u00e9 n\u00e3o usar a vassoura e, sim, passar pano \u00famido e aspirador.<\/strong>&nbsp;O ato de varrer faz com que as part\u00edculas de poeira fiquem em suspens\u00e3o no ar por v\u00e1rias horas, provocando os sintomas.<\/li><\/ol>\n\n\n\n<ol class=\"wp-block-list\"><li>Para quem tem crian\u00e7as, cuidado especial com os bichos de pel\u00facia: eles tamb\u00e9m podem acumular poeira, por isso, \u00e9 importante evitar que eles fiquem no mesmo quarto em que a crian\u00e7a dorme. De acordo com a especialista, as crian\u00e7as tendem a acumular secre\u00e7\u00e3o no nariz pela dificuldade em assoar e isso pode comprometer o sono e tamb\u00e9m evoluir para infec\u00e7\u00f5es.<\/li><\/ol>\n\n\n\n<p><strong>Tratamento para quem tem alergias<\/strong><\/p>\n\n\n\n<p><strong><br><\/strong>Existem v\u00e1rios tratamentos para quem \u00e9 al\u00e9rgico, desde sprays nasais a antial\u00e9rgicos.<strong>&nbsp;As alergias s\u00e3o doen\u00e7as cr\u00f4nicas e n\u00e3o existe cura<\/strong>, por\u00e9m, pode-se obter controle total da doen\u00e7a com o tratamento. De acordo com Cristine, as vacinas para alergia possuem indica\u00e7\u00f5es espec\u00edficas, principalmente para as pessoas que n\u00e3o melhoram com tratamento comum. \u201cO resultado das vacinas \u00e9 muito bom para rinite, asma, conjuntivite e dermatite\u201d.<\/p>\n\n\n\n<p>O aconselh\u00e1vel \u00e9 procurar o m\u00e9dico especialista para diagnosticar o melhor tratamento para cada um que sofre com as alergias na esta\u00e7\u00e3o.&nbsp;<\/p>\n\n\n\n<p><strong>Fonte:&nbsp;<\/strong><\/p>\n\n\n\n<p><a href=\"https:\/\/otorrinoscuritiba.com.br\">https:\/\/otorrinoscuritiba.com.br<\/a><\/p>\n\n\n\n<p><a href=\"https:\/\/igors.com.br\/blog\/\">https:\/\/igors.com.br\/blog\/<\/a><\/p>\n","protected":false},"excerpt":{"rendered":"<p>A primavera est\u00e1 chegando e a esta\u00e7\u00e3o \u00e9&nbsp; cheia de beleza por causa das flores, mas que causa certo desconforto para quem sofre com as&nbsp;alergias t\u00edpicas dessa \u00e9poca. Neste artigo, estamos trazendo algumas dicas para n\u00e3o comprometer a qualidade de vida de voc\u00eas nesta esta\u00e7\u00e3o. As alergias s\u00e3o respostas exageradas do nosso organismo ao ambiente [&hellip;]<\/p>\n","protected":false},"author":1,"featured_media":1478,"comment_status":"open","ping_status":"open","sticky":false,"template":"","format":"standard","meta":{"_joinchat":[],"footnotes":""},"categories":[1],"tags":[],"class_list":["post-1477","post","type-post","status-publish","format-standard","has-post-thumbnail","hentry","category-sem-categoria"],"yoast_head":"<!-- This site is optimized with the Yoast SEO Premium plugin v20.8 (Yoast SEO v27.4) - https:\/\/yoast.com\/product\/yoast-seo-premium-wordpress\/ -->\n<title>As Alergias da Primavera - Corpo em A\u00e7\u00e3o<\/title>\n<meta name=\"robots\" content=\"index, follow, max-snippet:-1, max-image-preview:large, max-video-preview:-1\" \/>\n<link rel=\"canonical\" href=\"https:\/\/corpoacao.com.br\/blog\/as-alergias-da-primavera\/\" \/>\n<meta property=\"og:locale\" content=\"pt_BR\" \/>\n<meta property=\"og:type\" content=\"article\" \/>\n<meta property=\"og:title\" content=\"As Alergias da Primavera\" \/>\n<meta property=\"og:description\" content=\"A primavera est\u00e1 chegando e a esta\u00e7\u00e3o \u00e9&nbsp; cheia de beleza por causa das flores, mas que causa certo desconforto para quem sofre com as&nbsp;alergias t\u00edpicas dessa \u00e9poca. Neste artigo, estamos trazendo algumas dicas para n\u00e3o comprometer a qualidade de vida de voc\u00eas nesta esta\u00e7\u00e3o. As alergias s\u00e3o respostas exageradas do nosso organismo ao ambiente [&hellip;]\" \/>\n<meta property=\"og:url\" content=\"https:\/\/corpoacao.com.br\/blog\/as-alergias-da-primavera\/\" \/>\n<meta property=\"og:site_name\" content=\"Corpo em A\u00e7\u00e3o\" \/>\n<meta property=\"article:publisher\" content=\"https:\/\/www.facebook.com\/corpoemacao.poa\/\" \/>\n<meta property=\"article:published_time\" content=\"2022-09-19T11:11:42+00:00\" \/>\n<meta property=\"article:modified_time\" content=\"2022-10-06T21:26:51+00:00\" \/>\n<meta property=\"og:image\" content=\"https:\/\/corpoacao.com.br\/blog\/wp-content\/uploads\/2022\/09\/alergias-primavera.png\" \/>\n\t<meta property=\"og:image:width\" content=\"1080\" \/>\n\t<meta property=\"og:image:height\" content=\"1080\" \/>\n\t<meta property=\"og:image:type\" content=\"image\/png\" \/>\n<meta name=\"author\" content=\"Morgana Lovato Cantarelli\" \/>\n<meta name=\"twitter:card\" content=\"summary_large_image\" \/>\n<meta name=\"twitter:label1\" content=\"Escrito por\" \/>\n\t<meta name=\"twitter:data1\" content=\"Morgana Lovato Cantarelli\" \/>\n\t<meta name=\"twitter:label2\" content=\"Est. tempo de leitura\" \/>\n\t<meta name=\"twitter:data2\" content=\"3 minutos\" \/>\n<script type=\"application\/ld+json\" class=\"yoast-schema-graph\">{\"@context\":\"https:\\\/\\\/schema.org\",\"@graph\":[{\"@type\":\"Article\",\"@id\":\"https:\\\/\\\/corpoacao.com.br\\\/blog\\\/as-alergias-da-primavera\\\/#article\",\"isPartOf\":{\"@id\":\"https:\\\/\\\/corpoacao.com.br\\\/blog\\\/as-alergias-da-primavera\\\/\"},\"author\":{\"name\":\"Morgana Lovato Cantarelli\",\"@id\":\"https:\\\/\\\/corpoacao.com.br\\\/blog\\\/#\\\/schema\\\/person\\\/8511fda2e04a521379dee132a34c889e\"},\"headline\":\"As Alergias da Primavera\",\"datePublished\":\"2022-09-19T11:11:42+00:00\",\"dateModified\":\"2022-10-06T21:26:51+00:00\",\"mainEntityOfPage\":{\"@id\":\"https:\\\/\\\/corpoacao.com.br\\\/blog\\\/as-alergias-da-primavera\\\/\"},\"wordCount\":619,\"commentCount\":0,\"publisher\":{\"@id\":\"https:\\\/\\\/corpoacao.com.br\\\/blog\\\/#organization\"},\"image\":{\"@id\":\"https:\\\/\\\/corpoacao.com.br\\\/blog\\\/as-alergias-da-primavera\\\/#primaryimage\"},\"thumbnailUrl\":\"https:\\\/\\\/corpoacao.com.br\\\/blog\\\/wp-content\\\/uploads\\\/2022\\\/09\\\/alergias-primavera.png\",\"inLanguage\":\"pt-BR\",\"potentialAction\":[{\"@type\":\"CommentAction\",\"name\":\"Comment\",\"target\":[\"https:\\\/\\\/corpoacao.com.br\\\/blog\\\/as-alergias-da-primavera\\\/#respond\"]}]},{\"@type\":\"WebPage\",\"@id\":\"https:\\\/\\\/corpoacao.com.br\\\/blog\\\/as-alergias-da-primavera\\\/\",\"url\":\"https:\\\/\\\/corpoacao.com.br\\\/blog\\\/as-alergias-da-primavera\\\/\",\"name\":\"As Alergias da Primavera - Corpo em A\u00e7\u00e3o\",\"isPartOf\":{\"@id\":\"https:\\\/\\\/corpoacao.com.br\\\/blog\\\/#website\"},\"primaryImageOfPage\":{\"@id\":\"https:\\\/\\\/corpoacao.com.br\\\/blog\\\/as-alergias-da-primavera\\\/#primaryimage\"},\"image\":{\"@id\":\"https:\\\/\\\/corpoacao.com.br\\\/blog\\\/as-alergias-da-primavera\\\/#primaryimage\"},\"thumbnailUrl\":\"https:\\\/\\\/corpoacao.com.br\\\/blog\\\/wp-content\\\/uploads\\\/2022\\\/09\\\/alergias-primavera.png\",\"datePublished\":\"2022-09-19T11:11:42+00:00\",\"dateModified\":\"2022-10-06T21:26:51+00:00\",\"breadcrumb\":{\"@id\":\"https:\\\/\\\/corpoacao.com.br\\\/blog\\\/as-alergias-da-primavera\\\/#breadcrumb\"},\"inLanguage\":\"pt-BR\",\"potentialAction\":[{\"@type\":\"ReadAction\",\"target\":[\"https:\\\/\\\/corpoacao.com.br\\\/blog\\\/as-alergias-da-primavera\\\/\"]}]},{\"@type\":\"ImageObject\",\"inLanguage\":\"pt-BR\",\"@id\":\"https:\\\/\\\/corpoacao.com.br\\\/blog\\\/as-alergias-da-primavera\\\/#primaryimage\",\"url\":\"https:\\\/\\\/corpoacao.com.br\\\/blog\\\/wp-content\\\/uploads\\\/2022\\\/09\\\/alergias-primavera.png\",\"contentUrl\":\"https:\\\/\\\/corpoacao.com.br\\\/blog\\\/wp-content\\\/uploads\\\/2022\\\/09\\\/alergias-primavera.png\",\"width\":1080,\"height\":1080},{\"@type\":\"BreadcrumbList\",\"@id\":\"https:\\\/\\\/corpoacao.com.br\\\/blog\\\/as-alergias-da-primavera\\\/#breadcrumb\",\"itemListElement\":[{\"@type\":\"ListItem\",\"position\":1,\"name\":\"Home\",\"item\":\"https:\\\/\\\/corpoacao.com.br\\\/blog\\\/\"},{\"@type\":\"ListItem\",\"position\":2,\"name\":\"As Alergias da Primavera\"}]},{\"@type\":\"WebSite\",\"@id\":\"https:\\\/\\\/corpoacao.com.br\\\/blog\\\/#website\",\"url\":\"https:\\\/\\\/corpoacao.com.br\\\/blog\\\/\",\"name\":\"Corpo em A\u00e7\u00e3o\",\"description\":\"Blog Ergonomia e qualidade de vida no ambiente de trabalho\",\"publisher\":{\"@id\":\"https:\\\/\\\/corpoacao.com.br\\\/blog\\\/#organization\"},\"potentialAction\":[{\"@type\":\"SearchAction\",\"target\":{\"@type\":\"EntryPoint\",\"urlTemplate\":\"https:\\\/\\\/corpoacao.com.br\\\/blog\\\/?s={search_term_string}\"},\"query-input\":{\"@type\":\"PropertyValueSpecification\",\"valueRequired\":true,\"valueName\":\"search_term_string\"}}],\"inLanguage\":\"pt-BR\"},{\"@type\":\"Organization\",\"@id\":\"https:\\\/\\\/corpoacao.com.br\\\/blog\\\/#organization\",\"name\":\"Corpo em A\u00e7\u00e3o\",\"url\":\"https:\\\/\\\/corpoacao.com.br\\\/blog\\\/\",\"logo\":{\"@type\":\"ImageObject\",\"inLanguage\":\"pt-BR\",\"@id\":\"https:\\\/\\\/corpoacao.com.br\\\/blog\\\/#\\\/schema\\\/logo\\\/image\\\/\",\"url\":\"https:\\\/\\\/corpoacao.com.br\\\/blog\\\/wp-content\\\/uploads\\\/2023\\\/04\\\/ginastica-laboral.png\",\"contentUrl\":\"https:\\\/\\\/corpoacao.com.br\\\/blog\\\/wp-content\\\/uploads\\\/2023\\\/04\\\/ginastica-laboral.png\",\"width\":185,\"height\":128,\"caption\":\"Corpo em A\u00e7\u00e3o\"},\"image\":{\"@id\":\"https:\\\/\\\/corpoacao.com.br\\\/blog\\\/#\\\/schema\\\/logo\\\/image\\\/\"},\"sameAs\":[\"https:\\\/\\\/www.facebook.com\\\/corpoemacao.poa\\\/\",\"https:\\\/\\\/www.instagram.com\\\/corpoemacaopoa\\\/\"]},{\"@type\":\"Person\",\"@id\":\"https:\\\/\\\/corpoacao.com.br\\\/blog\\\/#\\\/schema\\\/person\\\/8511fda2e04a521379dee132a34c889e\",\"name\":\"Morgana Lovato Cantarelli\",\"image\":{\"@type\":\"ImageObject\",\"inLanguage\":\"pt-BR\",\"@id\":\"https:\\\/\\\/secure.gravatar.com\\\/avatar\\\/7a246dbb5756847be4e8d937d3645cb75b1afbf687c106886d0b09172c1ee291?s=96&d=mm&r=g\",\"url\":\"https:\\\/\\\/secure.gravatar.com\\\/avatar\\\/7a246dbb5756847be4e8d937d3645cb75b1afbf687c106886d0b09172c1ee291?s=96&d=mm&r=g\",\"contentUrl\":\"https:\\\/\\\/secure.gravatar.com\\\/avatar\\\/7a246dbb5756847be4e8d937d3645cb75b1afbf687c106886d0b09172c1ee291?s=96&d=mm&r=g\",\"caption\":\"Morgana Lovato Cantarelli\"},\"description\":\"Propriet\u00e1ria da Empresa Corpo em A\u00e7\u00e3o , educadora f\u00edsica formada no IPA (1991), especializada em pedagogia do treinamento desportivo, especializada em pilates, palestrante, professora de massoterapia e Estado do Rio Grande do Sul\",\"url\":\"https:\\\/\\\/corpoacao.com.br\\\/blog\\\/author\\\/admin\\\/\"}]}<\/script>\n<!-- \/ Yoast SEO Premium plugin. -->","yoast_head_json":{"title":"As Alergias da Primavera - Corpo em A\u00e7\u00e3o","robots":{"index":"index","follow":"follow","max-snippet":"max-snippet:-1","max-image-preview":"max-image-preview:large","max-video-preview":"max-video-preview:-1"},"canonical":"https:\/\/corpoacao.com.br\/blog\/as-alergias-da-primavera\/","og_locale":"pt_BR","og_type":"article","og_title":"As Alergias da Primavera","og_description":"A primavera est\u00e1 chegando e a esta\u00e7\u00e3o \u00e9&nbsp; cheia de beleza por causa das flores, mas que causa certo desconforto para quem sofre com as&nbsp;alergias t\u00edpicas dessa \u00e9poca. Neste artigo, estamos trazendo algumas dicas para n\u00e3o comprometer a qualidade de vida de voc\u00eas nesta esta\u00e7\u00e3o. As alergias s\u00e3o respostas exageradas do nosso organismo ao ambiente [&hellip;]","og_url":"https:\/\/corpoacao.com.br\/blog\/as-alergias-da-primavera\/","og_site_name":"Corpo em A\u00e7\u00e3o","article_publisher":"https:\/\/www.facebook.com\/corpoemacao.poa\/","article_published_time":"2022-09-19T11:11:42+00:00","article_modified_time":"2022-10-06T21:26:51+00:00","og_image":[{"width":1080,"height":1080,"url":"https:\/\/corpoacao.com.br\/blog\/wp-content\/uploads\/2022\/09\/alergias-primavera.png","type":"image\/png"}],"author":"Morgana Lovato Cantarelli","twitter_card":"summary_large_image","twitter_misc":{"Escrito por":"Morgana Lovato Cantarelli","Est. tempo de leitura":"3 minutos"},"schema":{"@context":"https:\/\/schema.org","@graph":[{"@type":"Article","@id":"https:\/\/corpoacao.com.br\/blog\/as-alergias-da-primavera\/#article","isPartOf":{"@id":"https:\/\/corpoacao.com.br\/blog\/as-alergias-da-primavera\/"},"author":{"name":"Morgana Lovato Cantarelli","@id":"https:\/\/corpoacao.com.br\/blog\/#\/schema\/person\/8511fda2e04a521379dee132a34c889e"},"headline":"As Alergias da Primavera","datePublished":"2022-09-19T11:11:42+00:00","dateModified":"2022-10-06T21:26:51+00:00","mainEntityOfPage":{"@id":"https:\/\/corpoacao.com.br\/blog\/as-alergias-da-primavera\/"},"wordCount":619,"commentCount":0,"publisher":{"@id":"https:\/\/corpoacao.com.br\/blog\/#organization"},"image":{"@id":"https:\/\/corpoacao.com.br\/blog\/as-alergias-da-primavera\/#primaryimage"},"thumbnailUrl":"https:\/\/corpoacao.com.br\/blog\/wp-content\/uploads\/2022\/09\/alergias-primavera.png","inLanguage":"pt-BR","potentialAction":[{"@type":"CommentAction","name":"Comment","target":["https:\/\/corpoacao.com.br\/blog\/as-alergias-da-primavera\/#respond"]}]},{"@type":"WebPage","@id":"https:\/\/corpoacao.com.br\/blog\/as-alergias-da-primavera\/","url":"https:\/\/corpoacao.com.br\/blog\/as-alergias-da-primavera\/","name":"As Alergias da Primavera - Corpo em A\u00e7\u00e3o","isPartOf":{"@id":"https:\/\/corpoacao.com.br\/blog\/#website"},"primaryImageOfPage":{"@id":"https:\/\/corpoacao.com.br\/blog\/as-alergias-da-primavera\/#primaryimage"},"image":{"@id":"https:\/\/corpoacao.com.br\/blog\/as-alergias-da-primavera\/#primaryimage"},"thumbnailUrl":"https:\/\/corpoacao.com.br\/blog\/wp-content\/uploads\/2022\/09\/alergias-primavera.png","datePublished":"2022-09-19T11:11:42+00:00","dateModified":"2022-10-06T21:26:51+00:00","breadcrumb":{"@id":"https:\/\/corpoacao.com.br\/blog\/as-alergias-da-primavera\/#breadcrumb"},"inLanguage":"pt-BR","potentialAction":[{"@type":"ReadAction","target":["https:\/\/corpoacao.com.br\/blog\/as-alergias-da-primavera\/"]}]},{"@type":"ImageObject","inLanguage":"pt-BR","@id":"https:\/\/corpoacao.com.br\/blog\/as-alergias-da-primavera\/#primaryimage","url":"https:\/\/corpoacao.com.br\/blog\/wp-content\/uploads\/2022\/09\/alergias-primavera.png","contentUrl":"https:\/\/corpoacao.com.br\/blog\/wp-content\/uploads\/2022\/09\/alergias-primavera.png","width":1080,"height":1080},{"@type":"BreadcrumbList","@id":"https:\/\/corpoacao.com.br\/blog\/as-alergias-da-primavera\/#breadcrumb","itemListElement":[{"@type":"ListItem","position":1,"name":"Home","item":"https:\/\/corpoacao.com.br\/blog\/"},{"@type":"ListItem","position":2,"name":"As Alergias da Primavera"}]},{"@type":"WebSite","@id":"https:\/\/corpoacao.com.br\/blog\/#website","url":"https:\/\/corpoacao.com.br\/blog\/","name":"Corpo em A\u00e7\u00e3o","description":"Blog Ergonomia e qualidade de vida no ambiente de trabalho","publisher":{"@id":"https:\/\/corpoacao.com.br\/blog\/#organization"},"potentialAction":[{"@type":"SearchAction","target":{"@type":"EntryPoint","urlTemplate":"https:\/\/corpoacao.com.br\/blog\/?s={search_term_string}"},"query-input":{"@type":"PropertyValueSpecification","valueRequired":true,"valueName":"search_term_string"}}],"inLanguage":"pt-BR"},{"@type":"Organization","@id":"https:\/\/corpoacao.com.br\/blog\/#organization","name":"Corpo em A\u00e7\u00e3o","url":"https:\/\/corpoacao.com.br\/blog\/","logo":{"@type":"ImageObject","inLanguage":"pt-BR","@id":"https:\/\/corpoacao.com.br\/blog\/#\/schema\/logo\/image\/","url":"https:\/\/corpoacao.com.br\/blog\/wp-content\/uploads\/2023\/04\/ginastica-laboral.png","contentUrl":"https:\/\/corpoacao.com.br\/blog\/wp-content\/uploads\/2023\/04\/ginastica-laboral.png","width":185,"height":128,"caption":"Corpo em A\u00e7\u00e3o"},"image":{"@id":"https:\/\/corpoacao.com.br\/blog\/#\/schema\/logo\/image\/"},"sameAs":["https:\/\/www.facebook.com\/corpoemacao.poa\/","https:\/\/www.instagram.com\/corpoemacaopoa\/"]},{"@type":"Person","@id":"https:\/\/corpoacao.com.br\/blog\/#\/schema\/person\/8511fda2e04a521379dee132a34c889e","name":"Morgana Lovato Cantarelli","image":{"@type":"ImageObject","inLanguage":"pt-BR","@id":"https:\/\/secure.gravatar.com\/avatar\/7a246dbb5756847be4e8d937d3645cb75b1afbf687c106886d0b09172c1ee291?s=96&d=mm&r=g","url":"https:\/\/secure.gravatar.com\/avatar\/7a246dbb5756847be4e8d937d3645cb75b1afbf687c106886d0b09172c1ee291?s=96&d=mm&r=g","contentUrl":"https:\/\/secure.gravatar.com\/avatar\/7a246dbb5756847be4e8d937d3645cb75b1afbf687c106886d0b09172c1ee291?s=96&d=mm&r=g","caption":"Morgana Lovato Cantarelli"},"description":"Propriet\u00e1ria da Empresa Corpo em A\u00e7\u00e3o , educadora f\u00edsica formada no IPA (1991), especializada em pedagogia do treinamento desportivo, especializada em pilates, palestrante, professora de massoterapia e Estado do Rio Grande do Sul","url":"https:\/\/corpoacao.com.br\/blog\/author\/admin\/"}]}},"_links":{"self":[{"href":"https:\/\/corpoacao.com.br\/blog\/wp-json\/wp\/v2\/posts\/1477","targetHints":{"allow":["GET"]}}],"collection":[{"href":"https:\/\/corpoacao.com.br\/blog\/wp-json\/wp\/v2\/posts"}],"about":[{"href":"https:\/\/corpoacao.com.br\/blog\/wp-json\/wp\/v2\/types\/post"}],"author":[{"embeddable":true,"href":"https:\/\/corpoacao.com.br\/blog\/wp-json\/wp\/v2\/users\/1"}],"replies":[{"embeddable":true,"href":"https:\/\/corpoacao.com.br\/blog\/wp-json\/wp\/v2\/comments?post=1477"}],"version-history":[{"count":2,"href":"https:\/\/corpoacao.com.br\/blog\/wp-json\/wp\/v2\/posts\/1477\/revisions"}],"predecessor-version":[{"id":1493,"href":"https:\/\/corpoacao.com.br\/blog\/wp-json\/wp\/v2\/posts\/1477\/revisions\/1493"}],"wp:featuredmedia":[{"embeddable":true,"href":"https:\/\/corpoacao.com.br\/blog\/wp-json\/wp\/v2\/media\/1478"}],"wp:attachment":[{"href":"https:\/\/corpoacao.com.br\/blog\/wp-json\/wp\/v2\/media?parent=1477"}],"wp:term":[{"taxonomy":"category","embeddable":true,"href":"https:\/\/corpoacao.com.br\/blog\/wp-json\/wp\/v2\/categories?post=1477"},{"taxonomy":"post_tag","embeddable":true,"href":"https:\/\/corpoacao.com.br\/blog\/wp-json\/wp\/v2\/tags?post=1477"}],"curies":[{"name":"wp","href":"https:\/\/api.w.org\/{rel}","templated":true}]}}