{"id":1717,"date":"2023-05-02T08:26:46","date_gmt":"2023-05-02T11:26:46","guid":{"rendered":"https:\/\/www.corpoacao.com.br\/blog\/?p=1717"},"modified":"2023-05-08T08:48:21","modified_gmt":"2023-05-08T11:48:21","slug":"dia-do-trabalhador-reflexoes-importantes","status":"publish","type":"post","link":"https:\/\/corpoacao.com.br\/blog\/dia-do-trabalhador-reflexoes-importantes\/","title":{"rendered":"Dia do Trabalhador Reflex\u00f5es Importantes"},"content":{"rendered":"\n<p>O dia do trabalhador \u00e9 uma data importante para celebrar e homenagear todos os trabalhadores que contribuem para a sociedade. \u00c9 um dia para reconhecer a import\u00e2ncia do trabalho em nossas vidas e para lutar por condi\u00e7\u00f5es de trabalho melhores e mais justas.&nbsp;<\/p>\n\n\n\n<p>Mas, e a sa\u00fade? Ser\u00e1 que os trabalhadores est\u00e3o dando aten\u00e7\u00e3o necess\u00e1ria?<\/p>\n\n\n\n<figure class=\"wp-block-image size-large\"><img fetchpriority=\"high\" decoding=\"async\" width=\"1024\" height=\"1024\" src=\"https:\/\/corpoacao.com.br\/blog\/wp-content\/uploads\/2023\/05\/reflexoes-dia-do-trabalho-1024x1024.jpg\" alt=\"\" class=\"wp-image-1718\" srcset=\"https:\/\/corpoacao.com.br\/blog\/wp-content\/uploads\/2023\/05\/reflexoes-dia-do-trabalho-1024x1024.jpg 1024w, https:\/\/corpoacao.com.br\/blog\/wp-content\/uploads\/2023\/05\/reflexoes-dia-do-trabalho-300x300.jpg 300w, https:\/\/corpoacao.com.br\/blog\/wp-content\/uploads\/2023\/05\/reflexoes-dia-do-trabalho-150x150.jpg 150w, https:\/\/corpoacao.com.br\/blog\/wp-content\/uploads\/2023\/05\/reflexoes-dia-do-trabalho-768x768.jpg 768w, https:\/\/corpoacao.com.br\/blog\/wp-content\/uploads\/2023\/05\/reflexoes-dia-do-trabalho.jpg 1080w\" sizes=\"(max-width: 1024px) 100vw, 1024px\" \/><\/figure>\n\n\n\n<p>Uma pesquisa sobre a&nbsp;sa\u00fade dos colaboradores&nbsp;das empresas brasileiras, divulgada em mar\u00e7o de 2021, apontou altos percentuais de trabalhadores com problemas financeiros, obesidade, depress\u00e3o e abuso de \u00e1lcool.<\/p>\n\n\n\n<p>O estudo realizado pela healthtech HSPW, que acompanha a&nbsp;<strong>sa\u00fade integral dos colaboradores&nbsp;<\/strong>em diversas empresas, recolheu dados de 1.000 colaboradores inscritos na plataforma da empresa com o objetivo de avaliar quest\u00f5es de sa\u00fade f\u00edsica, mental, financeira e organizacional.<\/p>\n\n\n\n<p>Os dados, levantados por meio de question\u00e1rios online, apontaram que 53% dos colaboradores apresentam problemas financeiros; 33% t\u00eam obesidade; 7% t\u00eam depress\u00e3o; 7% abusam do \u00e1lcool e 1,4% t\u00eam idea\u00e7\u00e3o suicida.<\/p>\n\n\n\n<p><strong>A necessidade de investir em preven\u00e7\u00e3o<\/strong><\/p>\n\n\n\n<p>Os resultados da pesquisa divulgada pela HSPW mostram que as empresas brasileiras n\u00e3o podem abrir m\u00e3o de investir em a\u00e7\u00f5es de preven\u00e7\u00e3o de doen\u00e7as e promo\u00e7\u00e3o da sa\u00fade.<\/p>\n\n\n\n<p>Seja por meio de um conv\u00eanio com operadoras de planos de sa\u00fade ou pela cria\u00e7\u00e3o de um departamento espec\u00edfico para cuidar da sa\u00fade integral dos colaboradores, o importante \u00e9 desenvolver&nbsp;<a href=\"http:\/\/previva.com.br\/programa-empresarial-medicina-preventiva\/\">a\u00e7\u00f5es e programas<\/a>&nbsp;para implantar definitivamente o conceito de promo\u00e7\u00e3o da sa\u00fade e melhora da qualidade de vida na sua&nbsp; empresa.<\/p>\n\n\n\n<p>Juntos, podemos construir um futuro melhor e mais esperan\u00e7oso para todos.<\/p>\n\n\n\n<p>Fonte:<\/p>\n\n\n\n<p><a href=\"https:\/\/www.previva.com.br\/saude-integral-do-trabalhador\">https:\/\/www.previva.com.br\/saude-integral-do-trabalhador<\/a><\/p>\n\n\n\n<p>Minist\u00e9rio da Sa\u00fade&nbsp;<\/p>\n\n\n\n<p><a href=\"https:\/\/www.portoalegre.rs.gov.br\">https:\/\/www.portoalegre.rs.gov.br<\/a><\/p>\n","protected":false},"excerpt":{"rendered":"<p>O dia do trabalhador \u00e9 uma data importante para celebrar e homenagear todos os trabalhadores que contribuem para a sociedade. \u00c9 um dia para reconhecer a import\u00e2ncia do trabalho em nossas vidas e para lutar por condi\u00e7\u00f5es de trabalho melhores e mais justas.&nbsp; Mas, e a sa\u00fade? Ser\u00e1 que os trabalhadores est\u00e3o dando aten\u00e7\u00e3o necess\u00e1ria? [&hellip;]<\/p>\n","protected":false},"author":1,"featured_media":1718,"comment_status":"open","ping_status":"open","sticky":false,"template":"","format":"standard","meta":{"_joinchat":[],"footnotes":""},"categories":[1],"tags":[],"class_list":["post-1717","post","type-post","status-publish","format-standard","has-post-thumbnail","hentry","category-sem-categoria"],"yoast_head":"<!-- This site is optimized with the Yoast SEO Premium plugin v20.8 (Yoast SEO v27.4) - https:\/\/yoast.com\/product\/yoast-seo-premium-wordpress\/ -->\n<title>Dia do Trabalhador Reflex\u00f5es Importantes - Corpo em A\u00e7\u00e3o<\/title>\n<meta name=\"robots\" content=\"index, follow, max-snippet:-1, max-image-preview:large, max-video-preview:-1\" \/>\n<link rel=\"canonical\" href=\"https:\/\/corpoacao.com.br\/blog\/dia-do-trabalhador-reflexoes-importantes\/\" \/>\n<meta property=\"og:locale\" content=\"pt_BR\" \/>\n<meta property=\"og:type\" content=\"article\" \/>\n<meta property=\"og:title\" content=\"Dia do Trabalhador Reflex\u00f5es Importantes\" \/>\n<meta property=\"og:description\" content=\"O dia do trabalhador \u00e9 uma data importante para celebrar e homenagear todos os trabalhadores que contribuem para a sociedade. \u00c9 um dia para reconhecer a import\u00e2ncia do trabalho em nossas vidas e para lutar por condi\u00e7\u00f5es de trabalho melhores e mais justas.&nbsp; Mas, e a sa\u00fade? Ser\u00e1 que os trabalhadores est\u00e3o dando aten\u00e7\u00e3o necess\u00e1ria? [&hellip;]\" \/>\n<meta property=\"og:url\" content=\"https:\/\/corpoacao.com.br\/blog\/dia-do-trabalhador-reflexoes-importantes\/\" \/>\n<meta property=\"og:site_name\" content=\"Corpo em A\u00e7\u00e3o\" \/>\n<meta property=\"article:publisher\" content=\"https:\/\/www.facebook.com\/corpoemacao.poa\/\" \/>\n<meta property=\"article:published_time\" content=\"2023-05-02T11:26:46+00:00\" \/>\n<meta property=\"article:modified_time\" content=\"2023-05-08T11:48:21+00:00\" \/>\n<meta property=\"og:image\" content=\"https:\/\/corpoacao.com.br\/blog\/wp-content\/uploads\/2023\/05\/reflexoes-dia-do-trabalho.jpg\" \/>\n\t<meta property=\"og:image:width\" content=\"1080\" \/>\n\t<meta property=\"og:image:height\" content=\"1080\" \/>\n\t<meta property=\"og:image:type\" content=\"image\/jpeg\" \/>\n<meta name=\"author\" content=\"Morgana Lovato Cantarelli\" \/>\n<meta name=\"twitter:card\" content=\"summary_large_image\" \/>\n<meta name=\"twitter:label1\" content=\"Escrito por\" \/>\n\t<meta name=\"twitter:data1\" content=\"Morgana Lovato Cantarelli\" \/>\n\t<meta name=\"twitter:label2\" content=\"Est. tempo de leitura\" \/>\n\t<meta name=\"twitter:data2\" content=\"2 minutos\" \/>\n<script type=\"application\/ld+json\" class=\"yoast-schema-graph\">{\"@context\":\"https:\\\/\\\/schema.org\",\"@graph\":[{\"@type\":\"Article\",\"@id\":\"https:\\\/\\\/corpoacao.com.br\\\/blog\\\/dia-do-trabalhador-reflexoes-importantes\\\/#article\",\"isPartOf\":{\"@id\":\"https:\\\/\\\/corpoacao.com.br\\\/blog\\\/dia-do-trabalhador-reflexoes-importantes\\\/\"},\"author\":{\"name\":\"Morgana Lovato Cantarelli\",\"@id\":\"https:\\\/\\\/corpoacao.com.br\\\/blog\\\/#\\\/schema\\\/person\\\/8511fda2e04a521379dee132a34c889e\"},\"headline\":\"Dia do Trabalhador Reflex\u00f5es Importantes\",\"datePublished\":\"2023-05-02T11:26:46+00:00\",\"dateModified\":\"2023-05-08T11:48:21+00:00\",\"mainEntityOfPage\":{\"@id\":\"https:\\\/\\\/corpoacao.com.br\\\/blog\\\/dia-do-trabalhador-reflexoes-importantes\\\/\"},\"wordCount\":309,\"commentCount\":0,\"publisher\":{\"@id\":\"https:\\\/\\\/corpoacao.com.br\\\/blog\\\/#organization\"},\"image\":{\"@id\":\"https:\\\/\\\/corpoacao.com.br\\\/blog\\\/dia-do-trabalhador-reflexoes-importantes\\\/#primaryimage\"},\"thumbnailUrl\":\"https:\\\/\\\/corpoacao.com.br\\\/blog\\\/wp-content\\\/uploads\\\/2023\\\/05\\\/reflexoes-dia-do-trabalho.jpg\",\"inLanguage\":\"pt-BR\",\"potentialAction\":[{\"@type\":\"CommentAction\",\"name\":\"Comment\",\"target\":[\"https:\\\/\\\/corpoacao.com.br\\\/blog\\\/dia-do-trabalhador-reflexoes-importantes\\\/#respond\"]}]},{\"@type\":\"WebPage\",\"@id\":\"https:\\\/\\\/corpoacao.com.br\\\/blog\\\/dia-do-trabalhador-reflexoes-importantes\\\/\",\"url\":\"https:\\\/\\\/corpoacao.com.br\\\/blog\\\/dia-do-trabalhador-reflexoes-importantes\\\/\",\"name\":\"Dia do Trabalhador Reflex\u00f5es Importantes - Corpo em A\u00e7\u00e3o\",\"isPartOf\":{\"@id\":\"https:\\\/\\\/corpoacao.com.br\\\/blog\\\/#website\"},\"primaryImageOfPage\":{\"@id\":\"https:\\\/\\\/corpoacao.com.br\\\/blog\\\/dia-do-trabalhador-reflexoes-importantes\\\/#primaryimage\"},\"image\":{\"@id\":\"https:\\\/\\\/corpoacao.com.br\\\/blog\\\/dia-do-trabalhador-reflexoes-importantes\\\/#primaryimage\"},\"thumbnailUrl\":\"https:\\\/\\\/corpoacao.com.br\\\/blog\\\/wp-content\\\/uploads\\\/2023\\\/05\\\/reflexoes-dia-do-trabalho.jpg\",\"datePublished\":\"2023-05-02T11:26:46+00:00\",\"dateModified\":\"2023-05-08T11:48:21+00:00\",\"breadcrumb\":{\"@id\":\"https:\\\/\\\/corpoacao.com.br\\\/blog\\\/dia-do-trabalhador-reflexoes-importantes\\\/#breadcrumb\"},\"inLanguage\":\"pt-BR\",\"potentialAction\":[{\"@type\":\"ReadAction\",\"target\":[\"https:\\\/\\\/corpoacao.com.br\\\/blog\\\/dia-do-trabalhador-reflexoes-importantes\\\/\"]}]},{\"@type\":\"ImageObject\",\"inLanguage\":\"pt-BR\",\"@id\":\"https:\\\/\\\/corpoacao.com.br\\\/blog\\\/dia-do-trabalhador-reflexoes-importantes\\\/#primaryimage\",\"url\":\"https:\\\/\\\/corpoacao.com.br\\\/blog\\\/wp-content\\\/uploads\\\/2023\\\/05\\\/reflexoes-dia-do-trabalho.jpg\",\"contentUrl\":\"https:\\\/\\\/corpoacao.com.br\\\/blog\\\/wp-content\\\/uploads\\\/2023\\\/05\\\/reflexoes-dia-do-trabalho.jpg\",\"width\":1080,\"height\":1080},{\"@type\":\"BreadcrumbList\",\"@id\":\"https:\\\/\\\/corpoacao.com.br\\\/blog\\\/dia-do-trabalhador-reflexoes-importantes\\\/#breadcrumb\",\"itemListElement\":[{\"@type\":\"ListItem\",\"position\":1,\"name\":\"Home\",\"item\":\"https:\\\/\\\/corpoacao.com.br\\\/blog\\\/\"},{\"@type\":\"ListItem\",\"position\":2,\"name\":\"Dia do Trabalhador Reflex\u00f5es Importantes\"}]},{\"@type\":\"WebSite\",\"@id\":\"https:\\\/\\\/corpoacao.com.br\\\/blog\\\/#website\",\"url\":\"https:\\\/\\\/corpoacao.com.br\\\/blog\\\/\",\"name\":\"Corpo em A\u00e7\u00e3o\",\"description\":\"Blog Ergonomia e qualidade de vida no ambiente de trabalho\",\"publisher\":{\"@id\":\"https:\\\/\\\/corpoacao.com.br\\\/blog\\\/#organization\"},\"potentialAction\":[{\"@type\":\"SearchAction\",\"target\":{\"@type\":\"EntryPoint\",\"urlTemplate\":\"https:\\\/\\\/corpoacao.com.br\\\/blog\\\/?s={search_term_string}\"},\"query-input\":{\"@type\":\"PropertyValueSpecification\",\"valueRequired\":true,\"valueName\":\"search_term_string\"}}],\"inLanguage\":\"pt-BR\"},{\"@type\":\"Organization\",\"@id\":\"https:\\\/\\\/corpoacao.com.br\\\/blog\\\/#organization\",\"name\":\"Corpo em A\u00e7\u00e3o\",\"url\":\"https:\\\/\\\/corpoacao.com.br\\\/blog\\\/\",\"logo\":{\"@type\":\"ImageObject\",\"inLanguage\":\"pt-BR\",\"@id\":\"https:\\\/\\\/corpoacao.com.br\\\/blog\\\/#\\\/schema\\\/logo\\\/image\\\/\",\"url\":\"https:\\\/\\\/corpoacao.com.br\\\/blog\\\/wp-content\\\/uploads\\\/2023\\\/04\\\/ginastica-laboral.png\",\"contentUrl\":\"https:\\\/\\\/corpoacao.com.br\\\/blog\\\/wp-content\\\/uploads\\\/2023\\\/04\\\/ginastica-laboral.png\",\"width\":185,\"height\":128,\"caption\":\"Corpo em A\u00e7\u00e3o\"},\"image\":{\"@id\":\"https:\\\/\\\/corpoacao.com.br\\\/blog\\\/#\\\/schema\\\/logo\\\/image\\\/\"},\"sameAs\":[\"https:\\\/\\\/www.facebook.com\\\/corpoemacao.poa\\\/\",\"https:\\\/\\\/www.instagram.com\\\/corpoemacaopoa\\\/\"]},{\"@type\":\"Person\",\"@id\":\"https:\\\/\\\/corpoacao.com.br\\\/blog\\\/#\\\/schema\\\/person\\\/8511fda2e04a521379dee132a34c889e\",\"name\":\"Morgana Lovato Cantarelli\",\"image\":{\"@type\":\"ImageObject\",\"inLanguage\":\"pt-BR\",\"@id\":\"https:\\\/\\\/secure.gravatar.com\\\/avatar\\\/7a246dbb5756847be4e8d937d3645cb75b1afbf687c106886d0b09172c1ee291?s=96&d=mm&r=g\",\"url\":\"https:\\\/\\\/secure.gravatar.com\\\/avatar\\\/7a246dbb5756847be4e8d937d3645cb75b1afbf687c106886d0b09172c1ee291?s=96&d=mm&r=g\",\"contentUrl\":\"https:\\\/\\\/secure.gravatar.com\\\/avatar\\\/7a246dbb5756847be4e8d937d3645cb75b1afbf687c106886d0b09172c1ee291?s=96&d=mm&r=g\",\"caption\":\"Morgana Lovato Cantarelli\"},\"description\":\"Propriet\u00e1ria da Empresa Corpo em A\u00e7\u00e3o , educadora f\u00edsica formada no IPA (1991), especializada em pedagogia do treinamento desportivo, especializada em pilates, palestrante, professora de massoterapia e Estado do Rio Grande do Sul\",\"url\":\"https:\\\/\\\/corpoacao.com.br\\\/blog\\\/author\\\/admin\\\/\"}]}<\/script>\n<!-- \/ Yoast SEO Premium plugin. -->","yoast_head_json":{"title":"Dia do Trabalhador Reflex\u00f5es Importantes - Corpo em A\u00e7\u00e3o","robots":{"index":"index","follow":"follow","max-snippet":"max-snippet:-1","max-image-preview":"max-image-preview:large","max-video-preview":"max-video-preview:-1"},"canonical":"https:\/\/corpoacao.com.br\/blog\/dia-do-trabalhador-reflexoes-importantes\/","og_locale":"pt_BR","og_type":"article","og_title":"Dia do Trabalhador Reflex\u00f5es Importantes","og_description":"O dia do trabalhador \u00e9 uma data importante para celebrar e homenagear todos os trabalhadores que contribuem para a sociedade. \u00c9 um dia para reconhecer a import\u00e2ncia do trabalho em nossas vidas e para lutar por condi\u00e7\u00f5es de trabalho melhores e mais justas.&nbsp; Mas, e a sa\u00fade? Ser\u00e1 que os trabalhadores est\u00e3o dando aten\u00e7\u00e3o necess\u00e1ria? [&hellip;]","og_url":"https:\/\/corpoacao.com.br\/blog\/dia-do-trabalhador-reflexoes-importantes\/","og_site_name":"Corpo em A\u00e7\u00e3o","article_publisher":"https:\/\/www.facebook.com\/corpoemacao.poa\/","article_published_time":"2023-05-02T11:26:46+00:00","article_modified_time":"2023-05-08T11:48:21+00:00","og_image":[{"width":1080,"height":1080,"url":"https:\/\/corpoacao.com.br\/blog\/wp-content\/uploads\/2023\/05\/reflexoes-dia-do-trabalho.jpg","type":"image\/jpeg"}],"author":"Morgana Lovato Cantarelli","twitter_card":"summary_large_image","twitter_misc":{"Escrito por":"Morgana Lovato Cantarelli","Est. tempo de leitura":"2 minutos"},"schema":{"@context":"https:\/\/schema.org","@graph":[{"@type":"Article","@id":"https:\/\/corpoacao.com.br\/blog\/dia-do-trabalhador-reflexoes-importantes\/#article","isPartOf":{"@id":"https:\/\/corpoacao.com.br\/blog\/dia-do-trabalhador-reflexoes-importantes\/"},"author":{"name":"Morgana Lovato Cantarelli","@id":"https:\/\/corpoacao.com.br\/blog\/#\/schema\/person\/8511fda2e04a521379dee132a34c889e"},"headline":"Dia do Trabalhador Reflex\u00f5es Importantes","datePublished":"2023-05-02T11:26:46+00:00","dateModified":"2023-05-08T11:48:21+00:00","mainEntityOfPage":{"@id":"https:\/\/corpoacao.com.br\/blog\/dia-do-trabalhador-reflexoes-importantes\/"},"wordCount":309,"commentCount":0,"publisher":{"@id":"https:\/\/corpoacao.com.br\/blog\/#organization"},"image":{"@id":"https:\/\/corpoacao.com.br\/blog\/dia-do-trabalhador-reflexoes-importantes\/#primaryimage"},"thumbnailUrl":"https:\/\/corpoacao.com.br\/blog\/wp-content\/uploads\/2023\/05\/reflexoes-dia-do-trabalho.jpg","inLanguage":"pt-BR","potentialAction":[{"@type":"CommentAction","name":"Comment","target":["https:\/\/corpoacao.com.br\/blog\/dia-do-trabalhador-reflexoes-importantes\/#respond"]}]},{"@type":"WebPage","@id":"https:\/\/corpoacao.com.br\/blog\/dia-do-trabalhador-reflexoes-importantes\/","url":"https:\/\/corpoacao.com.br\/blog\/dia-do-trabalhador-reflexoes-importantes\/","name":"Dia do Trabalhador Reflex\u00f5es Importantes - Corpo em A\u00e7\u00e3o","isPartOf":{"@id":"https:\/\/corpoacao.com.br\/blog\/#website"},"primaryImageOfPage":{"@id":"https:\/\/corpoacao.com.br\/blog\/dia-do-trabalhador-reflexoes-importantes\/#primaryimage"},"image":{"@id":"https:\/\/corpoacao.com.br\/blog\/dia-do-trabalhador-reflexoes-importantes\/#primaryimage"},"thumbnailUrl":"https:\/\/corpoacao.com.br\/blog\/wp-content\/uploads\/2023\/05\/reflexoes-dia-do-trabalho.jpg","datePublished":"2023-05-02T11:26:46+00:00","dateModified":"2023-05-08T11:48:21+00:00","breadcrumb":{"@id":"https:\/\/corpoacao.com.br\/blog\/dia-do-trabalhador-reflexoes-importantes\/#breadcrumb"},"inLanguage":"pt-BR","potentialAction":[{"@type":"ReadAction","target":["https:\/\/corpoacao.com.br\/blog\/dia-do-trabalhador-reflexoes-importantes\/"]}]},{"@type":"ImageObject","inLanguage":"pt-BR","@id":"https:\/\/corpoacao.com.br\/blog\/dia-do-trabalhador-reflexoes-importantes\/#primaryimage","url":"https:\/\/corpoacao.com.br\/blog\/wp-content\/uploads\/2023\/05\/reflexoes-dia-do-trabalho.jpg","contentUrl":"https:\/\/corpoacao.com.br\/blog\/wp-content\/uploads\/2023\/05\/reflexoes-dia-do-trabalho.jpg","width":1080,"height":1080},{"@type":"BreadcrumbList","@id":"https:\/\/corpoacao.com.br\/blog\/dia-do-trabalhador-reflexoes-importantes\/#breadcrumb","itemListElement":[{"@type":"ListItem","position":1,"name":"Home","item":"https:\/\/corpoacao.com.br\/blog\/"},{"@type":"ListItem","position":2,"name":"Dia do Trabalhador Reflex\u00f5es Importantes"}]},{"@type":"WebSite","@id":"https:\/\/corpoacao.com.br\/blog\/#website","url":"https:\/\/corpoacao.com.br\/blog\/","name":"Corpo em A\u00e7\u00e3o","description":"Blog Ergonomia e qualidade de vida no ambiente de trabalho","publisher":{"@id":"https:\/\/corpoacao.com.br\/blog\/#organization"},"potentialAction":[{"@type":"SearchAction","target":{"@type":"EntryPoint","urlTemplate":"https:\/\/corpoacao.com.br\/blog\/?s={search_term_string}"},"query-input":{"@type":"PropertyValueSpecification","valueRequired":true,"valueName":"search_term_string"}}],"inLanguage":"pt-BR"},{"@type":"Organization","@id":"https:\/\/corpoacao.com.br\/blog\/#organization","name":"Corpo em A\u00e7\u00e3o","url":"https:\/\/corpoacao.com.br\/blog\/","logo":{"@type":"ImageObject","inLanguage":"pt-BR","@id":"https:\/\/corpoacao.com.br\/blog\/#\/schema\/logo\/image\/","url":"https:\/\/corpoacao.com.br\/blog\/wp-content\/uploads\/2023\/04\/ginastica-laboral.png","contentUrl":"https:\/\/corpoacao.com.br\/blog\/wp-content\/uploads\/2023\/04\/ginastica-laboral.png","width":185,"height":128,"caption":"Corpo em A\u00e7\u00e3o"},"image":{"@id":"https:\/\/corpoacao.com.br\/blog\/#\/schema\/logo\/image\/"},"sameAs":["https:\/\/www.facebook.com\/corpoemacao.poa\/","https:\/\/www.instagram.com\/corpoemacaopoa\/"]},{"@type":"Person","@id":"https:\/\/corpoacao.com.br\/blog\/#\/schema\/person\/8511fda2e04a521379dee132a34c889e","name":"Morgana Lovato Cantarelli","image":{"@type":"ImageObject","inLanguage":"pt-BR","@id":"https:\/\/secure.gravatar.com\/avatar\/7a246dbb5756847be4e8d937d3645cb75b1afbf687c106886d0b09172c1ee291?s=96&d=mm&r=g","url":"https:\/\/secure.gravatar.com\/avatar\/7a246dbb5756847be4e8d937d3645cb75b1afbf687c106886d0b09172c1ee291?s=96&d=mm&r=g","contentUrl":"https:\/\/secure.gravatar.com\/avatar\/7a246dbb5756847be4e8d937d3645cb75b1afbf687c106886d0b09172c1ee291?s=96&d=mm&r=g","caption":"Morgana Lovato Cantarelli"},"description":"Propriet\u00e1ria da Empresa Corpo em A\u00e7\u00e3o , educadora f\u00edsica formada no IPA (1991), especializada em pedagogia do treinamento desportivo, especializada em pilates, palestrante, professora de massoterapia e Estado do Rio Grande do Sul","url":"https:\/\/corpoacao.com.br\/blog\/author\/admin\/"}]}},"_links":{"self":[{"href":"https:\/\/corpoacao.com.br\/blog\/wp-json\/wp\/v2\/posts\/1717","targetHints":{"allow":["GET"]}}],"collection":[{"href":"https:\/\/corpoacao.com.br\/blog\/wp-json\/wp\/v2\/posts"}],"about":[{"href":"https:\/\/corpoacao.com.br\/blog\/wp-json\/wp\/v2\/types\/post"}],"author":[{"embeddable":true,"href":"https:\/\/corpoacao.com.br\/blog\/wp-json\/wp\/v2\/users\/1"}],"replies":[{"embeddable":true,"href":"https:\/\/corpoacao.com.br\/blog\/wp-json\/wp\/v2\/comments?post=1717"}],"version-history":[{"count":2,"href":"https:\/\/corpoacao.com.br\/blog\/wp-json\/wp\/v2\/posts\/1717\/revisions"}],"predecessor-version":[{"id":1725,"href":"https:\/\/corpoacao.com.br\/blog\/wp-json\/wp\/v2\/posts\/1717\/revisions\/1725"}],"wp:featuredmedia":[{"embeddable":true,"href":"https:\/\/corpoacao.com.br\/blog\/wp-json\/wp\/v2\/media\/1718"}],"wp:attachment":[{"href":"https:\/\/corpoacao.com.br\/blog\/wp-json\/wp\/v2\/media?parent=1717"}],"wp:term":[{"taxonomy":"category","embeddable":true,"href":"https:\/\/corpoacao.com.br\/blog\/wp-json\/wp\/v2\/categories?post=1717"},{"taxonomy":"post_tag","embeddable":true,"href":"https:\/\/corpoacao.com.br\/blog\/wp-json\/wp\/v2\/tags?post=1717"}],"curies":[{"name":"wp","href":"https:\/\/api.w.org\/{rel}","templated":true}]}}