{"id":2514,"date":"2026-01-11T22:50:53","date_gmt":"2026-01-12T01:50:53","guid":{"rendered":"https:\/\/corpoacao.com.br\/blog\/?p=2514"},"modified":"2026-01-19T09:00:44","modified_gmt":"2026-01-19T12:00:44","slug":"mente-sa-corpo-sao-nossa-saude-como-um-todo-integrado","status":"publish","type":"post","link":"https:\/\/corpoacao.com.br\/blog\/mente-sa-corpo-sao-nossa-saude-como-um-todo-integrado\/","title":{"rendered":"Mente s\u00e3, corpo s\u00e3o: nossa sa\u00fade como um todo integrado"},"content":{"rendered":"\n<p>A express\u00e3o &#8220;mente s\u00e3, corpo s\u00e3o&#8221; nunca foi t\u00e3o atual. Nossa sa\u00fade n\u00e3o \u00e9 apenas a aus\u00eancia de doen\u00e7a \u2013 \u00e9 o equil\u00edbrio din\u00e2mico entre bem-estar psicol\u00f3gico, capacidade f\u00edsica e qualidade de vida. Em Porto Alegre, cada vez mais pessoas e empresas reconhecem que investir na sa\u00fade integral \u00e9 investir no presente e no futuro.<\/p>\n\n\n\n<p>A ci\u00eancia comprova que corpo e mente funcionam como um sistema interconectado. Estresse cr\u00f4nico gera tens\u00f5es musculares; sedentarismo afeta humor e cogni\u00e7\u00e3o; atividade f\u00edsica regular melhora autoestima e reduz ansiedade. Compreender essa rela\u00e7\u00e3o \u00e9 o primeiro passo para escolhas mais conscientes no cuidado pessoal e organizacional.<\/p>\n\n\n\n<h2 class=\"wp-block-heading\">Como corpo e mente se influenciam mutuamente<\/h2>\n\n\n\n<p>A conex\u00e3o entre sa\u00fade f\u00edsica e mental vai al\u00e9m do senso comum. Quando vivenciamos estresse prolongado, o corpo libera cortisol, que em excesso causa tens\u00e3o muscular, fadiga e altera\u00e7\u00f5es posturais. Por outro lado, a atividade f\u00edsica estimula endorfinas, serotonina e dopamina \u2013 neurotransmissores do bem-estar.<\/p>\n\n\n\n<p>Uma caminhada de 30 minutos pode reduzir ansiedade tanto quanto sess\u00f5es de terapia. Exerc\u00edcios de fortalecimento n\u00e3o apenas melhoram postura, mas tamb\u00e9m aumentam confian\u00e7a corporal e sensa\u00e7\u00e3o de controle sobre a pr\u00f3pria vida.<\/p>\n\n\n\n<h2 class=\"wp-block-heading\">Sinais de que corpo e mente precisam de aten\u00e7\u00e3o<\/h2>\n\n\n\n<p>Nosso organismo constantemente envia sinais quando algo n\u00e3o vai bem:<\/p>\n\n\n\n<p>Sinais f\u00edsicos: dores de cabe\u00e7a frequentes, tens\u00e3o no pesco\u00e7o e ombros, fadiga inexplic\u00e1vel, altera\u00e7\u00f5es no sono, dores nas costas sem causa aparente.<\/p>\n\n\n\n<p>Sinais emocionais: irritabilidade constante, dificuldade de concentra\u00e7\u00e3o, sensa\u00e7\u00e3o de sobrecarga, perda de interesse em atividades prazerosas.<\/p>\n\n\n\n<p>Sinais comportamentais: isolamento social, procrastina\u00e7\u00e3o, postura encurvada por longos per\u00edodos, evitar atividades f\u00edsicas.<\/p>\n\n\n\n<p>Reconhecer esses sinais precocemente permite interven\u00e7\u00f5es simples e eficazes.<\/p>\n\n\n\n<h2 class=\"wp-block-heading\">Estrat\u00e9gias pr\u00e1ticas para o equil\u00edbrio integral<\/h2>\n\n\n\n<p>Manter corpo e mente saud\u00e1veis exige consist\u00eancia em pequenos h\u00e1bitos:<\/p>\n\n\n\n<p>Movimento consciente: inclua atividades que trabalhem for\u00e7a, flexibilidade e coordena\u00e7\u00e3o. Pilates, RPG e exerc\u00edcios funcionais integram consci\u00eancia corporal com controle respirat\u00f3rio. Mesmo 15 minutos di\u00e1rios fazem diferen\u00e7a.<\/p>\n\n\n\n<p>Respira\u00e7\u00e3o e postura: pratique respira\u00e7\u00e3o diafragm\u00e1tica durante o dia. Inspire pelo nariz expandindo o abd\u00f4men, expire lentamente pela boca. Isso reduz tens\u00e3o muscular e acalma o sistema nervoso.<\/p>\n\n\n\n<p>Pausas ativas: a cada hora, levante-se, movimente ombros, alongue pesco\u00e7o e punhos. Essas micro-pausas previnem sobrecarga f\u00edsica e mental.<\/p>\n\n\n\n<h2 class=\"wp-block-heading\">O papel do exerc\u00edcio na sa\u00fade mental<\/h2>\n\n\n\n<p>A atividade f\u00edsica \u00e9 um dos &#8220;medicamentos&#8221; mais potentes para sa\u00fade mental, sem efeitos colaterais. Durante o exerc\u00edcio, o c\u00e9rebro produz fatores que estimulam novas conex\u00f5es neurais, melhorando mem\u00f3ria, concentra\u00e7\u00e3o e adapta\u00e7\u00e3o ao estresse.<\/p>\n\n\n\n<p>Exerc\u00edcios aer\u00f3bicos s\u00e3o eficazes contra ansiedade e depress\u00e3o. Atividades como pilates, yoga e tai chi trabalham simultaneamente for\u00e7a, flexibilidade e mindfulness, promovendo relaxamento ativo. Para iniciantes, tr\u00eas sess\u00f5es de 30 minutos por semana j\u00e1 trazem benef\u00edcios significativos.<\/p>\n\n\n\n<h2 class=\"wp-block-heading\">Sa\u00fade mental no ambiente de trabalho<\/h2>\n\n\n\n<p>O local de trabalho pode promover sa\u00fade integral. Empresas que investem no bem-estar observam redu\u00e7\u00e3o no absente\u00edsmo e aumento da produtividade. Estrat\u00e9gias incluem gin\u00e1stica laboral, espa\u00e7os para relaxamento, ergonomia adequada e campanhas de sa\u00fade mental.<\/p>\n\n\n\n<p>Gestores contribuem criando comunica\u00e7\u00e3o aberta, metas realistas e reconhecimento das equipes. Colaboradores bem cuidados s\u00e3o mais criativos, engajados e resilientes.<\/p>\n\n\n\n<h2 class=\"wp-block-heading\">Quando buscar ajuda profissional<\/h2>\n\n\n\n<p>Procure ajuda quando sintomas persistem por mais de duas semanas, interferem nas atividades di\u00e1rias ou geram sofrimento significativo. A abordagem integrada \u2013 considerando aspectos f\u00edsicos, emocionais e sociais \u2013 tende a ser mais eficaz que tratamentos isolados.<\/p>\n\n\n\n<p><\/p>\n","protected":false},"excerpt":{"rendered":"<p>A express\u00e3o &#8220;mente s\u00e3, corpo s\u00e3o&#8221; nunca foi t\u00e3o atual. Nossa sa\u00fade n\u00e3o \u00e9 apenas a aus\u00eancia de doen\u00e7a \u2013 \u00e9 o equil\u00edbrio din\u00e2mico entre bem-estar psicol\u00f3gico, capacidade f\u00edsica e qualidade de vida. Em Porto Alegre, cada vez mais pessoas e empresas reconhecem que investir na sa\u00fade integral \u00e9 investir no presente e no futuro. [&hellip;]<\/p>\n","protected":false},"author":1,"featured_media":2522,"comment_status":"open","ping_status":"open","sticky":false,"template":"","format":"standard","meta":{"_joinchat":[],"footnotes":""},"categories":[1],"tags":[],"class_list":["post-2514","post","type-post","status-publish","format-standard","has-post-thumbnail","hentry","category-sem-categoria"],"yoast_head":"<!-- This site is optimized with the Yoast SEO Premium plugin v20.8 (Yoast SEO v27.4) - https:\/\/yoast.com\/product\/yoast-seo-premium-wordpress\/ -->\n<title>Mente s\u00e3, corpo s\u00e3o: nossa sa\u00fade como um todo integrado - Corpo em A\u00e7\u00e3o<\/title>\n<meta name=\"robots\" content=\"index, follow, max-snippet:-1, max-image-preview:large, max-video-preview:-1\" \/>\n<link rel=\"canonical\" href=\"https:\/\/corpoacao.com.br\/blog\/mente-sa-corpo-sao-nossa-saude-como-um-todo-integrado\/\" \/>\n<meta property=\"og:locale\" content=\"pt_BR\" \/>\n<meta property=\"og:type\" content=\"article\" \/>\n<meta property=\"og:title\" content=\"Mente s\u00e3, corpo s\u00e3o: nossa sa\u00fade como um todo integrado\" \/>\n<meta property=\"og:description\" content=\"A express\u00e3o &#8220;mente s\u00e3, corpo s\u00e3o&#8221; nunca foi t\u00e3o atual. Nossa sa\u00fade n\u00e3o \u00e9 apenas a aus\u00eancia de doen\u00e7a \u2013 \u00e9 o equil\u00edbrio din\u00e2mico entre bem-estar psicol\u00f3gico, capacidade f\u00edsica e qualidade de vida. Em Porto Alegre, cada vez mais pessoas e empresas reconhecem que investir na sa\u00fade integral \u00e9 investir no presente e no futuro. [&hellip;]\" \/>\n<meta property=\"og:url\" content=\"https:\/\/corpoacao.com.br\/blog\/mente-sa-corpo-sao-nossa-saude-como-um-todo-integrado\/\" \/>\n<meta property=\"og:site_name\" content=\"Corpo em A\u00e7\u00e3o\" \/>\n<meta property=\"article:publisher\" content=\"https:\/\/www.facebook.com\/corpoemacao.poa\/\" \/>\n<meta property=\"article:published_time\" content=\"2026-01-12T01:50:53+00:00\" \/>\n<meta property=\"article:modified_time\" content=\"2026-01-19T12:00:44+00:00\" \/>\n<meta property=\"og:image\" content=\"https:\/\/corpoacao.com.br\/blog\/wp-content\/uploads\/2026\/01\/Mente-sa-corpo-sao-nossa-saude-como-um-todo-integrado-2.png\" \/>\n\t<meta property=\"og:image:width\" content=\"1080\" \/>\n\t<meta property=\"og:image:height\" content=\"1080\" \/>\n\t<meta property=\"og:image:type\" content=\"image\/png\" \/>\n<meta name=\"author\" content=\"Morgana Lovato Cantarelli\" \/>\n<meta name=\"twitter:card\" content=\"summary_large_image\" \/>\n<meta name=\"twitter:label1\" content=\"Escrito por\" \/>\n\t<meta name=\"twitter:data1\" content=\"Morgana Lovato Cantarelli\" \/>\n\t<meta name=\"twitter:label2\" content=\"Est. tempo de leitura\" \/>\n\t<meta name=\"twitter:data2\" content=\"4 minutos\" \/>\n<script type=\"application\/ld+json\" class=\"yoast-schema-graph\">{\"@context\":\"https:\\\/\\\/schema.org\",\"@graph\":[{\"@type\":\"Article\",\"@id\":\"https:\\\/\\\/corpoacao.com.br\\\/blog\\\/mente-sa-corpo-sao-nossa-saude-como-um-todo-integrado\\\/#article\",\"isPartOf\":{\"@id\":\"https:\\\/\\\/corpoacao.com.br\\\/blog\\\/mente-sa-corpo-sao-nossa-saude-como-um-todo-integrado\\\/\"},\"author\":{\"name\":\"Morgana Lovato Cantarelli\",\"@id\":\"https:\\\/\\\/corpoacao.com.br\\\/blog\\\/#\\\/schema\\\/person\\\/8511fda2e04a521379dee132a34c889e\"},\"headline\":\"Mente s\u00e3, corpo s\u00e3o: nossa sa\u00fade como um todo integrado\",\"datePublished\":\"2026-01-12T01:50:53+00:00\",\"dateModified\":\"2026-01-19T12:00:44+00:00\",\"mainEntityOfPage\":{\"@id\":\"https:\\\/\\\/corpoacao.com.br\\\/blog\\\/mente-sa-corpo-sao-nossa-saude-como-um-todo-integrado\\\/\"},\"wordCount\":631,\"commentCount\":0,\"publisher\":{\"@id\":\"https:\\\/\\\/corpoacao.com.br\\\/blog\\\/#organization\"},\"image\":{\"@id\":\"https:\\\/\\\/corpoacao.com.br\\\/blog\\\/mente-sa-corpo-sao-nossa-saude-como-um-todo-integrado\\\/#primaryimage\"},\"thumbnailUrl\":\"https:\\\/\\\/corpoacao.com.br\\\/blog\\\/wp-content\\\/uploads\\\/2026\\\/01\\\/Mente-sa-corpo-sao-nossa-saude-como-um-todo-integrado-2.png\",\"inLanguage\":\"pt-BR\",\"potentialAction\":[{\"@type\":\"CommentAction\",\"name\":\"Comment\",\"target\":[\"https:\\\/\\\/corpoacao.com.br\\\/blog\\\/mente-sa-corpo-sao-nossa-saude-como-um-todo-integrado\\\/#respond\"]}]},{\"@type\":\"WebPage\",\"@id\":\"https:\\\/\\\/corpoacao.com.br\\\/blog\\\/mente-sa-corpo-sao-nossa-saude-como-um-todo-integrado\\\/\",\"url\":\"https:\\\/\\\/corpoacao.com.br\\\/blog\\\/mente-sa-corpo-sao-nossa-saude-como-um-todo-integrado\\\/\",\"name\":\"Mente s\u00e3, corpo s\u00e3o: nossa sa\u00fade como um todo integrado - Corpo em A\u00e7\u00e3o\",\"isPartOf\":{\"@id\":\"https:\\\/\\\/corpoacao.com.br\\\/blog\\\/#website\"},\"primaryImageOfPage\":{\"@id\":\"https:\\\/\\\/corpoacao.com.br\\\/blog\\\/mente-sa-corpo-sao-nossa-saude-como-um-todo-integrado\\\/#primaryimage\"},\"image\":{\"@id\":\"https:\\\/\\\/corpoacao.com.br\\\/blog\\\/mente-sa-corpo-sao-nossa-saude-como-um-todo-integrado\\\/#primaryimage\"},\"thumbnailUrl\":\"https:\\\/\\\/corpoacao.com.br\\\/blog\\\/wp-content\\\/uploads\\\/2026\\\/01\\\/Mente-sa-corpo-sao-nossa-saude-como-um-todo-integrado-2.png\",\"datePublished\":\"2026-01-12T01:50:53+00:00\",\"dateModified\":\"2026-01-19T12:00:44+00:00\",\"breadcrumb\":{\"@id\":\"https:\\\/\\\/corpoacao.com.br\\\/blog\\\/mente-sa-corpo-sao-nossa-saude-como-um-todo-integrado\\\/#breadcrumb\"},\"inLanguage\":\"pt-BR\",\"potentialAction\":[{\"@type\":\"ReadAction\",\"target\":[\"https:\\\/\\\/corpoacao.com.br\\\/blog\\\/mente-sa-corpo-sao-nossa-saude-como-um-todo-integrado\\\/\"]}]},{\"@type\":\"ImageObject\",\"inLanguage\":\"pt-BR\",\"@id\":\"https:\\\/\\\/corpoacao.com.br\\\/blog\\\/mente-sa-corpo-sao-nossa-saude-como-um-todo-integrado\\\/#primaryimage\",\"url\":\"https:\\\/\\\/corpoacao.com.br\\\/blog\\\/wp-content\\\/uploads\\\/2026\\\/01\\\/Mente-sa-corpo-sao-nossa-saude-como-um-todo-integrado-2.png\",\"contentUrl\":\"https:\\\/\\\/corpoacao.com.br\\\/blog\\\/wp-content\\\/uploads\\\/2026\\\/01\\\/Mente-sa-corpo-sao-nossa-saude-como-um-todo-integrado-2.png\",\"width\":1080,\"height\":1080},{\"@type\":\"BreadcrumbList\",\"@id\":\"https:\\\/\\\/corpoacao.com.br\\\/blog\\\/mente-sa-corpo-sao-nossa-saude-como-um-todo-integrado\\\/#breadcrumb\",\"itemListElement\":[{\"@type\":\"ListItem\",\"position\":1,\"name\":\"Home\",\"item\":\"https:\\\/\\\/corpoacao.com.br\\\/blog\\\/\"},{\"@type\":\"ListItem\",\"position\":2,\"name\":\"Mente s\u00e3, corpo s\u00e3o: nossa sa\u00fade como um todo integrado\"}]},{\"@type\":\"WebSite\",\"@id\":\"https:\\\/\\\/corpoacao.com.br\\\/blog\\\/#website\",\"url\":\"https:\\\/\\\/corpoacao.com.br\\\/blog\\\/\",\"name\":\"Corpo em A\u00e7\u00e3o\",\"description\":\"Blog Ergonomia e qualidade de vida no ambiente de trabalho\",\"publisher\":{\"@id\":\"https:\\\/\\\/corpoacao.com.br\\\/blog\\\/#organization\"},\"potentialAction\":[{\"@type\":\"SearchAction\",\"target\":{\"@type\":\"EntryPoint\",\"urlTemplate\":\"https:\\\/\\\/corpoacao.com.br\\\/blog\\\/?s={search_term_string}\"},\"query-input\":{\"@type\":\"PropertyValueSpecification\",\"valueRequired\":true,\"valueName\":\"search_term_string\"}}],\"inLanguage\":\"pt-BR\"},{\"@type\":\"Organization\",\"@id\":\"https:\\\/\\\/corpoacao.com.br\\\/blog\\\/#organization\",\"name\":\"Corpo em A\u00e7\u00e3o\",\"url\":\"https:\\\/\\\/corpoacao.com.br\\\/blog\\\/\",\"logo\":{\"@type\":\"ImageObject\",\"inLanguage\":\"pt-BR\",\"@id\":\"https:\\\/\\\/corpoacao.com.br\\\/blog\\\/#\\\/schema\\\/logo\\\/image\\\/\",\"url\":\"https:\\\/\\\/corpoacao.com.br\\\/blog\\\/wp-content\\\/uploads\\\/2023\\\/04\\\/ginastica-laboral.png\",\"contentUrl\":\"https:\\\/\\\/corpoacao.com.br\\\/blog\\\/wp-content\\\/uploads\\\/2023\\\/04\\\/ginastica-laboral.png\",\"width\":185,\"height\":128,\"caption\":\"Corpo em A\u00e7\u00e3o\"},\"image\":{\"@id\":\"https:\\\/\\\/corpoacao.com.br\\\/blog\\\/#\\\/schema\\\/logo\\\/image\\\/\"},\"sameAs\":[\"https:\\\/\\\/www.facebook.com\\\/corpoemacao.poa\\\/\",\"https:\\\/\\\/www.instagram.com\\\/corpoemacaopoa\\\/\"]},{\"@type\":\"Person\",\"@id\":\"https:\\\/\\\/corpoacao.com.br\\\/blog\\\/#\\\/schema\\\/person\\\/8511fda2e04a521379dee132a34c889e\",\"name\":\"Morgana Lovato Cantarelli\",\"image\":{\"@type\":\"ImageObject\",\"inLanguage\":\"pt-BR\",\"@id\":\"https:\\\/\\\/secure.gravatar.com\\\/avatar\\\/7a246dbb5756847be4e8d937d3645cb75b1afbf687c106886d0b09172c1ee291?s=96&d=mm&r=g\",\"url\":\"https:\\\/\\\/secure.gravatar.com\\\/avatar\\\/7a246dbb5756847be4e8d937d3645cb75b1afbf687c106886d0b09172c1ee291?s=96&d=mm&r=g\",\"contentUrl\":\"https:\\\/\\\/secure.gravatar.com\\\/avatar\\\/7a246dbb5756847be4e8d937d3645cb75b1afbf687c106886d0b09172c1ee291?s=96&d=mm&r=g\",\"caption\":\"Morgana Lovato Cantarelli\"},\"description\":\"Propriet\u00e1ria da Empresa Corpo em A\u00e7\u00e3o , educadora f\u00edsica formada no IPA (1991), especializada em pedagogia do treinamento desportivo, especializada em pilates, palestrante, professora de massoterapia e Estado do Rio Grande do Sul\",\"url\":\"https:\\\/\\\/corpoacao.com.br\\\/blog\\\/author\\\/admin\\\/\"}]}<\/script>\n<!-- \/ Yoast SEO Premium plugin. -->","yoast_head_json":{"title":"Mente s\u00e3, corpo s\u00e3o: nossa sa\u00fade como um todo integrado - Corpo em A\u00e7\u00e3o","robots":{"index":"index","follow":"follow","max-snippet":"max-snippet:-1","max-image-preview":"max-image-preview:large","max-video-preview":"max-video-preview:-1"},"canonical":"https:\/\/corpoacao.com.br\/blog\/mente-sa-corpo-sao-nossa-saude-como-um-todo-integrado\/","og_locale":"pt_BR","og_type":"article","og_title":"Mente s\u00e3, corpo s\u00e3o: nossa sa\u00fade como um todo integrado","og_description":"A express\u00e3o &#8220;mente s\u00e3, corpo s\u00e3o&#8221; nunca foi t\u00e3o atual. Nossa sa\u00fade n\u00e3o \u00e9 apenas a aus\u00eancia de doen\u00e7a \u2013 \u00e9 o equil\u00edbrio din\u00e2mico entre bem-estar psicol\u00f3gico, capacidade f\u00edsica e qualidade de vida. Em Porto Alegre, cada vez mais pessoas e empresas reconhecem que investir na sa\u00fade integral \u00e9 investir no presente e no futuro. [&hellip;]","og_url":"https:\/\/corpoacao.com.br\/blog\/mente-sa-corpo-sao-nossa-saude-como-um-todo-integrado\/","og_site_name":"Corpo em A\u00e7\u00e3o","article_publisher":"https:\/\/www.facebook.com\/corpoemacao.poa\/","article_published_time":"2026-01-12T01:50:53+00:00","article_modified_time":"2026-01-19T12:00:44+00:00","og_image":[{"width":1080,"height":1080,"url":"https:\/\/corpoacao.com.br\/blog\/wp-content\/uploads\/2026\/01\/Mente-sa-corpo-sao-nossa-saude-como-um-todo-integrado-2.png","type":"image\/png"}],"author":"Morgana Lovato Cantarelli","twitter_card":"summary_large_image","twitter_misc":{"Escrito por":"Morgana Lovato Cantarelli","Est. tempo de leitura":"4 minutos"},"schema":{"@context":"https:\/\/schema.org","@graph":[{"@type":"Article","@id":"https:\/\/corpoacao.com.br\/blog\/mente-sa-corpo-sao-nossa-saude-como-um-todo-integrado\/#article","isPartOf":{"@id":"https:\/\/corpoacao.com.br\/blog\/mente-sa-corpo-sao-nossa-saude-como-um-todo-integrado\/"},"author":{"name":"Morgana Lovato Cantarelli","@id":"https:\/\/corpoacao.com.br\/blog\/#\/schema\/person\/8511fda2e04a521379dee132a34c889e"},"headline":"Mente s\u00e3, corpo s\u00e3o: nossa sa\u00fade como um todo integrado","datePublished":"2026-01-12T01:50:53+00:00","dateModified":"2026-01-19T12:00:44+00:00","mainEntityOfPage":{"@id":"https:\/\/corpoacao.com.br\/blog\/mente-sa-corpo-sao-nossa-saude-como-um-todo-integrado\/"},"wordCount":631,"commentCount":0,"publisher":{"@id":"https:\/\/corpoacao.com.br\/blog\/#organization"},"image":{"@id":"https:\/\/corpoacao.com.br\/blog\/mente-sa-corpo-sao-nossa-saude-como-um-todo-integrado\/#primaryimage"},"thumbnailUrl":"https:\/\/corpoacao.com.br\/blog\/wp-content\/uploads\/2026\/01\/Mente-sa-corpo-sao-nossa-saude-como-um-todo-integrado-2.png","inLanguage":"pt-BR","potentialAction":[{"@type":"CommentAction","name":"Comment","target":["https:\/\/corpoacao.com.br\/blog\/mente-sa-corpo-sao-nossa-saude-como-um-todo-integrado\/#respond"]}]},{"@type":"WebPage","@id":"https:\/\/corpoacao.com.br\/blog\/mente-sa-corpo-sao-nossa-saude-como-um-todo-integrado\/","url":"https:\/\/corpoacao.com.br\/blog\/mente-sa-corpo-sao-nossa-saude-como-um-todo-integrado\/","name":"Mente s\u00e3, corpo s\u00e3o: nossa sa\u00fade como um todo integrado - Corpo em A\u00e7\u00e3o","isPartOf":{"@id":"https:\/\/corpoacao.com.br\/blog\/#website"},"primaryImageOfPage":{"@id":"https:\/\/corpoacao.com.br\/blog\/mente-sa-corpo-sao-nossa-saude-como-um-todo-integrado\/#primaryimage"},"image":{"@id":"https:\/\/corpoacao.com.br\/blog\/mente-sa-corpo-sao-nossa-saude-como-um-todo-integrado\/#primaryimage"},"thumbnailUrl":"https:\/\/corpoacao.com.br\/blog\/wp-content\/uploads\/2026\/01\/Mente-sa-corpo-sao-nossa-saude-como-um-todo-integrado-2.png","datePublished":"2026-01-12T01:50:53+00:00","dateModified":"2026-01-19T12:00:44+00:00","breadcrumb":{"@id":"https:\/\/corpoacao.com.br\/blog\/mente-sa-corpo-sao-nossa-saude-como-um-todo-integrado\/#breadcrumb"},"inLanguage":"pt-BR","potentialAction":[{"@type":"ReadAction","target":["https:\/\/corpoacao.com.br\/blog\/mente-sa-corpo-sao-nossa-saude-como-um-todo-integrado\/"]}]},{"@type":"ImageObject","inLanguage":"pt-BR","@id":"https:\/\/corpoacao.com.br\/blog\/mente-sa-corpo-sao-nossa-saude-como-um-todo-integrado\/#primaryimage","url":"https:\/\/corpoacao.com.br\/blog\/wp-content\/uploads\/2026\/01\/Mente-sa-corpo-sao-nossa-saude-como-um-todo-integrado-2.png","contentUrl":"https:\/\/corpoacao.com.br\/blog\/wp-content\/uploads\/2026\/01\/Mente-sa-corpo-sao-nossa-saude-como-um-todo-integrado-2.png","width":1080,"height":1080},{"@type":"BreadcrumbList","@id":"https:\/\/corpoacao.com.br\/blog\/mente-sa-corpo-sao-nossa-saude-como-um-todo-integrado\/#breadcrumb","itemListElement":[{"@type":"ListItem","position":1,"name":"Home","item":"https:\/\/corpoacao.com.br\/blog\/"},{"@type":"ListItem","position":2,"name":"Mente s\u00e3, corpo s\u00e3o: nossa sa\u00fade como um todo integrado"}]},{"@type":"WebSite","@id":"https:\/\/corpoacao.com.br\/blog\/#website","url":"https:\/\/corpoacao.com.br\/blog\/","name":"Corpo em A\u00e7\u00e3o","description":"Blog Ergonomia e qualidade de vida no ambiente de trabalho","publisher":{"@id":"https:\/\/corpoacao.com.br\/blog\/#organization"},"potentialAction":[{"@type":"SearchAction","target":{"@type":"EntryPoint","urlTemplate":"https:\/\/corpoacao.com.br\/blog\/?s={search_term_string}"},"query-input":{"@type":"PropertyValueSpecification","valueRequired":true,"valueName":"search_term_string"}}],"inLanguage":"pt-BR"},{"@type":"Organization","@id":"https:\/\/corpoacao.com.br\/blog\/#organization","name":"Corpo em A\u00e7\u00e3o","url":"https:\/\/corpoacao.com.br\/blog\/","logo":{"@type":"ImageObject","inLanguage":"pt-BR","@id":"https:\/\/corpoacao.com.br\/blog\/#\/schema\/logo\/image\/","url":"https:\/\/corpoacao.com.br\/blog\/wp-content\/uploads\/2023\/04\/ginastica-laboral.png","contentUrl":"https:\/\/corpoacao.com.br\/blog\/wp-content\/uploads\/2023\/04\/ginastica-laboral.png","width":185,"height":128,"caption":"Corpo em A\u00e7\u00e3o"},"image":{"@id":"https:\/\/corpoacao.com.br\/blog\/#\/schema\/logo\/image\/"},"sameAs":["https:\/\/www.facebook.com\/corpoemacao.poa\/","https:\/\/www.instagram.com\/corpoemacaopoa\/"]},{"@type":"Person","@id":"https:\/\/corpoacao.com.br\/blog\/#\/schema\/person\/8511fda2e04a521379dee132a34c889e","name":"Morgana Lovato Cantarelli","image":{"@type":"ImageObject","inLanguage":"pt-BR","@id":"https:\/\/secure.gravatar.com\/avatar\/7a246dbb5756847be4e8d937d3645cb75b1afbf687c106886d0b09172c1ee291?s=96&d=mm&r=g","url":"https:\/\/secure.gravatar.com\/avatar\/7a246dbb5756847be4e8d937d3645cb75b1afbf687c106886d0b09172c1ee291?s=96&d=mm&r=g","contentUrl":"https:\/\/secure.gravatar.com\/avatar\/7a246dbb5756847be4e8d937d3645cb75b1afbf687c106886d0b09172c1ee291?s=96&d=mm&r=g","caption":"Morgana Lovato Cantarelli"},"description":"Propriet\u00e1ria da Empresa Corpo em A\u00e7\u00e3o , educadora f\u00edsica formada no IPA (1991), especializada em pedagogia do treinamento desportivo, especializada em pilates, palestrante, professora de massoterapia e Estado do Rio Grande do Sul","url":"https:\/\/corpoacao.com.br\/blog\/author\/admin\/"}]}},"_links":{"self":[{"href":"https:\/\/corpoacao.com.br\/blog\/wp-json\/wp\/v2\/posts\/2514","targetHints":{"allow":["GET"]}}],"collection":[{"href":"https:\/\/corpoacao.com.br\/blog\/wp-json\/wp\/v2\/posts"}],"about":[{"href":"https:\/\/corpoacao.com.br\/blog\/wp-json\/wp\/v2\/types\/post"}],"author":[{"embeddable":true,"href":"https:\/\/corpoacao.com.br\/blog\/wp-json\/wp\/v2\/users\/1"}],"replies":[{"embeddable":true,"href":"https:\/\/corpoacao.com.br\/blog\/wp-json\/wp\/v2\/comments?post=2514"}],"version-history":[{"count":1,"href":"https:\/\/corpoacao.com.br\/blog\/wp-json\/wp\/v2\/posts\/2514\/revisions"}],"predecessor-version":[{"id":2515,"href":"https:\/\/corpoacao.com.br\/blog\/wp-json\/wp\/v2\/posts\/2514\/revisions\/2515"}],"wp:featuredmedia":[{"embeddable":true,"href":"https:\/\/corpoacao.com.br\/blog\/wp-json\/wp\/v2\/media\/2522"}],"wp:attachment":[{"href":"https:\/\/corpoacao.com.br\/blog\/wp-json\/wp\/v2\/media?parent=2514"}],"wp:term":[{"taxonomy":"category","embeddable":true,"href":"https:\/\/corpoacao.com.br\/blog\/wp-json\/wp\/v2\/categories?post=2514"},{"taxonomy":"post_tag","embeddable":true,"href":"https:\/\/corpoacao.com.br\/blog\/wp-json\/wp\/v2\/tags?post=2514"}],"curies":[{"name":"wp","href":"https:\/\/api.w.org\/{rel}","templated":true}]}}