{"id":2516,"date":"2026-01-19T08:58:26","date_gmt":"2026-01-19T11:58:26","guid":{"rendered":"https:\/\/corpoacao.com.br\/blog\/?p=2516"},"modified":"2026-01-19T09:02:38","modified_gmt":"2026-01-19T12:02:38","slug":"exercicios-fisicos-e-alimentacao-no-verao-seu-guia-completo-para-uma-estacao-saudavel","status":"publish","type":"post","link":"https:\/\/corpoacao.com.br\/blog\/exercicios-fisicos-e-alimentacao-no-verao-seu-guia-completo-para-uma-estacao-saudavel\/","title":{"rendered":"Exerc\u00edcios f\u00edsicos e alimenta\u00e7\u00e3o no ver\u00e3o"},"content":{"rendered":"\n<p>O ver\u00e3o em Porto Alegre traz consigo temperaturas elevadas e a vontade de aproveitar atividades ao ar livre. Para manter o bem-estar durante essa esta\u00e7\u00e3o, \u00e9 fundamental adaptar tanto a rotina de exerc\u00edcios f\u00edsicos quanto os h\u00e1bitos alimentares \u00e0s demandas espec\u00edficas do calor.<\/p>\n\n\n\n<p>Segundo dados do Instituto Nacional de Meteorologia (INMET), as temperaturas no ver\u00e3o ga\u00facho podem ultrapassar os 35\u00b0C, exigindo cuidados especiais para quem deseja manter-se ativo. A combina\u00e7\u00e3o adequada entre atividade f\u00edsica e nutri\u00e7\u00e3o estrat\u00e9gica n\u00e3o apenas protege sua sa\u00fade, mas tamb\u00e9m potencializa os benef\u00edcios do movimento corporal.<\/p>\n\n\n\n<figure class=\"wp-block-image size-large\"><img fetchpriority=\"high\" decoding=\"async\" width=\"1024\" height=\"1024\" src=\"https:\/\/corpoacao.com.br\/blog\/wp-content\/uploads\/2026\/01\/exercicios-1-1024x1024.png\" alt=\"\" class=\"wp-image-2519\" srcset=\"https:\/\/corpoacao.com.br\/blog\/wp-content\/uploads\/2026\/01\/exercicios-1-1024x1024.png 1024w, https:\/\/corpoacao.com.br\/blog\/wp-content\/uploads\/2026\/01\/exercicios-1-300x300.png 300w, https:\/\/corpoacao.com.br\/blog\/wp-content\/uploads\/2026\/01\/exercicios-1-150x150.png 150w, https:\/\/corpoacao.com.br\/blog\/wp-content\/uploads\/2026\/01\/exercicios-1-768x768.png 768w, https:\/\/corpoacao.com.br\/blog\/wp-content\/uploads\/2026\/01\/exercicios-1.png 1080w\" sizes=\"(max-width: 1024px) 100vw, 1024px\" \/><\/figure>\n\n\n\n<h2 class=\"wp-block-heading\">Por que o ver\u00e3o exige adapta\u00e7\u00f5es na rotina de exerc\u00edcios<\/h2>\n\n\n\n<p>Durante os meses mais quentes, nosso organismo trabalha intensamente para manter a temperatura corporal est\u00e1vel. O sistema cardiovascular precisa bombear mais sangue para a pele, facilitando a dissipa\u00e7\u00e3o do calor atrav\u00e9s do suor.<\/p>\n\n\n\n<p>A desidrata\u00e7\u00e3o representa o principal risco para praticantes de exerc\u00edcios no ver\u00e3o. Estudos da Sociedade Brasileira de Medicina do Esporte mostram que a perda de apenas 2% do peso corporal em l\u00edquidos j\u00e1 pode reduzir significativamente a capacidade de performance e concentra\u00e7\u00e3o.<\/p>\n\n\n\n<h2 class=\"wp-block-heading\">Melhores hor\u00e1rios para se exercitar no calor<\/h2>\n\n\n\n<p>Os hor\u00e1rios ideais para atividades f\u00edsicas no ver\u00e3o s\u00e3o antes das 9h da manh\u00e3 e ap\u00f3s as 17h. Durante esses per\u00edodos, as temperaturas est\u00e3o mais amenas e a incid\u00eancia de raios UV \u00e9 menor.<\/p>\n\n\n\n<p>O per\u00edodo entre 10h e 16h deve ser evitado sempre que poss\u00edvel. Se n\u00e3o houver alternativa, opte por ambientes climatizados ou atividades aqu\u00e1ticas, que oferecem refrigera\u00e7\u00e3o natural ao corpo.<\/p>\n\n\n\n<h2 class=\"wp-block-heading\">Hidrata\u00e7\u00e3o inteligente: al\u00e9m da \u00e1gua<\/h2>\n\n\n\n<p>A hidrata\u00e7\u00e3o adequada no ver\u00e3o vai muito al\u00e9m de beber \u00e1gua em quantidade suficiente. \u00c9 preciso considerar a reposi\u00e7\u00e3o de eletr\u00f3litos perdidos atrav\u00e9s do suor, principalmente s\u00f3dio, pot\u00e1ssio e magn\u00e9sio.<\/p>\n\n\n\n<p>Para exerc\u00edcios de at\u00e9 uma hora, a \u00e1gua pura geralmente \u00e9 suficiente. Atividades mais prolongadas requerem bebidas isot\u00f4nicas naturais ou repositores eletrol\u00edticos espec\u00edficos. Consuma 500ml de \u00e1gua duas horas antes do exerc\u00edcio e 200-300ml a cada 15-20 minutos durante a atividade.<\/p>\n\n\n\n<h2 class=\"wp-block-heading\">Alimenta\u00e7\u00e3o estrat\u00e9gica para o ver\u00e3o ativo<\/h2>\n\n\n\n<p>A nutri\u00e7\u00e3o no ver\u00e3o deve priorizar alimentos frescos, de f\u00e1cil digest\u00e3o e ricos em \u00e1gua. Frutas como melancia, mel\u00e3o e abacaxi fornecem hidrata\u00e7\u00e3o adicional e vitaminas essenciais para o bom funcionamento muscular.<\/p>\n\n\n\n<p>Vegetais folhosos, pepino e tomate oferecem nutrientes importantes com baixo impacto t\u00e9rmico na digest\u00e3o. Evite refei\u00e7\u00f5es pesadas antes dos exerc\u00edcios, optando por lanches leves consumidos 1-2 horas antes da atividade.<\/p>\n\n\n\n<h2 class=\"wp-block-heading\">Adaptando a intensidade dos treinos<\/h2>\n\n\n\n<p>No ver\u00e3o, reduza a intensidade dos exerc\u00edcios em 10-15% em dias muito quentes e aumente as pausas entre as s\u00e9ries. A percep\u00e7\u00e3o de esfor\u00e7o torna-se ainda mais importante no calor.<\/p>\n\n\n\n<p>Exerc\u00edcios de for\u00e7a podem ser mantidos em ambientes climatizados. Para atividades ao ar livre, priorize caminhadas r\u00e1pidas em trilhas sombreadas ou ciclismo em hor\u00e1rios mais frescos.<\/p>\n\n\n\n<h2 class=\"wp-block-heading\">Benef\u00edcios das atividades aqu\u00e1ticas<\/h2>\n\n\n\n<p>As atividades aqu\u00e1ticas representam uma excelente alternativa para manter-se ativo no ver\u00e3o. A \u00e1gua oferece resist\u00eancia natural para fortalecimento muscular enquanto proporciona refrigera\u00e7\u00e3o cont\u00ednua.<\/p>\n\n\n\n<p>Nata\u00e7\u00e3o, hidrogin\u00e1stica e caminhadas na \u00e1gua trabalham todos os grupos musculares com baixo impacto articular, sendo ideais para quem busca reabilita\u00e7\u00e3o ou tem limita\u00e7\u00f5es f\u00edsicas.<\/p>\n\n\n\n<h2 class=\"wp-block-heading\">Sinais de alerta e preven\u00e7\u00e3o<\/h2>\n\n\n\n<p>Reconhecer os primeiros sinais de desidrata\u00e7\u00e3o \u00e9 fundamental: sede intensa, urina escura, fadiga excessiva e dor de cabe\u00e7a. A exaust\u00e3o pelo calor pode evoluir para insola\u00e7\u00e3o, exigindo atendimento m\u00e9dico imediato.<\/p>\n\n\n\n<p>Evite exerc\u00edcios quando a temperatura ultrapassar 32\u00b0C com alta umidade. Use roupas leves, de cores claras e tecidos que permitam a evapora\u00e7\u00e3o do suor.<\/p>\n","protected":false},"excerpt":{"rendered":"<p>O ver\u00e3o em Porto Alegre traz consigo temperaturas elevadas e a vontade de aproveitar atividades ao ar livre. Para manter o bem-estar durante essa esta\u00e7\u00e3o, \u00e9 fundamental adaptar tanto a rotina de exerc\u00edcios f\u00edsicos quanto os h\u00e1bitos alimentares \u00e0s demandas espec\u00edficas do calor. Segundo dados do Instituto Nacional de Meteorologia (INMET), as temperaturas no ver\u00e3o [&hellip;]<\/p>\n","protected":false},"author":1,"featured_media":2517,"comment_status":"open","ping_status":"open","sticky":false,"template":"","format":"standard","meta":{"_joinchat":[],"footnotes":""},"categories":[1],"tags":[],"class_list":["post-2516","post","type-post","status-publish","format-standard","has-post-thumbnail","hentry","category-sem-categoria"],"yoast_head":"<!-- This site is optimized with the Yoast SEO Premium plugin v20.8 (Yoast SEO v27.4) - https:\/\/yoast.com\/product\/yoast-seo-premium-wordpress\/ -->\n<title>Exerc\u00edcios f\u00edsicos e alimenta\u00e7\u00e3o no ver\u00e3o - Corpo em A\u00e7\u00e3o<\/title>\n<meta name=\"robots\" content=\"index, follow, max-snippet:-1, max-image-preview:large, max-video-preview:-1\" \/>\n<link rel=\"canonical\" href=\"https:\/\/corpoacao.com.br\/blog\/exercicios-fisicos-e-alimentacao-no-verao-seu-guia-completo-para-uma-estacao-saudavel\/\" \/>\n<meta property=\"og:locale\" content=\"pt_BR\" \/>\n<meta property=\"og:type\" content=\"article\" \/>\n<meta property=\"og:title\" content=\"Exerc\u00edcios f\u00edsicos e alimenta\u00e7\u00e3o no ver\u00e3o\" \/>\n<meta property=\"og:description\" content=\"O ver\u00e3o em Porto Alegre traz consigo temperaturas elevadas e a vontade de aproveitar atividades ao ar livre. Para manter o bem-estar durante essa esta\u00e7\u00e3o, \u00e9 fundamental adaptar tanto a rotina de exerc\u00edcios f\u00edsicos quanto os h\u00e1bitos alimentares \u00e0s demandas espec\u00edficas do calor. Segundo dados do Instituto Nacional de Meteorologia (INMET), as temperaturas no ver\u00e3o [&hellip;]\" \/>\n<meta property=\"og:url\" content=\"https:\/\/corpoacao.com.br\/blog\/exercicios-fisicos-e-alimentacao-no-verao-seu-guia-completo-para-uma-estacao-saudavel\/\" \/>\n<meta property=\"og:site_name\" content=\"Corpo em A\u00e7\u00e3o\" \/>\n<meta property=\"article:publisher\" content=\"https:\/\/www.facebook.com\/corpoemacao.poa\/\" \/>\n<meta property=\"article:published_time\" content=\"2026-01-19T11:58:26+00:00\" \/>\n<meta property=\"article:modified_time\" content=\"2026-01-19T12:02:38+00:00\" \/>\n<meta property=\"og:image\" content=\"https:\/\/corpoacao.com.br\/blog\/wp-content\/uploads\/2026\/01\/exercicios-1024x1024.png\" \/>\n\t<meta property=\"og:image:width\" content=\"1024\" \/>\n\t<meta property=\"og:image:height\" content=\"1024\" \/>\n\t<meta property=\"og:image:type\" content=\"image\/png\" \/>\n<meta name=\"author\" content=\"Morgana Lovato Cantarelli\" \/>\n<meta name=\"twitter:card\" content=\"summary_large_image\" \/>\n<meta name=\"twitter:label1\" content=\"Escrito por\" \/>\n\t<meta name=\"twitter:data1\" content=\"Morgana Lovato Cantarelli\" \/>\n\t<meta name=\"twitter:label2\" content=\"Est. tempo de leitura\" \/>\n\t<meta name=\"twitter:data2\" content=\"4 minutos\" \/>\n<script type=\"application\/ld+json\" class=\"yoast-schema-graph\">{\"@context\":\"https:\\\/\\\/schema.org\",\"@graph\":[{\"@type\":\"Article\",\"@id\":\"https:\\\/\\\/corpoacao.com.br\\\/blog\\\/exercicios-fisicos-e-alimentacao-no-verao-seu-guia-completo-para-uma-estacao-saudavel\\\/#article\",\"isPartOf\":{\"@id\":\"https:\\\/\\\/corpoacao.com.br\\\/blog\\\/exercicios-fisicos-e-alimentacao-no-verao-seu-guia-completo-para-uma-estacao-saudavel\\\/\"},\"author\":{\"name\":\"Morgana Lovato Cantarelli\",\"@id\":\"https:\\\/\\\/corpoacao.com.br\\\/blog\\\/#\\\/schema\\\/person\\\/8511fda2e04a521379dee132a34c889e\"},\"headline\":\"Exerc\u00edcios f\u00edsicos e alimenta\u00e7\u00e3o no ver\u00e3o\",\"datePublished\":\"2026-01-19T11:58:26+00:00\",\"dateModified\":\"2026-01-19T12:02:38+00:00\",\"mainEntityOfPage\":{\"@id\":\"https:\\\/\\\/corpoacao.com.br\\\/blog\\\/exercicios-fisicos-e-alimentacao-no-verao-seu-guia-completo-para-uma-estacao-saudavel\\\/\"},\"wordCount\":666,\"commentCount\":0,\"publisher\":{\"@id\":\"https:\\\/\\\/corpoacao.com.br\\\/blog\\\/#organization\"},\"image\":{\"@id\":\"https:\\\/\\\/corpoacao.com.br\\\/blog\\\/exercicios-fisicos-e-alimentacao-no-verao-seu-guia-completo-para-uma-estacao-saudavel\\\/#primaryimage\"},\"thumbnailUrl\":\"https:\\\/\\\/corpoacao.com.br\\\/blog\\\/wp-content\\\/uploads\\\/2026\\\/01\\\/exercicios.png\",\"inLanguage\":\"pt-BR\",\"potentialAction\":[{\"@type\":\"CommentAction\",\"name\":\"Comment\",\"target\":[\"https:\\\/\\\/corpoacao.com.br\\\/blog\\\/exercicios-fisicos-e-alimentacao-no-verao-seu-guia-completo-para-uma-estacao-saudavel\\\/#respond\"]}]},{\"@type\":\"WebPage\",\"@id\":\"https:\\\/\\\/corpoacao.com.br\\\/blog\\\/exercicios-fisicos-e-alimentacao-no-verao-seu-guia-completo-para-uma-estacao-saudavel\\\/\",\"url\":\"https:\\\/\\\/corpoacao.com.br\\\/blog\\\/exercicios-fisicos-e-alimentacao-no-verao-seu-guia-completo-para-uma-estacao-saudavel\\\/\",\"name\":\"Exerc\u00edcios f\u00edsicos e alimenta\u00e7\u00e3o no ver\u00e3o - Corpo em A\u00e7\u00e3o\",\"isPartOf\":{\"@id\":\"https:\\\/\\\/corpoacao.com.br\\\/blog\\\/#website\"},\"primaryImageOfPage\":{\"@id\":\"https:\\\/\\\/corpoacao.com.br\\\/blog\\\/exercicios-fisicos-e-alimentacao-no-verao-seu-guia-completo-para-uma-estacao-saudavel\\\/#primaryimage\"},\"image\":{\"@id\":\"https:\\\/\\\/corpoacao.com.br\\\/blog\\\/exercicios-fisicos-e-alimentacao-no-verao-seu-guia-completo-para-uma-estacao-saudavel\\\/#primaryimage\"},\"thumbnailUrl\":\"https:\\\/\\\/corpoacao.com.br\\\/blog\\\/wp-content\\\/uploads\\\/2026\\\/01\\\/exercicios.png\",\"datePublished\":\"2026-01-19T11:58:26+00:00\",\"dateModified\":\"2026-01-19T12:02:38+00:00\",\"breadcrumb\":{\"@id\":\"https:\\\/\\\/corpoacao.com.br\\\/blog\\\/exercicios-fisicos-e-alimentacao-no-verao-seu-guia-completo-para-uma-estacao-saudavel\\\/#breadcrumb\"},\"inLanguage\":\"pt-BR\",\"potentialAction\":[{\"@type\":\"ReadAction\",\"target\":[\"https:\\\/\\\/corpoacao.com.br\\\/blog\\\/exercicios-fisicos-e-alimentacao-no-verao-seu-guia-completo-para-uma-estacao-saudavel\\\/\"]}]},{\"@type\":\"ImageObject\",\"inLanguage\":\"pt-BR\",\"@id\":\"https:\\\/\\\/corpoacao.com.br\\\/blog\\\/exercicios-fisicos-e-alimentacao-no-verao-seu-guia-completo-para-uma-estacao-saudavel\\\/#primaryimage\",\"url\":\"https:\\\/\\\/corpoacao.com.br\\\/blog\\\/wp-content\\\/uploads\\\/2026\\\/01\\\/exercicios.png\",\"contentUrl\":\"https:\\\/\\\/corpoacao.com.br\\\/blog\\\/wp-content\\\/uploads\\\/2026\\\/01\\\/exercicios.png\",\"width\":1080,\"height\":1080},{\"@type\":\"BreadcrumbList\",\"@id\":\"https:\\\/\\\/corpoacao.com.br\\\/blog\\\/exercicios-fisicos-e-alimentacao-no-verao-seu-guia-completo-para-uma-estacao-saudavel\\\/#breadcrumb\",\"itemListElement\":[{\"@type\":\"ListItem\",\"position\":1,\"name\":\"Home\",\"item\":\"https:\\\/\\\/corpoacao.com.br\\\/blog\\\/\"},{\"@type\":\"ListItem\",\"position\":2,\"name\":\"Exerc\u00edcios f\u00edsicos e alimenta\u00e7\u00e3o no ver\u00e3o\"}]},{\"@type\":\"WebSite\",\"@id\":\"https:\\\/\\\/corpoacao.com.br\\\/blog\\\/#website\",\"url\":\"https:\\\/\\\/corpoacao.com.br\\\/blog\\\/\",\"name\":\"Corpo em A\u00e7\u00e3o\",\"description\":\"Blog Ergonomia e qualidade de vida no ambiente de trabalho\",\"publisher\":{\"@id\":\"https:\\\/\\\/corpoacao.com.br\\\/blog\\\/#organization\"},\"potentialAction\":[{\"@type\":\"SearchAction\",\"target\":{\"@type\":\"EntryPoint\",\"urlTemplate\":\"https:\\\/\\\/corpoacao.com.br\\\/blog\\\/?s={search_term_string}\"},\"query-input\":{\"@type\":\"PropertyValueSpecification\",\"valueRequired\":true,\"valueName\":\"search_term_string\"}}],\"inLanguage\":\"pt-BR\"},{\"@type\":\"Organization\",\"@id\":\"https:\\\/\\\/corpoacao.com.br\\\/blog\\\/#organization\",\"name\":\"Corpo em A\u00e7\u00e3o\",\"url\":\"https:\\\/\\\/corpoacao.com.br\\\/blog\\\/\",\"logo\":{\"@type\":\"ImageObject\",\"inLanguage\":\"pt-BR\",\"@id\":\"https:\\\/\\\/corpoacao.com.br\\\/blog\\\/#\\\/schema\\\/logo\\\/image\\\/\",\"url\":\"https:\\\/\\\/corpoacao.com.br\\\/blog\\\/wp-content\\\/uploads\\\/2023\\\/04\\\/ginastica-laboral.png\",\"contentUrl\":\"https:\\\/\\\/corpoacao.com.br\\\/blog\\\/wp-content\\\/uploads\\\/2023\\\/04\\\/ginastica-laboral.png\",\"width\":185,\"height\":128,\"caption\":\"Corpo em A\u00e7\u00e3o\"},\"image\":{\"@id\":\"https:\\\/\\\/corpoacao.com.br\\\/blog\\\/#\\\/schema\\\/logo\\\/image\\\/\"},\"sameAs\":[\"https:\\\/\\\/www.facebook.com\\\/corpoemacao.poa\\\/\",\"https:\\\/\\\/www.instagram.com\\\/corpoemacaopoa\\\/\"]},{\"@type\":\"Person\",\"@id\":\"https:\\\/\\\/corpoacao.com.br\\\/blog\\\/#\\\/schema\\\/person\\\/8511fda2e04a521379dee132a34c889e\",\"name\":\"Morgana Lovato Cantarelli\",\"image\":{\"@type\":\"ImageObject\",\"inLanguage\":\"pt-BR\",\"@id\":\"https:\\\/\\\/secure.gravatar.com\\\/avatar\\\/7a246dbb5756847be4e8d937d3645cb75b1afbf687c106886d0b09172c1ee291?s=96&d=mm&r=g\",\"url\":\"https:\\\/\\\/secure.gravatar.com\\\/avatar\\\/7a246dbb5756847be4e8d937d3645cb75b1afbf687c106886d0b09172c1ee291?s=96&d=mm&r=g\",\"contentUrl\":\"https:\\\/\\\/secure.gravatar.com\\\/avatar\\\/7a246dbb5756847be4e8d937d3645cb75b1afbf687c106886d0b09172c1ee291?s=96&d=mm&r=g\",\"caption\":\"Morgana Lovato Cantarelli\"},\"description\":\"Propriet\u00e1ria da Empresa Corpo em A\u00e7\u00e3o , educadora f\u00edsica formada no IPA (1991), especializada em pedagogia do treinamento desportivo, especializada em pilates, palestrante, professora de massoterapia e Estado do Rio Grande do Sul\",\"url\":\"https:\\\/\\\/corpoacao.com.br\\\/blog\\\/author\\\/admin\\\/\"}]}<\/script>\n<!-- \/ Yoast SEO Premium plugin. -->","yoast_head_json":{"title":"Exerc\u00edcios f\u00edsicos e alimenta\u00e7\u00e3o no ver\u00e3o - Corpo em A\u00e7\u00e3o","robots":{"index":"index","follow":"follow","max-snippet":"max-snippet:-1","max-image-preview":"max-image-preview:large","max-video-preview":"max-video-preview:-1"},"canonical":"https:\/\/corpoacao.com.br\/blog\/exercicios-fisicos-e-alimentacao-no-verao-seu-guia-completo-para-uma-estacao-saudavel\/","og_locale":"pt_BR","og_type":"article","og_title":"Exerc\u00edcios f\u00edsicos e alimenta\u00e7\u00e3o no ver\u00e3o","og_description":"O ver\u00e3o em Porto Alegre traz consigo temperaturas elevadas e a vontade de aproveitar atividades ao ar livre. Para manter o bem-estar durante essa esta\u00e7\u00e3o, \u00e9 fundamental adaptar tanto a rotina de exerc\u00edcios f\u00edsicos quanto os h\u00e1bitos alimentares \u00e0s demandas espec\u00edficas do calor. Segundo dados do Instituto Nacional de Meteorologia (INMET), as temperaturas no ver\u00e3o [&hellip;]","og_url":"https:\/\/corpoacao.com.br\/blog\/exercicios-fisicos-e-alimentacao-no-verao-seu-guia-completo-para-uma-estacao-saudavel\/","og_site_name":"Corpo em A\u00e7\u00e3o","article_publisher":"https:\/\/www.facebook.com\/corpoemacao.poa\/","article_published_time":"2026-01-19T11:58:26+00:00","article_modified_time":"2026-01-19T12:02:38+00:00","og_image":[{"width":1024,"height":1024,"url":"https:\/\/corpoacao.com.br\/blog\/wp-content\/uploads\/2026\/01\/exercicios-1024x1024.png","type":"image\/png"}],"author":"Morgana Lovato Cantarelli","twitter_card":"summary_large_image","twitter_misc":{"Escrito por":"Morgana Lovato Cantarelli","Est. tempo de leitura":"4 minutos"},"schema":{"@context":"https:\/\/schema.org","@graph":[{"@type":"Article","@id":"https:\/\/corpoacao.com.br\/blog\/exercicios-fisicos-e-alimentacao-no-verao-seu-guia-completo-para-uma-estacao-saudavel\/#article","isPartOf":{"@id":"https:\/\/corpoacao.com.br\/blog\/exercicios-fisicos-e-alimentacao-no-verao-seu-guia-completo-para-uma-estacao-saudavel\/"},"author":{"name":"Morgana Lovato Cantarelli","@id":"https:\/\/corpoacao.com.br\/blog\/#\/schema\/person\/8511fda2e04a521379dee132a34c889e"},"headline":"Exerc\u00edcios f\u00edsicos e alimenta\u00e7\u00e3o no ver\u00e3o","datePublished":"2026-01-19T11:58:26+00:00","dateModified":"2026-01-19T12:02:38+00:00","mainEntityOfPage":{"@id":"https:\/\/corpoacao.com.br\/blog\/exercicios-fisicos-e-alimentacao-no-verao-seu-guia-completo-para-uma-estacao-saudavel\/"},"wordCount":666,"commentCount":0,"publisher":{"@id":"https:\/\/corpoacao.com.br\/blog\/#organization"},"image":{"@id":"https:\/\/corpoacao.com.br\/blog\/exercicios-fisicos-e-alimentacao-no-verao-seu-guia-completo-para-uma-estacao-saudavel\/#primaryimage"},"thumbnailUrl":"https:\/\/corpoacao.com.br\/blog\/wp-content\/uploads\/2026\/01\/exercicios.png","inLanguage":"pt-BR","potentialAction":[{"@type":"CommentAction","name":"Comment","target":["https:\/\/corpoacao.com.br\/blog\/exercicios-fisicos-e-alimentacao-no-verao-seu-guia-completo-para-uma-estacao-saudavel\/#respond"]}]},{"@type":"WebPage","@id":"https:\/\/corpoacao.com.br\/blog\/exercicios-fisicos-e-alimentacao-no-verao-seu-guia-completo-para-uma-estacao-saudavel\/","url":"https:\/\/corpoacao.com.br\/blog\/exercicios-fisicos-e-alimentacao-no-verao-seu-guia-completo-para-uma-estacao-saudavel\/","name":"Exerc\u00edcios f\u00edsicos e alimenta\u00e7\u00e3o no ver\u00e3o - Corpo em A\u00e7\u00e3o","isPartOf":{"@id":"https:\/\/corpoacao.com.br\/blog\/#website"},"primaryImageOfPage":{"@id":"https:\/\/corpoacao.com.br\/blog\/exercicios-fisicos-e-alimentacao-no-verao-seu-guia-completo-para-uma-estacao-saudavel\/#primaryimage"},"image":{"@id":"https:\/\/corpoacao.com.br\/blog\/exercicios-fisicos-e-alimentacao-no-verao-seu-guia-completo-para-uma-estacao-saudavel\/#primaryimage"},"thumbnailUrl":"https:\/\/corpoacao.com.br\/blog\/wp-content\/uploads\/2026\/01\/exercicios.png","datePublished":"2026-01-19T11:58:26+00:00","dateModified":"2026-01-19T12:02:38+00:00","breadcrumb":{"@id":"https:\/\/corpoacao.com.br\/blog\/exercicios-fisicos-e-alimentacao-no-verao-seu-guia-completo-para-uma-estacao-saudavel\/#breadcrumb"},"inLanguage":"pt-BR","potentialAction":[{"@type":"ReadAction","target":["https:\/\/corpoacao.com.br\/blog\/exercicios-fisicos-e-alimentacao-no-verao-seu-guia-completo-para-uma-estacao-saudavel\/"]}]},{"@type":"ImageObject","inLanguage":"pt-BR","@id":"https:\/\/corpoacao.com.br\/blog\/exercicios-fisicos-e-alimentacao-no-verao-seu-guia-completo-para-uma-estacao-saudavel\/#primaryimage","url":"https:\/\/corpoacao.com.br\/blog\/wp-content\/uploads\/2026\/01\/exercicios.png","contentUrl":"https:\/\/corpoacao.com.br\/blog\/wp-content\/uploads\/2026\/01\/exercicios.png","width":1080,"height":1080},{"@type":"BreadcrumbList","@id":"https:\/\/corpoacao.com.br\/blog\/exercicios-fisicos-e-alimentacao-no-verao-seu-guia-completo-para-uma-estacao-saudavel\/#breadcrumb","itemListElement":[{"@type":"ListItem","position":1,"name":"Home","item":"https:\/\/corpoacao.com.br\/blog\/"},{"@type":"ListItem","position":2,"name":"Exerc\u00edcios f\u00edsicos e alimenta\u00e7\u00e3o no ver\u00e3o"}]},{"@type":"WebSite","@id":"https:\/\/corpoacao.com.br\/blog\/#website","url":"https:\/\/corpoacao.com.br\/blog\/","name":"Corpo em A\u00e7\u00e3o","description":"Blog Ergonomia e qualidade de vida no ambiente de trabalho","publisher":{"@id":"https:\/\/corpoacao.com.br\/blog\/#organization"},"potentialAction":[{"@type":"SearchAction","target":{"@type":"EntryPoint","urlTemplate":"https:\/\/corpoacao.com.br\/blog\/?s={search_term_string}"},"query-input":{"@type":"PropertyValueSpecification","valueRequired":true,"valueName":"search_term_string"}}],"inLanguage":"pt-BR"},{"@type":"Organization","@id":"https:\/\/corpoacao.com.br\/blog\/#organization","name":"Corpo em A\u00e7\u00e3o","url":"https:\/\/corpoacao.com.br\/blog\/","logo":{"@type":"ImageObject","inLanguage":"pt-BR","@id":"https:\/\/corpoacao.com.br\/blog\/#\/schema\/logo\/image\/","url":"https:\/\/corpoacao.com.br\/blog\/wp-content\/uploads\/2023\/04\/ginastica-laboral.png","contentUrl":"https:\/\/corpoacao.com.br\/blog\/wp-content\/uploads\/2023\/04\/ginastica-laboral.png","width":185,"height":128,"caption":"Corpo em A\u00e7\u00e3o"},"image":{"@id":"https:\/\/corpoacao.com.br\/blog\/#\/schema\/logo\/image\/"},"sameAs":["https:\/\/www.facebook.com\/corpoemacao.poa\/","https:\/\/www.instagram.com\/corpoemacaopoa\/"]},{"@type":"Person","@id":"https:\/\/corpoacao.com.br\/blog\/#\/schema\/person\/8511fda2e04a521379dee132a34c889e","name":"Morgana Lovato Cantarelli","image":{"@type":"ImageObject","inLanguage":"pt-BR","@id":"https:\/\/secure.gravatar.com\/avatar\/7a246dbb5756847be4e8d937d3645cb75b1afbf687c106886d0b09172c1ee291?s=96&d=mm&r=g","url":"https:\/\/secure.gravatar.com\/avatar\/7a246dbb5756847be4e8d937d3645cb75b1afbf687c106886d0b09172c1ee291?s=96&d=mm&r=g","contentUrl":"https:\/\/secure.gravatar.com\/avatar\/7a246dbb5756847be4e8d937d3645cb75b1afbf687c106886d0b09172c1ee291?s=96&d=mm&r=g","caption":"Morgana Lovato Cantarelli"},"description":"Propriet\u00e1ria da Empresa Corpo em A\u00e7\u00e3o , educadora f\u00edsica formada no IPA (1991), especializada em pedagogia do treinamento desportivo, especializada em pilates, palestrante, professora de massoterapia e Estado do Rio Grande do Sul","url":"https:\/\/corpoacao.com.br\/blog\/author\/admin\/"}]}},"_links":{"self":[{"href":"https:\/\/corpoacao.com.br\/blog\/wp-json\/wp\/v2\/posts\/2516","targetHints":{"allow":["GET"]}}],"collection":[{"href":"https:\/\/corpoacao.com.br\/blog\/wp-json\/wp\/v2\/posts"}],"about":[{"href":"https:\/\/corpoacao.com.br\/blog\/wp-json\/wp\/v2\/types\/post"}],"author":[{"embeddable":true,"href":"https:\/\/corpoacao.com.br\/blog\/wp-json\/wp\/v2\/users\/1"}],"replies":[{"embeddable":true,"href":"https:\/\/corpoacao.com.br\/blog\/wp-json\/wp\/v2\/comments?post=2516"}],"version-history":[{"count":3,"href":"https:\/\/corpoacao.com.br\/blog\/wp-json\/wp\/v2\/posts\/2516\/revisions"}],"predecessor-version":[{"id":2523,"href":"https:\/\/corpoacao.com.br\/blog\/wp-json\/wp\/v2\/posts\/2516\/revisions\/2523"}],"wp:featuredmedia":[{"embeddable":true,"href":"https:\/\/corpoacao.com.br\/blog\/wp-json\/wp\/v2\/media\/2517"}],"wp:attachment":[{"href":"https:\/\/corpoacao.com.br\/blog\/wp-json\/wp\/v2\/media?parent=2516"}],"wp:term":[{"taxonomy":"category","embeddable":true,"href":"https:\/\/corpoacao.com.br\/blog\/wp-json\/wp\/v2\/categories?post=2516"},{"taxonomy":"post_tag","embeddable":true,"href":"https:\/\/corpoacao.com.br\/blog\/wp-json\/wp\/v2\/tags?post=2516"}],"curies":[{"name":"wp","href":"https:\/\/api.w.org\/{rel}","templated":true}]}}