{"id":2549,"date":"2026-03-01T16:39:13","date_gmt":"2026-03-01T19:39:13","guid":{"rendered":"https:\/\/corpoacao.com.br\/blog\/?p=2549"},"modified":"2026-03-01T16:55:08","modified_gmt":"2026-03-01T19:55:08","slug":"obesidade-e-saude-impactos-e-prevencao-no-ambiente-de-trabalho","status":"publish","type":"post","link":"https:\/\/corpoacao.com.br\/blog\/obesidade-e-saude-impactos-e-prevencao-no-ambiente-de-trabalho\/","title":{"rendered":"Obesidade e sa\u00fade: impactos e preven\u00e7\u00e3o no ambiente de trabalho"},"content":{"rendered":"\n<p>Dia 4\/3 \u00e9 o dia mundial da obesidade, neste artigo, queremos alertar todos voc\u00eas sobre os perigos para a sa\u00fade .<\/p>\n\n\n\n<p>A rela\u00e7\u00e3o entre <strong>obesidade e sa\u00fade<\/strong> vai muito al\u00e9m da est\u00e9tica. Trata-se de uma doen\u00e7a cr\u00f4nica multifatorial, associada a diversos riscos f\u00edsicos e emocionais. No Brasil, mais da metade da popula\u00e7\u00e3o adulta apresenta excesso de peso, segundo o Minist\u00e9rio da Sa\u00fade, o que refor\u00e7a a necessidade de estrat\u00e9gias de preven\u00e7\u00e3o, especialmente no ambiente corporativo.<\/p>\n\n\n\n<p>A Organiza\u00e7\u00e3o Mundial da Sa\u00fade aponta que a obesidade quase triplicou no mundo desde 1975. Esses dados mostram que estamos diante de um desafio coletivo, que impacta diretamente qualidade de vida, produtividade e custos com sa\u00fade.<\/p>\n\n\n\n<h2 class=\"wp-block-heading\">O que \u00e9 obesidade e quais s\u00e3o os riscos<\/h2>\n\n\n\n<p>A obesidade \u00e9 caracterizada pelo ac\u00famulo excessivo de gordura corporal, geralmente avaliado pelo \u00cdndice de Massa Corporal (IMC). Suas causas envolvem alimenta\u00e7\u00e3o inadequada, sedentarismo, estresse, fatores hormonais e rotina desregulada.<\/p>\n\n\n\n<p>Entre os principais riscos est\u00e3o doen\u00e7as cardiovasculares, diabetes tipo 2, dores articulares e alguns tipos de c\u00e2ncer. O Instituto Nacional de C\u00e2ncer destaca que o excesso de peso est\u00e1 associado a pelo menos 13 tipos de c\u00e2ncer.<\/p>\n\n\n\n<p>Al\u00e9m das doen\u00e7as cr\u00f4nicas, o impacto musculoesquel\u00e9tico \u00e9 significativo, aumentando queixas de dores na coluna, joelhos e ombros \u2014 especialmente em profissionais que permanecem longos per\u00edodos sentados.<\/p>\n\n\n\n<h2 class=\"wp-block-heading\">Obesidade e impacto na produtividade<\/h2>\n\n\n\n<p>No ambiente corporativo, a obesidade pode contribuir para fadiga, menor disposi\u00e7\u00e3o e maior risco de afastamentos. O sedentarismo associado a jornadas prolongadas intensifica dores e desconfortos f\u00edsicos.<\/p>\n\n\n\n<p>Empresas que investem em preven\u00e7\u00e3o reduzem custos com absente\u00edsmo e fortalecem o bem-estar das equipes. Promover sa\u00fade no trabalho \u00e9 uma estrat\u00e9gia inteligente de gest\u00e3o.<\/p>\n\n\n\n<h2 class=\"wp-block-heading\">Preven\u00e7\u00e3o e qualidade de vida<\/h2>\n\n\n\n<p>A preven\u00e7\u00e3o da obesidade exige mudan\u00e7as consistentes na rotina. A pr\u00e1tica regular de atividade f\u00edsica, recomendada pela Organiza\u00e7\u00e3o Mundial da Sa\u00fade em pelo menos 150 minutos semanais, \u00e9 uma das principais medidas.<\/p>\n\n\n\n<p>No ambiente de trabalho, pausas ativas e gin\u00e1stica laboral ajudam a combater o sedentarismo, melhorar a circula\u00e7\u00e3o e reduzir tens\u00f5es musculares. Aliadas a orienta\u00e7\u00f5es sobre alimenta\u00e7\u00e3o equilibrada e gest\u00e3o do estresse, essas a\u00e7\u00f5es fortalecem a sa\u00fade f\u00edsica e mental.<\/p>\n\n\n\n<p>Pequenas mudan\u00e7as di\u00e1rias geram grandes resultados quando aplicadas de forma cont\u00ednua.<\/p>\n\n\n\n<h2 class=\"wp-block-heading\">Como a Corpo em A\u00e7\u00e3o pode ajudar<\/h2>\n\n\n\n<p>A obesidade e sa\u00fade impactam diretamente a performance e a qualidade de vida dos colaboradores. A Corpo em A\u00e7\u00e3o atua com foco em sa\u00fade ocupacional, oferecendo gin\u00e1stica laboral, fisioterapia ocupacional, avalia\u00e7\u00e3o postural e campanhas educativas personalizadas para empresas.<\/p>\n\n\n\n<p>As a\u00e7\u00f5es s\u00e3o estruturadas para reduzir o sedentarismo, prevenir dores musculoesquel\u00e9ticas e estimular h\u00e1bitos mais saud\u00e1veis dentro do ambiente corporativo.<\/p>\n\n\n\n<p>Se sua empresa deseja fortalecer a cultura de preven\u00e7\u00e3o e promover mais qualidade de vida no trabalho, comece com um diagn\u00f3stico das necessidades da equipe. Implemente programas de pausas ativas e educa\u00e7\u00e3o em sa\u00fade com apoio especializado e gere impacto positivo na rotina dos colaboradores.<\/p>\n","protected":false},"excerpt":{"rendered":"<p>Dia 4\/3 \u00e9 o dia mundial da obesidade, neste artigo, queremos alertar todos voc\u00eas sobre os perigos para a sa\u00fade . A rela\u00e7\u00e3o entre obesidade e sa\u00fade vai muito al\u00e9m da est\u00e9tica. Trata-se de uma doen\u00e7a cr\u00f4nica multifatorial, associada a diversos riscos f\u00edsicos e emocionais. No Brasil, mais da metade da popula\u00e7\u00e3o adulta apresenta excesso [&hellip;]<\/p>\n","protected":false},"author":2,"featured_media":2550,"comment_status":"open","ping_status":"open","sticky":false,"template":"","format":"standard","meta":{"_joinchat":[],"footnotes":""},"categories":[1],"tags":[],"class_list":["post-2549","post","type-post","status-publish","format-standard","has-post-thumbnail","hentry","category-sem-categoria"],"yoast_head":"<!-- This site is optimized with the Yoast SEO Premium plugin v20.8 (Yoast SEO v27.4) - https:\/\/yoast.com\/product\/yoast-seo-premium-wordpress\/ -->\n<title>Obesidade e sa\u00fade: impactos e preven\u00e7\u00e3o no ambiente de trabalho - Corpo em A\u00e7\u00e3o<\/title>\n<meta name=\"robots\" content=\"index, follow, max-snippet:-1, max-image-preview:large, max-video-preview:-1\" \/>\n<link rel=\"canonical\" href=\"https:\/\/corpoacao.com.br\/blog\/obesidade-e-saude-impactos-e-prevencao-no-ambiente-de-trabalho\/\" \/>\n<meta property=\"og:locale\" content=\"pt_BR\" \/>\n<meta property=\"og:type\" content=\"article\" \/>\n<meta property=\"og:title\" content=\"Obesidade e sa\u00fade: impactos e preven\u00e7\u00e3o no ambiente de trabalho\" \/>\n<meta property=\"og:description\" content=\"Dia 4\/3 \u00e9 o dia mundial da obesidade, neste artigo, queremos alertar todos voc\u00eas sobre os perigos para a sa\u00fade . A rela\u00e7\u00e3o entre obesidade e sa\u00fade vai muito al\u00e9m da est\u00e9tica. Trata-se de uma doen\u00e7a cr\u00f4nica multifatorial, associada a diversos riscos f\u00edsicos e emocionais. No Brasil, mais da metade da popula\u00e7\u00e3o adulta apresenta excesso [&hellip;]\" \/>\n<meta property=\"og:url\" content=\"https:\/\/corpoacao.com.br\/blog\/obesidade-e-saude-impactos-e-prevencao-no-ambiente-de-trabalho\/\" \/>\n<meta property=\"og:site_name\" content=\"Corpo em A\u00e7\u00e3o\" \/>\n<meta property=\"article:publisher\" content=\"https:\/\/www.facebook.com\/corpoemacao.poa\/\" \/>\n<meta property=\"article:published_time\" content=\"2026-03-01T19:39:13+00:00\" \/>\n<meta property=\"article:modified_time\" content=\"2026-03-01T19:55:08+00:00\" \/>\n<meta property=\"og:image\" content=\"https:\/\/corpoacao.com.br\/blog\/wp-content\/uploads\/2026\/03\/Corpo-em-Acao-Feed02MARCO.png\" \/>\n\t<meta property=\"og:image:width\" content=\"1080\" \/>\n\t<meta property=\"og:image:height\" content=\"1080\" \/>\n\t<meta property=\"og:image:type\" content=\"image\/png\" \/>\n<meta name=\"author\" content=\"Suporte WebProj\" \/>\n<meta name=\"twitter:card\" content=\"summary_large_image\" \/>\n<meta name=\"twitter:label1\" content=\"Escrito por\" \/>\n\t<meta name=\"twitter:data1\" content=\"Suporte WebProj\" \/>\n\t<meta name=\"twitter:label2\" content=\"Est. tempo de leitura\" \/>\n\t<meta name=\"twitter:data2\" content=\"3 minutos\" \/>\n<script type=\"application\/ld+json\" class=\"yoast-schema-graph\">{\"@context\":\"https:\\\/\\\/schema.org\",\"@graph\":[{\"@type\":\"Article\",\"@id\":\"https:\\\/\\\/corpoacao.com.br\\\/blog\\\/obesidade-e-saude-impactos-e-prevencao-no-ambiente-de-trabalho\\\/#article\",\"isPartOf\":{\"@id\":\"https:\\\/\\\/corpoacao.com.br\\\/blog\\\/obesidade-e-saude-impactos-e-prevencao-no-ambiente-de-trabalho\\\/\"},\"author\":{\"name\":\"Suporte WebProj\",\"@id\":\"https:\\\/\\\/corpoacao.com.br\\\/blog\\\/#\\\/schema\\\/person\\\/402a8f3cb7003c8ed384263f240d4741\"},\"headline\":\"Obesidade e sa\u00fade: impactos e preven\u00e7\u00e3o no ambiente de trabalho\",\"datePublished\":\"2026-03-01T19:39:13+00:00\",\"dateModified\":\"2026-03-01T19:55:08+00:00\",\"mainEntityOfPage\":{\"@id\":\"https:\\\/\\\/corpoacao.com.br\\\/blog\\\/obesidade-e-saude-impactos-e-prevencao-no-ambiente-de-trabalho\\\/\"},\"wordCount\":539,\"commentCount\":0,\"publisher\":{\"@id\":\"https:\\\/\\\/corpoacao.com.br\\\/blog\\\/#organization\"},\"image\":{\"@id\":\"https:\\\/\\\/corpoacao.com.br\\\/blog\\\/obesidade-e-saude-impactos-e-prevencao-no-ambiente-de-trabalho\\\/#primaryimage\"},\"thumbnailUrl\":\"https:\\\/\\\/corpoacao.com.br\\\/blog\\\/wp-content\\\/uploads\\\/2026\\\/03\\\/Corpo-em-Acao-Feed02MARCO.png\",\"inLanguage\":\"pt-BR\",\"potentialAction\":[{\"@type\":\"CommentAction\",\"name\":\"Comment\",\"target\":[\"https:\\\/\\\/corpoacao.com.br\\\/blog\\\/obesidade-e-saude-impactos-e-prevencao-no-ambiente-de-trabalho\\\/#respond\"]}]},{\"@type\":\"WebPage\",\"@id\":\"https:\\\/\\\/corpoacao.com.br\\\/blog\\\/obesidade-e-saude-impactos-e-prevencao-no-ambiente-de-trabalho\\\/\",\"url\":\"https:\\\/\\\/corpoacao.com.br\\\/blog\\\/obesidade-e-saude-impactos-e-prevencao-no-ambiente-de-trabalho\\\/\",\"name\":\"Obesidade e sa\u00fade: impactos e preven\u00e7\u00e3o no ambiente de trabalho - Corpo em A\u00e7\u00e3o\",\"isPartOf\":{\"@id\":\"https:\\\/\\\/corpoacao.com.br\\\/blog\\\/#website\"},\"primaryImageOfPage\":{\"@id\":\"https:\\\/\\\/corpoacao.com.br\\\/blog\\\/obesidade-e-saude-impactos-e-prevencao-no-ambiente-de-trabalho\\\/#primaryimage\"},\"image\":{\"@id\":\"https:\\\/\\\/corpoacao.com.br\\\/blog\\\/obesidade-e-saude-impactos-e-prevencao-no-ambiente-de-trabalho\\\/#primaryimage\"},\"thumbnailUrl\":\"https:\\\/\\\/corpoacao.com.br\\\/blog\\\/wp-content\\\/uploads\\\/2026\\\/03\\\/Corpo-em-Acao-Feed02MARCO.png\",\"datePublished\":\"2026-03-01T19:39:13+00:00\",\"dateModified\":\"2026-03-01T19:55:08+00:00\",\"breadcrumb\":{\"@id\":\"https:\\\/\\\/corpoacao.com.br\\\/blog\\\/obesidade-e-saude-impactos-e-prevencao-no-ambiente-de-trabalho\\\/#breadcrumb\"},\"inLanguage\":\"pt-BR\",\"potentialAction\":[{\"@type\":\"ReadAction\",\"target\":[\"https:\\\/\\\/corpoacao.com.br\\\/blog\\\/obesidade-e-saude-impactos-e-prevencao-no-ambiente-de-trabalho\\\/\"]}]},{\"@type\":\"ImageObject\",\"inLanguage\":\"pt-BR\",\"@id\":\"https:\\\/\\\/corpoacao.com.br\\\/blog\\\/obesidade-e-saude-impactos-e-prevencao-no-ambiente-de-trabalho\\\/#primaryimage\",\"url\":\"https:\\\/\\\/corpoacao.com.br\\\/blog\\\/wp-content\\\/uploads\\\/2026\\\/03\\\/Corpo-em-Acao-Feed02MARCO.png\",\"contentUrl\":\"https:\\\/\\\/corpoacao.com.br\\\/blog\\\/wp-content\\\/uploads\\\/2026\\\/03\\\/Corpo-em-Acao-Feed02MARCO.png\",\"width\":1080,\"height\":1080},{\"@type\":\"BreadcrumbList\",\"@id\":\"https:\\\/\\\/corpoacao.com.br\\\/blog\\\/obesidade-e-saude-impactos-e-prevencao-no-ambiente-de-trabalho\\\/#breadcrumb\",\"itemListElement\":[{\"@type\":\"ListItem\",\"position\":1,\"name\":\"Home\",\"item\":\"https:\\\/\\\/corpoacao.com.br\\\/blog\\\/\"},{\"@type\":\"ListItem\",\"position\":2,\"name\":\"Obesidade e sa\u00fade: impactos e preven\u00e7\u00e3o no ambiente de trabalho\"}]},{\"@type\":\"WebSite\",\"@id\":\"https:\\\/\\\/corpoacao.com.br\\\/blog\\\/#website\",\"url\":\"https:\\\/\\\/corpoacao.com.br\\\/blog\\\/\",\"name\":\"Corpo em A\u00e7\u00e3o\",\"description\":\"Blog Ergonomia e qualidade de vida no ambiente de trabalho\",\"publisher\":{\"@id\":\"https:\\\/\\\/corpoacao.com.br\\\/blog\\\/#organization\"},\"potentialAction\":[{\"@type\":\"SearchAction\",\"target\":{\"@type\":\"EntryPoint\",\"urlTemplate\":\"https:\\\/\\\/corpoacao.com.br\\\/blog\\\/?s={search_term_string}\"},\"query-input\":{\"@type\":\"PropertyValueSpecification\",\"valueRequired\":true,\"valueName\":\"search_term_string\"}}],\"inLanguage\":\"pt-BR\"},{\"@type\":\"Organization\",\"@id\":\"https:\\\/\\\/corpoacao.com.br\\\/blog\\\/#organization\",\"name\":\"Corpo em A\u00e7\u00e3o\",\"url\":\"https:\\\/\\\/corpoacao.com.br\\\/blog\\\/\",\"logo\":{\"@type\":\"ImageObject\",\"inLanguage\":\"pt-BR\",\"@id\":\"https:\\\/\\\/corpoacao.com.br\\\/blog\\\/#\\\/schema\\\/logo\\\/image\\\/\",\"url\":\"https:\\\/\\\/corpoacao.com.br\\\/blog\\\/wp-content\\\/uploads\\\/2023\\\/04\\\/ginastica-laboral.png\",\"contentUrl\":\"https:\\\/\\\/corpoacao.com.br\\\/blog\\\/wp-content\\\/uploads\\\/2023\\\/04\\\/ginastica-laboral.png\",\"width\":185,\"height\":128,\"caption\":\"Corpo em A\u00e7\u00e3o\"},\"image\":{\"@id\":\"https:\\\/\\\/corpoacao.com.br\\\/blog\\\/#\\\/schema\\\/logo\\\/image\\\/\"},\"sameAs\":[\"https:\\\/\\\/www.facebook.com\\\/corpoemacao.poa\\\/\",\"https:\\\/\\\/www.instagram.com\\\/corpoemacaopoa\\\/\"]},{\"@type\":\"Person\",\"@id\":\"https:\\\/\\\/corpoacao.com.br\\\/blog\\\/#\\\/schema\\\/person\\\/402a8f3cb7003c8ed384263f240d4741\",\"name\":\"Suporte WebProj\",\"image\":{\"@type\":\"ImageObject\",\"inLanguage\":\"pt-BR\",\"@id\":\"https:\\\/\\\/secure.gravatar.com\\\/avatar\\\/84c65e7526d58ddf01f47f8bced437cc4f7e8e032df061ac532d75c01fc73926?s=96&d=mm&r=g\",\"url\":\"https:\\\/\\\/secure.gravatar.com\\\/avatar\\\/84c65e7526d58ddf01f47f8bced437cc4f7e8e032df061ac532d75c01fc73926?s=96&d=mm&r=g\",\"contentUrl\":\"https:\\\/\\\/secure.gravatar.com\\\/avatar\\\/84c65e7526d58ddf01f47f8bced437cc4f7e8e032df061ac532d75c01fc73926?s=96&d=mm&r=g\",\"caption\":\"Suporte WebProj\"},\"url\":\"https:\\\/\\\/corpoacao.com.br\\\/blog\\\/author\\\/webproj\\\/\"}]}<\/script>\n<!-- \/ Yoast SEO Premium plugin. -->","yoast_head_json":{"title":"Obesidade e sa\u00fade: impactos e preven\u00e7\u00e3o no ambiente de trabalho - Corpo em A\u00e7\u00e3o","robots":{"index":"index","follow":"follow","max-snippet":"max-snippet:-1","max-image-preview":"max-image-preview:large","max-video-preview":"max-video-preview:-1"},"canonical":"https:\/\/corpoacao.com.br\/blog\/obesidade-e-saude-impactos-e-prevencao-no-ambiente-de-trabalho\/","og_locale":"pt_BR","og_type":"article","og_title":"Obesidade e sa\u00fade: impactos e preven\u00e7\u00e3o no ambiente de trabalho","og_description":"Dia 4\/3 \u00e9 o dia mundial da obesidade, neste artigo, queremos alertar todos voc\u00eas sobre os perigos para a sa\u00fade . A rela\u00e7\u00e3o entre obesidade e sa\u00fade vai muito al\u00e9m da est\u00e9tica. Trata-se de uma doen\u00e7a cr\u00f4nica multifatorial, associada a diversos riscos f\u00edsicos e emocionais. No Brasil, mais da metade da popula\u00e7\u00e3o adulta apresenta excesso [&hellip;]","og_url":"https:\/\/corpoacao.com.br\/blog\/obesidade-e-saude-impactos-e-prevencao-no-ambiente-de-trabalho\/","og_site_name":"Corpo em A\u00e7\u00e3o","article_publisher":"https:\/\/www.facebook.com\/corpoemacao.poa\/","article_published_time":"2026-03-01T19:39:13+00:00","article_modified_time":"2026-03-01T19:55:08+00:00","og_image":[{"width":1080,"height":1080,"url":"https:\/\/corpoacao.com.br\/blog\/wp-content\/uploads\/2026\/03\/Corpo-em-Acao-Feed02MARCO.png","type":"image\/png"}],"author":"Suporte WebProj","twitter_card":"summary_large_image","twitter_misc":{"Escrito por":"Suporte WebProj","Est. tempo de leitura":"3 minutos"},"schema":{"@context":"https:\/\/schema.org","@graph":[{"@type":"Article","@id":"https:\/\/corpoacao.com.br\/blog\/obesidade-e-saude-impactos-e-prevencao-no-ambiente-de-trabalho\/#article","isPartOf":{"@id":"https:\/\/corpoacao.com.br\/blog\/obesidade-e-saude-impactos-e-prevencao-no-ambiente-de-trabalho\/"},"author":{"name":"Suporte WebProj","@id":"https:\/\/corpoacao.com.br\/blog\/#\/schema\/person\/402a8f3cb7003c8ed384263f240d4741"},"headline":"Obesidade e sa\u00fade: impactos e preven\u00e7\u00e3o no ambiente de trabalho","datePublished":"2026-03-01T19:39:13+00:00","dateModified":"2026-03-01T19:55:08+00:00","mainEntityOfPage":{"@id":"https:\/\/corpoacao.com.br\/blog\/obesidade-e-saude-impactos-e-prevencao-no-ambiente-de-trabalho\/"},"wordCount":539,"commentCount":0,"publisher":{"@id":"https:\/\/corpoacao.com.br\/blog\/#organization"},"image":{"@id":"https:\/\/corpoacao.com.br\/blog\/obesidade-e-saude-impactos-e-prevencao-no-ambiente-de-trabalho\/#primaryimage"},"thumbnailUrl":"https:\/\/corpoacao.com.br\/blog\/wp-content\/uploads\/2026\/03\/Corpo-em-Acao-Feed02MARCO.png","inLanguage":"pt-BR","potentialAction":[{"@type":"CommentAction","name":"Comment","target":["https:\/\/corpoacao.com.br\/blog\/obesidade-e-saude-impactos-e-prevencao-no-ambiente-de-trabalho\/#respond"]}]},{"@type":"WebPage","@id":"https:\/\/corpoacao.com.br\/blog\/obesidade-e-saude-impactos-e-prevencao-no-ambiente-de-trabalho\/","url":"https:\/\/corpoacao.com.br\/blog\/obesidade-e-saude-impactos-e-prevencao-no-ambiente-de-trabalho\/","name":"Obesidade e sa\u00fade: impactos e preven\u00e7\u00e3o no ambiente de trabalho - Corpo em A\u00e7\u00e3o","isPartOf":{"@id":"https:\/\/corpoacao.com.br\/blog\/#website"},"primaryImageOfPage":{"@id":"https:\/\/corpoacao.com.br\/blog\/obesidade-e-saude-impactos-e-prevencao-no-ambiente-de-trabalho\/#primaryimage"},"image":{"@id":"https:\/\/corpoacao.com.br\/blog\/obesidade-e-saude-impactos-e-prevencao-no-ambiente-de-trabalho\/#primaryimage"},"thumbnailUrl":"https:\/\/corpoacao.com.br\/blog\/wp-content\/uploads\/2026\/03\/Corpo-em-Acao-Feed02MARCO.png","datePublished":"2026-03-01T19:39:13+00:00","dateModified":"2026-03-01T19:55:08+00:00","breadcrumb":{"@id":"https:\/\/corpoacao.com.br\/blog\/obesidade-e-saude-impactos-e-prevencao-no-ambiente-de-trabalho\/#breadcrumb"},"inLanguage":"pt-BR","potentialAction":[{"@type":"ReadAction","target":["https:\/\/corpoacao.com.br\/blog\/obesidade-e-saude-impactos-e-prevencao-no-ambiente-de-trabalho\/"]}]},{"@type":"ImageObject","inLanguage":"pt-BR","@id":"https:\/\/corpoacao.com.br\/blog\/obesidade-e-saude-impactos-e-prevencao-no-ambiente-de-trabalho\/#primaryimage","url":"https:\/\/corpoacao.com.br\/blog\/wp-content\/uploads\/2026\/03\/Corpo-em-Acao-Feed02MARCO.png","contentUrl":"https:\/\/corpoacao.com.br\/blog\/wp-content\/uploads\/2026\/03\/Corpo-em-Acao-Feed02MARCO.png","width":1080,"height":1080},{"@type":"BreadcrumbList","@id":"https:\/\/corpoacao.com.br\/blog\/obesidade-e-saude-impactos-e-prevencao-no-ambiente-de-trabalho\/#breadcrumb","itemListElement":[{"@type":"ListItem","position":1,"name":"Home","item":"https:\/\/corpoacao.com.br\/blog\/"},{"@type":"ListItem","position":2,"name":"Obesidade e sa\u00fade: impactos e preven\u00e7\u00e3o no ambiente de trabalho"}]},{"@type":"WebSite","@id":"https:\/\/corpoacao.com.br\/blog\/#website","url":"https:\/\/corpoacao.com.br\/blog\/","name":"Corpo em A\u00e7\u00e3o","description":"Blog Ergonomia e qualidade de vida no ambiente de trabalho","publisher":{"@id":"https:\/\/corpoacao.com.br\/blog\/#organization"},"potentialAction":[{"@type":"SearchAction","target":{"@type":"EntryPoint","urlTemplate":"https:\/\/corpoacao.com.br\/blog\/?s={search_term_string}"},"query-input":{"@type":"PropertyValueSpecification","valueRequired":true,"valueName":"search_term_string"}}],"inLanguage":"pt-BR"},{"@type":"Organization","@id":"https:\/\/corpoacao.com.br\/blog\/#organization","name":"Corpo em A\u00e7\u00e3o","url":"https:\/\/corpoacao.com.br\/blog\/","logo":{"@type":"ImageObject","inLanguage":"pt-BR","@id":"https:\/\/corpoacao.com.br\/blog\/#\/schema\/logo\/image\/","url":"https:\/\/corpoacao.com.br\/blog\/wp-content\/uploads\/2023\/04\/ginastica-laboral.png","contentUrl":"https:\/\/corpoacao.com.br\/blog\/wp-content\/uploads\/2023\/04\/ginastica-laboral.png","width":185,"height":128,"caption":"Corpo em A\u00e7\u00e3o"},"image":{"@id":"https:\/\/corpoacao.com.br\/blog\/#\/schema\/logo\/image\/"},"sameAs":["https:\/\/www.facebook.com\/corpoemacao.poa\/","https:\/\/www.instagram.com\/corpoemacaopoa\/"]},{"@type":"Person","@id":"https:\/\/corpoacao.com.br\/blog\/#\/schema\/person\/402a8f3cb7003c8ed384263f240d4741","name":"Suporte WebProj","image":{"@type":"ImageObject","inLanguage":"pt-BR","@id":"https:\/\/secure.gravatar.com\/avatar\/84c65e7526d58ddf01f47f8bced437cc4f7e8e032df061ac532d75c01fc73926?s=96&d=mm&r=g","url":"https:\/\/secure.gravatar.com\/avatar\/84c65e7526d58ddf01f47f8bced437cc4f7e8e032df061ac532d75c01fc73926?s=96&d=mm&r=g","contentUrl":"https:\/\/secure.gravatar.com\/avatar\/84c65e7526d58ddf01f47f8bced437cc4f7e8e032df061ac532d75c01fc73926?s=96&d=mm&r=g","caption":"Suporte WebProj"},"url":"https:\/\/corpoacao.com.br\/blog\/author\/webproj\/"}]}},"_links":{"self":[{"href":"https:\/\/corpoacao.com.br\/blog\/wp-json\/wp\/v2\/posts\/2549","targetHints":{"allow":["GET"]}}],"collection":[{"href":"https:\/\/corpoacao.com.br\/blog\/wp-json\/wp\/v2\/posts"}],"about":[{"href":"https:\/\/corpoacao.com.br\/blog\/wp-json\/wp\/v2\/types\/post"}],"author":[{"embeddable":true,"href":"https:\/\/corpoacao.com.br\/blog\/wp-json\/wp\/v2\/users\/2"}],"replies":[{"embeddable":true,"href":"https:\/\/corpoacao.com.br\/blog\/wp-json\/wp\/v2\/comments?post=2549"}],"version-history":[{"count":2,"href":"https:\/\/corpoacao.com.br\/blog\/wp-json\/wp\/v2\/posts\/2549\/revisions"}],"predecessor-version":[{"id":2552,"href":"https:\/\/corpoacao.com.br\/blog\/wp-json\/wp\/v2\/posts\/2549\/revisions\/2552"}],"wp:featuredmedia":[{"embeddable":true,"href":"https:\/\/corpoacao.com.br\/blog\/wp-json\/wp\/v2\/media\/2550"}],"wp:attachment":[{"href":"https:\/\/corpoacao.com.br\/blog\/wp-json\/wp\/v2\/media?parent=2549"}],"wp:term":[{"taxonomy":"category","embeddable":true,"href":"https:\/\/corpoacao.com.br\/blog\/wp-json\/wp\/v2\/categories?post=2549"},{"taxonomy":"post_tag","embeddable":true,"href":"https:\/\/corpoacao.com.br\/blog\/wp-json\/wp\/v2\/tags?post=2549"}],"curies":[{"name":"wp","href":"https:\/\/api.w.org\/{rel}","templated":true}]}}