{"id":2553,"date":"2026-03-08T15:13:28","date_gmt":"2026-03-08T18:13:28","guid":{"rendered":"https:\/\/corpoacao.com.br\/blog\/?p=2553"},"modified":"2026-03-08T15:27:26","modified_gmt":"2026-03-08T18:27:26","slug":"dia-internacional-da-mulher-reflexoes-sobre-saude-autocuidado-e-autoestima-feminina","status":"publish","type":"post","link":"https:\/\/corpoacao.com.br\/blog\/dia-internacional-da-mulher-reflexoes-sobre-saude-autocuidado-e-autoestima-feminina\/","title":{"rendered":"Dia Internacional da Mulher: reflex\u00f5es sobre sa\u00fade, autocuidado e autoestima feminina"},"content":{"rendered":"\n<p>O <strong>Dia Internacional da Mulher<\/strong> \u00e9 um momento de reflex\u00e3o sobre conquistas sociais, profissionais e pessoais, mas tamb\u00e9m uma oportunidade importante para falar sobre <strong>sa\u00fade da mulher, autocuidado e autoestima<\/strong>. Cuidar do corpo e da mente \u00e9 essencial para preservar qualidade de vida, bem-estar e equil\u00edbrio ao longo da vida.<\/p>\n\n\n\n<p>Na rotina acelerada de muitas mulheres, que conciliam trabalho, fam\u00edlia e diversas responsabilidades, o cuidado com a pr\u00f3pria sa\u00fade muitas vezes acaba ficando em segundo plano. No entanto, investir em preven\u00e7\u00e3o, movimento e sa\u00fade mental \u00e9 fundamental para manter energia, disposi\u00e7\u00e3o e equil\u00edbrio no dia a dia.<\/p>\n\n\n\n<p>Mais do que uma data simb\u00f3lica, o Dia Internacional da Mulher pode servir como um convite para <strong>reavaliar h\u00e1bitos, fortalecer a autoestima e priorizar o autocuidado<\/strong>.<\/p>\n\n\n\n<h2 class=\"wp-block-heading\">A origem do dia internacional da mulher e sua rela\u00e7\u00e3o com sa\u00fade e direitos<\/h2>\n\n\n\n<p>O <strong>Dia Internacional da Mulher<\/strong>, celebrado em 8 de mar\u00e7o, surgiu das lutas hist\u00f3ricas por melhores condi\u00e7\u00f5es de trabalho, igualdade de direitos e reconhecimento social das mulheres.<\/p>\n\n\n\n<p>Com o passar dos anos, a data tamb\u00e9m passou a refor\u00e7ar a import\u00e2ncia da sa\u00fade feminina e da qualidade de vida. Hoje, cuidar da sa\u00fade da mulher envolve diferentes aspectos: f\u00edsico, emocional e social.<\/p>\n\n\n\n<p>Isso inclui desde exames preventivos at\u00e9 a constru\u00e7\u00e3o de ambientes de trabalho mais saud\u00e1veis e equilibrados.<\/p>\n\n\n\n<h2 class=\"wp-block-heading\">A import\u00e2ncia do autocuidado na rotina da mulher<\/h2>\n\n\n\n<p>Autocuidado n\u00e3o \u00e9 luxo, \u00e9 necessidade. Mesmo assim, muitas mulheres ainda encontram dificuldade para reservar tempo para si mesmas.<\/p>\n\n\n\n<p>Entre atitudes importantes de autocuidado est\u00e3o:<\/p>\n\n\n\n<ul class=\"wp-block-list\">\n<li>realizar exames preventivos<\/li>\n\n\n\n<li>manter alimenta\u00e7\u00e3o equilibrada<\/li>\n\n\n\n<li>praticar atividades f\u00edsicas<\/li>\n\n\n\n<li>cuidar da sa\u00fade mental<\/li>\n\n\n\n<li>respeitar momentos de descanso<\/li>\n<\/ul>\n\n\n\n<p>Segundo a <strong>Organiza\u00e7\u00e3o Mundial da Sa\u00fade<\/strong>, h\u00e1bitos saud\u00e1veis e a\u00e7\u00f5es preventivas ajudam a reduzir significativamente o risco de doen\u00e7as cr\u00f4nicas e melhoram a qualidade de vida.<\/p>\n\n\n\n<p>Quando a mulher cuida de si mesma, fortalece tamb\u00e9m sua energia e capacidade de enfrentar a rotina di\u00e1ria.<\/p>\n\n\n\n<h2 class=\"wp-block-heading\">Sa\u00fade f\u00edsica da mulher: preven\u00e7\u00e3o e movimento<\/h2>\n\n\n\n<p>O corpo feminino passa por diferentes fases ao longo da vida, e cada etapa exige aten\u00e7\u00e3o \u00e0 sa\u00fade.<\/p>\n\n\n\n<p>A pr\u00e1tica regular de atividade f\u00edsica \u00e9 uma das principais formas de preven\u00e7\u00e3o, ajudando a fortalecer m\u00fasculos, melhorar a postura, reduzir dores e aumentar a disposi\u00e7\u00e3o.<\/p>\n\n\n\n<p>De acordo com o <strong>Minist\u00e9rio da Sa\u00fade do Brasil<\/strong>, adultos devem realizar pelo menos 150 minutos de atividade f\u00edsica moderada por semana para manter benef\u00edcios \u00e0 sa\u00fade.<\/p>\n\n\n\n<p>Al\u00e9m disso, cuidados com postura e ergonomia s\u00e3o fundamentais para mulheres que passam muitas horas sentadas ou realizando movimentos repetitivos no trabalho.<\/p>\n\n\n\n<h2 class=\"wp-block-heading\">Sa\u00fade mental e autoestima feminina<\/h2>\n\n\n\n<p>A autoestima est\u00e1 diretamente relacionada ao bem-estar emocional. Mulheres que se sentem valorizadas e confiantes tendem a cuidar melhor da pr\u00f3pria sa\u00fade e tomar decis\u00f5es mais positivas para a vida.<\/p>\n\n\n\n<p>Entretanto, press\u00f5es sociais e excesso de responsabilidades podem impactar a sa\u00fade mental, levando a estresse e cansa\u00e7o emocional.<\/p>\n\n\n\n<p>Fortalecer a autoestima envolve atitudes como reconhecer conquistas, estabelecer limites e reservar momentos de descanso. O equil\u00edbrio entre mente e corpo contribui para mais qualidade de vida e bem-estar.<\/p>\n\n\n\n<h2 class=\"wp-block-heading\">O impacto da rotina de trabalho na sa\u00fade da mulher<\/h2>\n\n\n\n<p>Grande parte das mulheres passa muitas horas no ambiente de trabalho. Posturas inadequadas, falta de pausas e movimentos repetitivos podem causar dores musculares e desconfortos f\u00edsicos.<\/p>\n\n\n\n<p>Entre os problemas mais comuns est\u00e3o dores na coluna, tens\u00e3o no pesco\u00e7o e ombros e fadiga muscular.<\/p>\n\n\n\n<p>Por isso, empresas que investem em sa\u00fade ocupacional contribuem diretamente para o bem-estar das colaboradoras e para a preven\u00e7\u00e3o de afastamentos relacionados \u00e0 sa\u00fade.<\/p>\n\n\n\n<h2 class=\"wp-block-heading\">Pequenas atitudes que fortalecem a sa\u00fade da mulher<\/h2>\n\n\n\n<p>Cuidar da sa\u00fade feminina pode come\u00e7ar com atitudes simples no dia a dia.<\/p>\n\n\n\n<p>Fazer pausas durante o trabalho, alongar-se, ajustar a ergonomia do posto de trabalho e manter uma boa hidrata\u00e7\u00e3o s\u00e3o exemplos de pr\u00e1ticas que ajudam a prevenir dores e melhorar a disposi\u00e7\u00e3o.<\/p>\n\n\n\n<p>Essas pequenas mudan\u00e7as fazem diferen\u00e7a significativa quando mantidas de forma consistente.<\/p>\n\n\n\n<h2 class=\"wp-block-heading\">Como a Corpo em A\u00e7\u00e3o pode ajudar<\/h2>\n\n\n\n<p>A promo\u00e7\u00e3o da sa\u00fade da mulher tamb\u00e9m passa pelo ambiente de trabalho. Empresas que valorizam o bem-estar das colaboradoras contribuem para equipes mais saud\u00e1veis, engajadas e produtivas.<\/p>\n\n\n\n<p>A <strong>Corpo em A\u00e7\u00e3o<\/strong> atua em todo o Brasil oferecendo solu\u00e7\u00f5es em <strong>sa\u00fade ocupacional voltadas ao ambiente corporativo<\/strong>, como programas de <strong>gin\u00e1stica laboral<\/strong>, <strong>fisioterapia ocupacional<\/strong>, <strong>avalia\u00e7\u00e3o postural no trabalho<\/strong> e <strong>a\u00e7\u00f5es educativas de preven\u00e7\u00e3o<\/strong>.<\/p>\n\n\n\n<p>Essas iniciativas ajudam a reduzir dores musculares, melhorar a postura, estimular o movimento durante a jornada e fortalecer a consci\u00eancia sobre autocuidado.<\/p>\n\n\n\n<p>Empresas que desejam incentivar a sa\u00fade das colaboradoras podem come\u00e7ar implementando programas estruturados de bem-estar e preven\u00e7\u00e3o. A Corpo em A\u00e7\u00e3o desenvolve a\u00e7\u00f5es personalizadas que promovem mais qualidade de vida no trabalho e ajudam a construir ambientes corporativos mais saud\u00e1veis.<\/p>\n","protected":false},"excerpt":{"rendered":"<p>O Dia Internacional da Mulher \u00e9 um momento de reflex\u00e3o sobre conquistas sociais, profissionais e pessoais, mas tamb\u00e9m uma oportunidade importante para falar sobre sa\u00fade da mulher, autocuidado e autoestima. Cuidar do corpo e da mente \u00e9 essencial para preservar qualidade de vida, bem-estar e equil\u00edbrio ao longo da vida. Na rotina acelerada de muitas [&hellip;]<\/p>\n","protected":false},"author":2,"featured_media":2554,"comment_status":"open","ping_status":"open","sticky":false,"template":"","format":"standard","meta":{"_joinchat":[],"footnotes":""},"categories":[1],"tags":[],"class_list":["post-2553","post","type-post","status-publish","format-standard","has-post-thumbnail","hentry","category-sem-categoria"],"yoast_head":"<!-- This site is optimized with the Yoast SEO Premium plugin v20.8 (Yoast SEO v27.4) - https:\/\/yoast.com\/product\/yoast-seo-premium-wordpress\/ -->\n<title>Dia Internacional da Mulher: reflex\u00f5es sobre sa\u00fade, autocuidado e autoestima feminina - Corpo em A\u00e7\u00e3o<\/title>\n<meta name=\"robots\" content=\"index, follow, max-snippet:-1, max-image-preview:large, max-video-preview:-1\" \/>\n<link rel=\"canonical\" href=\"https:\/\/corpoacao.com.br\/blog\/dia-internacional-da-mulher-reflexoes-sobre-saude-autocuidado-e-autoestima-feminina\/\" \/>\n<meta property=\"og:locale\" content=\"pt_BR\" \/>\n<meta property=\"og:type\" content=\"article\" \/>\n<meta property=\"og:title\" content=\"Dia Internacional da Mulher: reflex\u00f5es sobre sa\u00fade, autocuidado e autoestima feminina\" \/>\n<meta property=\"og:description\" content=\"O Dia Internacional da Mulher \u00e9 um momento de reflex\u00e3o sobre conquistas sociais, profissionais e pessoais, mas tamb\u00e9m uma oportunidade importante para falar sobre sa\u00fade da mulher, autocuidado e autoestima. Cuidar do corpo e da mente \u00e9 essencial para preservar qualidade de vida, bem-estar e equil\u00edbrio ao longo da vida. Na rotina acelerada de muitas [&hellip;]\" \/>\n<meta property=\"og:url\" content=\"https:\/\/corpoacao.com.br\/blog\/dia-internacional-da-mulher-reflexoes-sobre-saude-autocuidado-e-autoestima-feminina\/\" \/>\n<meta property=\"og:site_name\" content=\"Corpo em A\u00e7\u00e3o\" \/>\n<meta property=\"article:publisher\" content=\"https:\/\/www.facebook.com\/corpoemacao.poa\/\" \/>\n<meta property=\"article:published_time\" content=\"2026-03-08T18:13:28+00:00\" \/>\n<meta property=\"article:modified_time\" content=\"2026-03-08T18:27:26+00:00\" \/>\n<meta property=\"og:image\" content=\"https:\/\/corpoacao.com.br\/blog\/wp-content\/uploads\/2026\/03\/Corpo-em-Acaoblo9mar-1024x1024.png\" \/>\n\t<meta property=\"og:image:width\" content=\"1024\" \/>\n\t<meta property=\"og:image:height\" content=\"1024\" \/>\n\t<meta property=\"og:image:type\" content=\"image\/png\" \/>\n<meta name=\"author\" content=\"Suporte WebProj\" \/>\n<meta name=\"twitter:card\" content=\"summary_large_image\" \/>\n<meta name=\"twitter:label1\" content=\"Escrito por\" \/>\n\t<meta name=\"twitter:data1\" content=\"Suporte WebProj\" \/>\n\t<meta name=\"twitter:label2\" content=\"Est. tempo de leitura\" \/>\n\t<meta name=\"twitter:data2\" content=\"5 minutos\" \/>\n<script type=\"application\/ld+json\" class=\"yoast-schema-graph\">{\"@context\":\"https:\\\/\\\/schema.org\",\"@graph\":[{\"@type\":\"Article\",\"@id\":\"https:\\\/\\\/corpoacao.com.br\\\/blog\\\/dia-internacional-da-mulher-reflexoes-sobre-saude-autocuidado-e-autoestima-feminina\\\/#article\",\"isPartOf\":{\"@id\":\"https:\\\/\\\/corpoacao.com.br\\\/blog\\\/dia-internacional-da-mulher-reflexoes-sobre-saude-autocuidado-e-autoestima-feminina\\\/\"},\"author\":{\"name\":\"Suporte WebProj\",\"@id\":\"https:\\\/\\\/corpoacao.com.br\\\/blog\\\/#\\\/schema\\\/person\\\/402a8f3cb7003c8ed384263f240d4741\"},\"headline\":\"Dia Internacional da Mulher: reflex\u00f5es sobre sa\u00fade, autocuidado e autoestima feminina\",\"datePublished\":\"2026-03-08T18:13:28+00:00\",\"dateModified\":\"2026-03-08T18:27:26+00:00\",\"mainEntityOfPage\":{\"@id\":\"https:\\\/\\\/corpoacao.com.br\\\/blog\\\/dia-internacional-da-mulher-reflexoes-sobre-saude-autocuidado-e-autoestima-feminina\\\/\"},\"wordCount\":864,\"commentCount\":0,\"publisher\":{\"@id\":\"https:\\\/\\\/corpoacao.com.br\\\/blog\\\/#organization\"},\"image\":{\"@id\":\"https:\\\/\\\/corpoacao.com.br\\\/blog\\\/dia-internacional-da-mulher-reflexoes-sobre-saude-autocuidado-e-autoestima-feminina\\\/#primaryimage\"},\"thumbnailUrl\":\"https:\\\/\\\/corpoacao.com.br\\\/blog\\\/wp-content\\\/uploads\\\/2026\\\/03\\\/Corpo-em-Acaoblo9mar.png\",\"inLanguage\":\"pt-BR\",\"potentialAction\":[{\"@type\":\"CommentAction\",\"name\":\"Comment\",\"target\":[\"https:\\\/\\\/corpoacao.com.br\\\/blog\\\/dia-internacional-da-mulher-reflexoes-sobre-saude-autocuidado-e-autoestima-feminina\\\/#respond\"]}]},{\"@type\":\"WebPage\",\"@id\":\"https:\\\/\\\/corpoacao.com.br\\\/blog\\\/dia-internacional-da-mulher-reflexoes-sobre-saude-autocuidado-e-autoestima-feminina\\\/\",\"url\":\"https:\\\/\\\/corpoacao.com.br\\\/blog\\\/dia-internacional-da-mulher-reflexoes-sobre-saude-autocuidado-e-autoestima-feminina\\\/\",\"name\":\"Dia Internacional da Mulher: reflex\u00f5es sobre sa\u00fade, autocuidado e autoestima feminina - Corpo em A\u00e7\u00e3o\",\"isPartOf\":{\"@id\":\"https:\\\/\\\/corpoacao.com.br\\\/blog\\\/#website\"},\"primaryImageOfPage\":{\"@id\":\"https:\\\/\\\/corpoacao.com.br\\\/blog\\\/dia-internacional-da-mulher-reflexoes-sobre-saude-autocuidado-e-autoestima-feminina\\\/#primaryimage\"},\"image\":{\"@id\":\"https:\\\/\\\/corpoacao.com.br\\\/blog\\\/dia-internacional-da-mulher-reflexoes-sobre-saude-autocuidado-e-autoestima-feminina\\\/#primaryimage\"},\"thumbnailUrl\":\"https:\\\/\\\/corpoacao.com.br\\\/blog\\\/wp-content\\\/uploads\\\/2026\\\/03\\\/Corpo-em-Acaoblo9mar.png\",\"datePublished\":\"2026-03-08T18:13:28+00:00\",\"dateModified\":\"2026-03-08T18:27:26+00:00\",\"breadcrumb\":{\"@id\":\"https:\\\/\\\/corpoacao.com.br\\\/blog\\\/dia-internacional-da-mulher-reflexoes-sobre-saude-autocuidado-e-autoestima-feminina\\\/#breadcrumb\"},\"inLanguage\":\"pt-BR\",\"potentialAction\":[{\"@type\":\"ReadAction\",\"target\":[\"https:\\\/\\\/corpoacao.com.br\\\/blog\\\/dia-internacional-da-mulher-reflexoes-sobre-saude-autocuidado-e-autoestima-feminina\\\/\"]}]},{\"@type\":\"ImageObject\",\"inLanguage\":\"pt-BR\",\"@id\":\"https:\\\/\\\/corpoacao.com.br\\\/blog\\\/dia-internacional-da-mulher-reflexoes-sobre-saude-autocuidado-e-autoestima-feminina\\\/#primaryimage\",\"url\":\"https:\\\/\\\/corpoacao.com.br\\\/blog\\\/wp-content\\\/uploads\\\/2026\\\/03\\\/Corpo-em-Acaoblo9mar.png\",\"contentUrl\":\"https:\\\/\\\/corpoacao.com.br\\\/blog\\\/wp-content\\\/uploads\\\/2026\\\/03\\\/Corpo-em-Acaoblo9mar.png\",\"width\":1080,\"height\":1080},{\"@type\":\"BreadcrumbList\",\"@id\":\"https:\\\/\\\/corpoacao.com.br\\\/blog\\\/dia-internacional-da-mulher-reflexoes-sobre-saude-autocuidado-e-autoestima-feminina\\\/#breadcrumb\",\"itemListElement\":[{\"@type\":\"ListItem\",\"position\":1,\"name\":\"Home\",\"item\":\"https:\\\/\\\/corpoacao.com.br\\\/blog\\\/\"},{\"@type\":\"ListItem\",\"position\":2,\"name\":\"Dia Internacional da Mulher: reflex\u00f5es sobre sa\u00fade, autocuidado e autoestima feminina\"}]},{\"@type\":\"WebSite\",\"@id\":\"https:\\\/\\\/corpoacao.com.br\\\/blog\\\/#website\",\"url\":\"https:\\\/\\\/corpoacao.com.br\\\/blog\\\/\",\"name\":\"Corpo em A\u00e7\u00e3o\",\"description\":\"Blog Ergonomia e qualidade de vida no ambiente de trabalho\",\"publisher\":{\"@id\":\"https:\\\/\\\/corpoacao.com.br\\\/blog\\\/#organization\"},\"potentialAction\":[{\"@type\":\"SearchAction\",\"target\":{\"@type\":\"EntryPoint\",\"urlTemplate\":\"https:\\\/\\\/corpoacao.com.br\\\/blog\\\/?s={search_term_string}\"},\"query-input\":{\"@type\":\"PropertyValueSpecification\",\"valueRequired\":true,\"valueName\":\"search_term_string\"}}],\"inLanguage\":\"pt-BR\"},{\"@type\":\"Organization\",\"@id\":\"https:\\\/\\\/corpoacao.com.br\\\/blog\\\/#organization\",\"name\":\"Corpo em A\u00e7\u00e3o\",\"url\":\"https:\\\/\\\/corpoacao.com.br\\\/blog\\\/\",\"logo\":{\"@type\":\"ImageObject\",\"inLanguage\":\"pt-BR\",\"@id\":\"https:\\\/\\\/corpoacao.com.br\\\/blog\\\/#\\\/schema\\\/logo\\\/image\\\/\",\"url\":\"https:\\\/\\\/corpoacao.com.br\\\/blog\\\/wp-content\\\/uploads\\\/2023\\\/04\\\/ginastica-laboral.png\",\"contentUrl\":\"https:\\\/\\\/corpoacao.com.br\\\/blog\\\/wp-content\\\/uploads\\\/2023\\\/04\\\/ginastica-laboral.png\",\"width\":185,\"height\":128,\"caption\":\"Corpo em A\u00e7\u00e3o\"},\"image\":{\"@id\":\"https:\\\/\\\/corpoacao.com.br\\\/blog\\\/#\\\/schema\\\/logo\\\/image\\\/\"},\"sameAs\":[\"https:\\\/\\\/www.facebook.com\\\/corpoemacao.poa\\\/\",\"https:\\\/\\\/www.instagram.com\\\/corpoemacaopoa\\\/\"]},{\"@type\":\"Person\",\"@id\":\"https:\\\/\\\/corpoacao.com.br\\\/blog\\\/#\\\/schema\\\/person\\\/402a8f3cb7003c8ed384263f240d4741\",\"name\":\"Suporte WebProj\",\"image\":{\"@type\":\"ImageObject\",\"inLanguage\":\"pt-BR\",\"@id\":\"https:\\\/\\\/secure.gravatar.com\\\/avatar\\\/84c65e7526d58ddf01f47f8bced437cc4f7e8e032df061ac532d75c01fc73926?s=96&d=mm&r=g\",\"url\":\"https:\\\/\\\/secure.gravatar.com\\\/avatar\\\/84c65e7526d58ddf01f47f8bced437cc4f7e8e032df061ac532d75c01fc73926?s=96&d=mm&r=g\",\"contentUrl\":\"https:\\\/\\\/secure.gravatar.com\\\/avatar\\\/84c65e7526d58ddf01f47f8bced437cc4f7e8e032df061ac532d75c01fc73926?s=96&d=mm&r=g\",\"caption\":\"Suporte WebProj\"},\"url\":\"https:\\\/\\\/corpoacao.com.br\\\/blog\\\/author\\\/webproj\\\/\"}]}<\/script>\n<!-- \/ Yoast SEO Premium plugin. -->","yoast_head_json":{"title":"Dia Internacional da Mulher: reflex\u00f5es sobre sa\u00fade, autocuidado e autoestima feminina - Corpo em A\u00e7\u00e3o","robots":{"index":"index","follow":"follow","max-snippet":"max-snippet:-1","max-image-preview":"max-image-preview:large","max-video-preview":"max-video-preview:-1"},"canonical":"https:\/\/corpoacao.com.br\/blog\/dia-internacional-da-mulher-reflexoes-sobre-saude-autocuidado-e-autoestima-feminina\/","og_locale":"pt_BR","og_type":"article","og_title":"Dia Internacional da Mulher: reflex\u00f5es sobre sa\u00fade, autocuidado e autoestima feminina","og_description":"O Dia Internacional da Mulher \u00e9 um momento de reflex\u00e3o sobre conquistas sociais, profissionais e pessoais, mas tamb\u00e9m uma oportunidade importante para falar sobre sa\u00fade da mulher, autocuidado e autoestima. Cuidar do corpo e da mente \u00e9 essencial para preservar qualidade de vida, bem-estar e equil\u00edbrio ao longo da vida. Na rotina acelerada de muitas [&hellip;]","og_url":"https:\/\/corpoacao.com.br\/blog\/dia-internacional-da-mulher-reflexoes-sobre-saude-autocuidado-e-autoestima-feminina\/","og_site_name":"Corpo em A\u00e7\u00e3o","article_publisher":"https:\/\/www.facebook.com\/corpoemacao.poa\/","article_published_time":"2026-03-08T18:13:28+00:00","article_modified_time":"2026-03-08T18:27:26+00:00","og_image":[{"width":1024,"height":1024,"url":"https:\/\/corpoacao.com.br\/blog\/wp-content\/uploads\/2026\/03\/Corpo-em-Acaoblo9mar-1024x1024.png","type":"image\/png"}],"author":"Suporte WebProj","twitter_card":"summary_large_image","twitter_misc":{"Escrito por":"Suporte WebProj","Est. tempo de leitura":"5 minutos"},"schema":{"@context":"https:\/\/schema.org","@graph":[{"@type":"Article","@id":"https:\/\/corpoacao.com.br\/blog\/dia-internacional-da-mulher-reflexoes-sobre-saude-autocuidado-e-autoestima-feminina\/#article","isPartOf":{"@id":"https:\/\/corpoacao.com.br\/blog\/dia-internacional-da-mulher-reflexoes-sobre-saude-autocuidado-e-autoestima-feminina\/"},"author":{"name":"Suporte WebProj","@id":"https:\/\/corpoacao.com.br\/blog\/#\/schema\/person\/402a8f3cb7003c8ed384263f240d4741"},"headline":"Dia Internacional da Mulher: reflex\u00f5es sobre sa\u00fade, autocuidado e autoestima feminina","datePublished":"2026-03-08T18:13:28+00:00","dateModified":"2026-03-08T18:27:26+00:00","mainEntityOfPage":{"@id":"https:\/\/corpoacao.com.br\/blog\/dia-internacional-da-mulher-reflexoes-sobre-saude-autocuidado-e-autoestima-feminina\/"},"wordCount":864,"commentCount":0,"publisher":{"@id":"https:\/\/corpoacao.com.br\/blog\/#organization"},"image":{"@id":"https:\/\/corpoacao.com.br\/blog\/dia-internacional-da-mulher-reflexoes-sobre-saude-autocuidado-e-autoestima-feminina\/#primaryimage"},"thumbnailUrl":"https:\/\/corpoacao.com.br\/blog\/wp-content\/uploads\/2026\/03\/Corpo-em-Acaoblo9mar.png","inLanguage":"pt-BR","potentialAction":[{"@type":"CommentAction","name":"Comment","target":["https:\/\/corpoacao.com.br\/blog\/dia-internacional-da-mulher-reflexoes-sobre-saude-autocuidado-e-autoestima-feminina\/#respond"]}]},{"@type":"WebPage","@id":"https:\/\/corpoacao.com.br\/blog\/dia-internacional-da-mulher-reflexoes-sobre-saude-autocuidado-e-autoestima-feminina\/","url":"https:\/\/corpoacao.com.br\/blog\/dia-internacional-da-mulher-reflexoes-sobre-saude-autocuidado-e-autoestima-feminina\/","name":"Dia Internacional da Mulher: reflex\u00f5es sobre sa\u00fade, autocuidado e autoestima feminina - Corpo em A\u00e7\u00e3o","isPartOf":{"@id":"https:\/\/corpoacao.com.br\/blog\/#website"},"primaryImageOfPage":{"@id":"https:\/\/corpoacao.com.br\/blog\/dia-internacional-da-mulher-reflexoes-sobre-saude-autocuidado-e-autoestima-feminina\/#primaryimage"},"image":{"@id":"https:\/\/corpoacao.com.br\/blog\/dia-internacional-da-mulher-reflexoes-sobre-saude-autocuidado-e-autoestima-feminina\/#primaryimage"},"thumbnailUrl":"https:\/\/corpoacao.com.br\/blog\/wp-content\/uploads\/2026\/03\/Corpo-em-Acaoblo9mar.png","datePublished":"2026-03-08T18:13:28+00:00","dateModified":"2026-03-08T18:27:26+00:00","breadcrumb":{"@id":"https:\/\/corpoacao.com.br\/blog\/dia-internacional-da-mulher-reflexoes-sobre-saude-autocuidado-e-autoestima-feminina\/#breadcrumb"},"inLanguage":"pt-BR","potentialAction":[{"@type":"ReadAction","target":["https:\/\/corpoacao.com.br\/blog\/dia-internacional-da-mulher-reflexoes-sobre-saude-autocuidado-e-autoestima-feminina\/"]}]},{"@type":"ImageObject","inLanguage":"pt-BR","@id":"https:\/\/corpoacao.com.br\/blog\/dia-internacional-da-mulher-reflexoes-sobre-saude-autocuidado-e-autoestima-feminina\/#primaryimage","url":"https:\/\/corpoacao.com.br\/blog\/wp-content\/uploads\/2026\/03\/Corpo-em-Acaoblo9mar.png","contentUrl":"https:\/\/corpoacao.com.br\/blog\/wp-content\/uploads\/2026\/03\/Corpo-em-Acaoblo9mar.png","width":1080,"height":1080},{"@type":"BreadcrumbList","@id":"https:\/\/corpoacao.com.br\/blog\/dia-internacional-da-mulher-reflexoes-sobre-saude-autocuidado-e-autoestima-feminina\/#breadcrumb","itemListElement":[{"@type":"ListItem","position":1,"name":"Home","item":"https:\/\/corpoacao.com.br\/blog\/"},{"@type":"ListItem","position":2,"name":"Dia Internacional da Mulher: reflex\u00f5es sobre sa\u00fade, autocuidado e autoestima feminina"}]},{"@type":"WebSite","@id":"https:\/\/corpoacao.com.br\/blog\/#website","url":"https:\/\/corpoacao.com.br\/blog\/","name":"Corpo em A\u00e7\u00e3o","description":"Blog Ergonomia e qualidade de vida no ambiente de trabalho","publisher":{"@id":"https:\/\/corpoacao.com.br\/blog\/#organization"},"potentialAction":[{"@type":"SearchAction","target":{"@type":"EntryPoint","urlTemplate":"https:\/\/corpoacao.com.br\/blog\/?s={search_term_string}"},"query-input":{"@type":"PropertyValueSpecification","valueRequired":true,"valueName":"search_term_string"}}],"inLanguage":"pt-BR"},{"@type":"Organization","@id":"https:\/\/corpoacao.com.br\/blog\/#organization","name":"Corpo em A\u00e7\u00e3o","url":"https:\/\/corpoacao.com.br\/blog\/","logo":{"@type":"ImageObject","inLanguage":"pt-BR","@id":"https:\/\/corpoacao.com.br\/blog\/#\/schema\/logo\/image\/","url":"https:\/\/corpoacao.com.br\/blog\/wp-content\/uploads\/2023\/04\/ginastica-laboral.png","contentUrl":"https:\/\/corpoacao.com.br\/blog\/wp-content\/uploads\/2023\/04\/ginastica-laboral.png","width":185,"height":128,"caption":"Corpo em A\u00e7\u00e3o"},"image":{"@id":"https:\/\/corpoacao.com.br\/blog\/#\/schema\/logo\/image\/"},"sameAs":["https:\/\/www.facebook.com\/corpoemacao.poa\/","https:\/\/www.instagram.com\/corpoemacaopoa\/"]},{"@type":"Person","@id":"https:\/\/corpoacao.com.br\/blog\/#\/schema\/person\/402a8f3cb7003c8ed384263f240d4741","name":"Suporte WebProj","image":{"@type":"ImageObject","inLanguage":"pt-BR","@id":"https:\/\/secure.gravatar.com\/avatar\/84c65e7526d58ddf01f47f8bced437cc4f7e8e032df061ac532d75c01fc73926?s=96&d=mm&r=g","url":"https:\/\/secure.gravatar.com\/avatar\/84c65e7526d58ddf01f47f8bced437cc4f7e8e032df061ac532d75c01fc73926?s=96&d=mm&r=g","contentUrl":"https:\/\/secure.gravatar.com\/avatar\/84c65e7526d58ddf01f47f8bced437cc4f7e8e032df061ac532d75c01fc73926?s=96&d=mm&r=g","caption":"Suporte WebProj"},"url":"https:\/\/corpoacao.com.br\/blog\/author\/webproj\/"}]}},"_links":{"self":[{"href":"https:\/\/corpoacao.com.br\/blog\/wp-json\/wp\/v2\/posts\/2553","targetHints":{"allow":["GET"]}}],"collection":[{"href":"https:\/\/corpoacao.com.br\/blog\/wp-json\/wp\/v2\/posts"}],"about":[{"href":"https:\/\/corpoacao.com.br\/blog\/wp-json\/wp\/v2\/types\/post"}],"author":[{"embeddable":true,"href":"https:\/\/corpoacao.com.br\/blog\/wp-json\/wp\/v2\/users\/2"}],"replies":[{"embeddable":true,"href":"https:\/\/corpoacao.com.br\/blog\/wp-json\/wp\/v2\/comments?post=2553"}],"version-history":[{"count":3,"href":"https:\/\/corpoacao.com.br\/blog\/wp-json\/wp\/v2\/posts\/2553\/revisions"}],"predecessor-version":[{"id":2558,"href":"https:\/\/corpoacao.com.br\/blog\/wp-json\/wp\/v2\/posts\/2553\/revisions\/2558"}],"wp:featuredmedia":[{"embeddable":true,"href":"https:\/\/corpoacao.com.br\/blog\/wp-json\/wp\/v2\/media\/2554"}],"wp:attachment":[{"href":"https:\/\/corpoacao.com.br\/blog\/wp-json\/wp\/v2\/media?parent=2553"}],"wp:term":[{"taxonomy":"category","embeddable":true,"href":"https:\/\/corpoacao.com.br\/blog\/wp-json\/wp\/v2\/categories?post=2553"},{"taxonomy":"post_tag","embeddable":true,"href":"https:\/\/corpoacao.com.br\/blog\/wp-json\/wp\/v2\/tags?post=2553"}],"curies":[{"name":"wp","href":"https:\/\/api.w.org\/{rel}","templated":true}]}}